{"id":37075,"date":"2015-04-20T00:00:00","date_gmt":"2015-04-20T04:00:00","guid":{"rendered":"https:\/\/dev.explora.cl\/aysen\/blog\/2015\/04\/20\/exitosa-segunda-sesion-de-cafe-con-ciencia-en-coyhaique\/"},"modified":"2019-05-20T21:21:50","modified_gmt":"2019-05-20T21:21:50","slug":"exitosa-segunda-sesion-de-cafe-con-ciencia-en-coyhaique","status":"publish","type":"post","link":"https:\/\/dev.explora.cl\/aysen\/exitosa-segunda-sesion-de-cafe-con-ciencia-en-coyhaique\/","title":{"rendered":"Exitosa segunda sesi\u00f3n de Caf\u00e9 con Ciencia en Coyhaique."},"content":{"rendered":"<p><img loading=\"lazy\" decoding=\"async\" class=\" size-full wp-image-10261\" src=\"http:\/\/ec2-34-218-253-251.us-west-2.compute.amazonaws.com\/wp-content\/uploads\/2015\/04\/72d156835da82277239908db4fced97f.jpg\" alt=\"\" width=\"800\" height=\"533\" \/><\/p>\n<p>\u00a0<\/p>\n<p>El Caf\u00e9 con Ciencia es organizado por la ONG Aumen junto con la colaboraci\u00f3n del PAR EXPLORA Regi\u00f3n de Ays\u00e9n que es ejecutado por el Campus Patagonia de la Universidad Austral de Chile.<\/p>\n<p>La jornada se llev\u00f3 cabo en el Restaurant Adobe, donde cerca de 40 asistentes llenaron los cupos por el inter\u00e9s de estar presentes en la charla de Hans Richter, Doctor en Ciencias y Director de la Direcci\u00f3n de Investigaci\u00f3n y Desarrollo UACh, quien present\u00f3 &#8220;Da\u00f1os de la luz artificial en las mujeres embarazadas y trabajadoras que laboran bajo el r\u00e9gimen de sistema de turno&#8221;.<\/p>\n<p>El expositor destac\u00f3 la pertinencia del tema. \u201cEn la regi\u00f3n de Ays\u00e9n est\u00e1n expuestos a d\u00edas y noches que son de una extensi\u00f3n distinta a otras latitudes y eso genera una serie de situaciones bien particulares como la diferencia en la tasa de suicidio o de depresi\u00f3n que es conocido que en esta regi\u00f3n son mucho m\u00e1s marcadas y por lo tanto hay un alto grado de inter\u00e9s por parte de la gente a la hora de entender estos fen\u00f3menos\u201d, concluy\u00f3 Richter.<\/p>\n<p>Cristofer Bilbao, alumnos que cursa el T\u00e9cnico en Enfermer\u00eda en el Liceo Josefina Aguirre Montenegro, asisti\u00f3 a esta segunda sesi\u00f3n de Caf\u00e9 con Ciencia y manifest\u00f3 su profundo inter\u00e9s por este tipo de actividades. \u201cRealmente hay cosas que uno no le encuentra explicaci\u00f3n pero si uno comienza a informase y comienza a saber m\u00e1s de los estudios que se est\u00e1n realizando puede comprender muchas cosas. Muchas veces le echamos la culpa a la alimentaci\u00f3n, a los transg\u00e9nicos que tambi\u00e9n tienen que ver pero tambi\u00e9n el tema de la luz es incre\u00edble c\u00f3mo impacta en la salud de las personas\u201d.\u00a0<\/p>\n<p>Gustavo Salidivia, Presidente de la ONG AUMEN, por su parte se\u00f1al\u00f3: \u201cNos tiene muy contentos haber concretado esta idea que ven\u00edamos conversando hace mucho tiempo, el marco de p\u00fablico que se ha interesado por saber, por conocer y por aprender; es muy gratificante estar generando chorreo de conocimiento. Se est\u00e1 generando conocimiento en muchos lados pero, de alguna manera, hay un puente que seg\u00fan nosotros est\u00e1 un poco cortado entre la generaci\u00f3n de conocimiento y la ciudadan\u00eda, en esa l\u00ednea pensamos que cualquier contribuci\u00f3n a democratizar el conocimiento deber ir en beneficio de mejorar nuestra sociedad\u201d.<\/p>\n<p><span style=\"font-size: 12.1600008010864px;line-height: 1.3em\">\u00a0<\/span><\/p>\n","protected":false},"excerpt":{"rendered":"<p>\u00a0 El Caf\u00e9 con Ciencia es organizado por la ONG Aumen junto con la colaboraci\u00f3n del PAR EXPLORA Regi\u00f3n de Ays\u00e9n que es ejecutado por el Campus Patagonia de la Universidad Austral de Chile. La jornada se llev\u00f3 cabo en el Restaurant Adobe, donde cerca de 40 asistentes llenaron los cupos por el inter\u00e9s de [&hellip;]<\/p>\n","protected":false},"author":2,"featured_media":191,"comment_status":"open","ping_status":"open","sticky":false,"template":"","format":"standard","meta":{"_acf_changed":false,"_exactmetrics_skip_tracking":false,"_exactmetrics_sitenote_active":false,"_exactmetrics_sitenote_note":"","_exactmetrics_sitenote_category":0,"footnotes":"","_links_to":"","_links_to_target":""},"categories":[4],"tags":[],"class_list":["post-37075","post","type-post","status-publish","format-standard","has-post-thumbnail","hentry","category-noticias"],"acf":[],"yoast_head":"<!-- This site is optimized with the Yoast SEO plugin v26.7 - https:\/\/yoast.com\/wordpress\/plugins\/seo\/ -->\n<title>Exitosa segunda sesi\u00f3n de Caf\u00e9 con Ciencia en Coyhaique. - Aysen<\/title>\n<meta name=\"robots\" content=\"index, follow, max-snippet:-1, max-image-preview:large, max-video-preview:-1\" \/>\n<link rel=\"canonical\" href=\"https:\/\/dev.explora.cl\/aysen\/exitosa-segunda-sesion-de-cafe-con-ciencia-en-coyhaique\/\" class=\"yoast-seo-meta-tag\" \/>\n<meta property=\"og:locale\" content=\"es_ES\" class=\"yoast-seo-meta-tag\" \/>\n<meta property=\"og:type\" content=\"article\" class=\"yoast-seo-meta-tag\" \/>\n<meta property=\"og:title\" content=\"Exitosa segunda sesi\u00f3n de Caf\u00e9 con Ciencia en Coyhaique. - Aysen\" class=\"yoast-seo-meta-tag\" \/>\n<meta property=\"og:description\" content=\"\u00a0 El Caf\u00e9 con Ciencia es organizado por la ONG Aumen junto con la colaboraci\u00f3n del PAR EXPLORA Regi\u00f3n de Ays\u00e9n que es ejecutado por el Campus Patagonia de la Universidad Austral de Chile. La jornada se llev\u00f3 cabo en el Restaurant Adobe, donde cerca de 40 asistentes llenaron los cupos por el inter\u00e9s de [&hellip;]\" class=\"yoast-seo-meta-tag\" \/>\n<meta property=\"og:url\" content=\"https:\/\/dev.explora.cl\/aysen\/exitosa-segunda-sesion-de-cafe-con-ciencia-en-coyhaique\/\" class=\"yoast-seo-meta-tag\" \/>\n<meta property=\"og:site_name\" content=\"Aysen\" class=\"yoast-seo-meta-tag\" \/>\n<meta property=\"article:published_time\" content=\"2015-04-20T04:00:00+00:00\" class=\"yoast-seo-meta-tag\" \/>\n<meta property=\"article:modified_time\" content=\"2019-05-20T21:21:50+00:00\" class=\"yoast-seo-meta-tag\" \/>\n<meta property=\"og:image\" content=\"https:\/\/dev.explora.cl\/aysen\/wp-content\/uploads\/sites\/18\/2018\/06\/72d156835da82277239908db4fced97f.jpg\" class=\"yoast-seo-meta-tag\" \/>\n\t<meta property=\"og:image:width\" content=\"800\" class=\"yoast-seo-meta-tag\" \/>\n\t<meta property=\"og:image:height\" content=\"533\" class=\"yoast-seo-meta-tag\" \/>\n\t<meta property=\"og:image:type\" content=\"image\/jpeg\" class=\"yoast-seo-meta-tag\" \/>\n<meta name=\"author\" content=\"webman\" class=\"yoast-seo-meta-tag\" \/>\n<meta name=\"twitter:card\" content=\"summary_large_image\" class=\"yoast-seo-meta-tag\" \/>\n<meta name=\"twitter:label1\" content=\"Escrito por\" class=\"yoast-seo-meta-tag\" \/>\n\t<meta name=\"twitter:data1\" content=\"webman\" class=\"yoast-seo-meta-tag\" \/>\n\t<meta name=\"twitter:label2\" content=\"Tiempo estimado de lectura\" class=\"yoast-seo-meta-tag\" \/>\n\t<meta name=\"twitter:data2\" content=\"2 minutos\" class=\"yoast-seo-meta-tag\" \/>\n<script type=\"application\/ld+json\" class=\"yoast-schema-graph\">{\"@context\":\"https:\/\/schema.org\",\"@graph\":[{\"@type\":\"Article\",\"@id\":\"https:\/\/dev.explora.cl\/aysen\/exitosa-segunda-sesion-de-cafe-con-ciencia-en-coyhaique\/#article\",\"isPartOf\":{\"@id\":\"https:\/\/dev.explora.cl\/aysen\/exitosa-segunda-sesion-de-cafe-con-ciencia-en-coyhaique\/\"},\"author\":{\"name\":\"webman\",\"@id\":\"https:\/\/dev.explora.cl\/aysen\/#\/schema\/person\/cb8349c13ea2d324080adf8480d7ba5d\"},\"headline\":\"Exitosa segunda sesi\u00f3n de Caf\u00e9 con Ciencia en Coyhaique.\",\"datePublished\":\"2015-04-20T04:00:00+00:00\",\"dateModified\":\"2019-05-20T21:21:50+00:00\",\"mainEntityOfPage\":{\"@id\":\"https:\/\/dev.explora.cl\/aysen\/exitosa-segunda-sesion-de-cafe-con-ciencia-en-coyhaique\/\"},\"wordCount\":422,\"commentCount\":0,\"image\":{\"@id\":\"https:\/\/dev.explora.cl\/aysen\/exitosa-segunda-sesion-de-cafe-con-ciencia-en-coyhaique\/#primaryimage\"},\"thumbnailUrl\":\"https:\/\/dev.explora.cl\/aysen\/wp-content\/uploads\/sites\/18\/2018\/06\/72d156835da82277239908db4fced97f.jpg\",\"articleSection\":[\"Noticias\"],\"inLanguage\":\"es-CL\",\"potentialAction\":[{\"@type\":\"CommentAction\",\"name\":\"Comment\",\"target\":[\"https:\/\/dev.explora.cl\/aysen\/exitosa-segunda-sesion-de-cafe-con-ciencia-en-coyhaique\/#respond\"]}]},{\"@type\":\"WebPage\",\"@id\":\"https:\/\/dev.explora.cl\/aysen\/exitosa-segunda-sesion-de-cafe-con-ciencia-en-coyhaique\/\",\"url\":\"https:\/\/dev.explora.cl\/aysen\/exitosa-segunda-sesion-de-cafe-con-ciencia-en-coyhaique\/\",\"name\":\"Exitosa segunda sesi\u00f3n de Caf\u00e9 con Ciencia en Coyhaique. - Aysen\",\"isPartOf\":{\"@id\":\"https:\/\/dev.explora.cl\/aysen\/#website\"},\"primaryImageOfPage\":{\"@id\":\"https:\/\/dev.explora.cl\/aysen\/exitosa-segunda-sesion-de-cafe-con-ciencia-en-coyhaique\/#primaryimage\"},\"image\":{\"@id\":\"https:\/\/dev.explora.cl\/aysen\/exitosa-segunda-sesion-de-cafe-con-ciencia-en-coyhaique\/#primaryimage\"},\"thumbnailUrl\":\"https:\/\/dev.explora.cl\/aysen\/wp-content\/uploads\/sites\/18\/2018\/06\/72d156835da82277239908db4fced97f.jpg\",\"datePublished\":\"2015-04-20T04:00:00+00:00\",\"dateModified\":\"2019-05-20T21:21:50+00:00\",\"author\":{\"@id\":\"https:\/\/dev.explora.cl\/aysen\/#\/schema\/person\/cb8349c13ea2d324080adf8480d7ba5d\"},\"breadcrumb\":{\"@id\":\"https:\/\/dev.explora.cl\/aysen\/exitosa-segunda-sesion-de-cafe-con-ciencia-en-coyhaique\/#breadcrumb\"},\"inLanguage\":\"es-CL\",\"potentialAction\":[{\"@type\":\"ReadAction\",\"target\":[\"https:\/\/dev.explora.cl\/aysen\/exitosa-segunda-sesion-de-cafe-con-ciencia-en-coyhaique\/\"]}]},{\"@type\":\"ImageObject\",\"inLanguage\":\"es-CL\",\"@id\":\"https:\/\/dev.explora.cl\/aysen\/exitosa-segunda-sesion-de-cafe-con-ciencia-en-coyhaique\/#primaryimage\",\"url\":\"https:\/\/dev.explora.cl\/aysen\/wp-content\/uploads\/sites\/18\/2018\/06\/72d156835da82277239908db4fced97f.jpg\",\"contentUrl\":\"https:\/\/dev.explora.cl\/aysen\/wp-content\/uploads\/sites\/18\/2018\/06\/72d156835da82277239908db4fced97f.jpg\",\"width\":800,\"height\":533},{\"@type\":\"BreadcrumbList\",\"@id\":\"https:\/\/dev.explora.cl\/aysen\/exitosa-segunda-sesion-de-cafe-con-ciencia-en-coyhaique\/#breadcrumb\",\"itemListElement\":[{\"@type\":\"ListItem\",\"position\":1,\"name\":\"Portada\",\"item\":\"https:\/\/dev.explora.cl\/aysen\/\"},{\"@type\":\"ListItem\",\"position\":2,\"name\":\"Exitosa segunda sesi\u00f3n de Caf\u00e9 con Ciencia en Coyhaique.\"}]},{\"@type\":\"WebSite\",\"@id\":\"https:\/\/dev.explora.cl\/aysen\/#website\",\"url\":\"https:\/\/dev.explora.cl\/aysen\/\",\"name\":\"Aysen\",\"description\":\"Otro sitio m\u00e1s de dev.explora.cl\",\"potentialAction\":[{\"@type\":\"SearchAction\",\"target\":{\"@type\":\"EntryPoint\",\"urlTemplate\":\"https:\/\/dev.explora.cl\/aysen\/?s={search_term_string}\"},\"query-input\":{\"@type\":\"PropertyValueSpecification\",\"valueRequired\":true,\"valueName\":\"search_term_string\"}}],\"inLanguage\":\"es-CL\"},{\"@type\":\"Person\",\"@id\":\"https:\/\/dev.explora.cl\/aysen\/#\/schema\/person\/cb8349c13ea2d324080adf8480d7ba5d\",\"name\":\"webman\",\"image\":{\"@type\":\"ImageObject\",\"inLanguage\":\"es-CL\",\"@id\":\"https:\/\/dev.explora.cl\/aysen\/#\/schema\/person\/image\/\",\"url\":\"https:\/\/secure.gravatar.com\/avatar\/eeff3c82f2c02f7177d13663b7e6f890e9a6a0647ce9bb29cae02dcb094c7312?s=96&d=mm&r=g\",\"contentUrl\":\"https:\/\/secure.gravatar.com\/avatar\/eeff3c82f2c02f7177d13663b7e6f890e9a6a0647ce9bb29cae02dcb094c7312?s=96&d=mm&r=g\",\"caption\":\"webman\"},\"url\":\"https:\/\/dev.explora.cl\/aysen\/author\/webman\/\"}]}<\/script>\n<!-- \/ Yoast SEO plugin. -->","yoast_head_json":{"title":"Exitosa segunda sesi\u00f3n de Caf\u00e9 con Ciencia en Coyhaique. - Aysen","robots":{"index":"index","follow":"follow","max-snippet":"max-snippet:-1","max-image-preview":"max-image-preview:large","max-video-preview":"max-video-preview:-1"},"canonical":"https:\/\/dev.explora.cl\/aysen\/exitosa-segunda-sesion-de-cafe-con-ciencia-en-coyhaique\/","og_locale":"es_ES","og_type":"article","og_title":"Exitosa segunda sesi\u00f3n de Caf\u00e9 con Ciencia en Coyhaique. - Aysen","og_description":"\u00a0 El Caf\u00e9 con Ciencia es organizado por la ONG Aumen junto con la colaboraci\u00f3n del PAR EXPLORA Regi\u00f3n de Ays\u00e9n que es ejecutado por el Campus Patagonia de la Universidad Austral de Chile. La jornada se llev\u00f3 cabo en el Restaurant Adobe, donde cerca de 40 asistentes llenaron los cupos por el inter\u00e9s de [&hellip;]","og_url":"https:\/\/dev.explora.cl\/aysen\/exitosa-segunda-sesion-de-cafe-con-ciencia-en-coyhaique\/","og_site_name":"Aysen","article_published_time":"2015-04-20T04:00:00+00:00","article_modified_time":"2019-05-20T21:21:50+00:00","og_image":[{"width":800,"height":533,"url":"https:\/\/dev.explora.cl\/aysen\/wp-content\/uploads\/sites\/18\/2018\/06\/72d156835da82277239908db4fced97f.jpg","type":"image\/jpeg"}],"author":"webman","twitter_card":"summary_large_image","twitter_misc":{"Escrito por":"webman","Tiempo estimado de lectura":"2 minutos"},"schema":{"@context":"https:\/\/schema.org","@graph":[{"@type":"Article","@id":"https:\/\/dev.explora.cl\/aysen\/exitosa-segunda-sesion-de-cafe-con-ciencia-en-coyhaique\/#article","isPartOf":{"@id":"https:\/\/dev.explora.cl\/aysen\/exitosa-segunda-sesion-de-cafe-con-ciencia-en-coyhaique\/"},"author":{"name":"webman","@id":"https:\/\/dev.explora.cl\/aysen\/#\/schema\/person\/cb8349c13ea2d324080adf8480d7ba5d"},"headline":"Exitosa segunda sesi\u00f3n de Caf\u00e9 con Ciencia en Coyhaique.","datePublished":"2015-04-20T04:00:00+00:00","dateModified":"2019-05-20T21:21:50+00:00","mainEntityOfPage":{"@id":"https:\/\/dev.explora.cl\/aysen\/exitosa-segunda-sesion-de-cafe-con-ciencia-en-coyhaique\/"},"wordCount":422,"commentCount":0,"image":{"@id":"https:\/\/dev.explora.cl\/aysen\/exitosa-segunda-sesion-de-cafe-con-ciencia-en-coyhaique\/#primaryimage"},"thumbnailUrl":"https:\/\/dev.explora.cl\/aysen\/wp-content\/uploads\/sites\/18\/2018\/06\/72d156835da82277239908db4fced97f.jpg","articleSection":["Noticias"],"inLanguage":"es-CL","potentialAction":[{"@type":"CommentAction","name":"Comment","target":["https:\/\/dev.explora.cl\/aysen\/exitosa-segunda-sesion-de-cafe-con-ciencia-en-coyhaique\/#respond"]}]},{"@type":"WebPage","@id":"https:\/\/dev.explora.cl\/aysen\/exitosa-segunda-sesion-de-cafe-con-ciencia-en-coyhaique\/","url":"https:\/\/dev.explora.cl\/aysen\/exitosa-segunda-sesion-de-cafe-con-ciencia-en-coyhaique\/","name":"Exitosa segunda sesi\u00f3n de Caf\u00e9 con Ciencia en Coyhaique. - Aysen","isPartOf":{"@id":"https:\/\/dev.explora.cl\/aysen\/#website"},"primaryImageOfPage":{"@id":"https:\/\/dev.explora.cl\/aysen\/exitosa-segunda-sesion-de-cafe-con-ciencia-en-coyhaique\/#primaryimage"},"image":{"@id":"https:\/\/dev.explora.cl\/aysen\/exitosa-segunda-sesion-de-cafe-con-ciencia-en-coyhaique\/#primaryimage"},"thumbnailUrl":"https:\/\/dev.explora.cl\/aysen\/wp-content\/uploads\/sites\/18\/2018\/06\/72d156835da82277239908db4fced97f.jpg","datePublished":"2015-04-20T04:00:00+00:00","dateModified":"2019-05-20T21:21:50+00:00","author":{"@id":"https:\/\/dev.explora.cl\/aysen\/#\/schema\/person\/cb8349c13ea2d324080adf8480d7ba5d"},"breadcrumb":{"@id":"https:\/\/dev.explora.cl\/aysen\/exitosa-segunda-sesion-de-cafe-con-ciencia-en-coyhaique\/#breadcrumb"},"inLanguage":"es-CL","potentialAction":[{"@type":"ReadAction","target":["https:\/\/dev.explora.cl\/aysen\/exitosa-segunda-sesion-de-cafe-con-ciencia-en-coyhaique\/"]}]},{"@type":"ImageObject","inLanguage":"es-CL","@id":"https:\/\/dev.explora.cl\/aysen\/exitosa-segunda-sesion-de-cafe-con-ciencia-en-coyhaique\/#primaryimage","url":"https:\/\/dev.explora.cl\/aysen\/wp-content\/uploads\/sites\/18\/2018\/06\/72d156835da82277239908db4fced97f.jpg","contentUrl":"https:\/\/dev.explora.cl\/aysen\/wp-content\/uploads\/sites\/18\/2018\/06\/72d156835da82277239908db4fced97f.jpg","width":800,"height":533},{"@type":"BreadcrumbList","@id":"https:\/\/dev.explora.cl\/aysen\/exitosa-segunda-sesion-de-cafe-con-ciencia-en-coyhaique\/#breadcrumb","itemListElement":[{"@type":"ListItem","position":1,"name":"Portada","item":"https:\/\/dev.explora.cl\/aysen\/"},{"@type":"ListItem","position":2,"name":"Exitosa segunda sesi\u00f3n de Caf\u00e9 con Ciencia en Coyhaique."}]},{"@type":"WebSite","@id":"https:\/\/dev.explora.cl\/aysen\/#website","url":"https:\/\/dev.explora.cl\/aysen\/","name":"Aysen","description":"Otro sitio m\u00e1s de dev.explora.cl","potentialAction":[{"@type":"SearchAction","target":{"@type":"EntryPoint","urlTemplate":"https:\/\/dev.explora.cl\/aysen\/?s={search_term_string}"},"query-input":{"@type":"PropertyValueSpecification","valueRequired":true,"valueName":"search_term_string"}}],"inLanguage":"es-CL"},{"@type":"Person","@id":"https:\/\/dev.explora.cl\/aysen\/#\/schema\/person\/cb8349c13ea2d324080adf8480d7ba5d","name":"webman","image":{"@type":"ImageObject","inLanguage":"es-CL","@id":"https:\/\/dev.explora.cl\/aysen\/#\/schema\/person\/image\/","url":"https:\/\/secure.gravatar.com\/avatar\/eeff3c82f2c02f7177d13663b7e6f890e9a6a0647ce9bb29cae02dcb094c7312?s=96&d=mm&r=g","contentUrl":"https:\/\/secure.gravatar.com\/avatar\/eeff3c82f2c02f7177d13663b7e6f890e9a6a0647ce9bb29cae02dcb094c7312?s=96&d=mm&r=g","caption":"webman"},"url":"https:\/\/dev.explora.cl\/aysen\/author\/webman\/"}]}},"_links":{"self":[{"href":"https:\/\/dev.explora.cl\/aysen\/wp-json\/wp\/v2\/posts\/37075","targetHints":{"allow":["GET"]}}],"collection":[{"href":"https:\/\/dev.explora.cl\/aysen\/wp-json\/wp\/v2\/posts"}],"about":[{"href":"https:\/\/dev.explora.cl\/aysen\/wp-json\/wp\/v2\/types\/post"}],"author":[{"embeddable":true,"href":"https:\/\/dev.explora.cl\/aysen\/wp-json\/wp\/v2\/users\/2"}],"replies":[{"embeddable":true,"href":"https:\/\/dev.explora.cl\/aysen\/wp-json\/wp\/v2\/comments?post=37075"}],"version-history":[{"count":1,"href":"https:\/\/dev.explora.cl\/aysen\/wp-json\/wp\/v2\/posts\/37075\/revisions"}],"predecessor-version":[{"id":37320,"href":"https:\/\/dev.explora.cl\/aysen\/wp-json\/wp\/v2\/posts\/37075\/revisions\/37320"}],"wp:featuredmedia":[{"embeddable":true,"href":"https:\/\/dev.explora.cl\/aysen\/wp-json\/wp\/v2\/media\/191"}],"wp:attachment":[{"href":"https:\/\/dev.explora.cl\/aysen\/wp-json\/wp\/v2\/media?parent=37075"}],"wp:term":[{"taxonomy":"category","embeddable":true,"href":"https:\/\/dev.explora.cl\/aysen\/wp-json\/wp\/v2\/categories?post=37075"},{"taxonomy":"post_tag","embeddable":true,"href":"https:\/\/dev.explora.cl\/aysen\/wp-json\/wp\/v2\/tags?post=37075"}],"curies":[{"name":"wp","href":"https:\/\/api.w.org\/{rel}","templated":true}]}}