{"id":37073,"date":"2015-03-13T00:00:00","date_gmt":"2015-03-13T04:00:00","guid":{"rendered":"https:\/\/dev.explora.cl\/aysen\/blog\/2015\/03\/13\/dia-internacional-de-la-astronomia-en-aysen\/"},"modified":"2019-05-20T21:21:58","modified_gmt":"2019-05-20T21:21:58","slug":"dia-internacional-de-la-astronomia-en-aysen","status":"publish","type":"post","link":"https:\/\/dev.explora.cl\/aysen\/dia-internacional-de-la-astronomia-en-aysen\/","title":{"rendered":"D\u00eda Internacional de la Astronom\u00eda en Ays\u00e9n"},"content":{"rendered":"<p><img loading=\"lazy\" decoding=\"async\" class=\" size-full wp-image-9434\" src=\"http:\/\/ec2-34-218-253-251.us-west-2.compute.amazonaws.com\/wp-content\/uploads\/2015\/03\/9880c821bdbf8aaf75e475bdb5d55822.jpg\" alt=\"\" width=\"1280\" height=\"1285\" \/><\/p>\n<p>El PAR EXPLORA de la Regi\u00f3n de Ays\u00e9n, ejecutado por el Campus Patagonia de la Universidad de Chile y el CIEP, celebrar\u00e1 el D\u00eda Internacional de la Astronom\u00eda con una serie de actividades donde destaca la presencia del Astr\u00f3nomo Dr. Mat\u00edas G\u00f3mez con distintas charlas dirigidas a la comunidad, una videoconferencia y el concurso \u201cAys\u00e9n mira tu cielo\u201d.<\/p>\n<p>Jueves 19 a las 19:30 horas se realizar\u00e1 el \u201cCaf\u00e9 en con-ciencia\u201d en conjunto con la ONG Aumen en el Caf\u00e9 de Mayo ubicado en 21 de mayo 543 en el centro de Coyhaique. Estar\u00e1 presente en esta iniciativa el Dr. Mat\u00edas G\u00f3mez que expondr\u00e1 su charla \u201cC\u00famulos estelares: Laboratorios para la astrof\u00edsica\u201d.<\/p>\n<p>Viernes 20 a las 09:30 horas se llevar\u00e1 cabo la videoconferencia de inauguraci\u00f3n del D\u00eda Internacional de la Astronom\u00eda para estudiantes de Pedagog\u00eda en Educaci\u00f3n B\u00e1sica del Campus Patagonia UACh.<\/p>\n<p>Viernes 20 a las 11:30 horas el Dr. Mat\u00edas G\u00f3mez presentar\u00e1 la charla \u201cC\u00f3mo nace, vive y muere una estrella\u201d para estudiantes de educaci\u00f3n b\u00e1sica en el Auditorium del Colegio Mater Dei.<\/p>\n<p>Viernes 20 a las 16:00 horas Taller conversatorio con adultos mayores en el Campus Patagonia UACh \u201cTelescopios como m\u00e1quinas de tiempo y futuro del universo\u201d.<\/p>\n<p>\u00a0Desde el viernes 20 al martes 31 concurso de dibujo \u201cAys\u00e9n mira tu cielo\u201d dirigido a estudiantes de 1\u00b0 a 4\u00b0 b\u00e1sico de cualquier establecimiento educacional de la Regi\u00f3n de Ays\u00e9n.<\/p>\n","protected":false},"excerpt":{"rendered":"<p>El PAR EXPLORA de la Regi\u00f3n de Ays\u00e9n, ejecutado por el Campus Patagonia de la Universidad de Chile y el CIEP, celebrar\u00e1 el D\u00eda Internacional de la Astronom\u00eda con una serie de actividades donde destaca la presencia del Astr\u00f3nomo Dr. Mat\u00edas G\u00f3mez con distintas charlas dirigidas a la comunidad, una videoconferencia y el concurso \u201cAys\u00e9n [&hellip;]<\/p>\n","protected":false},"author":2,"featured_media":163,"comment_status":"open","ping_status":"open","sticky":false,"template":"","format":"standard","meta":{"_acf_changed":false,"_exactmetrics_skip_tracking":false,"_exactmetrics_sitenote_active":false,"_exactmetrics_sitenote_note":"","_exactmetrics_sitenote_category":0,"footnotes":"","_links_to":"","_links_to_target":""},"categories":[4],"tags":[],"class_list":["post-37073","post","type-post","status-publish","format-standard","has-post-thumbnail","hentry","category-noticias"],"acf":[],"yoast_head":"<!-- This site is optimized with the Yoast SEO plugin v26.7 - https:\/\/yoast.com\/wordpress\/plugins\/seo\/ -->\n<title>D\u00eda Internacional de la Astronom\u00eda en Ays\u00e9n - Aysen<\/title>\n<meta name=\"robots\" content=\"index, follow, max-snippet:-1, max-image-preview:large, max-video-preview:-1\" \/>\n<link rel=\"canonical\" href=\"https:\/\/dev.explora.cl\/aysen\/dia-internacional-de-la-astronomia-en-aysen\/\" class=\"yoast-seo-meta-tag\" \/>\n<meta property=\"og:locale\" content=\"es_ES\" class=\"yoast-seo-meta-tag\" \/>\n<meta property=\"og:type\" content=\"article\" class=\"yoast-seo-meta-tag\" \/>\n<meta property=\"og:title\" content=\"D\u00eda Internacional de la Astronom\u00eda en Ays\u00e9n - Aysen\" class=\"yoast-seo-meta-tag\" \/>\n<meta property=\"og:description\" content=\"El PAR EXPLORA de la Regi\u00f3n de Ays\u00e9n, ejecutado por el Campus Patagonia de la Universidad de Chile y el CIEP, celebrar\u00e1 el D\u00eda Internacional de la Astronom\u00eda con una serie de actividades donde destaca la presencia del Astr\u00f3nomo Dr. Mat\u00edas G\u00f3mez con distintas charlas dirigidas a la comunidad, una videoconferencia y el concurso \u201cAys\u00e9n [&hellip;]\" class=\"yoast-seo-meta-tag\" \/>\n<meta property=\"og:url\" content=\"https:\/\/dev.explora.cl\/aysen\/dia-internacional-de-la-astronomia-en-aysen\/\" class=\"yoast-seo-meta-tag\" \/>\n<meta property=\"og:site_name\" content=\"Aysen\" class=\"yoast-seo-meta-tag\" \/>\n<meta property=\"article:published_time\" content=\"2015-03-13T04:00:00+00:00\" class=\"yoast-seo-meta-tag\" \/>\n<meta property=\"article:modified_time\" content=\"2019-05-20T21:21:58+00:00\" class=\"yoast-seo-meta-tag\" \/>\n<meta property=\"og:image\" content=\"https:\/\/dev.explora.cl\/aysen\/wp-content\/uploads\/sites\/18\/2018\/06\/9880c821bdbf8aaf75e475bdb5d55822.jpg\" class=\"yoast-seo-meta-tag\" \/>\n\t<meta property=\"og:image:width\" content=\"1280\" class=\"yoast-seo-meta-tag\" \/>\n\t<meta property=\"og:image:height\" content=\"1285\" class=\"yoast-seo-meta-tag\" \/>\n\t<meta property=\"og:image:type\" content=\"image\/jpeg\" class=\"yoast-seo-meta-tag\" \/>\n<meta name=\"author\" content=\"webman\" class=\"yoast-seo-meta-tag\" \/>\n<meta name=\"twitter:card\" content=\"summary_large_image\" class=\"yoast-seo-meta-tag\" \/>\n<meta name=\"twitter:label1\" content=\"Escrito por\" class=\"yoast-seo-meta-tag\" \/>\n\t<meta name=\"twitter:data1\" content=\"webman\" class=\"yoast-seo-meta-tag\" \/>\n\t<meta name=\"twitter:label2\" content=\"Tiempo estimado de lectura\" class=\"yoast-seo-meta-tag\" \/>\n\t<meta name=\"twitter:data2\" content=\"1 minuto\" class=\"yoast-seo-meta-tag\" \/>\n<script type=\"application\/ld+json\" class=\"yoast-schema-graph\">{\"@context\":\"https:\/\/schema.org\",\"@graph\":[{\"@type\":\"Article\",\"@id\":\"https:\/\/dev.explora.cl\/aysen\/dia-internacional-de-la-astronomia-en-aysen\/#article\",\"isPartOf\":{\"@id\":\"https:\/\/dev.explora.cl\/aysen\/dia-internacional-de-la-astronomia-en-aysen\/\"},\"author\":{\"name\":\"webman\",\"@id\":\"https:\/\/dev.explora.cl\/aysen\/#\/schema\/person\/cb8349c13ea2d324080adf8480d7ba5d\"},\"headline\":\"D\u00eda Internacional de la Astronom\u00eda en Ays\u00e9n\",\"datePublished\":\"2015-03-13T04:00:00+00:00\",\"dateModified\":\"2019-05-20T21:21:58+00:00\",\"mainEntityOfPage\":{\"@id\":\"https:\/\/dev.explora.cl\/aysen\/dia-internacional-de-la-astronomia-en-aysen\/\"},\"wordCount\":253,\"commentCount\":0,\"image\":{\"@id\":\"https:\/\/dev.explora.cl\/aysen\/dia-internacional-de-la-astronomia-en-aysen\/#primaryimage\"},\"thumbnailUrl\":\"https:\/\/dev.explora.cl\/aysen\/wp-content\/uploads\/sites\/18\/2018\/06\/9880c821bdbf8aaf75e475bdb5d55822.jpg\",\"articleSection\":[\"Noticias\"],\"inLanguage\":\"es-CL\",\"potentialAction\":[{\"@type\":\"CommentAction\",\"name\":\"Comment\",\"target\":[\"https:\/\/dev.explora.cl\/aysen\/dia-internacional-de-la-astronomia-en-aysen\/#respond\"]}]},{\"@type\":\"WebPage\",\"@id\":\"https:\/\/dev.explora.cl\/aysen\/dia-internacional-de-la-astronomia-en-aysen\/\",\"url\":\"https:\/\/dev.explora.cl\/aysen\/dia-internacional-de-la-astronomia-en-aysen\/\",\"name\":\"D\u00eda Internacional de la Astronom\u00eda en Ays\u00e9n - Aysen\",\"isPartOf\":{\"@id\":\"https:\/\/dev.explora.cl\/aysen\/#website\"},\"primaryImageOfPage\":{\"@id\":\"https:\/\/dev.explora.cl\/aysen\/dia-internacional-de-la-astronomia-en-aysen\/#primaryimage\"},\"image\":{\"@id\":\"https:\/\/dev.explora.cl\/aysen\/dia-internacional-de-la-astronomia-en-aysen\/#primaryimage\"},\"thumbnailUrl\":\"https:\/\/dev.explora.cl\/aysen\/wp-content\/uploads\/sites\/18\/2018\/06\/9880c821bdbf8aaf75e475bdb5d55822.jpg\",\"datePublished\":\"2015-03-13T04:00:00+00:00\",\"dateModified\":\"2019-05-20T21:21:58+00:00\",\"author\":{\"@id\":\"https:\/\/dev.explora.cl\/aysen\/#\/schema\/person\/cb8349c13ea2d324080adf8480d7ba5d\"},\"breadcrumb\":{\"@id\":\"https:\/\/dev.explora.cl\/aysen\/dia-internacional-de-la-astronomia-en-aysen\/#breadcrumb\"},\"inLanguage\":\"es-CL\",\"potentialAction\":[{\"@type\":\"ReadAction\",\"target\":[\"https:\/\/dev.explora.cl\/aysen\/dia-internacional-de-la-astronomia-en-aysen\/\"]}]},{\"@type\":\"ImageObject\",\"inLanguage\":\"es-CL\",\"@id\":\"https:\/\/dev.explora.cl\/aysen\/dia-internacional-de-la-astronomia-en-aysen\/#primaryimage\",\"url\":\"https:\/\/dev.explora.cl\/aysen\/wp-content\/uploads\/sites\/18\/2018\/06\/9880c821bdbf8aaf75e475bdb5d55822.jpg\",\"contentUrl\":\"https:\/\/dev.explora.cl\/aysen\/wp-content\/uploads\/sites\/18\/2018\/06\/9880c821bdbf8aaf75e475bdb5d55822.jpg\",\"width\":1280,\"height\":1285},{\"@type\":\"BreadcrumbList\",\"@id\":\"https:\/\/dev.explora.cl\/aysen\/dia-internacional-de-la-astronomia-en-aysen\/#breadcrumb\",\"itemListElement\":[{\"@type\":\"ListItem\",\"position\":1,\"name\":\"Portada\",\"item\":\"https:\/\/dev.explora.cl\/aysen\/\"},{\"@type\":\"ListItem\",\"position\":2,\"name\":\"D\u00eda Internacional de la Astronom\u00eda en Ays\u00e9n\"}]},{\"@type\":\"WebSite\",\"@id\":\"https:\/\/dev.explora.cl\/aysen\/#website\",\"url\":\"https:\/\/dev.explora.cl\/aysen\/\",\"name\":\"Aysen\",\"description\":\"Otro sitio m\u00e1s de dev.explora.cl\",\"potentialAction\":[{\"@type\":\"SearchAction\",\"target\":{\"@type\":\"EntryPoint\",\"urlTemplate\":\"https:\/\/dev.explora.cl\/aysen\/?s={search_term_string}\"},\"query-input\":{\"@type\":\"PropertyValueSpecification\",\"valueRequired\":true,\"valueName\":\"search_term_string\"}}],\"inLanguage\":\"es-CL\"},{\"@type\":\"Person\",\"@id\":\"https:\/\/dev.explora.cl\/aysen\/#\/schema\/person\/cb8349c13ea2d324080adf8480d7ba5d\",\"name\":\"webman\",\"image\":{\"@type\":\"ImageObject\",\"inLanguage\":\"es-CL\",\"@id\":\"https:\/\/dev.explora.cl\/aysen\/#\/schema\/person\/image\/\",\"url\":\"https:\/\/secure.gravatar.com\/avatar\/eeff3c82f2c02f7177d13663b7e6f890e9a6a0647ce9bb29cae02dcb094c7312?s=96&d=mm&r=g\",\"contentUrl\":\"https:\/\/secure.gravatar.com\/avatar\/eeff3c82f2c02f7177d13663b7e6f890e9a6a0647ce9bb29cae02dcb094c7312?s=96&d=mm&r=g\",\"caption\":\"webman\"},\"url\":\"https:\/\/dev.explora.cl\/aysen\/author\/webman\/\"}]}<\/script>\n<!-- \/ Yoast SEO plugin. -->","yoast_head_json":{"title":"D\u00eda Internacional de la Astronom\u00eda en Ays\u00e9n - Aysen","robots":{"index":"index","follow":"follow","max-snippet":"max-snippet:-1","max-image-preview":"max-image-preview:large","max-video-preview":"max-video-preview:-1"},"canonical":"https:\/\/dev.explora.cl\/aysen\/dia-internacional-de-la-astronomia-en-aysen\/","og_locale":"es_ES","og_type":"article","og_title":"D\u00eda Internacional de la Astronom\u00eda en Ays\u00e9n - Aysen","og_description":"El PAR EXPLORA de la Regi\u00f3n de Ays\u00e9n, ejecutado por el Campus Patagonia de la Universidad de Chile y el CIEP, celebrar\u00e1 el D\u00eda Internacional de la Astronom\u00eda con una serie de actividades donde destaca la presencia del Astr\u00f3nomo Dr. Mat\u00edas G\u00f3mez con distintas charlas dirigidas a la comunidad, una videoconferencia y el concurso \u201cAys\u00e9n [&hellip;]","og_url":"https:\/\/dev.explora.cl\/aysen\/dia-internacional-de-la-astronomia-en-aysen\/","og_site_name":"Aysen","article_published_time":"2015-03-13T04:00:00+00:00","article_modified_time":"2019-05-20T21:21:58+00:00","og_image":[{"width":1280,"height":1285,"url":"https:\/\/dev.explora.cl\/aysen\/wp-content\/uploads\/sites\/18\/2018\/06\/9880c821bdbf8aaf75e475bdb5d55822.jpg","type":"image\/jpeg"}],"author":"webman","twitter_card":"summary_large_image","twitter_misc":{"Escrito por":"webman","Tiempo estimado de lectura":"1 minuto"},"schema":{"@context":"https:\/\/schema.org","@graph":[{"@type":"Article","@id":"https:\/\/dev.explora.cl\/aysen\/dia-internacional-de-la-astronomia-en-aysen\/#article","isPartOf":{"@id":"https:\/\/dev.explora.cl\/aysen\/dia-internacional-de-la-astronomia-en-aysen\/"},"author":{"name":"webman","@id":"https:\/\/dev.explora.cl\/aysen\/#\/schema\/person\/cb8349c13ea2d324080adf8480d7ba5d"},"headline":"D\u00eda Internacional de la Astronom\u00eda en Ays\u00e9n","datePublished":"2015-03-13T04:00:00+00:00","dateModified":"2019-05-20T21:21:58+00:00","mainEntityOfPage":{"@id":"https:\/\/dev.explora.cl\/aysen\/dia-internacional-de-la-astronomia-en-aysen\/"},"wordCount":253,"commentCount":0,"image":{"@id":"https:\/\/dev.explora.cl\/aysen\/dia-internacional-de-la-astronomia-en-aysen\/#primaryimage"},"thumbnailUrl":"https:\/\/dev.explora.cl\/aysen\/wp-content\/uploads\/sites\/18\/2018\/06\/9880c821bdbf8aaf75e475bdb5d55822.jpg","articleSection":["Noticias"],"inLanguage":"es-CL","potentialAction":[{"@type":"CommentAction","name":"Comment","target":["https:\/\/dev.explora.cl\/aysen\/dia-internacional-de-la-astronomia-en-aysen\/#respond"]}]},{"@type":"WebPage","@id":"https:\/\/dev.explora.cl\/aysen\/dia-internacional-de-la-astronomia-en-aysen\/","url":"https:\/\/dev.explora.cl\/aysen\/dia-internacional-de-la-astronomia-en-aysen\/","name":"D\u00eda Internacional de la Astronom\u00eda en Ays\u00e9n - Aysen","isPartOf":{"@id":"https:\/\/dev.explora.cl\/aysen\/#website"},"primaryImageOfPage":{"@id":"https:\/\/dev.explora.cl\/aysen\/dia-internacional-de-la-astronomia-en-aysen\/#primaryimage"},"image":{"@id":"https:\/\/dev.explora.cl\/aysen\/dia-internacional-de-la-astronomia-en-aysen\/#primaryimage"},"thumbnailUrl":"https:\/\/dev.explora.cl\/aysen\/wp-content\/uploads\/sites\/18\/2018\/06\/9880c821bdbf8aaf75e475bdb5d55822.jpg","datePublished":"2015-03-13T04:00:00+00:00","dateModified":"2019-05-20T21:21:58+00:00","author":{"@id":"https:\/\/dev.explora.cl\/aysen\/#\/schema\/person\/cb8349c13ea2d324080adf8480d7ba5d"},"breadcrumb":{"@id":"https:\/\/dev.explora.cl\/aysen\/dia-internacional-de-la-astronomia-en-aysen\/#breadcrumb"},"inLanguage":"es-CL","potentialAction":[{"@type":"ReadAction","target":["https:\/\/dev.explora.cl\/aysen\/dia-internacional-de-la-astronomia-en-aysen\/"]}]},{"@type":"ImageObject","inLanguage":"es-CL","@id":"https:\/\/dev.explora.cl\/aysen\/dia-internacional-de-la-astronomia-en-aysen\/#primaryimage","url":"https:\/\/dev.explora.cl\/aysen\/wp-content\/uploads\/sites\/18\/2018\/06\/9880c821bdbf8aaf75e475bdb5d55822.jpg","contentUrl":"https:\/\/dev.explora.cl\/aysen\/wp-content\/uploads\/sites\/18\/2018\/06\/9880c821bdbf8aaf75e475bdb5d55822.jpg","width":1280,"height":1285},{"@type":"BreadcrumbList","@id":"https:\/\/dev.explora.cl\/aysen\/dia-internacional-de-la-astronomia-en-aysen\/#breadcrumb","itemListElement":[{"@type":"ListItem","position":1,"name":"Portada","item":"https:\/\/dev.explora.cl\/aysen\/"},{"@type":"ListItem","position":2,"name":"D\u00eda Internacional de la Astronom\u00eda en Ays\u00e9n"}]},{"@type":"WebSite","@id":"https:\/\/dev.explora.cl\/aysen\/#website","url":"https:\/\/dev.explora.cl\/aysen\/","name":"Aysen","description":"Otro sitio m\u00e1s de dev.explora.cl","potentialAction":[{"@type":"SearchAction","target":{"@type":"EntryPoint","urlTemplate":"https:\/\/dev.explora.cl\/aysen\/?s={search_term_string}"},"query-input":{"@type":"PropertyValueSpecification","valueRequired":true,"valueName":"search_term_string"}}],"inLanguage":"es-CL"},{"@type":"Person","@id":"https:\/\/dev.explora.cl\/aysen\/#\/schema\/person\/cb8349c13ea2d324080adf8480d7ba5d","name":"webman","image":{"@type":"ImageObject","inLanguage":"es-CL","@id":"https:\/\/dev.explora.cl\/aysen\/#\/schema\/person\/image\/","url":"https:\/\/secure.gravatar.com\/avatar\/eeff3c82f2c02f7177d13663b7e6f890e9a6a0647ce9bb29cae02dcb094c7312?s=96&d=mm&r=g","contentUrl":"https:\/\/secure.gravatar.com\/avatar\/eeff3c82f2c02f7177d13663b7e6f890e9a6a0647ce9bb29cae02dcb094c7312?s=96&d=mm&r=g","caption":"webman"},"url":"https:\/\/dev.explora.cl\/aysen\/author\/webman\/"}]}},"_links":{"self":[{"href":"https:\/\/dev.explora.cl\/aysen\/wp-json\/wp\/v2\/posts\/37073","targetHints":{"allow":["GET"]}}],"collection":[{"href":"https:\/\/dev.explora.cl\/aysen\/wp-json\/wp\/v2\/posts"}],"about":[{"href":"https:\/\/dev.explora.cl\/aysen\/wp-json\/wp\/v2\/types\/post"}],"author":[{"embeddable":true,"href":"https:\/\/dev.explora.cl\/aysen\/wp-json\/wp\/v2\/users\/2"}],"replies":[{"embeddable":true,"href":"https:\/\/dev.explora.cl\/aysen\/wp-json\/wp\/v2\/comments?post=37073"}],"version-history":[{"count":1,"href":"https:\/\/dev.explora.cl\/aysen\/wp-json\/wp\/v2\/posts\/37073\/revisions"}],"predecessor-version":[{"id":37334,"href":"https:\/\/dev.explora.cl\/aysen\/wp-json\/wp\/v2\/posts\/37073\/revisions\/37334"}],"wp:featuredmedia":[{"embeddable":true,"href":"https:\/\/dev.explora.cl\/aysen\/wp-json\/wp\/v2\/media\/163"}],"wp:attachment":[{"href":"https:\/\/dev.explora.cl\/aysen\/wp-json\/wp\/v2\/media?parent=37073"}],"wp:term":[{"taxonomy":"category","embeddable":true,"href":"https:\/\/dev.explora.cl\/aysen\/wp-json\/wp\/v2\/categories?post=37073"},{"taxonomy":"post_tag","embeddable":true,"href":"https:\/\/dev.explora.cl\/aysen\/wp-json\/wp\/v2\/tags?post=37073"}],"curies":[{"name":"wp","href":"https:\/\/api.w.org\/{rel}","templated":true}]}}