{"id":37072,"date":"2015-03-06T00:00:00","date_gmt":"2015-03-06T04:00:00","guid":{"rendered":"https:\/\/dev.explora.cl\/aysen\/blog\/2015\/03\/06\/uach-ejecuta-proyecto-para-descontaminar-relave-minero-de-puerto-cristal-en-la-region-de-aysen\/"},"modified":"2019-05-20T21:21:59","modified_gmt":"2019-05-20T21:21:59","slug":"uach-ejecuta-proyecto-para-descontaminar-relave-minero-de-puerto-cristal-en-la-region-de-aysen","status":"publish","type":"post","link":"https:\/\/dev.explora.cl\/aysen\/uach-ejecuta-proyecto-para-descontaminar-relave-minero-de-puerto-cristal-en-la-region-de-aysen\/","title":{"rendered":"UACh ejecuta proyecto para descontaminar relave minero de Puerto Cristal en la regi\u00f3n de Ays\u00e9n"},"content":{"rendered":"<p><img loading=\"lazy\" decoding=\"async\" class=\" size-full wp-image-9259\" src=\"http:\/\/ec2-34-218-253-251.us-west-2.compute.amazonaws.com\/wp-content\/uploads\/2015\/03\/d667044ec2535d6b347d2580b265c5a0.jpg\" alt=\"\" width=\"450\" height=\"300\" \/><\/p>\n<p><span style=\"line-height: 1.3em\">El proyecto denominado \u201cBuscando organismos remediadores de pasivos ambientales\u201d se emplaza en la ladera del Lago General Carrera o Chelenko con especial \u00e9nfasis en plantas y microorganismos end\u00f3genos de la zona del relave.<\/span><\/p>\n<p><span style=\"line-height: 1.3em\">La iniciativa es financiada por Gobierno Regional a trav\u00e9s del Fondo de Innovaci\u00f3n para competitividad FIC-r regi\u00f3n de Ays\u00e9n, ejecutada por el Campus Patagonia de la Universidad Austral de Chile y se desarrolla desde enero con la idea de identificar plantas que sean capaces de biorremediar metales pesados junto con determinar la presencia de consorcios bacterianos en el relave minero existente en la localidad de Puerto Cristal.<\/span><\/p>\n<p>La iniciativa indirectamente beneficia el emprendimiento tur\u00edstico de Bernardo Casanova, due\u00f1o de los terrenos donde se ubica el relave que apoya esta investigaci\u00f3n ya que busca potenciar la historia de Puerto Cristal como monumento nacional.<\/p>\n<p>El equipo de investigadores ya realiz\u00f3 la primera visita al relave minero, que es como se denominan los sitios de acopios de desechos de extracci\u00f3n minera, donde fueron tomadas muestras de suelo, denominado en este contexto pasivo ambiental, con la finalidad de identificar bacterias y metales pesados junto con plantas.<\/p>\n<p>Franchesca Aguilar, estudiante de Ingenier\u00eda en Biotecnolog\u00eda de la Universidad de Concepci\u00f3n, realiz\u00f3 su pr\u00e1ctica profesional por dos meses y trabaj\u00f3 identificando plantas con potencial de biorremediaci\u00f3n. \u201cEs un aporte a la Regi\u00f3n ya que por lo general la ciencia se centraliza mucho en las regiones y ciudades m\u00e1s grandes como Santiago y Concepci\u00f3n, ser parte de este proyecto que tiene un importante trasfondo ambiental ha sido una experiencia muy enriquecedora\u201d, concluy\u00f3 la estudiante.<\/p>\n<p>La Dra. Ximena Valenzuela; Directora de este proyecto, especialista en Bioqu\u00edmica y Docente del Campus Patagonia UACh, destac\u00f3 el aporte que significa esta iniciativa a la hora de establecer estrategias para la descontaminaci\u00f3n de relaves mineros tanto en la Regi\u00f3n de Ays\u00e9n como en el pa\u00eds. \u201cLa identificaci\u00f3n y posterior utilizaci\u00f3n de biorremediadores podr\u00e1 ser manejada como una aproximaci\u00f3n para la descontaminaci\u00f3n del relaves mineros, siendo este un aporte enorme para la Regi\u00f3n de Ays\u00e9n, la cual presenta pasivos ambientales tanto de mineras activas como de relaves abandonados producto de la antigua miner\u00eda\u201d<\/p>\n","protected":false},"excerpt":{"rendered":"<p>El proyecto denominado \u201cBuscando organismos remediadores de pasivos ambientales\u201d se emplaza en la ladera del Lago General Carrera o Chelenko con especial \u00e9nfasis en plantas y microorganismos end\u00f3genos de la zona del relave. La iniciativa es financiada por Gobierno Regional a trav\u00e9s del Fondo de Innovaci\u00f3n para competitividad FIC-r regi\u00f3n de Ays\u00e9n, ejecutada por el [&hellip;]<\/p>\n","protected":false},"author":2,"featured_media":159,"comment_status":"open","ping_status":"open","sticky":false,"template":"","format":"standard","meta":{"_acf_changed":false,"_exactmetrics_skip_tracking":false,"_exactmetrics_sitenote_active":false,"_exactmetrics_sitenote_note":"","_exactmetrics_sitenote_category":0,"footnotes":"","_links_to":"","_links_to_target":""},"categories":[4],"tags":[],"class_list":["post-37072","post","type-post","status-publish","format-standard","has-post-thumbnail","hentry","category-noticias"],"acf":[],"yoast_head":"<!-- This site is optimized with the Yoast SEO plugin v26.7 - https:\/\/yoast.com\/wordpress\/plugins\/seo\/ -->\n<title>UACh ejecuta proyecto para descontaminar relave minero de Puerto Cristal en la regi\u00f3n de Ays\u00e9n - Aysen<\/title>\n<meta name=\"robots\" content=\"index, follow, max-snippet:-1, max-image-preview:large, max-video-preview:-1\" \/>\n<link rel=\"canonical\" href=\"https:\/\/dev.explora.cl\/aysen\/uach-ejecuta-proyecto-para-descontaminar-relave-minero-de-puerto-cristal-en-la-region-de-aysen\/\" class=\"yoast-seo-meta-tag\" \/>\n<meta property=\"og:locale\" content=\"es_ES\" class=\"yoast-seo-meta-tag\" \/>\n<meta property=\"og:type\" content=\"article\" class=\"yoast-seo-meta-tag\" \/>\n<meta property=\"og:title\" content=\"UACh ejecuta proyecto para descontaminar relave minero de Puerto Cristal en la regi\u00f3n de Ays\u00e9n - Aysen\" class=\"yoast-seo-meta-tag\" \/>\n<meta property=\"og:description\" content=\"El proyecto denominado \u201cBuscando organismos remediadores de pasivos ambientales\u201d se emplaza en la ladera del Lago General Carrera o Chelenko con especial \u00e9nfasis en plantas y microorganismos end\u00f3genos de la zona del relave. La iniciativa es financiada por Gobierno Regional a trav\u00e9s del Fondo de Innovaci\u00f3n para competitividad FIC-r regi\u00f3n de Ays\u00e9n, ejecutada por el [&hellip;]\" class=\"yoast-seo-meta-tag\" \/>\n<meta property=\"og:url\" content=\"https:\/\/dev.explora.cl\/aysen\/uach-ejecuta-proyecto-para-descontaminar-relave-minero-de-puerto-cristal-en-la-region-de-aysen\/\" class=\"yoast-seo-meta-tag\" \/>\n<meta property=\"og:site_name\" content=\"Aysen\" class=\"yoast-seo-meta-tag\" \/>\n<meta property=\"article:published_time\" content=\"2015-03-06T04:00:00+00:00\" class=\"yoast-seo-meta-tag\" \/>\n<meta property=\"article:modified_time\" content=\"2019-05-20T21:21:59+00:00\" class=\"yoast-seo-meta-tag\" \/>\n<meta property=\"og:image\" content=\"https:\/\/dev.explora.cl\/aysen\/wp-content\/uploads\/sites\/18\/2018\/06\/d667044ec2535d6b347d2580b265c5a0.jpg\" class=\"yoast-seo-meta-tag\" \/>\n\t<meta property=\"og:image:width\" content=\"450\" class=\"yoast-seo-meta-tag\" \/>\n\t<meta property=\"og:image:height\" content=\"300\" class=\"yoast-seo-meta-tag\" \/>\n\t<meta property=\"og:image:type\" content=\"image\/jpeg\" class=\"yoast-seo-meta-tag\" \/>\n<meta name=\"author\" content=\"webman\" class=\"yoast-seo-meta-tag\" \/>\n<meta name=\"twitter:card\" content=\"summary_large_image\" class=\"yoast-seo-meta-tag\" \/>\n<meta name=\"twitter:label1\" content=\"Escrito por\" class=\"yoast-seo-meta-tag\" \/>\n\t<meta name=\"twitter:data1\" content=\"webman\" class=\"yoast-seo-meta-tag\" \/>\n\t<meta name=\"twitter:label2\" content=\"Tiempo estimado de lectura\" class=\"yoast-seo-meta-tag\" \/>\n\t<meta name=\"twitter:data2\" content=\"2 minutos\" class=\"yoast-seo-meta-tag\" \/>\n<script type=\"application\/ld+json\" class=\"yoast-schema-graph\">{\"@context\":\"https:\/\/schema.org\",\"@graph\":[{\"@type\":\"Article\",\"@id\":\"https:\/\/dev.explora.cl\/aysen\/uach-ejecuta-proyecto-para-descontaminar-relave-minero-de-puerto-cristal-en-la-region-de-aysen\/#article\",\"isPartOf\":{\"@id\":\"https:\/\/dev.explora.cl\/aysen\/uach-ejecuta-proyecto-para-descontaminar-relave-minero-de-puerto-cristal-en-la-region-de-aysen\/\"},\"author\":{\"name\":\"webman\",\"@id\":\"https:\/\/dev.explora.cl\/aysen\/#\/schema\/person\/cb8349c13ea2d324080adf8480d7ba5d\"},\"headline\":\"UACh ejecuta proyecto para descontaminar relave minero de Puerto Cristal en la regi\u00f3n de Ays\u00e9n\",\"datePublished\":\"2015-03-06T04:00:00+00:00\",\"dateModified\":\"2019-05-20T21:21:59+00:00\",\"mainEntityOfPage\":{\"@id\":\"https:\/\/dev.explora.cl\/aysen\/uach-ejecuta-proyecto-para-descontaminar-relave-minero-de-puerto-cristal-en-la-region-de-aysen\/\"},\"wordCount\":398,\"commentCount\":0,\"image\":{\"@id\":\"https:\/\/dev.explora.cl\/aysen\/uach-ejecuta-proyecto-para-descontaminar-relave-minero-de-puerto-cristal-en-la-region-de-aysen\/#primaryimage\"},\"thumbnailUrl\":\"https:\/\/dev.explora.cl\/aysen\/wp-content\/uploads\/sites\/18\/2018\/06\/d667044ec2535d6b347d2580b265c5a0.jpg\",\"articleSection\":[\"Noticias\"],\"inLanguage\":\"es-CL\",\"potentialAction\":[{\"@type\":\"CommentAction\",\"name\":\"Comment\",\"target\":[\"https:\/\/dev.explora.cl\/aysen\/uach-ejecuta-proyecto-para-descontaminar-relave-minero-de-puerto-cristal-en-la-region-de-aysen\/#respond\"]}]},{\"@type\":\"WebPage\",\"@id\":\"https:\/\/dev.explora.cl\/aysen\/uach-ejecuta-proyecto-para-descontaminar-relave-minero-de-puerto-cristal-en-la-region-de-aysen\/\",\"url\":\"https:\/\/dev.explora.cl\/aysen\/uach-ejecuta-proyecto-para-descontaminar-relave-minero-de-puerto-cristal-en-la-region-de-aysen\/\",\"name\":\"UACh ejecuta proyecto para descontaminar relave minero de Puerto Cristal en la regi\u00f3n de Ays\u00e9n - Aysen\",\"isPartOf\":{\"@id\":\"https:\/\/dev.explora.cl\/aysen\/#website\"},\"primaryImageOfPage\":{\"@id\":\"https:\/\/dev.explora.cl\/aysen\/uach-ejecuta-proyecto-para-descontaminar-relave-minero-de-puerto-cristal-en-la-region-de-aysen\/#primaryimage\"},\"image\":{\"@id\":\"https:\/\/dev.explora.cl\/aysen\/uach-ejecuta-proyecto-para-descontaminar-relave-minero-de-puerto-cristal-en-la-region-de-aysen\/#primaryimage\"},\"thumbnailUrl\":\"https:\/\/dev.explora.cl\/aysen\/wp-content\/uploads\/sites\/18\/2018\/06\/d667044ec2535d6b347d2580b265c5a0.jpg\",\"datePublished\":\"2015-03-06T04:00:00+00:00\",\"dateModified\":\"2019-05-20T21:21:59+00:00\",\"author\":{\"@id\":\"https:\/\/dev.explora.cl\/aysen\/#\/schema\/person\/cb8349c13ea2d324080adf8480d7ba5d\"},\"breadcrumb\":{\"@id\":\"https:\/\/dev.explora.cl\/aysen\/uach-ejecuta-proyecto-para-descontaminar-relave-minero-de-puerto-cristal-en-la-region-de-aysen\/#breadcrumb\"},\"inLanguage\":\"es-CL\",\"potentialAction\":[{\"@type\":\"ReadAction\",\"target\":[\"https:\/\/dev.explora.cl\/aysen\/uach-ejecuta-proyecto-para-descontaminar-relave-minero-de-puerto-cristal-en-la-region-de-aysen\/\"]}]},{\"@type\":\"ImageObject\",\"inLanguage\":\"es-CL\",\"@id\":\"https:\/\/dev.explora.cl\/aysen\/uach-ejecuta-proyecto-para-descontaminar-relave-minero-de-puerto-cristal-en-la-region-de-aysen\/#primaryimage\",\"url\":\"https:\/\/dev.explora.cl\/aysen\/wp-content\/uploads\/sites\/18\/2018\/06\/d667044ec2535d6b347d2580b265c5a0.jpg\",\"contentUrl\":\"https:\/\/dev.explora.cl\/aysen\/wp-content\/uploads\/sites\/18\/2018\/06\/d667044ec2535d6b347d2580b265c5a0.jpg\",\"width\":450,\"height\":300},{\"@type\":\"BreadcrumbList\",\"@id\":\"https:\/\/dev.explora.cl\/aysen\/uach-ejecuta-proyecto-para-descontaminar-relave-minero-de-puerto-cristal-en-la-region-de-aysen\/#breadcrumb\",\"itemListElement\":[{\"@type\":\"ListItem\",\"position\":1,\"name\":\"Portada\",\"item\":\"https:\/\/dev.explora.cl\/aysen\/\"},{\"@type\":\"ListItem\",\"position\":2,\"name\":\"UACh ejecuta proyecto para descontaminar relave minero de Puerto Cristal en la regi\u00f3n de Ays\u00e9n\"}]},{\"@type\":\"WebSite\",\"@id\":\"https:\/\/dev.explora.cl\/aysen\/#website\",\"url\":\"https:\/\/dev.explora.cl\/aysen\/\",\"name\":\"Aysen\",\"description\":\"Otro sitio m\u00e1s de dev.explora.cl\",\"potentialAction\":[{\"@type\":\"SearchAction\",\"target\":{\"@type\":\"EntryPoint\",\"urlTemplate\":\"https:\/\/dev.explora.cl\/aysen\/?s={search_term_string}\"},\"query-input\":{\"@type\":\"PropertyValueSpecification\",\"valueRequired\":true,\"valueName\":\"search_term_string\"}}],\"inLanguage\":\"es-CL\"},{\"@type\":\"Person\",\"@id\":\"https:\/\/dev.explora.cl\/aysen\/#\/schema\/person\/cb8349c13ea2d324080adf8480d7ba5d\",\"name\":\"webman\",\"image\":{\"@type\":\"ImageObject\",\"inLanguage\":\"es-CL\",\"@id\":\"https:\/\/dev.explora.cl\/aysen\/#\/schema\/person\/image\/\",\"url\":\"https:\/\/secure.gravatar.com\/avatar\/eeff3c82f2c02f7177d13663b7e6f890e9a6a0647ce9bb29cae02dcb094c7312?s=96&d=mm&r=g\",\"contentUrl\":\"https:\/\/secure.gravatar.com\/avatar\/eeff3c82f2c02f7177d13663b7e6f890e9a6a0647ce9bb29cae02dcb094c7312?s=96&d=mm&r=g\",\"caption\":\"webman\"},\"url\":\"https:\/\/dev.explora.cl\/aysen\/author\/webman\/\"}]}<\/script>\n<!-- \/ Yoast SEO plugin. -->","yoast_head_json":{"title":"UACh ejecuta proyecto para descontaminar relave minero de Puerto Cristal en la regi\u00f3n de Ays\u00e9n - Aysen","robots":{"index":"index","follow":"follow","max-snippet":"max-snippet:-1","max-image-preview":"max-image-preview:large","max-video-preview":"max-video-preview:-1"},"canonical":"https:\/\/dev.explora.cl\/aysen\/uach-ejecuta-proyecto-para-descontaminar-relave-minero-de-puerto-cristal-en-la-region-de-aysen\/","og_locale":"es_ES","og_type":"article","og_title":"UACh ejecuta proyecto para descontaminar relave minero de Puerto Cristal en la regi\u00f3n de Ays\u00e9n - Aysen","og_description":"El proyecto denominado \u201cBuscando organismos remediadores de pasivos ambientales\u201d se emplaza en la ladera del Lago General Carrera o Chelenko con especial \u00e9nfasis en plantas y microorganismos end\u00f3genos de la zona del relave. La iniciativa es financiada por Gobierno Regional a trav\u00e9s del Fondo de Innovaci\u00f3n para competitividad FIC-r regi\u00f3n de Ays\u00e9n, ejecutada por el [&hellip;]","og_url":"https:\/\/dev.explora.cl\/aysen\/uach-ejecuta-proyecto-para-descontaminar-relave-minero-de-puerto-cristal-en-la-region-de-aysen\/","og_site_name":"Aysen","article_published_time":"2015-03-06T04:00:00+00:00","article_modified_time":"2019-05-20T21:21:59+00:00","og_image":[{"width":450,"height":300,"url":"https:\/\/dev.explora.cl\/aysen\/wp-content\/uploads\/sites\/18\/2018\/06\/d667044ec2535d6b347d2580b265c5a0.jpg","type":"image\/jpeg"}],"author":"webman","twitter_card":"summary_large_image","twitter_misc":{"Escrito por":"webman","Tiempo estimado de lectura":"2 minutos"},"schema":{"@context":"https:\/\/schema.org","@graph":[{"@type":"Article","@id":"https:\/\/dev.explora.cl\/aysen\/uach-ejecuta-proyecto-para-descontaminar-relave-minero-de-puerto-cristal-en-la-region-de-aysen\/#article","isPartOf":{"@id":"https:\/\/dev.explora.cl\/aysen\/uach-ejecuta-proyecto-para-descontaminar-relave-minero-de-puerto-cristal-en-la-region-de-aysen\/"},"author":{"name":"webman","@id":"https:\/\/dev.explora.cl\/aysen\/#\/schema\/person\/cb8349c13ea2d324080adf8480d7ba5d"},"headline":"UACh ejecuta proyecto para descontaminar relave minero de Puerto Cristal en la regi\u00f3n de Ays\u00e9n","datePublished":"2015-03-06T04:00:00+00:00","dateModified":"2019-05-20T21:21:59+00:00","mainEntityOfPage":{"@id":"https:\/\/dev.explora.cl\/aysen\/uach-ejecuta-proyecto-para-descontaminar-relave-minero-de-puerto-cristal-en-la-region-de-aysen\/"},"wordCount":398,"commentCount":0,"image":{"@id":"https:\/\/dev.explora.cl\/aysen\/uach-ejecuta-proyecto-para-descontaminar-relave-minero-de-puerto-cristal-en-la-region-de-aysen\/#primaryimage"},"thumbnailUrl":"https:\/\/dev.explora.cl\/aysen\/wp-content\/uploads\/sites\/18\/2018\/06\/d667044ec2535d6b347d2580b265c5a0.jpg","articleSection":["Noticias"],"inLanguage":"es-CL","potentialAction":[{"@type":"CommentAction","name":"Comment","target":["https:\/\/dev.explora.cl\/aysen\/uach-ejecuta-proyecto-para-descontaminar-relave-minero-de-puerto-cristal-en-la-region-de-aysen\/#respond"]}]},{"@type":"WebPage","@id":"https:\/\/dev.explora.cl\/aysen\/uach-ejecuta-proyecto-para-descontaminar-relave-minero-de-puerto-cristal-en-la-region-de-aysen\/","url":"https:\/\/dev.explora.cl\/aysen\/uach-ejecuta-proyecto-para-descontaminar-relave-minero-de-puerto-cristal-en-la-region-de-aysen\/","name":"UACh ejecuta proyecto para descontaminar relave minero de Puerto Cristal en la regi\u00f3n de Ays\u00e9n - Aysen","isPartOf":{"@id":"https:\/\/dev.explora.cl\/aysen\/#website"},"primaryImageOfPage":{"@id":"https:\/\/dev.explora.cl\/aysen\/uach-ejecuta-proyecto-para-descontaminar-relave-minero-de-puerto-cristal-en-la-region-de-aysen\/#primaryimage"},"image":{"@id":"https:\/\/dev.explora.cl\/aysen\/uach-ejecuta-proyecto-para-descontaminar-relave-minero-de-puerto-cristal-en-la-region-de-aysen\/#primaryimage"},"thumbnailUrl":"https:\/\/dev.explora.cl\/aysen\/wp-content\/uploads\/sites\/18\/2018\/06\/d667044ec2535d6b347d2580b265c5a0.jpg","datePublished":"2015-03-06T04:00:00+00:00","dateModified":"2019-05-20T21:21:59+00:00","author":{"@id":"https:\/\/dev.explora.cl\/aysen\/#\/schema\/person\/cb8349c13ea2d324080adf8480d7ba5d"},"breadcrumb":{"@id":"https:\/\/dev.explora.cl\/aysen\/uach-ejecuta-proyecto-para-descontaminar-relave-minero-de-puerto-cristal-en-la-region-de-aysen\/#breadcrumb"},"inLanguage":"es-CL","potentialAction":[{"@type":"ReadAction","target":["https:\/\/dev.explora.cl\/aysen\/uach-ejecuta-proyecto-para-descontaminar-relave-minero-de-puerto-cristal-en-la-region-de-aysen\/"]}]},{"@type":"ImageObject","inLanguage":"es-CL","@id":"https:\/\/dev.explora.cl\/aysen\/uach-ejecuta-proyecto-para-descontaminar-relave-minero-de-puerto-cristal-en-la-region-de-aysen\/#primaryimage","url":"https:\/\/dev.explora.cl\/aysen\/wp-content\/uploads\/sites\/18\/2018\/06\/d667044ec2535d6b347d2580b265c5a0.jpg","contentUrl":"https:\/\/dev.explora.cl\/aysen\/wp-content\/uploads\/sites\/18\/2018\/06\/d667044ec2535d6b347d2580b265c5a0.jpg","width":450,"height":300},{"@type":"BreadcrumbList","@id":"https:\/\/dev.explora.cl\/aysen\/uach-ejecuta-proyecto-para-descontaminar-relave-minero-de-puerto-cristal-en-la-region-de-aysen\/#breadcrumb","itemListElement":[{"@type":"ListItem","position":1,"name":"Portada","item":"https:\/\/dev.explora.cl\/aysen\/"},{"@type":"ListItem","position":2,"name":"UACh ejecuta proyecto para descontaminar relave minero de Puerto Cristal en la regi\u00f3n de Ays\u00e9n"}]},{"@type":"WebSite","@id":"https:\/\/dev.explora.cl\/aysen\/#website","url":"https:\/\/dev.explora.cl\/aysen\/","name":"Aysen","description":"Otro sitio m\u00e1s de dev.explora.cl","potentialAction":[{"@type":"SearchAction","target":{"@type":"EntryPoint","urlTemplate":"https:\/\/dev.explora.cl\/aysen\/?s={search_term_string}"},"query-input":{"@type":"PropertyValueSpecification","valueRequired":true,"valueName":"search_term_string"}}],"inLanguage":"es-CL"},{"@type":"Person","@id":"https:\/\/dev.explora.cl\/aysen\/#\/schema\/person\/cb8349c13ea2d324080adf8480d7ba5d","name":"webman","image":{"@type":"ImageObject","inLanguage":"es-CL","@id":"https:\/\/dev.explora.cl\/aysen\/#\/schema\/person\/image\/","url":"https:\/\/secure.gravatar.com\/avatar\/eeff3c82f2c02f7177d13663b7e6f890e9a6a0647ce9bb29cae02dcb094c7312?s=96&d=mm&r=g","contentUrl":"https:\/\/secure.gravatar.com\/avatar\/eeff3c82f2c02f7177d13663b7e6f890e9a6a0647ce9bb29cae02dcb094c7312?s=96&d=mm&r=g","caption":"webman"},"url":"https:\/\/dev.explora.cl\/aysen\/author\/webman\/"}]}},"_links":{"self":[{"href":"https:\/\/dev.explora.cl\/aysen\/wp-json\/wp\/v2\/posts\/37072","targetHints":{"allow":["GET"]}}],"collection":[{"href":"https:\/\/dev.explora.cl\/aysen\/wp-json\/wp\/v2\/posts"}],"about":[{"href":"https:\/\/dev.explora.cl\/aysen\/wp-json\/wp\/v2\/types\/post"}],"author":[{"embeddable":true,"href":"https:\/\/dev.explora.cl\/aysen\/wp-json\/wp\/v2\/users\/2"}],"replies":[{"embeddable":true,"href":"https:\/\/dev.explora.cl\/aysen\/wp-json\/wp\/v2\/comments?post=37072"}],"version-history":[{"count":1,"href":"https:\/\/dev.explora.cl\/aysen\/wp-json\/wp\/v2\/posts\/37072\/revisions"}],"predecessor-version":[{"id":37336,"href":"https:\/\/dev.explora.cl\/aysen\/wp-json\/wp\/v2\/posts\/37072\/revisions\/37336"}],"wp:featuredmedia":[{"embeddable":true,"href":"https:\/\/dev.explora.cl\/aysen\/wp-json\/wp\/v2\/media\/159"}],"wp:attachment":[{"href":"https:\/\/dev.explora.cl\/aysen\/wp-json\/wp\/v2\/media?parent=37072"}],"wp:term":[{"taxonomy":"category","embeddable":true,"href":"https:\/\/dev.explora.cl\/aysen\/wp-json\/wp\/v2\/categories?post=37072"},{"taxonomy":"post_tag","embeddable":true,"href":"https:\/\/dev.explora.cl\/aysen\/wp-json\/wp\/v2\/tags?post=37072"}],"curies":[{"name":"wp","href":"https:\/\/api.w.org\/{rel}","templated":true}]}}