{"id":37071,"date":"2014-11-11T00:00:00","date_gmt":"2014-11-11T04:00:00","guid":{"rendered":"https:\/\/dev.explora.cl\/aysen\/blog\/2014\/11\/11\/ya-comenzo-el-campamento-cientifico-escolar-chile-va\/"},"modified":"2019-05-20T21:22:01","modified_gmt":"2019-05-20T21:22:01","slug":"ya-comenzo-el-campamento-cientifico-escolar-chile-va","status":"publish","type":"post","link":"https:\/\/dev.explora.cl\/aysen\/ya-comenzo-el-campamento-cientifico-escolar-chile-va\/","title":{"rendered":"Ya comenz\u00f3 el Campamento Cient\u00edfico Escolar CHILE VA!"},"content":{"rendered":"<p><img loading=\"lazy\" decoding=\"async\" class=\" size-full wp-image-7086\" src=\"http:\/\/ec2-34-218-253-251.us-west-2.compute.amazonaws.com\/wp-content\/uploads\/2014\/11\/8a4b8985318a42ab1c62326201892b85.jpg\" alt=\"\" width=\"960\" height=\"716\" \/><\/p>\n<p>Durante esta semana 150 estudiantes de 2do y 3ero medio, provenientes de distintos puntos de la regi\u00f3n, se dar\u00e1n cita en la localidad de Valle Simpson para dar vida al Campamento Cient\u00edfico Escolar EXPLORA CHILEVA!. La acci\u00f3n organizada por el Campus Patagonia de la Universidad Austral de Chile (UACh) y financiado por el programa EXPLORA CONICYT se realiza por primera en la regi\u00f3n y tiene por objetivo estimular las vocaciones cient\u00edficas y tecnol\u00f3gicas en los j\u00f3venes.<\/p>\n<p><span style=\"line-height: 1.3em\">\u201cLo que buscamos con este campamento es contribuir al desarrollo de trayectorias y orientar a los estudiantes hacia el desarrollo cient\u00edfico y tecnol\u00f3gico de la regi\u00f3n y del pa\u00eds\u201d, revela la coordinadora regional del Campamento, Marisol Barr\u00eda. Asimismo destaca que \u201cser\u00e1 una semana s\u00faper movida y llena de actividades en la que los estudiantes estar\u00e1n inmersos en un ambiente propicio para este tipo de actividades. Estamos seguros que esto ser\u00e1 un \u00e9xito\u201d, sentenci\u00f3 Marisol Barr\u00eda.<\/span><\/p>\n<p><span style=\"line-height: 1.3em\">En el encuentro, los estudiantes conocer\u00e1n y compartir\u00e1n con investigadores nacionales de reconocida trayectoria, visitar\u00e1n lugares donde se aplican la ciencia y la tecnolog\u00eda, ejercitar\u00e1n habilidades de coordinaci\u00f3n, resolver\u00e1n desaf\u00edos de laboratorio y mucho trabajo en equipo.<\/span><\/p>\n<p><span style=\"line-height: 1.3em\">Conversaciones con Maestro\/as de las Ciencias, Encuentros cercanos, Actividades experimentales de Ciencia y Tecnolog\u00eda, Desaf\u00edos, Actividades de Emprendimiento, entre otras, ser\u00e1n parte de las actividades que los estudiantes desarrollar\u00e1n mientras se desarrolla este Campamento.<\/span><\/p>\n<p><span style=\"line-height: 1.3em\">Es importante recalcar que CHILE VA! es una iniciativa que est\u00e1 enfocada en promover el desarrollo de capital humano y mostrar a los estudiantes la nueva configuraci\u00f3n social y econ\u00f3mica del siglo XXI para que ellos, a trav\u00e9s de las pr\u00e1cticas emprendedoras, dise\u00f1en un proyecto de vida y se vinculen con la Ciencia y la Tecnolog\u00eda.<\/span><\/p>\n<p><span style=\"line-height: 1.3em\">Por su parte, Alejando Bravo , director del proyecto del campamento CHILE VA! destac\u00f3 que \u201ccreemos que es importante que las comunidades crezcan sim\u00e9tricamente y es importante que Ays\u00e9n tenga su CHILE VA!, y estamos seguros que este Campamento va a satisfacer las necesidades de los j\u00f3venes\u201d. A la vez invit\u00f3 a los estudiantes a \u201cdisfrutar esta experiencia al m\u00e1ximo ya que ojal\u00e1 nosotros hubi\u00e9ramos tenido la oportunidad de poder contar con estas instancias cuando \u00e9ramos estudiantes\u201d.<\/span><\/p>\n<p><span style=\"line-height: 1.3em\">El Programa EXPLORA a la fecha ha llevado a cabo 27 campamentos CHILE VA! a lo largo del pa\u00eds, beneficiando a aproximadamente a 3 mil 500 estudiantes, muchos de los cuales siguen participando de la iniciativa apoyando a nuevos estudiantes participando y contando su experiencia.<\/span><\/p>\n<p><span style=\"line-height: 1.3em\">A partir del 2014 EXPLORA CONICYT realiza un Concurso, el que tiene como objetivo Cofinanciar la realizaci\u00f3n de campamentos de ciencia, tecnolog\u00eda e innovaci\u00f3n Explora Chile Va! en todas las regiones del pa\u00eds, para acercar a los y las estudiantes al trabajo cient\u00edfico en Chile a trav\u00e9s de actividades que fomenten las habilidades de observaci\u00f3n, experimentaci\u00f3n, an\u00e1lisis, trabajo en equipo y resoluci\u00f3n de problemas. Desde entonces la realizaci\u00f3n de los campamentos en el pa\u00eds es ejecutada por diversas instituciones universitarias.<\/span><\/p>\n","protected":false},"excerpt":{"rendered":"<p>Durante esta semana 150 estudiantes de 2do y 3ero medio, provenientes de distintos puntos de la regi\u00f3n, se dar\u00e1n cita en la localidad de Valle Simpson para dar vida al Campamento Cient\u00edfico Escolar EXPLORA CHILEVA!. La acci\u00f3n organizada por el Campus Patagonia de la Universidad Austral de Chile (UACh) y financiado por el programa EXPLORA [&hellip;]<\/p>\n","protected":false},"author":2,"featured_media":151,"comment_status":"open","ping_status":"open","sticky":false,"template":"","format":"standard","meta":{"_acf_changed":false,"_exactmetrics_skip_tracking":false,"_exactmetrics_sitenote_active":false,"_exactmetrics_sitenote_note":"","_exactmetrics_sitenote_category":0,"footnotes":"","_links_to":"","_links_to_target":""},"categories":[4],"tags":[],"class_list":["post-37071","post","type-post","status-publish","format-standard","has-post-thumbnail","hentry","category-noticias"],"acf":[],"yoast_head":"<!-- This site is optimized with the Yoast SEO plugin v26.7 - https:\/\/yoast.com\/wordpress\/plugins\/seo\/ -->\n<title>Ya comenz\u00f3 el Campamento Cient\u00edfico Escolar CHILE VA! - Aysen<\/title>\n<meta name=\"robots\" content=\"index, follow, max-snippet:-1, max-image-preview:large, max-video-preview:-1\" \/>\n<link rel=\"canonical\" href=\"https:\/\/dev.explora.cl\/aysen\/ya-comenzo-el-campamento-cientifico-escolar-chile-va\/\" class=\"yoast-seo-meta-tag\" \/>\n<meta property=\"og:locale\" content=\"es_ES\" class=\"yoast-seo-meta-tag\" \/>\n<meta property=\"og:type\" content=\"article\" class=\"yoast-seo-meta-tag\" \/>\n<meta property=\"og:title\" content=\"Ya comenz\u00f3 el Campamento Cient\u00edfico Escolar CHILE VA! - Aysen\" class=\"yoast-seo-meta-tag\" \/>\n<meta property=\"og:description\" content=\"Durante esta semana 150 estudiantes de 2do y 3ero medio, provenientes de distintos puntos de la regi\u00f3n, se dar\u00e1n cita en la localidad de Valle Simpson para dar vida al Campamento Cient\u00edfico Escolar EXPLORA CHILEVA!. La acci\u00f3n organizada por el Campus Patagonia de la Universidad Austral de Chile (UACh) y financiado por el programa EXPLORA [&hellip;]\" class=\"yoast-seo-meta-tag\" \/>\n<meta property=\"og:url\" content=\"https:\/\/dev.explora.cl\/aysen\/ya-comenzo-el-campamento-cientifico-escolar-chile-va\/\" class=\"yoast-seo-meta-tag\" \/>\n<meta property=\"og:site_name\" content=\"Aysen\" class=\"yoast-seo-meta-tag\" \/>\n<meta property=\"article:published_time\" content=\"2014-11-11T04:00:00+00:00\" class=\"yoast-seo-meta-tag\" \/>\n<meta property=\"article:modified_time\" content=\"2019-05-20T21:22:01+00:00\" class=\"yoast-seo-meta-tag\" \/>\n<meta property=\"og:image\" content=\"https:\/\/dev.explora.cl\/aysen\/wp-content\/uploads\/sites\/18\/2018\/06\/8a4b8985318a42ab1c62326201892b85.jpg\" class=\"yoast-seo-meta-tag\" \/>\n\t<meta property=\"og:image:width\" content=\"960\" class=\"yoast-seo-meta-tag\" \/>\n\t<meta property=\"og:image:height\" content=\"716\" class=\"yoast-seo-meta-tag\" \/>\n\t<meta property=\"og:image:type\" content=\"image\/jpeg\" class=\"yoast-seo-meta-tag\" \/>\n<meta name=\"author\" content=\"webman\" class=\"yoast-seo-meta-tag\" \/>\n<meta name=\"twitter:card\" content=\"summary_large_image\" class=\"yoast-seo-meta-tag\" \/>\n<meta name=\"twitter:label1\" content=\"Escrito por\" class=\"yoast-seo-meta-tag\" \/>\n\t<meta name=\"twitter:data1\" content=\"webman\" class=\"yoast-seo-meta-tag\" \/>\n\t<meta name=\"twitter:label2\" content=\"Tiempo estimado de lectura\" class=\"yoast-seo-meta-tag\" \/>\n\t<meta name=\"twitter:data2\" content=\"3 minutos\" class=\"yoast-seo-meta-tag\" \/>\n<script type=\"application\/ld+json\" class=\"yoast-schema-graph\">{\"@context\":\"https:\/\/schema.org\",\"@graph\":[{\"@type\":\"Article\",\"@id\":\"https:\/\/dev.explora.cl\/aysen\/ya-comenzo-el-campamento-cientifico-escolar-chile-va\/#article\",\"isPartOf\":{\"@id\":\"https:\/\/dev.explora.cl\/aysen\/ya-comenzo-el-campamento-cientifico-escolar-chile-va\/\"},\"author\":{\"name\":\"webman\",\"@id\":\"https:\/\/dev.explora.cl\/aysen\/#\/schema\/person\/cb8349c13ea2d324080adf8480d7ba5d\"},\"headline\":\"Ya comenz\u00f3 el Campamento Cient\u00edfico Escolar CHILE VA!\",\"datePublished\":\"2014-11-11T04:00:00+00:00\",\"dateModified\":\"2019-05-20T21:22:01+00:00\",\"mainEntityOfPage\":{\"@id\":\"https:\/\/dev.explora.cl\/aysen\/ya-comenzo-el-campamento-cientifico-escolar-chile-va\/\"},\"wordCount\":536,\"commentCount\":0,\"image\":{\"@id\":\"https:\/\/dev.explora.cl\/aysen\/ya-comenzo-el-campamento-cientifico-escolar-chile-va\/#primaryimage\"},\"thumbnailUrl\":\"https:\/\/dev.explora.cl\/aysen\/wp-content\/uploads\/sites\/18\/2018\/06\/8a4b8985318a42ab1c62326201892b85.jpg\",\"articleSection\":[\"Noticias\"],\"inLanguage\":\"es-CL\",\"potentialAction\":[{\"@type\":\"CommentAction\",\"name\":\"Comment\",\"target\":[\"https:\/\/dev.explora.cl\/aysen\/ya-comenzo-el-campamento-cientifico-escolar-chile-va\/#respond\"]}]},{\"@type\":\"WebPage\",\"@id\":\"https:\/\/dev.explora.cl\/aysen\/ya-comenzo-el-campamento-cientifico-escolar-chile-va\/\",\"url\":\"https:\/\/dev.explora.cl\/aysen\/ya-comenzo-el-campamento-cientifico-escolar-chile-va\/\",\"name\":\"Ya comenz\u00f3 el Campamento Cient\u00edfico Escolar CHILE VA! - Aysen\",\"isPartOf\":{\"@id\":\"https:\/\/dev.explora.cl\/aysen\/#website\"},\"primaryImageOfPage\":{\"@id\":\"https:\/\/dev.explora.cl\/aysen\/ya-comenzo-el-campamento-cientifico-escolar-chile-va\/#primaryimage\"},\"image\":{\"@id\":\"https:\/\/dev.explora.cl\/aysen\/ya-comenzo-el-campamento-cientifico-escolar-chile-va\/#primaryimage\"},\"thumbnailUrl\":\"https:\/\/dev.explora.cl\/aysen\/wp-content\/uploads\/sites\/18\/2018\/06\/8a4b8985318a42ab1c62326201892b85.jpg\",\"datePublished\":\"2014-11-11T04:00:00+00:00\",\"dateModified\":\"2019-05-20T21:22:01+00:00\",\"author\":{\"@id\":\"https:\/\/dev.explora.cl\/aysen\/#\/schema\/person\/cb8349c13ea2d324080adf8480d7ba5d\"},\"breadcrumb\":{\"@id\":\"https:\/\/dev.explora.cl\/aysen\/ya-comenzo-el-campamento-cientifico-escolar-chile-va\/#breadcrumb\"},\"inLanguage\":\"es-CL\",\"potentialAction\":[{\"@type\":\"ReadAction\",\"target\":[\"https:\/\/dev.explora.cl\/aysen\/ya-comenzo-el-campamento-cientifico-escolar-chile-va\/\"]}]},{\"@type\":\"ImageObject\",\"inLanguage\":\"es-CL\",\"@id\":\"https:\/\/dev.explora.cl\/aysen\/ya-comenzo-el-campamento-cientifico-escolar-chile-va\/#primaryimage\",\"url\":\"https:\/\/dev.explora.cl\/aysen\/wp-content\/uploads\/sites\/18\/2018\/06\/8a4b8985318a42ab1c62326201892b85.jpg\",\"contentUrl\":\"https:\/\/dev.explora.cl\/aysen\/wp-content\/uploads\/sites\/18\/2018\/06\/8a4b8985318a42ab1c62326201892b85.jpg\",\"width\":960,\"height\":716},{\"@type\":\"BreadcrumbList\",\"@id\":\"https:\/\/dev.explora.cl\/aysen\/ya-comenzo-el-campamento-cientifico-escolar-chile-va\/#breadcrumb\",\"itemListElement\":[{\"@type\":\"ListItem\",\"position\":1,\"name\":\"Portada\",\"item\":\"https:\/\/dev.explora.cl\/aysen\/\"},{\"@type\":\"ListItem\",\"position\":2,\"name\":\"Ya comenz\u00f3 el Campamento Cient\u00edfico Escolar CHILE VA!\"}]},{\"@type\":\"WebSite\",\"@id\":\"https:\/\/dev.explora.cl\/aysen\/#website\",\"url\":\"https:\/\/dev.explora.cl\/aysen\/\",\"name\":\"Aysen\",\"description\":\"Otro sitio m\u00e1s de dev.explora.cl\",\"potentialAction\":[{\"@type\":\"SearchAction\",\"target\":{\"@type\":\"EntryPoint\",\"urlTemplate\":\"https:\/\/dev.explora.cl\/aysen\/?s={search_term_string}\"},\"query-input\":{\"@type\":\"PropertyValueSpecification\",\"valueRequired\":true,\"valueName\":\"search_term_string\"}}],\"inLanguage\":\"es-CL\"},{\"@type\":\"Person\",\"@id\":\"https:\/\/dev.explora.cl\/aysen\/#\/schema\/person\/cb8349c13ea2d324080adf8480d7ba5d\",\"name\":\"webman\",\"image\":{\"@type\":\"ImageObject\",\"inLanguage\":\"es-CL\",\"@id\":\"https:\/\/dev.explora.cl\/aysen\/#\/schema\/person\/image\/\",\"url\":\"https:\/\/secure.gravatar.com\/avatar\/eeff3c82f2c02f7177d13663b7e6f890e9a6a0647ce9bb29cae02dcb094c7312?s=96&d=mm&r=g\",\"contentUrl\":\"https:\/\/secure.gravatar.com\/avatar\/eeff3c82f2c02f7177d13663b7e6f890e9a6a0647ce9bb29cae02dcb094c7312?s=96&d=mm&r=g\",\"caption\":\"webman\"},\"url\":\"https:\/\/dev.explora.cl\/aysen\/author\/webman\/\"}]}<\/script>\n<!-- \/ Yoast SEO plugin. -->","yoast_head_json":{"title":"Ya comenz\u00f3 el Campamento Cient\u00edfico Escolar CHILE VA! - Aysen","robots":{"index":"index","follow":"follow","max-snippet":"max-snippet:-1","max-image-preview":"max-image-preview:large","max-video-preview":"max-video-preview:-1"},"canonical":"https:\/\/dev.explora.cl\/aysen\/ya-comenzo-el-campamento-cientifico-escolar-chile-va\/","og_locale":"es_ES","og_type":"article","og_title":"Ya comenz\u00f3 el Campamento Cient\u00edfico Escolar CHILE VA! - Aysen","og_description":"Durante esta semana 150 estudiantes de 2do y 3ero medio, provenientes de distintos puntos de la regi\u00f3n, se dar\u00e1n cita en la localidad de Valle Simpson para dar vida al Campamento Cient\u00edfico Escolar EXPLORA CHILEVA!. La acci\u00f3n organizada por el Campus Patagonia de la Universidad Austral de Chile (UACh) y financiado por el programa EXPLORA [&hellip;]","og_url":"https:\/\/dev.explora.cl\/aysen\/ya-comenzo-el-campamento-cientifico-escolar-chile-va\/","og_site_name":"Aysen","article_published_time":"2014-11-11T04:00:00+00:00","article_modified_time":"2019-05-20T21:22:01+00:00","og_image":[{"width":960,"height":716,"url":"https:\/\/dev.explora.cl\/aysen\/wp-content\/uploads\/sites\/18\/2018\/06\/8a4b8985318a42ab1c62326201892b85.jpg","type":"image\/jpeg"}],"author":"webman","twitter_card":"summary_large_image","twitter_misc":{"Escrito por":"webman","Tiempo estimado de lectura":"3 minutos"},"schema":{"@context":"https:\/\/schema.org","@graph":[{"@type":"Article","@id":"https:\/\/dev.explora.cl\/aysen\/ya-comenzo-el-campamento-cientifico-escolar-chile-va\/#article","isPartOf":{"@id":"https:\/\/dev.explora.cl\/aysen\/ya-comenzo-el-campamento-cientifico-escolar-chile-va\/"},"author":{"name":"webman","@id":"https:\/\/dev.explora.cl\/aysen\/#\/schema\/person\/cb8349c13ea2d324080adf8480d7ba5d"},"headline":"Ya comenz\u00f3 el Campamento Cient\u00edfico Escolar CHILE VA!","datePublished":"2014-11-11T04:00:00+00:00","dateModified":"2019-05-20T21:22:01+00:00","mainEntityOfPage":{"@id":"https:\/\/dev.explora.cl\/aysen\/ya-comenzo-el-campamento-cientifico-escolar-chile-va\/"},"wordCount":536,"commentCount":0,"image":{"@id":"https:\/\/dev.explora.cl\/aysen\/ya-comenzo-el-campamento-cientifico-escolar-chile-va\/#primaryimage"},"thumbnailUrl":"https:\/\/dev.explora.cl\/aysen\/wp-content\/uploads\/sites\/18\/2018\/06\/8a4b8985318a42ab1c62326201892b85.jpg","articleSection":["Noticias"],"inLanguage":"es-CL","potentialAction":[{"@type":"CommentAction","name":"Comment","target":["https:\/\/dev.explora.cl\/aysen\/ya-comenzo-el-campamento-cientifico-escolar-chile-va\/#respond"]}]},{"@type":"WebPage","@id":"https:\/\/dev.explora.cl\/aysen\/ya-comenzo-el-campamento-cientifico-escolar-chile-va\/","url":"https:\/\/dev.explora.cl\/aysen\/ya-comenzo-el-campamento-cientifico-escolar-chile-va\/","name":"Ya comenz\u00f3 el Campamento Cient\u00edfico Escolar CHILE VA! - Aysen","isPartOf":{"@id":"https:\/\/dev.explora.cl\/aysen\/#website"},"primaryImageOfPage":{"@id":"https:\/\/dev.explora.cl\/aysen\/ya-comenzo-el-campamento-cientifico-escolar-chile-va\/#primaryimage"},"image":{"@id":"https:\/\/dev.explora.cl\/aysen\/ya-comenzo-el-campamento-cientifico-escolar-chile-va\/#primaryimage"},"thumbnailUrl":"https:\/\/dev.explora.cl\/aysen\/wp-content\/uploads\/sites\/18\/2018\/06\/8a4b8985318a42ab1c62326201892b85.jpg","datePublished":"2014-11-11T04:00:00+00:00","dateModified":"2019-05-20T21:22:01+00:00","author":{"@id":"https:\/\/dev.explora.cl\/aysen\/#\/schema\/person\/cb8349c13ea2d324080adf8480d7ba5d"},"breadcrumb":{"@id":"https:\/\/dev.explora.cl\/aysen\/ya-comenzo-el-campamento-cientifico-escolar-chile-va\/#breadcrumb"},"inLanguage":"es-CL","potentialAction":[{"@type":"ReadAction","target":["https:\/\/dev.explora.cl\/aysen\/ya-comenzo-el-campamento-cientifico-escolar-chile-va\/"]}]},{"@type":"ImageObject","inLanguage":"es-CL","@id":"https:\/\/dev.explora.cl\/aysen\/ya-comenzo-el-campamento-cientifico-escolar-chile-va\/#primaryimage","url":"https:\/\/dev.explora.cl\/aysen\/wp-content\/uploads\/sites\/18\/2018\/06\/8a4b8985318a42ab1c62326201892b85.jpg","contentUrl":"https:\/\/dev.explora.cl\/aysen\/wp-content\/uploads\/sites\/18\/2018\/06\/8a4b8985318a42ab1c62326201892b85.jpg","width":960,"height":716},{"@type":"BreadcrumbList","@id":"https:\/\/dev.explora.cl\/aysen\/ya-comenzo-el-campamento-cientifico-escolar-chile-va\/#breadcrumb","itemListElement":[{"@type":"ListItem","position":1,"name":"Portada","item":"https:\/\/dev.explora.cl\/aysen\/"},{"@type":"ListItem","position":2,"name":"Ya comenz\u00f3 el Campamento Cient\u00edfico Escolar CHILE VA!"}]},{"@type":"WebSite","@id":"https:\/\/dev.explora.cl\/aysen\/#website","url":"https:\/\/dev.explora.cl\/aysen\/","name":"Aysen","description":"Otro sitio m\u00e1s de dev.explora.cl","potentialAction":[{"@type":"SearchAction","target":{"@type":"EntryPoint","urlTemplate":"https:\/\/dev.explora.cl\/aysen\/?s={search_term_string}"},"query-input":{"@type":"PropertyValueSpecification","valueRequired":true,"valueName":"search_term_string"}}],"inLanguage":"es-CL"},{"@type":"Person","@id":"https:\/\/dev.explora.cl\/aysen\/#\/schema\/person\/cb8349c13ea2d324080adf8480d7ba5d","name":"webman","image":{"@type":"ImageObject","inLanguage":"es-CL","@id":"https:\/\/dev.explora.cl\/aysen\/#\/schema\/person\/image\/","url":"https:\/\/secure.gravatar.com\/avatar\/eeff3c82f2c02f7177d13663b7e6f890e9a6a0647ce9bb29cae02dcb094c7312?s=96&d=mm&r=g","contentUrl":"https:\/\/secure.gravatar.com\/avatar\/eeff3c82f2c02f7177d13663b7e6f890e9a6a0647ce9bb29cae02dcb094c7312?s=96&d=mm&r=g","caption":"webman"},"url":"https:\/\/dev.explora.cl\/aysen\/author\/webman\/"}]}},"_links":{"self":[{"href":"https:\/\/dev.explora.cl\/aysen\/wp-json\/wp\/v2\/posts\/37071","targetHints":{"allow":["GET"]}}],"collection":[{"href":"https:\/\/dev.explora.cl\/aysen\/wp-json\/wp\/v2\/posts"}],"about":[{"href":"https:\/\/dev.explora.cl\/aysen\/wp-json\/wp\/v2\/types\/post"}],"author":[{"embeddable":true,"href":"https:\/\/dev.explora.cl\/aysen\/wp-json\/wp\/v2\/users\/2"}],"replies":[{"embeddable":true,"href":"https:\/\/dev.explora.cl\/aysen\/wp-json\/wp\/v2\/comments?post=37071"}],"version-history":[{"count":1,"href":"https:\/\/dev.explora.cl\/aysen\/wp-json\/wp\/v2\/posts\/37071\/revisions"}],"predecessor-version":[{"id":37340,"href":"https:\/\/dev.explora.cl\/aysen\/wp-json\/wp\/v2\/posts\/37071\/revisions\/37340"}],"wp:featuredmedia":[{"embeddable":true,"href":"https:\/\/dev.explora.cl\/aysen\/wp-json\/wp\/v2\/media\/151"}],"wp:attachment":[{"href":"https:\/\/dev.explora.cl\/aysen\/wp-json\/wp\/v2\/media?parent=37071"}],"wp:term":[{"taxonomy":"category","embeddable":true,"href":"https:\/\/dev.explora.cl\/aysen\/wp-json\/wp\/v2\/categories?post=37071"},{"taxonomy":"post_tag","embeddable":true,"href":"https:\/\/dev.explora.cl\/aysen\/wp-json\/wp\/v2\/tags?post=37071"}],"curies":[{"name":"wp","href":"https:\/\/api.w.org\/{rel}","templated":true}]}}