{"id":37069,"date":"2014-09-29T00:00:00","date_gmt":"2014-09-29T04:00:00","guid":{"rendered":"https:\/\/dev.explora.cl\/aysen\/blog\/2014\/09\/29\/actividades-semana-nacional-de-la-ciencia-y-tecnologia-en-la-region-de-aysen\/"},"modified":"2019-05-20T21:22:09","modified_gmt":"2019-05-20T21:22:09","slug":"actividades-semana-nacional-de-la-ciencia-y-tecnologia-en-la-region-de-aysen","status":"publish","type":"post","link":"https:\/\/dev.explora.cl\/aysen\/actividades-semana-nacional-de-la-ciencia-y-tecnologia-en-la-region-de-aysen\/","title":{"rendered":"Actividades Semana Nacional de la Ciencia y Tecnolog\u00eda en la Regi\u00f3n de Ays\u00e9n."},"content":{"rendered":"<p><img loading=\"lazy\" decoding=\"async\" class=\" size-full wp-image-5714\" src=\"http:\/\/ec2-34-218-253-251.us-west-2.compute.amazonaws.com\/wp-content\/uploads\/2014\/09\/b438a68b469c31d6e2a1609d1c36634c.jpg\" alt=\"\" width=\"900\" height=\"617\" \/><\/p>\n<p>Entre el 6 y el 12 de octubre se celebra, en todo Chile, la XX Semana Nacional de la Ciencia y la Tecnolog\u00eda (SNCyT), organizada por el Programa EXPLORA CONICYT en conjunto con una diversidad de instituciones p\u00fablicas y privadas que a\u00f1o a a\u00f1o se suman a esta celebraci\u00f3n.<\/p>\n<p>El PAR EXPLORA Regi\u00f3n de Ays\u00e9n ejecutado por el Campus Patagonia de la Universidad Austral de Chile junto con el Centro de Investigaci\u00f3n en Ecosistemas de la Patagonia (CIEP)realizar\u00e1n iniciativas cient\u00edficas y tecnol\u00f3gicas, relacionadas con el tema del a\u00f1o Vida, Ciencia y Tecnolog\u00eda, vincul\u00e1ndose con distintos establecimientos educacionales, instituciones y comunidad regional.<\/p>\n<p><span style=\"line-height: 1.3em\">Dentro de las actividades que se realizar\u00e1n podr\u00e1s encontrar:<\/span><\/p>\n<p><strong><span style=\"line-height: 1.3em\">CAF\u00c9 CONCIENCIA<\/span><\/strong><\/p>\n<p><span style=\"line-height: 1.3em\">Actividad inaugural donde se presentar\u00e1 la charla de un Investigador desatacado y presentaci\u00f3n del programa de actividades de la SNCYT en un formato caf\u00e9 cient\u00edfico.<\/span><\/p>\n<p><strong><span style=\"line-height: 1.3em\">CONCURSO PINTA LA CIENCIA A TU PINTA<\/span><\/strong><\/p>\n<p><span style=\"line-height: 1.3em\">Se invita a colegios y jardines de la regi\u00f3n de Ays\u00e9n a realizar trabajos en sus talleres de arte y ciencia que sean alusivos al tema del a\u00f1o &#8220;Ciencia, Vida y Tecnolog\u00eda&#8221; para ser premiados en d\u00eda de la clausura de la semana de la Ciencia y Tecnolog\u00eda.<\/span><\/p>\n<p><strong><span style=\"line-height: 1.3em\">1000 CIENTIFICOS 1000 AULAS\u00a0<\/span><\/strong><\/p>\n<p><span style=\"line-height: 1.3em\">La comunidad cient\u00edfica se encuentra con ni\u00f1os, ni\u00f1as y j\u00f3venes en sus propios centros educativos. Si eres cient\u00edfico puedes inscribirte para visitar un colegio en cualquier parte del pa\u00eds. Si eres profesor puedes escoger entre las m\u00e1s de mil charlas en nuestra plataforma. Inscripciones en\u00a01000cientificos.dev.explora.cl<\/span><\/p>\n<p><strong style=\"line-height: 1.3em\">LA CIENCIA SALE A LOS PARQUES Y LAS INDUSTRIAS<\/strong><\/p>\n<p>Visitas guiadas de los establecimientos educacionales interesados a las Reservas y Parques Naturales de la Regi\u00f3n, coordinadas con CONAF, que permiten reconocer y valorar en terreno la biodiversidad presente en esta parte del pa\u00eds.<\/p>\n<p><strong>FERIA COMUNAL DE CIENCIA Y TECNOLOG\u00cdA DE PUERTO AYS\u00c9N y CHILE CHICO.<\/strong><\/p>\n<p>Estudiantes de los establecimientos educacionales de las comunas de Ays\u00e9n y Chile Chico, participan con sus proyectos m\u00e1s destacados en las ferias cient\u00edficas. Sus compa\u00f1eros los visitan en la feria para conocer la labor que se desarrollan en la regi\u00f3n en torno a la Ciencia y la Tecnolog\u00eda.<\/p>\n<p><strong>D\u00cdA DE LA CIENCIA EN MI COLEGIO Y EN MI JARD\u00cdN<\/strong><\/p>\n<p>Los establecimientos educacionales y jardines de la regi\u00f3n organizan actividades internas relacionadas con la ciencia y la tecnolog\u00eda. Ferias, muestras de experimentos, ciclo de documentales, rincones cient\u00edficos en recreos, exposici\u00f3n de paneles, entre otras que el propio colegio define.<\/p>\n<p><strong>LABORATORIOS ABIERTOS<\/strong><\/p>\n<p>Visitas de delegaciones de estudiantes a los laboratorios del Centro de Investigacion en Ecosistemas de la Patagonia (CIEP) y la Universidad Austral de Chile (UACh). En ellos podr\u00e1n evidenciar la labor que ambos centros realizan y el trabajo de los investigadores y cient\u00edficos de estas instituciones.<\/p>\n","protected":false},"excerpt":{"rendered":"<p>Entre el 6 y el 12 de octubre se celebra, en todo Chile, la XX Semana Nacional de la Ciencia y la Tecnolog\u00eda (SNCyT), organizada por el Programa EXPLORA CONICYT en conjunto con una diversidad de instituciones p\u00fablicas y privadas que a\u00f1o a a\u00f1o se suman a esta celebraci\u00f3n. El PAR EXPLORA Regi\u00f3n de Ays\u00e9n [&hellip;]<\/p>\n","protected":false},"author":2,"featured_media":123,"comment_status":"open","ping_status":"open","sticky":false,"template":"","format":"standard","meta":{"_acf_changed":false,"_exactmetrics_skip_tracking":false,"_exactmetrics_sitenote_active":false,"_exactmetrics_sitenote_note":"","_exactmetrics_sitenote_category":0,"footnotes":"","_links_to":"","_links_to_target":""},"categories":[4],"tags":[],"class_list":["post-37069","post","type-post","status-publish","format-standard","has-post-thumbnail","hentry","category-noticias"],"acf":[],"yoast_head":"<!-- This site is optimized with the Yoast SEO plugin v26.7 - https:\/\/yoast.com\/wordpress\/plugins\/seo\/ -->\n<title>Actividades Semana Nacional de la Ciencia y Tecnolog\u00eda en la Regi\u00f3n de Ays\u00e9n. - Aysen<\/title>\n<meta name=\"robots\" content=\"index, follow, max-snippet:-1, max-image-preview:large, max-video-preview:-1\" \/>\n<link rel=\"canonical\" href=\"https:\/\/dev.explora.cl\/aysen\/actividades-semana-nacional-de-la-ciencia-y-tecnologia-en-la-region-de-aysen\/\" class=\"yoast-seo-meta-tag\" \/>\n<meta property=\"og:locale\" content=\"es_ES\" class=\"yoast-seo-meta-tag\" \/>\n<meta property=\"og:type\" content=\"article\" class=\"yoast-seo-meta-tag\" \/>\n<meta property=\"og:title\" content=\"Actividades Semana Nacional de la Ciencia y Tecnolog\u00eda en la Regi\u00f3n de Ays\u00e9n. - Aysen\" class=\"yoast-seo-meta-tag\" \/>\n<meta property=\"og:description\" content=\"Entre el 6 y el 12 de octubre se celebra, en todo Chile, la XX Semana Nacional de la Ciencia y la Tecnolog\u00eda (SNCyT), organizada por el Programa EXPLORA CONICYT en conjunto con una diversidad de instituciones p\u00fablicas y privadas que a\u00f1o a a\u00f1o se suman a esta celebraci\u00f3n. El PAR EXPLORA Regi\u00f3n de Ays\u00e9n [&hellip;]\" class=\"yoast-seo-meta-tag\" \/>\n<meta property=\"og:url\" content=\"https:\/\/dev.explora.cl\/aysen\/actividades-semana-nacional-de-la-ciencia-y-tecnologia-en-la-region-de-aysen\/\" class=\"yoast-seo-meta-tag\" \/>\n<meta property=\"og:site_name\" content=\"Aysen\" class=\"yoast-seo-meta-tag\" \/>\n<meta property=\"article:published_time\" content=\"2014-09-29T04:00:00+00:00\" class=\"yoast-seo-meta-tag\" \/>\n<meta property=\"article:modified_time\" content=\"2019-05-20T21:22:09+00:00\" class=\"yoast-seo-meta-tag\" \/>\n<meta property=\"og:image\" content=\"https:\/\/dev.explora.cl\/aysen\/wp-content\/uploads\/sites\/18\/2018\/06\/b438a68b469c31d6e2a1609d1c36634c.jpg\" class=\"yoast-seo-meta-tag\" \/>\n\t<meta property=\"og:image:width\" content=\"900\" class=\"yoast-seo-meta-tag\" \/>\n\t<meta property=\"og:image:height\" content=\"617\" class=\"yoast-seo-meta-tag\" \/>\n\t<meta property=\"og:image:type\" content=\"image\/jpeg\" class=\"yoast-seo-meta-tag\" \/>\n<meta name=\"author\" content=\"webman\" class=\"yoast-seo-meta-tag\" \/>\n<meta name=\"twitter:card\" content=\"summary_large_image\" class=\"yoast-seo-meta-tag\" \/>\n<meta name=\"twitter:label1\" content=\"Escrito por\" class=\"yoast-seo-meta-tag\" \/>\n\t<meta name=\"twitter:data1\" content=\"webman\" class=\"yoast-seo-meta-tag\" \/>\n\t<meta name=\"twitter:label2\" content=\"Tiempo estimado de lectura\" class=\"yoast-seo-meta-tag\" \/>\n\t<meta name=\"twitter:data2\" content=\"2 minutos\" class=\"yoast-seo-meta-tag\" \/>\n<script type=\"application\/ld+json\" class=\"yoast-schema-graph\">{\"@context\":\"https:\/\/schema.org\",\"@graph\":[{\"@type\":\"Article\",\"@id\":\"https:\/\/dev.explora.cl\/aysen\/actividades-semana-nacional-de-la-ciencia-y-tecnologia-en-la-region-de-aysen\/#article\",\"isPartOf\":{\"@id\":\"https:\/\/dev.explora.cl\/aysen\/actividades-semana-nacional-de-la-ciencia-y-tecnologia-en-la-region-de-aysen\/\"},\"author\":{\"name\":\"webman\",\"@id\":\"https:\/\/dev.explora.cl\/aysen\/#\/schema\/person\/cb8349c13ea2d324080adf8480d7ba5d\"},\"headline\":\"Actividades Semana Nacional de la Ciencia y Tecnolog\u00eda en la Regi\u00f3n de Ays\u00e9n.\",\"datePublished\":\"2014-09-29T04:00:00+00:00\",\"dateModified\":\"2019-05-20T21:22:09+00:00\",\"mainEntityOfPage\":{\"@id\":\"https:\/\/dev.explora.cl\/aysen\/actividades-semana-nacional-de-la-ciencia-y-tecnologia-en-la-region-de-aysen\/\"},\"wordCount\":508,\"commentCount\":0,\"image\":{\"@id\":\"https:\/\/dev.explora.cl\/aysen\/actividades-semana-nacional-de-la-ciencia-y-tecnologia-en-la-region-de-aysen\/#primaryimage\"},\"thumbnailUrl\":\"https:\/\/dev.explora.cl\/aysen\/wp-content\/uploads\/sites\/18\/2018\/06\/b438a68b469c31d6e2a1609d1c36634c.jpg\",\"articleSection\":[\"Noticias\"],\"inLanguage\":\"es-CL\",\"potentialAction\":[{\"@type\":\"CommentAction\",\"name\":\"Comment\",\"target\":[\"https:\/\/dev.explora.cl\/aysen\/actividades-semana-nacional-de-la-ciencia-y-tecnologia-en-la-region-de-aysen\/#respond\"]}]},{\"@type\":\"WebPage\",\"@id\":\"https:\/\/dev.explora.cl\/aysen\/actividades-semana-nacional-de-la-ciencia-y-tecnologia-en-la-region-de-aysen\/\",\"url\":\"https:\/\/dev.explora.cl\/aysen\/actividades-semana-nacional-de-la-ciencia-y-tecnologia-en-la-region-de-aysen\/\",\"name\":\"Actividades Semana Nacional de la Ciencia y Tecnolog\u00eda en la Regi\u00f3n de Ays\u00e9n. - Aysen\",\"isPartOf\":{\"@id\":\"https:\/\/dev.explora.cl\/aysen\/#website\"},\"primaryImageOfPage\":{\"@id\":\"https:\/\/dev.explora.cl\/aysen\/actividades-semana-nacional-de-la-ciencia-y-tecnologia-en-la-region-de-aysen\/#primaryimage\"},\"image\":{\"@id\":\"https:\/\/dev.explora.cl\/aysen\/actividades-semana-nacional-de-la-ciencia-y-tecnologia-en-la-region-de-aysen\/#primaryimage\"},\"thumbnailUrl\":\"https:\/\/dev.explora.cl\/aysen\/wp-content\/uploads\/sites\/18\/2018\/06\/b438a68b469c31d6e2a1609d1c36634c.jpg\",\"datePublished\":\"2014-09-29T04:00:00+00:00\",\"dateModified\":\"2019-05-20T21:22:09+00:00\",\"author\":{\"@id\":\"https:\/\/dev.explora.cl\/aysen\/#\/schema\/person\/cb8349c13ea2d324080adf8480d7ba5d\"},\"breadcrumb\":{\"@id\":\"https:\/\/dev.explora.cl\/aysen\/actividades-semana-nacional-de-la-ciencia-y-tecnologia-en-la-region-de-aysen\/#breadcrumb\"},\"inLanguage\":\"es-CL\",\"potentialAction\":[{\"@type\":\"ReadAction\",\"target\":[\"https:\/\/dev.explora.cl\/aysen\/actividades-semana-nacional-de-la-ciencia-y-tecnologia-en-la-region-de-aysen\/\"]}]},{\"@type\":\"ImageObject\",\"inLanguage\":\"es-CL\",\"@id\":\"https:\/\/dev.explora.cl\/aysen\/actividades-semana-nacional-de-la-ciencia-y-tecnologia-en-la-region-de-aysen\/#primaryimage\",\"url\":\"https:\/\/dev.explora.cl\/aysen\/wp-content\/uploads\/sites\/18\/2018\/06\/b438a68b469c31d6e2a1609d1c36634c.jpg\",\"contentUrl\":\"https:\/\/dev.explora.cl\/aysen\/wp-content\/uploads\/sites\/18\/2018\/06\/b438a68b469c31d6e2a1609d1c36634c.jpg\",\"width\":900,\"height\":617},{\"@type\":\"BreadcrumbList\",\"@id\":\"https:\/\/dev.explora.cl\/aysen\/actividades-semana-nacional-de-la-ciencia-y-tecnologia-en-la-region-de-aysen\/#breadcrumb\",\"itemListElement\":[{\"@type\":\"ListItem\",\"position\":1,\"name\":\"Portada\",\"item\":\"https:\/\/dev.explora.cl\/aysen\/\"},{\"@type\":\"ListItem\",\"position\":2,\"name\":\"Actividades Semana Nacional de la Ciencia y Tecnolog\u00eda en la Regi\u00f3n de Ays\u00e9n.\"}]},{\"@type\":\"WebSite\",\"@id\":\"https:\/\/dev.explora.cl\/aysen\/#website\",\"url\":\"https:\/\/dev.explora.cl\/aysen\/\",\"name\":\"Aysen\",\"description\":\"Otro sitio m\u00e1s de dev.explora.cl\",\"potentialAction\":[{\"@type\":\"SearchAction\",\"target\":{\"@type\":\"EntryPoint\",\"urlTemplate\":\"https:\/\/dev.explora.cl\/aysen\/?s={search_term_string}\"},\"query-input\":{\"@type\":\"PropertyValueSpecification\",\"valueRequired\":true,\"valueName\":\"search_term_string\"}}],\"inLanguage\":\"es-CL\"},{\"@type\":\"Person\",\"@id\":\"https:\/\/dev.explora.cl\/aysen\/#\/schema\/person\/cb8349c13ea2d324080adf8480d7ba5d\",\"name\":\"webman\",\"image\":{\"@type\":\"ImageObject\",\"inLanguage\":\"es-CL\",\"@id\":\"https:\/\/dev.explora.cl\/aysen\/#\/schema\/person\/image\/\",\"url\":\"https:\/\/secure.gravatar.com\/avatar\/eeff3c82f2c02f7177d13663b7e6f890e9a6a0647ce9bb29cae02dcb094c7312?s=96&d=mm&r=g\",\"contentUrl\":\"https:\/\/secure.gravatar.com\/avatar\/eeff3c82f2c02f7177d13663b7e6f890e9a6a0647ce9bb29cae02dcb094c7312?s=96&d=mm&r=g\",\"caption\":\"webman\"},\"url\":\"https:\/\/dev.explora.cl\/aysen\/author\/webman\/\"}]}<\/script>\n<!-- \/ Yoast SEO plugin. -->","yoast_head_json":{"title":"Actividades Semana Nacional de la Ciencia y Tecnolog\u00eda en la Regi\u00f3n de Ays\u00e9n. - Aysen","robots":{"index":"index","follow":"follow","max-snippet":"max-snippet:-1","max-image-preview":"max-image-preview:large","max-video-preview":"max-video-preview:-1"},"canonical":"https:\/\/dev.explora.cl\/aysen\/actividades-semana-nacional-de-la-ciencia-y-tecnologia-en-la-region-de-aysen\/","og_locale":"es_ES","og_type":"article","og_title":"Actividades Semana Nacional de la Ciencia y Tecnolog\u00eda en la Regi\u00f3n de Ays\u00e9n. - Aysen","og_description":"Entre el 6 y el 12 de octubre se celebra, en todo Chile, la XX Semana Nacional de la Ciencia y la Tecnolog\u00eda (SNCyT), organizada por el Programa EXPLORA CONICYT en conjunto con una diversidad de instituciones p\u00fablicas y privadas que a\u00f1o a a\u00f1o se suman a esta celebraci\u00f3n. El PAR EXPLORA Regi\u00f3n de Ays\u00e9n [&hellip;]","og_url":"https:\/\/dev.explora.cl\/aysen\/actividades-semana-nacional-de-la-ciencia-y-tecnologia-en-la-region-de-aysen\/","og_site_name":"Aysen","article_published_time":"2014-09-29T04:00:00+00:00","article_modified_time":"2019-05-20T21:22:09+00:00","og_image":[{"width":900,"height":617,"url":"https:\/\/dev.explora.cl\/aysen\/wp-content\/uploads\/sites\/18\/2018\/06\/b438a68b469c31d6e2a1609d1c36634c.jpg","type":"image\/jpeg"}],"author":"webman","twitter_card":"summary_large_image","twitter_misc":{"Escrito por":"webman","Tiempo estimado de lectura":"2 minutos"},"schema":{"@context":"https:\/\/schema.org","@graph":[{"@type":"Article","@id":"https:\/\/dev.explora.cl\/aysen\/actividades-semana-nacional-de-la-ciencia-y-tecnologia-en-la-region-de-aysen\/#article","isPartOf":{"@id":"https:\/\/dev.explora.cl\/aysen\/actividades-semana-nacional-de-la-ciencia-y-tecnologia-en-la-region-de-aysen\/"},"author":{"name":"webman","@id":"https:\/\/dev.explora.cl\/aysen\/#\/schema\/person\/cb8349c13ea2d324080adf8480d7ba5d"},"headline":"Actividades Semana Nacional de la Ciencia y Tecnolog\u00eda en la Regi\u00f3n de Ays\u00e9n.","datePublished":"2014-09-29T04:00:00+00:00","dateModified":"2019-05-20T21:22:09+00:00","mainEntityOfPage":{"@id":"https:\/\/dev.explora.cl\/aysen\/actividades-semana-nacional-de-la-ciencia-y-tecnologia-en-la-region-de-aysen\/"},"wordCount":508,"commentCount":0,"image":{"@id":"https:\/\/dev.explora.cl\/aysen\/actividades-semana-nacional-de-la-ciencia-y-tecnologia-en-la-region-de-aysen\/#primaryimage"},"thumbnailUrl":"https:\/\/dev.explora.cl\/aysen\/wp-content\/uploads\/sites\/18\/2018\/06\/b438a68b469c31d6e2a1609d1c36634c.jpg","articleSection":["Noticias"],"inLanguage":"es-CL","potentialAction":[{"@type":"CommentAction","name":"Comment","target":["https:\/\/dev.explora.cl\/aysen\/actividades-semana-nacional-de-la-ciencia-y-tecnologia-en-la-region-de-aysen\/#respond"]}]},{"@type":"WebPage","@id":"https:\/\/dev.explora.cl\/aysen\/actividades-semana-nacional-de-la-ciencia-y-tecnologia-en-la-region-de-aysen\/","url":"https:\/\/dev.explora.cl\/aysen\/actividades-semana-nacional-de-la-ciencia-y-tecnologia-en-la-region-de-aysen\/","name":"Actividades Semana Nacional de la Ciencia y Tecnolog\u00eda en la Regi\u00f3n de Ays\u00e9n. - Aysen","isPartOf":{"@id":"https:\/\/dev.explora.cl\/aysen\/#website"},"primaryImageOfPage":{"@id":"https:\/\/dev.explora.cl\/aysen\/actividades-semana-nacional-de-la-ciencia-y-tecnologia-en-la-region-de-aysen\/#primaryimage"},"image":{"@id":"https:\/\/dev.explora.cl\/aysen\/actividades-semana-nacional-de-la-ciencia-y-tecnologia-en-la-region-de-aysen\/#primaryimage"},"thumbnailUrl":"https:\/\/dev.explora.cl\/aysen\/wp-content\/uploads\/sites\/18\/2018\/06\/b438a68b469c31d6e2a1609d1c36634c.jpg","datePublished":"2014-09-29T04:00:00+00:00","dateModified":"2019-05-20T21:22:09+00:00","author":{"@id":"https:\/\/dev.explora.cl\/aysen\/#\/schema\/person\/cb8349c13ea2d324080adf8480d7ba5d"},"breadcrumb":{"@id":"https:\/\/dev.explora.cl\/aysen\/actividades-semana-nacional-de-la-ciencia-y-tecnologia-en-la-region-de-aysen\/#breadcrumb"},"inLanguage":"es-CL","potentialAction":[{"@type":"ReadAction","target":["https:\/\/dev.explora.cl\/aysen\/actividades-semana-nacional-de-la-ciencia-y-tecnologia-en-la-region-de-aysen\/"]}]},{"@type":"ImageObject","inLanguage":"es-CL","@id":"https:\/\/dev.explora.cl\/aysen\/actividades-semana-nacional-de-la-ciencia-y-tecnologia-en-la-region-de-aysen\/#primaryimage","url":"https:\/\/dev.explora.cl\/aysen\/wp-content\/uploads\/sites\/18\/2018\/06\/b438a68b469c31d6e2a1609d1c36634c.jpg","contentUrl":"https:\/\/dev.explora.cl\/aysen\/wp-content\/uploads\/sites\/18\/2018\/06\/b438a68b469c31d6e2a1609d1c36634c.jpg","width":900,"height":617},{"@type":"BreadcrumbList","@id":"https:\/\/dev.explora.cl\/aysen\/actividades-semana-nacional-de-la-ciencia-y-tecnologia-en-la-region-de-aysen\/#breadcrumb","itemListElement":[{"@type":"ListItem","position":1,"name":"Portada","item":"https:\/\/dev.explora.cl\/aysen\/"},{"@type":"ListItem","position":2,"name":"Actividades Semana Nacional de la Ciencia y Tecnolog\u00eda en la Regi\u00f3n de Ays\u00e9n."}]},{"@type":"WebSite","@id":"https:\/\/dev.explora.cl\/aysen\/#website","url":"https:\/\/dev.explora.cl\/aysen\/","name":"Aysen","description":"Otro sitio m\u00e1s de dev.explora.cl","potentialAction":[{"@type":"SearchAction","target":{"@type":"EntryPoint","urlTemplate":"https:\/\/dev.explora.cl\/aysen\/?s={search_term_string}"},"query-input":{"@type":"PropertyValueSpecification","valueRequired":true,"valueName":"search_term_string"}}],"inLanguage":"es-CL"},{"@type":"Person","@id":"https:\/\/dev.explora.cl\/aysen\/#\/schema\/person\/cb8349c13ea2d324080adf8480d7ba5d","name":"webman","image":{"@type":"ImageObject","inLanguage":"es-CL","@id":"https:\/\/dev.explora.cl\/aysen\/#\/schema\/person\/image\/","url":"https:\/\/secure.gravatar.com\/avatar\/eeff3c82f2c02f7177d13663b7e6f890e9a6a0647ce9bb29cae02dcb094c7312?s=96&d=mm&r=g","contentUrl":"https:\/\/secure.gravatar.com\/avatar\/eeff3c82f2c02f7177d13663b7e6f890e9a6a0647ce9bb29cae02dcb094c7312?s=96&d=mm&r=g","caption":"webman"},"url":"https:\/\/dev.explora.cl\/aysen\/author\/webman\/"}]}},"_links":{"self":[{"href":"https:\/\/dev.explora.cl\/aysen\/wp-json\/wp\/v2\/posts\/37069","targetHints":{"allow":["GET"]}}],"collection":[{"href":"https:\/\/dev.explora.cl\/aysen\/wp-json\/wp\/v2\/posts"}],"about":[{"href":"https:\/\/dev.explora.cl\/aysen\/wp-json\/wp\/v2\/types\/post"}],"author":[{"embeddable":true,"href":"https:\/\/dev.explora.cl\/aysen\/wp-json\/wp\/v2\/users\/2"}],"replies":[{"embeddable":true,"href":"https:\/\/dev.explora.cl\/aysen\/wp-json\/wp\/v2\/comments?post=37069"}],"version-history":[{"count":1,"href":"https:\/\/dev.explora.cl\/aysen\/wp-json\/wp\/v2\/posts\/37069\/revisions"}],"predecessor-version":[{"id":37354,"href":"https:\/\/dev.explora.cl\/aysen\/wp-json\/wp\/v2\/posts\/37069\/revisions\/37354"}],"wp:featuredmedia":[{"embeddable":true,"href":"https:\/\/dev.explora.cl\/aysen\/wp-json\/wp\/v2\/media\/123"}],"wp:attachment":[{"href":"https:\/\/dev.explora.cl\/aysen\/wp-json\/wp\/v2\/media?parent=37069"}],"wp:term":[{"taxonomy":"category","embeddable":true,"href":"https:\/\/dev.explora.cl\/aysen\/wp-json\/wp\/v2\/categories?post=37069"},{"taxonomy":"post_tag","embeddable":true,"href":"https:\/\/dev.explora.cl\/aysen\/wp-json\/wp\/v2\/tags?post=37069"}],"curies":[{"name":"wp","href":"https:\/\/api.w.org\/{rel}","templated":true}]}}