{"id":37068,"date":"2014-09-15T00:00:00","date_gmt":"2014-09-15T04:00:00","guid":{"rendered":"https:\/\/dev.explora.cl\/aysen\/blog\/2014\/09\/15\/par-explora-aysen-realiza-seminario-sobre-arqueologia-de-la-patagonia-en-villa-cerro-castillo\/"},"modified":"2019-05-20T21:22:10","modified_gmt":"2019-05-20T21:22:10","slug":"par-explora-aysen-realiza-seminario-sobre-arqueologia-de-la-patagonia-en-villa-cerro-castillo","status":"publish","type":"post","link":"https:\/\/dev.explora.cl\/aysen\/par-explora-aysen-realiza-seminario-sobre-arqueologia-de-la-patagonia-en-villa-cerro-castillo\/","title":{"rendered":"PAR EXPLORA Ays\u00e9n realiza seminario sobre arqueolog\u00eda de la Patagonia en Villa Cerro Castillo."},"content":{"rendered":"<p><img loading=\"lazy\" decoding=\"async\" class=\" size-full wp-image-5463\" src=\"http:\/\/ec2-34-218-253-251.us-west-2.compute.amazonaws.com\/wp-content\/uploads\/2014\/09\/16859c712258acd4f48115f1fd7e0a10.jpg\" alt=\"\" width=\"800\" height=\"533\" \/><\/p>\n<p>PAR EXPLORA Regi\u00f3n de Ays\u00e9n ejecutado por el Campus Patagonia de la Universidad Austral de Chile en conjunto con el Centro de investigaci\u00f3n en Ecosistemas de la Patagonia (CIEP) realiz\u00f3 este Seminario Taller que aborda la prehistoria de la regi\u00f3n de Ays\u00e9n desde la arqueolog\u00eda.<\/p>\n<p>Este Seminario taller se enmarca en las actividades de promoci\u00f3n y lanzamiento de las IX Jornadas de Arqueolog\u00eda de la Patagonia (JAP 2014) evento binacional (Chile- Argentina) que est\u00e1 organizando el CIEP y que se realizar\u00e1n entre el 20 y 25 de octubre por segunda vez en Chile y por primera vez en la ciudad de Coyhaique.<\/p>\n<p>La actividad se llev\u00f3 a cabo en el Museo Escuela Antigua Villa Cerro Castillo y asistieron alumnos de la Escuela Aonikenk de Puerto Ib\u00e1\u00f1ez, Escuela Rural de Villa Cerro Castillo e integrantes de la comunidad local quienes presenciaron el adelanto de un trabajo audiovisual donde se muestran distintos sitios arqueol\u00f3gicos de la Patagonia chilena y argentina.<\/p>\n<p>El Dr. Francisco Mena Investigador residente del CIEP dict\u00f3 una charla a los estudiantes sobre su trabajo de investigaci\u00f3n en la Regi\u00f3n, ilustrando a los j\u00f3venes acerca de c\u00f3mo era la vida de los antiguos habitantes de Ays\u00e9n y de c\u00f3mo algunos restos de utensilios que ellos dejaron dan informaci\u00f3n necesaria para abrir esta ventana hacia el pasado y saber c\u00f3mo eran, qu\u00e9 hac\u00edan y qu\u00e9 tipo de sociedad construyeron, entre otras innumerables cosas.<\/p>\n<p>El p\u00fablico asistente pudo recorrer m\u00e1s de 9.500 a\u00f1os de historia de la humanidad en Ays\u00e9n, edad que parecen tener los restos m\u00e1s antiguos de humano en la Regi\u00f3n y que corresponden al sitio Ba\u00f1o Nuevo, ubicado en el valle de Nirehuao. Del mismo modo el Dr. Mena cont\u00f3 que estos habitantes pertenecen a nuestra misma especie Homo sapiens sapiens, que por lo tanto eran tan h\u00e1biles y capaces como nosotros pero que vivieron en otro momento de la historia de la humanidad.<\/p>\n<p>Pedro Matus, Director del PAR EXPLORA Regi\u00f3n de Ays\u00e9n, destac\u00f3 el potencial de la Regi\u00f3n para propiciar acciones como esta \u201cLa comuna de Ib\u00e1\u00f1ez posee innumerables sitios arqueol\u00f3gicos, la prehistoria est\u00e1 presente en sus paisajes. Nosotros creemos que sus habitantes deben conocer y valorar estos temas, que son de tanta importancia para todo el pa\u00eds pero particularmente para ellos y creemos que ese conocimiento debe estar basado en datos cient\u00edficos, con la rigurosidad de la investigaci\u00f3n arqueol\u00f3gica de punta. Este taller nos permiti\u00f3 trabajar con estudiantes de las escuelas de Puerto Ib\u00e1\u00f1ez y Cerro Castillo y habitantes de estas localidades y ponerlos en contacto con destacados investigadores de esta \u00e1rea de las ciencias.\u201d<\/p>\n<p>\u00a0<\/p>\n","protected":false},"excerpt":{"rendered":"<p>PAR EXPLORA Regi\u00f3n de Ays\u00e9n ejecutado por el Campus Patagonia de la Universidad Austral de Chile en conjunto con el Centro de investigaci\u00f3n en Ecosistemas de la Patagonia (CIEP) realiz\u00f3 este Seminario Taller que aborda la prehistoria de la regi\u00f3n de Ays\u00e9n desde la arqueolog\u00eda. Este Seminario taller se enmarca en las actividades de promoci\u00f3n [&hellip;]<\/p>\n","protected":false},"author":2,"featured_media":33783,"comment_status":"open","ping_status":"open","sticky":false,"template":"","format":"standard","meta":{"_acf_changed":false,"_exactmetrics_skip_tracking":false,"_exactmetrics_sitenote_active":false,"_exactmetrics_sitenote_note":"","_exactmetrics_sitenote_category":0,"footnotes":"","_links_to":"","_links_to_target":""},"categories":[4],"tags":[],"class_list":["post-37068","post","type-post","status-publish","format-standard","has-post-thumbnail","hentry","category-noticias"],"acf":[],"yoast_head":"<!-- This site is optimized with the Yoast SEO plugin v26.7 - https:\/\/yoast.com\/wordpress\/plugins\/seo\/ -->\n<title>PAR EXPLORA Ays\u00e9n realiza seminario sobre arqueolog\u00eda de la Patagonia en Villa Cerro Castillo. - Aysen<\/title>\n<meta name=\"robots\" content=\"index, follow, max-snippet:-1, max-image-preview:large, max-video-preview:-1\" \/>\n<link rel=\"canonical\" href=\"https:\/\/dev.explora.cl\/aysen\/par-explora-aysen-realiza-seminario-sobre-arqueologia-de-la-patagonia-en-villa-cerro-castillo\/\" class=\"yoast-seo-meta-tag\" \/>\n<meta property=\"og:locale\" content=\"es_ES\" class=\"yoast-seo-meta-tag\" \/>\n<meta property=\"og:type\" content=\"article\" class=\"yoast-seo-meta-tag\" \/>\n<meta property=\"og:title\" content=\"PAR EXPLORA Ays\u00e9n realiza seminario sobre arqueolog\u00eda de la Patagonia en Villa Cerro Castillo. - Aysen\" class=\"yoast-seo-meta-tag\" \/>\n<meta property=\"og:description\" content=\"PAR EXPLORA Regi\u00f3n de Ays\u00e9n ejecutado por el Campus Patagonia de la Universidad Austral de Chile en conjunto con el Centro de investigaci\u00f3n en Ecosistemas de la Patagonia (CIEP) realiz\u00f3 este Seminario Taller que aborda la prehistoria de la regi\u00f3n de Ays\u00e9n desde la arqueolog\u00eda. Este Seminario taller se enmarca en las actividades de promoci\u00f3n [&hellip;]\" class=\"yoast-seo-meta-tag\" \/>\n<meta property=\"og:url\" content=\"https:\/\/dev.explora.cl\/aysen\/par-explora-aysen-realiza-seminario-sobre-arqueologia-de-la-patagonia-en-villa-cerro-castillo\/\" class=\"yoast-seo-meta-tag\" \/>\n<meta property=\"og:site_name\" content=\"Aysen\" class=\"yoast-seo-meta-tag\" \/>\n<meta property=\"article:published_time\" content=\"2014-09-15T04:00:00+00:00\" class=\"yoast-seo-meta-tag\" \/>\n<meta property=\"article:modified_time\" content=\"2019-05-20T21:22:10+00:00\" class=\"yoast-seo-meta-tag\" \/>\n<meta property=\"og:image\" content=\"https:\/\/dev.explora.cl\/aysen\/wp-content\/uploads\/sites\/18\/2018\/06\/16859c712258acd4f48115f1fd7e0a10.jpg\" class=\"yoast-seo-meta-tag\" \/>\n\t<meta property=\"og:image:width\" content=\"800\" class=\"yoast-seo-meta-tag\" \/>\n\t<meta property=\"og:image:height\" content=\"533\" class=\"yoast-seo-meta-tag\" \/>\n\t<meta property=\"og:image:type\" content=\"image\/jpeg\" class=\"yoast-seo-meta-tag\" \/>\n<meta name=\"author\" content=\"webman\" class=\"yoast-seo-meta-tag\" \/>\n<meta name=\"twitter:card\" content=\"summary_large_image\" class=\"yoast-seo-meta-tag\" \/>\n<meta name=\"twitter:label1\" content=\"Escrito por\" class=\"yoast-seo-meta-tag\" \/>\n\t<meta name=\"twitter:data1\" content=\"webman\" class=\"yoast-seo-meta-tag\" \/>\n\t<meta name=\"twitter:label2\" content=\"Tiempo estimado de lectura\" class=\"yoast-seo-meta-tag\" \/>\n\t<meta name=\"twitter:data2\" content=\"2 minutos\" class=\"yoast-seo-meta-tag\" \/>\n<script type=\"application\/ld+json\" class=\"yoast-schema-graph\">{\"@context\":\"https:\/\/schema.org\",\"@graph\":[{\"@type\":\"Article\",\"@id\":\"https:\/\/dev.explora.cl\/aysen\/par-explora-aysen-realiza-seminario-sobre-arqueologia-de-la-patagonia-en-villa-cerro-castillo\/#article\",\"isPartOf\":{\"@id\":\"https:\/\/dev.explora.cl\/aysen\/par-explora-aysen-realiza-seminario-sobre-arqueologia-de-la-patagonia-en-villa-cerro-castillo\/\"},\"author\":{\"name\":\"webman\",\"@id\":\"https:\/\/dev.explora.cl\/aysen\/#\/schema\/person\/cb8349c13ea2d324080adf8480d7ba5d\"},\"headline\":\"PAR EXPLORA Ays\u00e9n realiza seminario sobre arqueolog\u00eda de la Patagonia en Villa Cerro Castillo.\",\"datePublished\":\"2014-09-15T04:00:00+00:00\",\"dateModified\":\"2019-05-20T21:22:10+00:00\",\"mainEntityOfPage\":{\"@id\":\"https:\/\/dev.explora.cl\/aysen\/par-explora-aysen-realiza-seminario-sobre-arqueologia-de-la-patagonia-en-villa-cerro-castillo\/\"},\"wordCount\":478,\"commentCount\":0,\"image\":{\"@id\":\"https:\/\/dev.explora.cl\/aysen\/par-explora-aysen-realiza-seminario-sobre-arqueologia-de-la-patagonia-en-villa-cerro-castillo\/#primaryimage\"},\"thumbnailUrl\":\"https:\/\/dev.explora.cl\/aysen\/wp-content\/uploads\/sites\/18\/2018\/06\/16859c712258acd4f48115f1fd7e0a10.jpg\",\"articleSection\":[\"Noticias\"],\"inLanguage\":\"es-CL\",\"potentialAction\":[{\"@type\":\"CommentAction\",\"name\":\"Comment\",\"target\":[\"https:\/\/dev.explora.cl\/aysen\/par-explora-aysen-realiza-seminario-sobre-arqueologia-de-la-patagonia-en-villa-cerro-castillo\/#respond\"]}]},{\"@type\":\"WebPage\",\"@id\":\"https:\/\/dev.explora.cl\/aysen\/par-explora-aysen-realiza-seminario-sobre-arqueologia-de-la-patagonia-en-villa-cerro-castillo\/\",\"url\":\"https:\/\/dev.explora.cl\/aysen\/par-explora-aysen-realiza-seminario-sobre-arqueologia-de-la-patagonia-en-villa-cerro-castillo\/\",\"name\":\"PAR EXPLORA Ays\u00e9n realiza seminario sobre arqueolog\u00eda de la Patagonia en Villa Cerro Castillo. - Aysen\",\"isPartOf\":{\"@id\":\"https:\/\/dev.explora.cl\/aysen\/#website\"},\"primaryImageOfPage\":{\"@id\":\"https:\/\/dev.explora.cl\/aysen\/par-explora-aysen-realiza-seminario-sobre-arqueologia-de-la-patagonia-en-villa-cerro-castillo\/#primaryimage\"},\"image\":{\"@id\":\"https:\/\/dev.explora.cl\/aysen\/par-explora-aysen-realiza-seminario-sobre-arqueologia-de-la-patagonia-en-villa-cerro-castillo\/#primaryimage\"},\"thumbnailUrl\":\"https:\/\/dev.explora.cl\/aysen\/wp-content\/uploads\/sites\/18\/2018\/06\/16859c712258acd4f48115f1fd7e0a10.jpg\",\"datePublished\":\"2014-09-15T04:00:00+00:00\",\"dateModified\":\"2019-05-20T21:22:10+00:00\",\"author\":{\"@id\":\"https:\/\/dev.explora.cl\/aysen\/#\/schema\/person\/cb8349c13ea2d324080adf8480d7ba5d\"},\"breadcrumb\":{\"@id\":\"https:\/\/dev.explora.cl\/aysen\/par-explora-aysen-realiza-seminario-sobre-arqueologia-de-la-patagonia-en-villa-cerro-castillo\/#breadcrumb\"},\"inLanguage\":\"es-CL\",\"potentialAction\":[{\"@type\":\"ReadAction\",\"target\":[\"https:\/\/dev.explora.cl\/aysen\/par-explora-aysen-realiza-seminario-sobre-arqueologia-de-la-patagonia-en-villa-cerro-castillo\/\"]}]},{\"@type\":\"ImageObject\",\"inLanguage\":\"es-CL\",\"@id\":\"https:\/\/dev.explora.cl\/aysen\/par-explora-aysen-realiza-seminario-sobre-arqueologia-de-la-patagonia-en-villa-cerro-castillo\/#primaryimage\",\"url\":\"https:\/\/dev.explora.cl\/aysen\/wp-content\/uploads\/sites\/18\/2018\/06\/16859c712258acd4f48115f1fd7e0a10.jpg\",\"contentUrl\":\"https:\/\/dev.explora.cl\/aysen\/wp-content\/uploads\/sites\/18\/2018\/06\/16859c712258acd4f48115f1fd7e0a10.jpg\",\"width\":800,\"height\":533},{\"@type\":\"BreadcrumbList\",\"@id\":\"https:\/\/dev.explora.cl\/aysen\/par-explora-aysen-realiza-seminario-sobre-arqueologia-de-la-patagonia-en-villa-cerro-castillo\/#breadcrumb\",\"itemListElement\":[{\"@type\":\"ListItem\",\"position\":1,\"name\":\"Portada\",\"item\":\"https:\/\/dev.explora.cl\/aysen\/\"},{\"@type\":\"ListItem\",\"position\":2,\"name\":\"PAR EXPLORA Ays\u00e9n realiza seminario sobre arqueolog\u00eda de la Patagonia en Villa Cerro Castillo.\"}]},{\"@type\":\"WebSite\",\"@id\":\"https:\/\/dev.explora.cl\/aysen\/#website\",\"url\":\"https:\/\/dev.explora.cl\/aysen\/\",\"name\":\"Aysen\",\"description\":\"Otro sitio m\u00e1s de dev.explora.cl\",\"potentialAction\":[{\"@type\":\"SearchAction\",\"target\":{\"@type\":\"EntryPoint\",\"urlTemplate\":\"https:\/\/dev.explora.cl\/aysen\/?s={search_term_string}\"},\"query-input\":{\"@type\":\"PropertyValueSpecification\",\"valueRequired\":true,\"valueName\":\"search_term_string\"}}],\"inLanguage\":\"es-CL\"},{\"@type\":\"Person\",\"@id\":\"https:\/\/dev.explora.cl\/aysen\/#\/schema\/person\/cb8349c13ea2d324080adf8480d7ba5d\",\"name\":\"webman\",\"image\":{\"@type\":\"ImageObject\",\"inLanguage\":\"es-CL\",\"@id\":\"https:\/\/dev.explora.cl\/aysen\/#\/schema\/person\/image\/\",\"url\":\"https:\/\/secure.gravatar.com\/avatar\/eeff3c82f2c02f7177d13663b7e6f890e9a6a0647ce9bb29cae02dcb094c7312?s=96&d=mm&r=g\",\"contentUrl\":\"https:\/\/secure.gravatar.com\/avatar\/eeff3c82f2c02f7177d13663b7e6f890e9a6a0647ce9bb29cae02dcb094c7312?s=96&d=mm&r=g\",\"caption\":\"webman\"},\"url\":\"https:\/\/dev.explora.cl\/aysen\/author\/webman\/\"}]}<\/script>\n<!-- \/ Yoast SEO plugin. -->","yoast_head_json":{"title":"PAR EXPLORA Ays\u00e9n realiza seminario sobre arqueolog\u00eda de la Patagonia en Villa Cerro Castillo. - Aysen","robots":{"index":"index","follow":"follow","max-snippet":"max-snippet:-1","max-image-preview":"max-image-preview:large","max-video-preview":"max-video-preview:-1"},"canonical":"https:\/\/dev.explora.cl\/aysen\/par-explora-aysen-realiza-seminario-sobre-arqueologia-de-la-patagonia-en-villa-cerro-castillo\/","og_locale":"es_ES","og_type":"article","og_title":"PAR EXPLORA Ays\u00e9n realiza seminario sobre arqueolog\u00eda de la Patagonia en Villa Cerro Castillo. - Aysen","og_description":"PAR EXPLORA Regi\u00f3n de Ays\u00e9n ejecutado por el Campus Patagonia de la Universidad Austral de Chile en conjunto con el Centro de investigaci\u00f3n en Ecosistemas de la Patagonia (CIEP) realiz\u00f3 este Seminario Taller que aborda la prehistoria de la regi\u00f3n de Ays\u00e9n desde la arqueolog\u00eda. Este Seminario taller se enmarca en las actividades de promoci\u00f3n [&hellip;]","og_url":"https:\/\/dev.explora.cl\/aysen\/par-explora-aysen-realiza-seminario-sobre-arqueologia-de-la-patagonia-en-villa-cerro-castillo\/","og_site_name":"Aysen","article_published_time":"2014-09-15T04:00:00+00:00","article_modified_time":"2019-05-20T21:22:10+00:00","og_image":[{"width":800,"height":533,"url":"https:\/\/dev.explora.cl\/aysen\/wp-content\/uploads\/sites\/18\/2018\/06\/16859c712258acd4f48115f1fd7e0a10.jpg","type":"image\/jpeg"}],"author":"webman","twitter_card":"summary_large_image","twitter_misc":{"Escrito por":"webman","Tiempo estimado de lectura":"2 minutos"},"schema":{"@context":"https:\/\/schema.org","@graph":[{"@type":"Article","@id":"https:\/\/dev.explora.cl\/aysen\/par-explora-aysen-realiza-seminario-sobre-arqueologia-de-la-patagonia-en-villa-cerro-castillo\/#article","isPartOf":{"@id":"https:\/\/dev.explora.cl\/aysen\/par-explora-aysen-realiza-seminario-sobre-arqueologia-de-la-patagonia-en-villa-cerro-castillo\/"},"author":{"name":"webman","@id":"https:\/\/dev.explora.cl\/aysen\/#\/schema\/person\/cb8349c13ea2d324080adf8480d7ba5d"},"headline":"PAR EXPLORA Ays\u00e9n realiza seminario sobre arqueolog\u00eda de la Patagonia en Villa Cerro Castillo.","datePublished":"2014-09-15T04:00:00+00:00","dateModified":"2019-05-20T21:22:10+00:00","mainEntityOfPage":{"@id":"https:\/\/dev.explora.cl\/aysen\/par-explora-aysen-realiza-seminario-sobre-arqueologia-de-la-patagonia-en-villa-cerro-castillo\/"},"wordCount":478,"commentCount":0,"image":{"@id":"https:\/\/dev.explora.cl\/aysen\/par-explora-aysen-realiza-seminario-sobre-arqueologia-de-la-patagonia-en-villa-cerro-castillo\/#primaryimage"},"thumbnailUrl":"https:\/\/dev.explora.cl\/aysen\/wp-content\/uploads\/sites\/18\/2018\/06\/16859c712258acd4f48115f1fd7e0a10.jpg","articleSection":["Noticias"],"inLanguage":"es-CL","potentialAction":[{"@type":"CommentAction","name":"Comment","target":["https:\/\/dev.explora.cl\/aysen\/par-explora-aysen-realiza-seminario-sobre-arqueologia-de-la-patagonia-en-villa-cerro-castillo\/#respond"]}]},{"@type":"WebPage","@id":"https:\/\/dev.explora.cl\/aysen\/par-explora-aysen-realiza-seminario-sobre-arqueologia-de-la-patagonia-en-villa-cerro-castillo\/","url":"https:\/\/dev.explora.cl\/aysen\/par-explora-aysen-realiza-seminario-sobre-arqueologia-de-la-patagonia-en-villa-cerro-castillo\/","name":"PAR EXPLORA Ays\u00e9n realiza seminario sobre arqueolog\u00eda de la Patagonia en Villa Cerro Castillo. - Aysen","isPartOf":{"@id":"https:\/\/dev.explora.cl\/aysen\/#website"},"primaryImageOfPage":{"@id":"https:\/\/dev.explora.cl\/aysen\/par-explora-aysen-realiza-seminario-sobre-arqueologia-de-la-patagonia-en-villa-cerro-castillo\/#primaryimage"},"image":{"@id":"https:\/\/dev.explora.cl\/aysen\/par-explora-aysen-realiza-seminario-sobre-arqueologia-de-la-patagonia-en-villa-cerro-castillo\/#primaryimage"},"thumbnailUrl":"https:\/\/dev.explora.cl\/aysen\/wp-content\/uploads\/sites\/18\/2018\/06\/16859c712258acd4f48115f1fd7e0a10.jpg","datePublished":"2014-09-15T04:00:00+00:00","dateModified":"2019-05-20T21:22:10+00:00","author":{"@id":"https:\/\/dev.explora.cl\/aysen\/#\/schema\/person\/cb8349c13ea2d324080adf8480d7ba5d"},"breadcrumb":{"@id":"https:\/\/dev.explora.cl\/aysen\/par-explora-aysen-realiza-seminario-sobre-arqueologia-de-la-patagonia-en-villa-cerro-castillo\/#breadcrumb"},"inLanguage":"es-CL","potentialAction":[{"@type":"ReadAction","target":["https:\/\/dev.explora.cl\/aysen\/par-explora-aysen-realiza-seminario-sobre-arqueologia-de-la-patagonia-en-villa-cerro-castillo\/"]}]},{"@type":"ImageObject","inLanguage":"es-CL","@id":"https:\/\/dev.explora.cl\/aysen\/par-explora-aysen-realiza-seminario-sobre-arqueologia-de-la-patagonia-en-villa-cerro-castillo\/#primaryimage","url":"https:\/\/dev.explora.cl\/aysen\/wp-content\/uploads\/sites\/18\/2018\/06\/16859c712258acd4f48115f1fd7e0a10.jpg","contentUrl":"https:\/\/dev.explora.cl\/aysen\/wp-content\/uploads\/sites\/18\/2018\/06\/16859c712258acd4f48115f1fd7e0a10.jpg","width":800,"height":533},{"@type":"BreadcrumbList","@id":"https:\/\/dev.explora.cl\/aysen\/par-explora-aysen-realiza-seminario-sobre-arqueologia-de-la-patagonia-en-villa-cerro-castillo\/#breadcrumb","itemListElement":[{"@type":"ListItem","position":1,"name":"Portada","item":"https:\/\/dev.explora.cl\/aysen\/"},{"@type":"ListItem","position":2,"name":"PAR EXPLORA Ays\u00e9n realiza seminario sobre arqueolog\u00eda de la Patagonia en Villa Cerro Castillo."}]},{"@type":"WebSite","@id":"https:\/\/dev.explora.cl\/aysen\/#website","url":"https:\/\/dev.explora.cl\/aysen\/","name":"Aysen","description":"Otro sitio m\u00e1s de dev.explora.cl","potentialAction":[{"@type":"SearchAction","target":{"@type":"EntryPoint","urlTemplate":"https:\/\/dev.explora.cl\/aysen\/?s={search_term_string}"},"query-input":{"@type":"PropertyValueSpecification","valueRequired":true,"valueName":"search_term_string"}}],"inLanguage":"es-CL"},{"@type":"Person","@id":"https:\/\/dev.explora.cl\/aysen\/#\/schema\/person\/cb8349c13ea2d324080adf8480d7ba5d","name":"webman","image":{"@type":"ImageObject","inLanguage":"es-CL","@id":"https:\/\/dev.explora.cl\/aysen\/#\/schema\/person\/image\/","url":"https:\/\/secure.gravatar.com\/avatar\/eeff3c82f2c02f7177d13663b7e6f890e9a6a0647ce9bb29cae02dcb094c7312?s=96&d=mm&r=g","contentUrl":"https:\/\/secure.gravatar.com\/avatar\/eeff3c82f2c02f7177d13663b7e6f890e9a6a0647ce9bb29cae02dcb094c7312?s=96&d=mm&r=g","caption":"webman"},"url":"https:\/\/dev.explora.cl\/aysen\/author\/webman\/"}]}},"_links":{"self":[{"href":"https:\/\/dev.explora.cl\/aysen\/wp-json\/wp\/v2\/posts\/37068","targetHints":{"allow":["GET"]}}],"collection":[{"href":"https:\/\/dev.explora.cl\/aysen\/wp-json\/wp\/v2\/posts"}],"about":[{"href":"https:\/\/dev.explora.cl\/aysen\/wp-json\/wp\/v2\/types\/post"}],"author":[{"embeddable":true,"href":"https:\/\/dev.explora.cl\/aysen\/wp-json\/wp\/v2\/users\/2"}],"replies":[{"embeddable":true,"href":"https:\/\/dev.explora.cl\/aysen\/wp-json\/wp\/v2\/comments?post=37068"}],"version-history":[{"count":1,"href":"https:\/\/dev.explora.cl\/aysen\/wp-json\/wp\/v2\/posts\/37068\/revisions"}],"predecessor-version":[{"id":37356,"href":"https:\/\/dev.explora.cl\/aysen\/wp-json\/wp\/v2\/posts\/37068\/revisions\/37356"}],"wp:featuredmedia":[{"embeddable":true,"href":"https:\/\/dev.explora.cl\/aysen\/wp-json\/wp\/v2\/media\/33783"}],"wp:attachment":[{"href":"https:\/\/dev.explora.cl\/aysen\/wp-json\/wp\/v2\/media?parent=37068"}],"wp:term":[{"taxonomy":"category","embeddable":true,"href":"https:\/\/dev.explora.cl\/aysen\/wp-json\/wp\/v2\/categories?post=37068"},{"taxonomy":"post_tag","embeddable":true,"href":"https:\/\/dev.explora.cl\/aysen\/wp-json\/wp\/v2\/tags?post=37068"}],"curies":[{"name":"wp","href":"https:\/\/api.w.org\/{rel}","templated":true}]}}