{"id":37067,"date":"2014-07-15T00:00:00","date_gmt":"2014-07-15T04:00:00","guid":{"rendered":"https:\/\/dev.explora.cl\/aysen\/blog\/2014\/07\/15\/par-explora-region-de-aysen-realiza-acompanamientos-en-programa-tcc\/"},"modified":"2019-05-20T21:22:16","modified_gmt":"2019-05-20T21:22:16","slug":"par-explora-region-de-aysen-realiza-acompanamientos-en-programa-tcc","status":"publish","type":"post","link":"https:\/\/dev.explora.cl\/aysen\/par-explora-region-de-aysen-realiza-acompanamientos-en-programa-tcc\/","title":{"rendered":"PAR EXPLORA regi\u00f3n de Ays\u00e9n realiza acompa\u00f1amientos en programa TCC."},"content":{"rendered":"<p><img loading=\"lazy\" decoding=\"async\" class=\" size-full wp-image-4000\" src=\"http:\/\/ec2-34-218-253-251.us-west-2.compute.amazonaws.com\/wp-content\/uploads\/2014\/07\/973d452191c64a038927e95436dac7d2.jpg\" alt=\"\" width=\"1024\" height=\"687\" \/><\/p>\n<p>Este primer semestre del 2014 el equipo del Proyecto Asociativo Regional EXPLORA CONICYT Regi\u00f3n de Ays\u00e9n, ejecutado por el Campus Patagonia de la Universidad Austral de Chile, ha realizado acompa\u00f1amiento y seguimiento del programa \u201cTus Competencias en Ciencias\u201d (TCC) donde a trav\u00e9s de tutores se busca orientar, a profesores y educadores, para que tanto la metodolog\u00eda como los materiales se implementen adecuadamente logrando los objetivos de las actividades.<\/p>\n<p><span style=\"line-height: 1.3em\">El objetivo de TCC es que los ni\u00f1os y ni\u00f1as puedan desarrollar, desde la educaci\u00f3n parvularia, habilidades en el \u00e1rea de la Ciencia y la Tecnolog\u00eda de modo que puedan explorar hechos y fen\u00f3menos de su inter\u00e9s, analizado problemas, observando, recogiendo y priorizando informaci\u00f3n relevante, entre otras cosas.<\/span><\/p>\n<p><span style=\"line-height: 1.3em\">Tus Competencias en Ciencia, es una apuesta metodol\u00f3gica dise\u00f1ada por EXPLORA CONICYT que vincula el desarrollo de las competencias con el acercamiento a esta \u00e1rea del saber. A trav\u00e9s de esta iniciativa ni\u00f1as y ni\u00f1os tienen la oportunidad de participar en un proceso que les ense\u00f1a el valor de la ciencia y les permite desarrollar competencias para enfrentar los desaf\u00edos en ciencia, tecnolog\u00eda e innovaci\u00f3n.<\/span><\/p>\n<p>Hasta la fecha se han realizado un total de 5 acompa\u00f1amientos, 3 el Coyhaique y 2 en Puerto Ays\u00e9n. Los establecimientos visitados han sido Colegio Alborada, Jard\u00edn infantil y sala cuna Vallecitos de Ays\u00e9n, Jard\u00edn infantil y sala cuna Gabriela Mistral, Colegio sagrada Familia y Jard\u00edn infantil Lobito Feroz.<\/p>\n<p><span style=\"line-height: 1.3em\">Pedro Matus, Director PAR EXPLORA Regi\u00f3n de Ays\u00e9n, destac\u00f3 la buena convocatoria y compromiso por parte de los profesores y educadoras que qued\u00f3 patente desde la capacitaci\u00f3n. \u201cDe ahora en adelante nuestra tarea es acompa\u00f1ar la implementaci\u00f3n de los talleres en las 28 escuelas y jardines y para ello iniciamos este proceso de visitas a toda la Regi\u00f3n, de modo de asegurar que los resultados finales sean los mejores, es decir que j\u00f3venes, ni\u00f1os y ni\u00f1as desarrollen las competencias para la ciencia y para la innovaci\u00f3n que el programa busca\u201d.<\/span><\/p>\n","protected":false},"excerpt":{"rendered":"<p>Este primer semestre del 2014 el equipo del Proyecto Asociativo Regional EXPLORA CONICYT Regi\u00f3n de Ays\u00e9n, ejecutado por el Campus Patagonia de la Universidad Austral de Chile, ha realizado acompa\u00f1amiento y seguimiento del programa \u201cTus Competencias en Ciencias\u201d (TCC) donde a trav\u00e9s de tutores se busca orientar, a profesores y educadores, para que tanto la [&hellip;]<\/p>\n","protected":false},"author":2,"featured_media":33781,"comment_status":"open","ping_status":"open","sticky":false,"template":"","format":"standard","meta":{"_acf_changed":false,"_exactmetrics_skip_tracking":false,"_exactmetrics_sitenote_active":false,"_exactmetrics_sitenote_note":"","_exactmetrics_sitenote_category":0,"footnotes":"","_links_to":"","_links_to_target":""},"categories":[4],"tags":[],"class_list":["post-37067","post","type-post","status-publish","format-standard","has-post-thumbnail","hentry","category-noticias"],"acf":[],"yoast_head":"<!-- This site is optimized with the Yoast SEO plugin v26.7 - https:\/\/yoast.com\/wordpress\/plugins\/seo\/ -->\n<title>PAR EXPLORA regi\u00f3n de Ays\u00e9n realiza acompa\u00f1amientos en programa TCC. - Aysen<\/title>\n<meta name=\"robots\" content=\"index, follow, max-snippet:-1, max-image-preview:large, max-video-preview:-1\" \/>\n<link rel=\"canonical\" href=\"https:\/\/dev.explora.cl\/aysen\/par-explora-region-de-aysen-realiza-acompanamientos-en-programa-tcc\/\" class=\"yoast-seo-meta-tag\" \/>\n<meta property=\"og:locale\" content=\"es_ES\" class=\"yoast-seo-meta-tag\" \/>\n<meta property=\"og:type\" content=\"article\" class=\"yoast-seo-meta-tag\" \/>\n<meta property=\"og:title\" content=\"PAR EXPLORA regi\u00f3n de Ays\u00e9n realiza acompa\u00f1amientos en programa TCC. - Aysen\" class=\"yoast-seo-meta-tag\" \/>\n<meta property=\"og:description\" content=\"Este primer semestre del 2014 el equipo del Proyecto Asociativo Regional EXPLORA CONICYT Regi\u00f3n de Ays\u00e9n, ejecutado por el Campus Patagonia de la Universidad Austral de Chile, ha realizado acompa\u00f1amiento y seguimiento del programa \u201cTus Competencias en Ciencias\u201d (TCC) donde a trav\u00e9s de tutores se busca orientar, a profesores y educadores, para que tanto la [&hellip;]\" class=\"yoast-seo-meta-tag\" \/>\n<meta property=\"og:url\" content=\"https:\/\/dev.explora.cl\/aysen\/par-explora-region-de-aysen-realiza-acompanamientos-en-programa-tcc\/\" class=\"yoast-seo-meta-tag\" \/>\n<meta property=\"og:site_name\" content=\"Aysen\" class=\"yoast-seo-meta-tag\" \/>\n<meta property=\"article:published_time\" content=\"2014-07-15T04:00:00+00:00\" class=\"yoast-seo-meta-tag\" \/>\n<meta property=\"article:modified_time\" content=\"2019-05-20T21:22:16+00:00\" class=\"yoast-seo-meta-tag\" \/>\n<meta property=\"og:image\" content=\"https:\/\/dev.explora.cl\/aysen\/wp-content\/uploads\/sites\/18\/2018\/06\/973d452191c64a038927e95436dac7d2.jpg\" class=\"yoast-seo-meta-tag\" \/>\n\t<meta property=\"og:image:width\" content=\"1024\" class=\"yoast-seo-meta-tag\" \/>\n\t<meta property=\"og:image:height\" content=\"687\" class=\"yoast-seo-meta-tag\" \/>\n\t<meta property=\"og:image:type\" content=\"image\/jpeg\" class=\"yoast-seo-meta-tag\" \/>\n<meta name=\"author\" content=\"webman\" class=\"yoast-seo-meta-tag\" \/>\n<meta name=\"twitter:card\" content=\"summary_large_image\" class=\"yoast-seo-meta-tag\" \/>\n<meta name=\"twitter:label1\" content=\"Escrito por\" class=\"yoast-seo-meta-tag\" \/>\n\t<meta name=\"twitter:data1\" content=\"webman\" class=\"yoast-seo-meta-tag\" \/>\n\t<meta name=\"twitter:label2\" content=\"Tiempo estimado de lectura\" class=\"yoast-seo-meta-tag\" \/>\n\t<meta name=\"twitter:data2\" content=\"2 minutos\" class=\"yoast-seo-meta-tag\" \/>\n<script type=\"application\/ld+json\" class=\"yoast-schema-graph\">{\"@context\":\"https:\/\/schema.org\",\"@graph\":[{\"@type\":\"Article\",\"@id\":\"https:\/\/dev.explora.cl\/aysen\/par-explora-region-de-aysen-realiza-acompanamientos-en-programa-tcc\/#article\",\"isPartOf\":{\"@id\":\"https:\/\/dev.explora.cl\/aysen\/par-explora-region-de-aysen-realiza-acompanamientos-en-programa-tcc\/\"},\"author\":{\"name\":\"webman\",\"@id\":\"https:\/\/dev.explora.cl\/aysen\/#\/schema\/person\/cb8349c13ea2d324080adf8480d7ba5d\"},\"headline\":\"PAR EXPLORA regi\u00f3n de Ays\u00e9n realiza acompa\u00f1amientos en programa TCC.\",\"datePublished\":\"2014-07-15T04:00:00+00:00\",\"dateModified\":\"2019-05-20T21:22:16+00:00\",\"mainEntityOfPage\":{\"@id\":\"https:\/\/dev.explora.cl\/aysen\/par-explora-region-de-aysen-realiza-acompanamientos-en-programa-tcc\/\"},\"wordCount\":365,\"commentCount\":0,\"image\":{\"@id\":\"https:\/\/dev.explora.cl\/aysen\/par-explora-region-de-aysen-realiza-acompanamientos-en-programa-tcc\/#primaryimage\"},\"thumbnailUrl\":\"https:\/\/dev.explora.cl\/aysen\/wp-content\/uploads\/sites\/18\/2018\/06\/973d452191c64a038927e95436dac7d2.jpg\",\"articleSection\":[\"Noticias\"],\"inLanguage\":\"es-CL\",\"potentialAction\":[{\"@type\":\"CommentAction\",\"name\":\"Comment\",\"target\":[\"https:\/\/dev.explora.cl\/aysen\/par-explora-region-de-aysen-realiza-acompanamientos-en-programa-tcc\/#respond\"]}]},{\"@type\":\"WebPage\",\"@id\":\"https:\/\/dev.explora.cl\/aysen\/par-explora-region-de-aysen-realiza-acompanamientos-en-programa-tcc\/\",\"url\":\"https:\/\/dev.explora.cl\/aysen\/par-explora-region-de-aysen-realiza-acompanamientos-en-programa-tcc\/\",\"name\":\"PAR EXPLORA regi\u00f3n de Ays\u00e9n realiza acompa\u00f1amientos en programa TCC. - Aysen\",\"isPartOf\":{\"@id\":\"https:\/\/dev.explora.cl\/aysen\/#website\"},\"primaryImageOfPage\":{\"@id\":\"https:\/\/dev.explora.cl\/aysen\/par-explora-region-de-aysen-realiza-acompanamientos-en-programa-tcc\/#primaryimage\"},\"image\":{\"@id\":\"https:\/\/dev.explora.cl\/aysen\/par-explora-region-de-aysen-realiza-acompanamientos-en-programa-tcc\/#primaryimage\"},\"thumbnailUrl\":\"https:\/\/dev.explora.cl\/aysen\/wp-content\/uploads\/sites\/18\/2018\/06\/973d452191c64a038927e95436dac7d2.jpg\",\"datePublished\":\"2014-07-15T04:00:00+00:00\",\"dateModified\":\"2019-05-20T21:22:16+00:00\",\"author\":{\"@id\":\"https:\/\/dev.explora.cl\/aysen\/#\/schema\/person\/cb8349c13ea2d324080adf8480d7ba5d\"},\"breadcrumb\":{\"@id\":\"https:\/\/dev.explora.cl\/aysen\/par-explora-region-de-aysen-realiza-acompanamientos-en-programa-tcc\/#breadcrumb\"},\"inLanguage\":\"es-CL\",\"potentialAction\":[{\"@type\":\"ReadAction\",\"target\":[\"https:\/\/dev.explora.cl\/aysen\/par-explora-region-de-aysen-realiza-acompanamientos-en-programa-tcc\/\"]}]},{\"@type\":\"ImageObject\",\"inLanguage\":\"es-CL\",\"@id\":\"https:\/\/dev.explora.cl\/aysen\/par-explora-region-de-aysen-realiza-acompanamientos-en-programa-tcc\/#primaryimage\",\"url\":\"https:\/\/dev.explora.cl\/aysen\/wp-content\/uploads\/sites\/18\/2018\/06\/973d452191c64a038927e95436dac7d2.jpg\",\"contentUrl\":\"https:\/\/dev.explora.cl\/aysen\/wp-content\/uploads\/sites\/18\/2018\/06\/973d452191c64a038927e95436dac7d2.jpg\",\"width\":1024,\"height\":687},{\"@type\":\"BreadcrumbList\",\"@id\":\"https:\/\/dev.explora.cl\/aysen\/par-explora-region-de-aysen-realiza-acompanamientos-en-programa-tcc\/#breadcrumb\",\"itemListElement\":[{\"@type\":\"ListItem\",\"position\":1,\"name\":\"Portada\",\"item\":\"https:\/\/dev.explora.cl\/aysen\/\"},{\"@type\":\"ListItem\",\"position\":2,\"name\":\"PAR EXPLORA regi\u00f3n de Ays\u00e9n realiza acompa\u00f1amientos en programa TCC.\"}]},{\"@type\":\"WebSite\",\"@id\":\"https:\/\/dev.explora.cl\/aysen\/#website\",\"url\":\"https:\/\/dev.explora.cl\/aysen\/\",\"name\":\"Aysen\",\"description\":\"Otro sitio m\u00e1s de dev.explora.cl\",\"potentialAction\":[{\"@type\":\"SearchAction\",\"target\":{\"@type\":\"EntryPoint\",\"urlTemplate\":\"https:\/\/dev.explora.cl\/aysen\/?s={search_term_string}\"},\"query-input\":{\"@type\":\"PropertyValueSpecification\",\"valueRequired\":true,\"valueName\":\"search_term_string\"}}],\"inLanguage\":\"es-CL\"},{\"@type\":\"Person\",\"@id\":\"https:\/\/dev.explora.cl\/aysen\/#\/schema\/person\/cb8349c13ea2d324080adf8480d7ba5d\",\"name\":\"webman\",\"image\":{\"@type\":\"ImageObject\",\"inLanguage\":\"es-CL\",\"@id\":\"https:\/\/dev.explora.cl\/aysen\/#\/schema\/person\/image\/\",\"url\":\"https:\/\/secure.gravatar.com\/avatar\/eeff3c82f2c02f7177d13663b7e6f890e9a6a0647ce9bb29cae02dcb094c7312?s=96&d=mm&r=g\",\"contentUrl\":\"https:\/\/secure.gravatar.com\/avatar\/eeff3c82f2c02f7177d13663b7e6f890e9a6a0647ce9bb29cae02dcb094c7312?s=96&d=mm&r=g\",\"caption\":\"webman\"},\"url\":\"https:\/\/dev.explora.cl\/aysen\/author\/webman\/\"}]}<\/script>\n<!-- \/ Yoast SEO plugin. -->","yoast_head_json":{"title":"PAR EXPLORA regi\u00f3n de Ays\u00e9n realiza acompa\u00f1amientos en programa TCC. - Aysen","robots":{"index":"index","follow":"follow","max-snippet":"max-snippet:-1","max-image-preview":"max-image-preview:large","max-video-preview":"max-video-preview:-1"},"canonical":"https:\/\/dev.explora.cl\/aysen\/par-explora-region-de-aysen-realiza-acompanamientos-en-programa-tcc\/","og_locale":"es_ES","og_type":"article","og_title":"PAR EXPLORA regi\u00f3n de Ays\u00e9n realiza acompa\u00f1amientos en programa TCC. - Aysen","og_description":"Este primer semestre del 2014 el equipo del Proyecto Asociativo Regional EXPLORA CONICYT Regi\u00f3n de Ays\u00e9n, ejecutado por el Campus Patagonia de la Universidad Austral de Chile, ha realizado acompa\u00f1amiento y seguimiento del programa \u201cTus Competencias en Ciencias\u201d (TCC) donde a trav\u00e9s de tutores se busca orientar, a profesores y educadores, para que tanto la [&hellip;]","og_url":"https:\/\/dev.explora.cl\/aysen\/par-explora-region-de-aysen-realiza-acompanamientos-en-programa-tcc\/","og_site_name":"Aysen","article_published_time":"2014-07-15T04:00:00+00:00","article_modified_time":"2019-05-20T21:22:16+00:00","og_image":[{"width":1024,"height":687,"url":"https:\/\/dev.explora.cl\/aysen\/wp-content\/uploads\/sites\/18\/2018\/06\/973d452191c64a038927e95436dac7d2.jpg","type":"image\/jpeg"}],"author":"webman","twitter_card":"summary_large_image","twitter_misc":{"Escrito por":"webman","Tiempo estimado de lectura":"2 minutos"},"schema":{"@context":"https:\/\/schema.org","@graph":[{"@type":"Article","@id":"https:\/\/dev.explora.cl\/aysen\/par-explora-region-de-aysen-realiza-acompanamientos-en-programa-tcc\/#article","isPartOf":{"@id":"https:\/\/dev.explora.cl\/aysen\/par-explora-region-de-aysen-realiza-acompanamientos-en-programa-tcc\/"},"author":{"name":"webman","@id":"https:\/\/dev.explora.cl\/aysen\/#\/schema\/person\/cb8349c13ea2d324080adf8480d7ba5d"},"headline":"PAR EXPLORA regi\u00f3n de Ays\u00e9n realiza acompa\u00f1amientos en programa TCC.","datePublished":"2014-07-15T04:00:00+00:00","dateModified":"2019-05-20T21:22:16+00:00","mainEntityOfPage":{"@id":"https:\/\/dev.explora.cl\/aysen\/par-explora-region-de-aysen-realiza-acompanamientos-en-programa-tcc\/"},"wordCount":365,"commentCount":0,"image":{"@id":"https:\/\/dev.explora.cl\/aysen\/par-explora-region-de-aysen-realiza-acompanamientos-en-programa-tcc\/#primaryimage"},"thumbnailUrl":"https:\/\/dev.explora.cl\/aysen\/wp-content\/uploads\/sites\/18\/2018\/06\/973d452191c64a038927e95436dac7d2.jpg","articleSection":["Noticias"],"inLanguage":"es-CL","potentialAction":[{"@type":"CommentAction","name":"Comment","target":["https:\/\/dev.explora.cl\/aysen\/par-explora-region-de-aysen-realiza-acompanamientos-en-programa-tcc\/#respond"]}]},{"@type":"WebPage","@id":"https:\/\/dev.explora.cl\/aysen\/par-explora-region-de-aysen-realiza-acompanamientos-en-programa-tcc\/","url":"https:\/\/dev.explora.cl\/aysen\/par-explora-region-de-aysen-realiza-acompanamientos-en-programa-tcc\/","name":"PAR EXPLORA regi\u00f3n de Ays\u00e9n realiza acompa\u00f1amientos en programa TCC. - Aysen","isPartOf":{"@id":"https:\/\/dev.explora.cl\/aysen\/#website"},"primaryImageOfPage":{"@id":"https:\/\/dev.explora.cl\/aysen\/par-explora-region-de-aysen-realiza-acompanamientos-en-programa-tcc\/#primaryimage"},"image":{"@id":"https:\/\/dev.explora.cl\/aysen\/par-explora-region-de-aysen-realiza-acompanamientos-en-programa-tcc\/#primaryimage"},"thumbnailUrl":"https:\/\/dev.explora.cl\/aysen\/wp-content\/uploads\/sites\/18\/2018\/06\/973d452191c64a038927e95436dac7d2.jpg","datePublished":"2014-07-15T04:00:00+00:00","dateModified":"2019-05-20T21:22:16+00:00","author":{"@id":"https:\/\/dev.explora.cl\/aysen\/#\/schema\/person\/cb8349c13ea2d324080adf8480d7ba5d"},"breadcrumb":{"@id":"https:\/\/dev.explora.cl\/aysen\/par-explora-region-de-aysen-realiza-acompanamientos-en-programa-tcc\/#breadcrumb"},"inLanguage":"es-CL","potentialAction":[{"@type":"ReadAction","target":["https:\/\/dev.explora.cl\/aysen\/par-explora-region-de-aysen-realiza-acompanamientos-en-programa-tcc\/"]}]},{"@type":"ImageObject","inLanguage":"es-CL","@id":"https:\/\/dev.explora.cl\/aysen\/par-explora-region-de-aysen-realiza-acompanamientos-en-programa-tcc\/#primaryimage","url":"https:\/\/dev.explora.cl\/aysen\/wp-content\/uploads\/sites\/18\/2018\/06\/973d452191c64a038927e95436dac7d2.jpg","contentUrl":"https:\/\/dev.explora.cl\/aysen\/wp-content\/uploads\/sites\/18\/2018\/06\/973d452191c64a038927e95436dac7d2.jpg","width":1024,"height":687},{"@type":"BreadcrumbList","@id":"https:\/\/dev.explora.cl\/aysen\/par-explora-region-de-aysen-realiza-acompanamientos-en-programa-tcc\/#breadcrumb","itemListElement":[{"@type":"ListItem","position":1,"name":"Portada","item":"https:\/\/dev.explora.cl\/aysen\/"},{"@type":"ListItem","position":2,"name":"PAR EXPLORA regi\u00f3n de Ays\u00e9n realiza acompa\u00f1amientos en programa TCC."}]},{"@type":"WebSite","@id":"https:\/\/dev.explora.cl\/aysen\/#website","url":"https:\/\/dev.explora.cl\/aysen\/","name":"Aysen","description":"Otro sitio m\u00e1s de dev.explora.cl","potentialAction":[{"@type":"SearchAction","target":{"@type":"EntryPoint","urlTemplate":"https:\/\/dev.explora.cl\/aysen\/?s={search_term_string}"},"query-input":{"@type":"PropertyValueSpecification","valueRequired":true,"valueName":"search_term_string"}}],"inLanguage":"es-CL"},{"@type":"Person","@id":"https:\/\/dev.explora.cl\/aysen\/#\/schema\/person\/cb8349c13ea2d324080adf8480d7ba5d","name":"webman","image":{"@type":"ImageObject","inLanguage":"es-CL","@id":"https:\/\/dev.explora.cl\/aysen\/#\/schema\/person\/image\/","url":"https:\/\/secure.gravatar.com\/avatar\/eeff3c82f2c02f7177d13663b7e6f890e9a6a0647ce9bb29cae02dcb094c7312?s=96&d=mm&r=g","contentUrl":"https:\/\/secure.gravatar.com\/avatar\/eeff3c82f2c02f7177d13663b7e6f890e9a6a0647ce9bb29cae02dcb094c7312?s=96&d=mm&r=g","caption":"webman"},"url":"https:\/\/dev.explora.cl\/aysen\/author\/webman\/"}]}},"_links":{"self":[{"href":"https:\/\/dev.explora.cl\/aysen\/wp-json\/wp\/v2\/posts\/37067","targetHints":{"allow":["GET"]}}],"collection":[{"href":"https:\/\/dev.explora.cl\/aysen\/wp-json\/wp\/v2\/posts"}],"about":[{"href":"https:\/\/dev.explora.cl\/aysen\/wp-json\/wp\/v2\/types\/post"}],"author":[{"embeddable":true,"href":"https:\/\/dev.explora.cl\/aysen\/wp-json\/wp\/v2\/users\/2"}],"replies":[{"embeddable":true,"href":"https:\/\/dev.explora.cl\/aysen\/wp-json\/wp\/v2\/comments?post=37067"}],"version-history":[{"count":1,"href":"https:\/\/dev.explora.cl\/aysen\/wp-json\/wp\/v2\/posts\/37067\/revisions"}],"predecessor-version":[{"id":37367,"href":"https:\/\/dev.explora.cl\/aysen\/wp-json\/wp\/v2\/posts\/37067\/revisions\/37367"}],"wp:featuredmedia":[{"embeddable":true,"href":"https:\/\/dev.explora.cl\/aysen\/wp-json\/wp\/v2\/media\/33781"}],"wp:attachment":[{"href":"https:\/\/dev.explora.cl\/aysen\/wp-json\/wp\/v2\/media?parent=37067"}],"wp:term":[{"taxonomy":"category","embeddable":true,"href":"https:\/\/dev.explora.cl\/aysen\/wp-json\/wp\/v2\/categories?post=37067"},{"taxonomy":"post_tag","embeddable":true,"href":"https:\/\/dev.explora.cl\/aysen\/wp-json\/wp\/v2\/tags?post=37067"}],"curies":[{"name":"wp","href":"https:\/\/api.w.org\/{rel}","templated":true}]}}