{"id":37065,"date":"2014-07-03T00:00:00","date_gmt":"2014-07-03T04:00:00","guid":{"rendered":"https:\/\/dev.explora.cl\/aysen\/blog\/2014\/07\/03\/proyecto-asociativo-explora-finaliza-exitosamente-taller-de-metodo-cientifico-con-escolares-de-la-region-de-aysen\/"},"modified":"2019-05-20T21:22:16","modified_gmt":"2019-05-20T21:22:16","slug":"proyecto-asociativo-explora-finaliza-exitosamente-taller-de-metodo-cientifico-con-escolares-de-la-region-de-aysen","status":"publish","type":"post","link":"https:\/\/dev.explora.cl\/aysen\/proyecto-asociativo-explora-finaliza-exitosamente-taller-de-metodo-cientifico-con-escolares-de-la-region-de-aysen\/","title":{"rendered":"Proyecto Asociativo EXPLORA finaliza exitosamente taller de m\u00e9todo cient\u00edfico con escolares de la regi\u00f3n de Ays\u00e9n."},"content":{"rendered":"<p><img loading=\"lazy\" decoding=\"async\" class=\" size-full wp-image-3693\" src=\"http:\/\/ec2-34-218-253-251.us-west-2.compute.amazonaws.com\/wp-content\/uploads\/2014\/07\/ecf37b9ee2f9f30add4846f9d8b9615d.jpg\" alt=\"\" width=\"800\" height=\"533\" \/><\/p>\n<p><span style=\"line-height: 1.3em\">El Proyecto Asociativo Regional EXPLORA CONICYT Regi\u00f3n de Ays\u00e9n, ejecutado por el Campus Patagonia de la Universidad Austral y el Centro de Investigaci\u00f3n en Ecosistemas de la Patagonia (CIEP), organizaron este \u201cTaller Experimental de Ciencias: entendiendo el m\u00e9todo cient\u00edfico\u201d en la ciudad de Coyhaique.<\/span><\/p>\n<p>En esta jornada final, los estudiantes presentaron los anteproyectos de Investigaci\u00f3n cient\u00edfica escolar ante una comisi\u00f3n de investigadores y pudieron recibir la retroalimentaci\u00f3n de estos profesionales, generar di\u00e1logo en torno a sus iniciativas e incorporar las observaciones para ajustar lo que ser\u00e1n sus proyectos definitivos, con miras al Congreso Regional de Ciencia y Tecnolog\u00eda. \u00a0\u00a0<\/p>\n<p>Los establecimientos educacionales que participaron fueron el Colegio Mater Dei, Liceo Bicentenario Altos del Mackay, Escuela Cerro Castillo, Colegio Bautista El Shaddai, Escuela Altamira, Colegio Diego Portales de Coyhaique, Colegio El Camino y Escuela Pedro Quintana Mancilla.<\/p>\n<p>Jorge Vel\u00e1zquez, alumno de la Escuela Baquedano, valor\u00f3 la actividad realizada por el PAR Explora Regi\u00f3n de Ays\u00e9n, calific\u00e1ndola como \u201cuna buena experiencia para poder compartir ideas con distintos cursos de diferentes escuelas\u201d. El joven estudiante nos coment\u00f3 el objetivo de su iniciativa: \u201cNuestro proyecto trata de aislar el calor para que se mantenga en la casa y se pueda tener a buena temperatura el hogar, las briquetas que proponemos fabricar a base de papel prensado, como elemento aislante, adem\u00e1s reducir\u00e1n la contaminaci\u00f3n\u201d.<\/p>\n<p>Pedro Matus, Director del Proyecto Asociativo Regional EXPLORA CONICYT Regi\u00f3n de Ays\u00e9n, \u00a0manifest\u00f3 su agrado por la diversidad de temas elegidos por los estudiantes. \u201cMuchas de las investigaciones planteadas responden a situaciones de inter\u00e9s local como contaminaci\u00f3n y biodiversidad que son lineamientos que cruzan nuestra agenda de desarrollo regional y nos mueven como comunidad al hora de desarrollarnos\u201d. Finalmente Matus concluy\u00f3: \u201cquedamos conformes y con buenas expectativas, los estudiantes quedan con un desaf\u00edo importante de trasformar sus iniciativas en conocimiento y soluciones que puedan llevar a cabo para que nuestro desarrollo como clubes de ciencia o proyectos cient\u00edficos nos ayuden en un futuro a motivar y entusiasmar a un n\u00famero mayor de estudiantes para que sigan este camino\u201d.<\/p>\n","protected":false},"excerpt":{"rendered":"<p>El Proyecto Asociativo Regional EXPLORA CONICYT Regi\u00f3n de Ays\u00e9n, ejecutado por el Campus Patagonia de la Universidad Austral y el Centro de Investigaci\u00f3n en Ecosistemas de la Patagonia (CIEP), organizaron este \u201cTaller Experimental de Ciencias: entendiendo el m\u00e9todo cient\u00edfico\u201d en la ciudad de Coyhaique. En esta jornada final, los estudiantes presentaron los anteproyectos de Investigaci\u00f3n [&hellip;]<\/p>\n","protected":false},"author":2,"featured_media":33779,"comment_status":"open","ping_status":"open","sticky":false,"template":"","format":"standard","meta":{"_acf_changed":false,"_exactmetrics_skip_tracking":false,"_exactmetrics_sitenote_active":false,"_exactmetrics_sitenote_note":"","_exactmetrics_sitenote_category":0,"footnotes":"","_links_to":"","_links_to_target":""},"categories":[4],"tags":[],"class_list":["post-37065","post","type-post","status-publish","format-standard","has-post-thumbnail","hentry","category-noticias"],"acf":[],"yoast_head":"<!-- This site is optimized with the Yoast SEO plugin v26.7 - https:\/\/yoast.com\/wordpress\/plugins\/seo\/ -->\n<title>Proyecto Asociativo EXPLORA finaliza exitosamente taller de m\u00e9todo cient\u00edfico con escolares de la regi\u00f3n de Ays\u00e9n. - Aysen<\/title>\n<meta name=\"robots\" content=\"index, follow, max-snippet:-1, max-image-preview:large, max-video-preview:-1\" \/>\n<link rel=\"canonical\" href=\"https:\/\/dev.explora.cl\/aysen\/proyecto-asociativo-explora-finaliza-exitosamente-taller-de-metodo-cientifico-con-escolares-de-la-region-de-aysen\/\" class=\"yoast-seo-meta-tag\" \/>\n<meta property=\"og:locale\" content=\"es_ES\" class=\"yoast-seo-meta-tag\" \/>\n<meta property=\"og:type\" content=\"article\" class=\"yoast-seo-meta-tag\" \/>\n<meta property=\"og:title\" content=\"Proyecto Asociativo EXPLORA finaliza exitosamente taller de m\u00e9todo cient\u00edfico con escolares de la regi\u00f3n de Ays\u00e9n. - Aysen\" class=\"yoast-seo-meta-tag\" \/>\n<meta property=\"og:description\" content=\"El Proyecto Asociativo Regional EXPLORA CONICYT Regi\u00f3n de Ays\u00e9n, ejecutado por el Campus Patagonia de la Universidad Austral y el Centro de Investigaci\u00f3n en Ecosistemas de la Patagonia (CIEP), organizaron este \u201cTaller Experimental de Ciencias: entendiendo el m\u00e9todo cient\u00edfico\u201d en la ciudad de Coyhaique. En esta jornada final, los estudiantes presentaron los anteproyectos de Investigaci\u00f3n [&hellip;]\" class=\"yoast-seo-meta-tag\" \/>\n<meta property=\"og:url\" content=\"https:\/\/dev.explora.cl\/aysen\/proyecto-asociativo-explora-finaliza-exitosamente-taller-de-metodo-cientifico-con-escolares-de-la-region-de-aysen\/\" class=\"yoast-seo-meta-tag\" \/>\n<meta property=\"og:site_name\" content=\"Aysen\" class=\"yoast-seo-meta-tag\" \/>\n<meta property=\"article:published_time\" content=\"2014-07-03T04:00:00+00:00\" class=\"yoast-seo-meta-tag\" \/>\n<meta property=\"article:modified_time\" content=\"2019-05-20T21:22:16+00:00\" class=\"yoast-seo-meta-tag\" \/>\n<meta property=\"og:image\" content=\"https:\/\/dev.explora.cl\/aysen\/wp-content\/uploads\/sites\/18\/2018\/06\/ecf37b9ee2f9f30add4846f9d8b9615d.jpg\" class=\"yoast-seo-meta-tag\" \/>\n\t<meta property=\"og:image:width\" content=\"800\" class=\"yoast-seo-meta-tag\" \/>\n\t<meta property=\"og:image:height\" content=\"533\" class=\"yoast-seo-meta-tag\" \/>\n\t<meta property=\"og:image:type\" content=\"image\/jpeg\" class=\"yoast-seo-meta-tag\" \/>\n<meta name=\"author\" content=\"webman\" class=\"yoast-seo-meta-tag\" \/>\n<meta name=\"twitter:card\" content=\"summary_large_image\" class=\"yoast-seo-meta-tag\" \/>\n<meta name=\"twitter:label1\" content=\"Escrito por\" class=\"yoast-seo-meta-tag\" \/>\n\t<meta name=\"twitter:data1\" content=\"webman\" class=\"yoast-seo-meta-tag\" \/>\n\t<meta name=\"twitter:label2\" content=\"Tiempo estimado de lectura\" class=\"yoast-seo-meta-tag\" \/>\n\t<meta name=\"twitter:data2\" content=\"2 minutos\" class=\"yoast-seo-meta-tag\" \/>\n<script type=\"application\/ld+json\" class=\"yoast-schema-graph\">{\"@context\":\"https:\/\/schema.org\",\"@graph\":[{\"@type\":\"Article\",\"@id\":\"https:\/\/dev.explora.cl\/aysen\/proyecto-asociativo-explora-finaliza-exitosamente-taller-de-metodo-cientifico-con-escolares-de-la-region-de-aysen\/#article\",\"isPartOf\":{\"@id\":\"https:\/\/dev.explora.cl\/aysen\/proyecto-asociativo-explora-finaliza-exitosamente-taller-de-metodo-cientifico-con-escolares-de-la-region-de-aysen\/\"},\"author\":{\"name\":\"webman\",\"@id\":\"https:\/\/dev.explora.cl\/aysen\/#\/schema\/person\/cb8349c13ea2d324080adf8480d7ba5d\"},\"headline\":\"Proyecto Asociativo EXPLORA finaliza exitosamente taller de m\u00e9todo cient\u00edfico con escolares de la regi\u00f3n de Ays\u00e9n.\",\"datePublished\":\"2014-07-03T04:00:00+00:00\",\"dateModified\":\"2019-05-20T21:22:16+00:00\",\"mainEntityOfPage\":{\"@id\":\"https:\/\/dev.explora.cl\/aysen\/proyecto-asociativo-explora-finaliza-exitosamente-taller-de-metodo-cientifico-con-escolares-de-la-region-de-aysen\/\"},\"wordCount\":382,\"commentCount\":0,\"image\":{\"@id\":\"https:\/\/dev.explora.cl\/aysen\/proyecto-asociativo-explora-finaliza-exitosamente-taller-de-metodo-cientifico-con-escolares-de-la-region-de-aysen\/#primaryimage\"},\"thumbnailUrl\":\"https:\/\/dev.explora.cl\/aysen\/wp-content\/uploads\/sites\/18\/2018\/06\/ecf37b9ee2f9f30add4846f9d8b9615d.jpg\",\"articleSection\":[\"Noticias\"],\"inLanguage\":\"es-CL\",\"potentialAction\":[{\"@type\":\"CommentAction\",\"name\":\"Comment\",\"target\":[\"https:\/\/dev.explora.cl\/aysen\/proyecto-asociativo-explora-finaliza-exitosamente-taller-de-metodo-cientifico-con-escolares-de-la-region-de-aysen\/#respond\"]}]},{\"@type\":\"WebPage\",\"@id\":\"https:\/\/dev.explora.cl\/aysen\/proyecto-asociativo-explora-finaliza-exitosamente-taller-de-metodo-cientifico-con-escolares-de-la-region-de-aysen\/\",\"url\":\"https:\/\/dev.explora.cl\/aysen\/proyecto-asociativo-explora-finaliza-exitosamente-taller-de-metodo-cientifico-con-escolares-de-la-region-de-aysen\/\",\"name\":\"Proyecto Asociativo EXPLORA finaliza exitosamente taller de m\u00e9todo cient\u00edfico con escolares de la regi\u00f3n de Ays\u00e9n. - Aysen\",\"isPartOf\":{\"@id\":\"https:\/\/dev.explora.cl\/aysen\/#website\"},\"primaryImageOfPage\":{\"@id\":\"https:\/\/dev.explora.cl\/aysen\/proyecto-asociativo-explora-finaliza-exitosamente-taller-de-metodo-cientifico-con-escolares-de-la-region-de-aysen\/#primaryimage\"},\"image\":{\"@id\":\"https:\/\/dev.explora.cl\/aysen\/proyecto-asociativo-explora-finaliza-exitosamente-taller-de-metodo-cientifico-con-escolares-de-la-region-de-aysen\/#primaryimage\"},\"thumbnailUrl\":\"https:\/\/dev.explora.cl\/aysen\/wp-content\/uploads\/sites\/18\/2018\/06\/ecf37b9ee2f9f30add4846f9d8b9615d.jpg\",\"datePublished\":\"2014-07-03T04:00:00+00:00\",\"dateModified\":\"2019-05-20T21:22:16+00:00\",\"author\":{\"@id\":\"https:\/\/dev.explora.cl\/aysen\/#\/schema\/person\/cb8349c13ea2d324080adf8480d7ba5d\"},\"breadcrumb\":{\"@id\":\"https:\/\/dev.explora.cl\/aysen\/proyecto-asociativo-explora-finaliza-exitosamente-taller-de-metodo-cientifico-con-escolares-de-la-region-de-aysen\/#breadcrumb\"},\"inLanguage\":\"es-CL\",\"potentialAction\":[{\"@type\":\"ReadAction\",\"target\":[\"https:\/\/dev.explora.cl\/aysen\/proyecto-asociativo-explora-finaliza-exitosamente-taller-de-metodo-cientifico-con-escolares-de-la-region-de-aysen\/\"]}]},{\"@type\":\"ImageObject\",\"inLanguage\":\"es-CL\",\"@id\":\"https:\/\/dev.explora.cl\/aysen\/proyecto-asociativo-explora-finaliza-exitosamente-taller-de-metodo-cientifico-con-escolares-de-la-region-de-aysen\/#primaryimage\",\"url\":\"https:\/\/dev.explora.cl\/aysen\/wp-content\/uploads\/sites\/18\/2018\/06\/ecf37b9ee2f9f30add4846f9d8b9615d.jpg\",\"contentUrl\":\"https:\/\/dev.explora.cl\/aysen\/wp-content\/uploads\/sites\/18\/2018\/06\/ecf37b9ee2f9f30add4846f9d8b9615d.jpg\",\"width\":800,\"height\":533},{\"@type\":\"BreadcrumbList\",\"@id\":\"https:\/\/dev.explora.cl\/aysen\/proyecto-asociativo-explora-finaliza-exitosamente-taller-de-metodo-cientifico-con-escolares-de-la-region-de-aysen\/#breadcrumb\",\"itemListElement\":[{\"@type\":\"ListItem\",\"position\":1,\"name\":\"Portada\",\"item\":\"https:\/\/dev.explora.cl\/aysen\/\"},{\"@type\":\"ListItem\",\"position\":2,\"name\":\"Proyecto Asociativo EXPLORA finaliza exitosamente taller de m\u00e9todo cient\u00edfico con escolares de la regi\u00f3n de Ays\u00e9n.\"}]},{\"@type\":\"WebSite\",\"@id\":\"https:\/\/dev.explora.cl\/aysen\/#website\",\"url\":\"https:\/\/dev.explora.cl\/aysen\/\",\"name\":\"Aysen\",\"description\":\"Otro sitio m\u00e1s de dev.explora.cl\",\"potentialAction\":[{\"@type\":\"SearchAction\",\"target\":{\"@type\":\"EntryPoint\",\"urlTemplate\":\"https:\/\/dev.explora.cl\/aysen\/?s={search_term_string}\"},\"query-input\":{\"@type\":\"PropertyValueSpecification\",\"valueRequired\":true,\"valueName\":\"search_term_string\"}}],\"inLanguage\":\"es-CL\"},{\"@type\":\"Person\",\"@id\":\"https:\/\/dev.explora.cl\/aysen\/#\/schema\/person\/cb8349c13ea2d324080adf8480d7ba5d\",\"name\":\"webman\",\"image\":{\"@type\":\"ImageObject\",\"inLanguage\":\"es-CL\",\"@id\":\"https:\/\/dev.explora.cl\/aysen\/#\/schema\/person\/image\/\",\"url\":\"https:\/\/secure.gravatar.com\/avatar\/eeff3c82f2c02f7177d13663b7e6f890e9a6a0647ce9bb29cae02dcb094c7312?s=96&d=mm&r=g\",\"contentUrl\":\"https:\/\/secure.gravatar.com\/avatar\/eeff3c82f2c02f7177d13663b7e6f890e9a6a0647ce9bb29cae02dcb094c7312?s=96&d=mm&r=g\",\"caption\":\"webman\"},\"url\":\"https:\/\/dev.explora.cl\/aysen\/author\/webman\/\"}]}<\/script>\n<!-- \/ Yoast SEO plugin. -->","yoast_head_json":{"title":"Proyecto Asociativo EXPLORA finaliza exitosamente taller de m\u00e9todo cient\u00edfico con escolares de la regi\u00f3n de Ays\u00e9n. - Aysen","robots":{"index":"index","follow":"follow","max-snippet":"max-snippet:-1","max-image-preview":"max-image-preview:large","max-video-preview":"max-video-preview:-1"},"canonical":"https:\/\/dev.explora.cl\/aysen\/proyecto-asociativo-explora-finaliza-exitosamente-taller-de-metodo-cientifico-con-escolares-de-la-region-de-aysen\/","og_locale":"es_ES","og_type":"article","og_title":"Proyecto Asociativo EXPLORA finaliza exitosamente taller de m\u00e9todo cient\u00edfico con escolares de la regi\u00f3n de Ays\u00e9n. - Aysen","og_description":"El Proyecto Asociativo Regional EXPLORA CONICYT Regi\u00f3n de Ays\u00e9n, ejecutado por el Campus Patagonia de la Universidad Austral y el Centro de Investigaci\u00f3n en Ecosistemas de la Patagonia (CIEP), organizaron este \u201cTaller Experimental de Ciencias: entendiendo el m\u00e9todo cient\u00edfico\u201d en la ciudad de Coyhaique. En esta jornada final, los estudiantes presentaron los anteproyectos de Investigaci\u00f3n [&hellip;]","og_url":"https:\/\/dev.explora.cl\/aysen\/proyecto-asociativo-explora-finaliza-exitosamente-taller-de-metodo-cientifico-con-escolares-de-la-region-de-aysen\/","og_site_name":"Aysen","article_published_time":"2014-07-03T04:00:00+00:00","article_modified_time":"2019-05-20T21:22:16+00:00","og_image":[{"width":800,"height":533,"url":"https:\/\/dev.explora.cl\/aysen\/wp-content\/uploads\/sites\/18\/2018\/06\/ecf37b9ee2f9f30add4846f9d8b9615d.jpg","type":"image\/jpeg"}],"author":"webman","twitter_card":"summary_large_image","twitter_misc":{"Escrito por":"webman","Tiempo estimado de lectura":"2 minutos"},"schema":{"@context":"https:\/\/schema.org","@graph":[{"@type":"Article","@id":"https:\/\/dev.explora.cl\/aysen\/proyecto-asociativo-explora-finaliza-exitosamente-taller-de-metodo-cientifico-con-escolares-de-la-region-de-aysen\/#article","isPartOf":{"@id":"https:\/\/dev.explora.cl\/aysen\/proyecto-asociativo-explora-finaliza-exitosamente-taller-de-metodo-cientifico-con-escolares-de-la-region-de-aysen\/"},"author":{"name":"webman","@id":"https:\/\/dev.explora.cl\/aysen\/#\/schema\/person\/cb8349c13ea2d324080adf8480d7ba5d"},"headline":"Proyecto Asociativo EXPLORA finaliza exitosamente taller de m\u00e9todo cient\u00edfico con escolares de la regi\u00f3n de Ays\u00e9n.","datePublished":"2014-07-03T04:00:00+00:00","dateModified":"2019-05-20T21:22:16+00:00","mainEntityOfPage":{"@id":"https:\/\/dev.explora.cl\/aysen\/proyecto-asociativo-explora-finaliza-exitosamente-taller-de-metodo-cientifico-con-escolares-de-la-region-de-aysen\/"},"wordCount":382,"commentCount":0,"image":{"@id":"https:\/\/dev.explora.cl\/aysen\/proyecto-asociativo-explora-finaliza-exitosamente-taller-de-metodo-cientifico-con-escolares-de-la-region-de-aysen\/#primaryimage"},"thumbnailUrl":"https:\/\/dev.explora.cl\/aysen\/wp-content\/uploads\/sites\/18\/2018\/06\/ecf37b9ee2f9f30add4846f9d8b9615d.jpg","articleSection":["Noticias"],"inLanguage":"es-CL","potentialAction":[{"@type":"CommentAction","name":"Comment","target":["https:\/\/dev.explora.cl\/aysen\/proyecto-asociativo-explora-finaliza-exitosamente-taller-de-metodo-cientifico-con-escolares-de-la-region-de-aysen\/#respond"]}]},{"@type":"WebPage","@id":"https:\/\/dev.explora.cl\/aysen\/proyecto-asociativo-explora-finaliza-exitosamente-taller-de-metodo-cientifico-con-escolares-de-la-region-de-aysen\/","url":"https:\/\/dev.explora.cl\/aysen\/proyecto-asociativo-explora-finaliza-exitosamente-taller-de-metodo-cientifico-con-escolares-de-la-region-de-aysen\/","name":"Proyecto Asociativo EXPLORA finaliza exitosamente taller de m\u00e9todo cient\u00edfico con escolares de la regi\u00f3n de Ays\u00e9n. - Aysen","isPartOf":{"@id":"https:\/\/dev.explora.cl\/aysen\/#website"},"primaryImageOfPage":{"@id":"https:\/\/dev.explora.cl\/aysen\/proyecto-asociativo-explora-finaliza-exitosamente-taller-de-metodo-cientifico-con-escolares-de-la-region-de-aysen\/#primaryimage"},"image":{"@id":"https:\/\/dev.explora.cl\/aysen\/proyecto-asociativo-explora-finaliza-exitosamente-taller-de-metodo-cientifico-con-escolares-de-la-region-de-aysen\/#primaryimage"},"thumbnailUrl":"https:\/\/dev.explora.cl\/aysen\/wp-content\/uploads\/sites\/18\/2018\/06\/ecf37b9ee2f9f30add4846f9d8b9615d.jpg","datePublished":"2014-07-03T04:00:00+00:00","dateModified":"2019-05-20T21:22:16+00:00","author":{"@id":"https:\/\/dev.explora.cl\/aysen\/#\/schema\/person\/cb8349c13ea2d324080adf8480d7ba5d"},"breadcrumb":{"@id":"https:\/\/dev.explora.cl\/aysen\/proyecto-asociativo-explora-finaliza-exitosamente-taller-de-metodo-cientifico-con-escolares-de-la-region-de-aysen\/#breadcrumb"},"inLanguage":"es-CL","potentialAction":[{"@type":"ReadAction","target":["https:\/\/dev.explora.cl\/aysen\/proyecto-asociativo-explora-finaliza-exitosamente-taller-de-metodo-cientifico-con-escolares-de-la-region-de-aysen\/"]}]},{"@type":"ImageObject","inLanguage":"es-CL","@id":"https:\/\/dev.explora.cl\/aysen\/proyecto-asociativo-explora-finaliza-exitosamente-taller-de-metodo-cientifico-con-escolares-de-la-region-de-aysen\/#primaryimage","url":"https:\/\/dev.explora.cl\/aysen\/wp-content\/uploads\/sites\/18\/2018\/06\/ecf37b9ee2f9f30add4846f9d8b9615d.jpg","contentUrl":"https:\/\/dev.explora.cl\/aysen\/wp-content\/uploads\/sites\/18\/2018\/06\/ecf37b9ee2f9f30add4846f9d8b9615d.jpg","width":800,"height":533},{"@type":"BreadcrumbList","@id":"https:\/\/dev.explora.cl\/aysen\/proyecto-asociativo-explora-finaliza-exitosamente-taller-de-metodo-cientifico-con-escolares-de-la-region-de-aysen\/#breadcrumb","itemListElement":[{"@type":"ListItem","position":1,"name":"Portada","item":"https:\/\/dev.explora.cl\/aysen\/"},{"@type":"ListItem","position":2,"name":"Proyecto Asociativo EXPLORA finaliza exitosamente taller de m\u00e9todo cient\u00edfico con escolares de la regi\u00f3n de Ays\u00e9n."}]},{"@type":"WebSite","@id":"https:\/\/dev.explora.cl\/aysen\/#website","url":"https:\/\/dev.explora.cl\/aysen\/","name":"Aysen","description":"Otro sitio m\u00e1s de dev.explora.cl","potentialAction":[{"@type":"SearchAction","target":{"@type":"EntryPoint","urlTemplate":"https:\/\/dev.explora.cl\/aysen\/?s={search_term_string}"},"query-input":{"@type":"PropertyValueSpecification","valueRequired":true,"valueName":"search_term_string"}}],"inLanguage":"es-CL"},{"@type":"Person","@id":"https:\/\/dev.explora.cl\/aysen\/#\/schema\/person\/cb8349c13ea2d324080adf8480d7ba5d","name":"webman","image":{"@type":"ImageObject","inLanguage":"es-CL","@id":"https:\/\/dev.explora.cl\/aysen\/#\/schema\/person\/image\/","url":"https:\/\/secure.gravatar.com\/avatar\/eeff3c82f2c02f7177d13663b7e6f890e9a6a0647ce9bb29cae02dcb094c7312?s=96&d=mm&r=g","contentUrl":"https:\/\/secure.gravatar.com\/avatar\/eeff3c82f2c02f7177d13663b7e6f890e9a6a0647ce9bb29cae02dcb094c7312?s=96&d=mm&r=g","caption":"webman"},"url":"https:\/\/dev.explora.cl\/aysen\/author\/webman\/"}]}},"_links":{"self":[{"href":"https:\/\/dev.explora.cl\/aysen\/wp-json\/wp\/v2\/posts\/37065","targetHints":{"allow":["GET"]}}],"collection":[{"href":"https:\/\/dev.explora.cl\/aysen\/wp-json\/wp\/v2\/posts"}],"about":[{"href":"https:\/\/dev.explora.cl\/aysen\/wp-json\/wp\/v2\/types\/post"}],"author":[{"embeddable":true,"href":"https:\/\/dev.explora.cl\/aysen\/wp-json\/wp\/v2\/users\/2"}],"replies":[{"embeddable":true,"href":"https:\/\/dev.explora.cl\/aysen\/wp-json\/wp\/v2\/comments?post=37065"}],"version-history":[{"count":1,"href":"https:\/\/dev.explora.cl\/aysen\/wp-json\/wp\/v2\/posts\/37065\/revisions"}],"predecessor-version":[{"id":37368,"href":"https:\/\/dev.explora.cl\/aysen\/wp-json\/wp\/v2\/posts\/37065\/revisions\/37368"}],"wp:featuredmedia":[{"embeddable":true,"href":"https:\/\/dev.explora.cl\/aysen\/wp-json\/wp\/v2\/media\/33779"}],"wp:attachment":[{"href":"https:\/\/dev.explora.cl\/aysen\/wp-json\/wp\/v2\/media?parent=37065"}],"wp:term":[{"taxonomy":"category","embeddable":true,"href":"https:\/\/dev.explora.cl\/aysen\/wp-json\/wp\/v2\/categories?post=37065"},{"taxonomy":"post_tag","embeddable":true,"href":"https:\/\/dev.explora.cl\/aysen\/wp-json\/wp\/v2\/tags?post=37065"}],"curies":[{"name":"wp","href":"https:\/\/api.w.org\/{rel}","templated":true}]}}