{"id":37062,"date":"2014-06-12T00:00:00","date_gmt":"2014-06-12T04:00:00","guid":{"rendered":"https:\/\/dev.explora.cl\/aysen\/blog\/2014\/06\/12\/proyecto-explora-realizo-la-primera-etapa-del-taller-de-metodo-cientifico-para-escolares-de-la-region-de-aysen\/"},"modified":"2019-05-20T21:22:18","modified_gmt":"2019-05-20T21:22:18","slug":"proyecto-explora-realizo-la-primera-etapa-del-taller-de-metodo-cientifico-para-escolares-de-la-region-de-aysen","status":"publish","type":"post","link":"https:\/\/dev.explora.cl\/aysen\/proyecto-explora-realizo-la-primera-etapa-del-taller-de-metodo-cientifico-para-escolares-de-la-region-de-aysen\/","title":{"rendered":"Proyecto EXPLORA realiz\u00f3 la primera etapa del taller de m\u00e9todo cient\u00edfico para escolares de la regi\u00f3n de Ays\u00e9n."},"content":{"rendered":"<p><img loading=\"lazy\" decoding=\"async\" class=\" size-full wp-image-3103\" src=\"http:\/\/ec2-34-218-253-251.us-west-2.compute.amazonaws.com\/wp-content\/uploads\/2014\/06\/9a34ce5041dde96a038887b0f6ca28bc.jpg\" alt=\"\" width=\"230\" height=\"153\" \/><\/p>\n<div style=\"color: #555555;font-family: Arial, sans-serif;font-size: 14px;line-height: 23px\">\n<div class=\"entry\" style=\"padding: 0px;margin: 0px;border: 0px none;line-height: 1.5;font-family: Raleway;font-size: 12px\">\n<div style=\"color: #444444;font-family: 'Trebuchet MS', sans-serif;font-size: 12px;line-height: 16px;text-align: justify\">\n<p style=\"margin-top: 10px;margin-bottom: 5px;color: #444444;font-family: 'Trebuchet MS', sans-serif;font-size: 12px;line-height: 16px\">El Proyecto Asociativo Regional EXPLORA CONICYT Regi\u00f3n de Ays\u00e9n, ejecutado por el Campus Patagonia de la Universidad Austral, junto con la colaboraci\u00f3n del Centro de Investigaci\u00f3n en Ecosistemas de la Patagonia (CIEP), organizan este \u201cSegundo Taller Experimental de Ciencias: entendiendo el m\u00e9todo cient\u00edfico\u201d en la ciudad de Coyhaique.<\/p>\n<p style=\"margin-top: 10px;margin-bottom: 5px;color: #444444;font-family: 'Trebuchet MS', sans-serif;font-size: 12px;line-height: 16px\">En esta instancia, ni\u00f1os y ni\u00f1as de ense\u00f1anza b\u00e1sica segundo ciclo y de ense\u00f1anza media de 1\u00b0 a 3\u00b0 junto a un profesor o profesora, desarrollan los proyectos de ciencia y tecnolog\u00eda para el Congreso Regional Escolar de Ciencia y Tecnolog\u00eda. Las pr\u00f3ximas sesiones de este taller se realizar\u00e1n el 18 y 25 de junio desde las 14:30 hasta las 16:30 horas en el Campus Patagonia UACh ubicado camino km. 4 camino a Coyhaique Alto.<\/p>\n<p style=\"margin-top: 10px;margin-bottom: 5px;color: #444444;font-family: 'Trebuchet MS', sans-serif;font-size: 12px;line-height: 16px\">Esta fue la primera de un total de tres sesiones que estar\u00e1n a cargo de las profesoras Dra. Ximena Valenzuela y Mg. Daniela San Juan junto a la participaci\u00f3n activa del equipo EXPLORA y el CIEP. El primer d\u00eda de taller se trabajar\u00e1 planteamiento de problemas e hip\u00f3tesis. Para la segunda sesi\u00f3n se realizar\u00e1 la experimentaci\u00f3n con sus correspondientes resultados y finalmente se presentaran los&nbsp; proyectos de Investigaci\u00f3n cient\u00edfica escolar.<\/p>\n<p style=\"margin-top: 10px;margin-bottom: 5px;color: #444444;font-family: 'Trebuchet MS', sans-serif;font-size: 12px;line-height: 16px\">Adriana G\u00e1lvez, profesora de la Escuela de Villa Cerro Castillo, valor\u00f3 la actividad y coment\u00f3 \u201clo encuentro sinceramente maravilloso, es una instancia que en la ruralidad en que nos encontramos nosotros como colegio no tenemos acceso a la instrumentar\u00eda de laboratorio, a realizar este tipo de actividades con personas capacitadas y especializadas en investigaci\u00f3n cient\u00edfica. Esto genera en nuestras alumnas que han participado genera la posibilidad de desarrollar habilidades cient\u00edficas\u201d.<\/p>\n<p style=\"margin-top: 10px;margin-bottom: 5px;color: #444444;font-family: 'Trebuchet MS', sans-serif;font-size: 12px;line-height: 16px\">Pedro Matus, Director del Proyecto Asociativo Regional EXPLORA CONICYT Regi\u00f3n de Ays\u00e9n, &nbsp;coment\u00f3 uno de los objetivos de esta actividad. \u201cBuscamos que tanto profesores como estudiantes consoliden los equipos de investigaci\u00f3n escolar en los distintos colegios y puedan planificar y ejecutar sus investigaciones con miras al Congreso Regional Escolar de Ciencia y Tecnolog\u00eda que se realizar\u00e1 en la Feria EXPLORAMA 2014 en Octubre y con ello que la calidad de los trabajos sea la \u00f3ptima\u201d.<\/p>\n<\/p><\/div>\n<\/p><\/div>\n<\/p><\/div>\n","protected":false},"excerpt":{"rendered":"<p>El Proyecto Asociativo Regional EXPLORA CONICYT Regi\u00f3n de Ays\u00e9n, ejecutado por el Campus Patagonia de la Universidad Austral, junto con la colaboraci\u00f3n del Centro de Investigaci\u00f3n en Ecosistemas de la Patagonia (CIEP), organizan este \u201cSegundo Taller Experimental de Ciencias: entendiendo el m\u00e9todo cient\u00edfico\u201d en la ciudad de Coyhaique. En esta instancia, ni\u00f1os y ni\u00f1as de [&hellip;]<\/p>\n","protected":false},"author":2,"featured_media":33776,"comment_status":"open","ping_status":"open","sticky":false,"template":"","format":"standard","meta":{"_acf_changed":false,"_exactmetrics_skip_tracking":false,"_exactmetrics_sitenote_active":false,"_exactmetrics_sitenote_note":"","_exactmetrics_sitenote_category":0,"footnotes":"","_links_to":"","_links_to_target":""},"categories":[4],"tags":[],"class_list":["post-37062","post","type-post","status-publish","format-standard","has-post-thumbnail","hentry","category-noticias"],"acf":[],"yoast_head":"<!-- This site is optimized with the Yoast SEO plugin v26.7 - https:\/\/yoast.com\/wordpress\/plugins\/seo\/ -->\n<title>Proyecto EXPLORA realiz\u00f3 la primera etapa del taller de m\u00e9todo cient\u00edfico para escolares de la regi\u00f3n de Ays\u00e9n. - Aysen<\/title>\n<meta name=\"robots\" content=\"index, follow, max-snippet:-1, max-image-preview:large, max-video-preview:-1\" \/>\n<link rel=\"canonical\" href=\"https:\/\/dev.explora.cl\/aysen\/proyecto-explora-realizo-la-primera-etapa-del-taller-de-metodo-cientifico-para-escolares-de-la-region-de-aysen\/\" class=\"yoast-seo-meta-tag\" \/>\n<meta property=\"og:locale\" content=\"es_ES\" class=\"yoast-seo-meta-tag\" \/>\n<meta property=\"og:type\" content=\"article\" class=\"yoast-seo-meta-tag\" \/>\n<meta property=\"og:title\" content=\"Proyecto EXPLORA realiz\u00f3 la primera etapa del taller de m\u00e9todo cient\u00edfico para escolares de la regi\u00f3n de Ays\u00e9n. - Aysen\" class=\"yoast-seo-meta-tag\" \/>\n<meta property=\"og:description\" content=\"El Proyecto Asociativo Regional EXPLORA CONICYT Regi\u00f3n de Ays\u00e9n, ejecutado por el Campus Patagonia de la Universidad Austral, junto con la colaboraci\u00f3n del Centro de Investigaci\u00f3n en Ecosistemas de la Patagonia (CIEP), organizan este \u201cSegundo Taller Experimental de Ciencias: entendiendo el m\u00e9todo cient\u00edfico\u201d en la ciudad de Coyhaique. En esta instancia, ni\u00f1os y ni\u00f1as de [&hellip;]\" class=\"yoast-seo-meta-tag\" \/>\n<meta property=\"og:url\" content=\"https:\/\/dev.explora.cl\/aysen\/proyecto-explora-realizo-la-primera-etapa-del-taller-de-metodo-cientifico-para-escolares-de-la-region-de-aysen\/\" class=\"yoast-seo-meta-tag\" \/>\n<meta property=\"og:site_name\" content=\"Aysen\" class=\"yoast-seo-meta-tag\" \/>\n<meta property=\"article:published_time\" content=\"2014-06-12T04:00:00+00:00\" class=\"yoast-seo-meta-tag\" \/>\n<meta property=\"article:modified_time\" content=\"2019-05-20T21:22:18+00:00\" class=\"yoast-seo-meta-tag\" \/>\n<meta property=\"og:image\" content=\"https:\/\/dev.explora.cl\/aysen\/wp-content\/uploads\/sites\/18\/2018\/06\/9a34ce5041dde96a038887b0f6ca28bc.jpg\" class=\"yoast-seo-meta-tag\" \/>\n\t<meta property=\"og:image:width\" content=\"230\" class=\"yoast-seo-meta-tag\" \/>\n\t<meta property=\"og:image:height\" content=\"153\" class=\"yoast-seo-meta-tag\" \/>\n\t<meta property=\"og:image:type\" content=\"image\/jpeg\" class=\"yoast-seo-meta-tag\" \/>\n<meta name=\"author\" content=\"webman\" class=\"yoast-seo-meta-tag\" \/>\n<meta name=\"twitter:card\" content=\"summary_large_image\" class=\"yoast-seo-meta-tag\" \/>\n<meta name=\"twitter:label1\" content=\"Escrito por\" class=\"yoast-seo-meta-tag\" \/>\n\t<meta name=\"twitter:data1\" content=\"webman\" class=\"yoast-seo-meta-tag\" \/>\n\t<meta name=\"twitter:label2\" content=\"Tiempo estimado de lectura\" class=\"yoast-seo-meta-tag\" \/>\n\t<meta name=\"twitter:data2\" content=\"2 minutos\" class=\"yoast-seo-meta-tag\" \/>\n<script type=\"application\/ld+json\" class=\"yoast-schema-graph\">{\"@context\":\"https:\/\/schema.org\",\"@graph\":[{\"@type\":\"Article\",\"@id\":\"https:\/\/dev.explora.cl\/aysen\/proyecto-explora-realizo-la-primera-etapa-del-taller-de-metodo-cientifico-para-escolares-de-la-region-de-aysen\/#article\",\"isPartOf\":{\"@id\":\"https:\/\/dev.explora.cl\/aysen\/proyecto-explora-realizo-la-primera-etapa-del-taller-de-metodo-cientifico-para-escolares-de-la-region-de-aysen\/\"},\"author\":{\"name\":\"webman\",\"@id\":\"https:\/\/dev.explora.cl\/aysen\/#\/schema\/person\/cb8349c13ea2d324080adf8480d7ba5d\"},\"headline\":\"Proyecto EXPLORA realiz\u00f3 la primera etapa del taller de m\u00e9todo cient\u00edfico para escolares de la regi\u00f3n de Ays\u00e9n.\",\"datePublished\":\"2014-06-12T04:00:00+00:00\",\"dateModified\":\"2019-05-20T21:22:18+00:00\",\"mainEntityOfPage\":{\"@id\":\"https:\/\/dev.explora.cl\/aysen\/proyecto-explora-realizo-la-primera-etapa-del-taller-de-metodo-cientifico-para-escolares-de-la-region-de-aysen\/\"},\"wordCount\":386,\"commentCount\":0,\"image\":{\"@id\":\"https:\/\/dev.explora.cl\/aysen\/proyecto-explora-realizo-la-primera-etapa-del-taller-de-metodo-cientifico-para-escolares-de-la-region-de-aysen\/#primaryimage\"},\"thumbnailUrl\":\"https:\/\/dev.explora.cl\/aysen\/wp-content\/uploads\/sites\/18\/2018\/06\/9a34ce5041dde96a038887b0f6ca28bc.jpg\",\"articleSection\":[\"Noticias\"],\"inLanguage\":\"es-CL\",\"potentialAction\":[{\"@type\":\"CommentAction\",\"name\":\"Comment\",\"target\":[\"https:\/\/dev.explora.cl\/aysen\/proyecto-explora-realizo-la-primera-etapa-del-taller-de-metodo-cientifico-para-escolares-de-la-region-de-aysen\/#respond\"]}]},{\"@type\":\"WebPage\",\"@id\":\"https:\/\/dev.explora.cl\/aysen\/proyecto-explora-realizo-la-primera-etapa-del-taller-de-metodo-cientifico-para-escolares-de-la-region-de-aysen\/\",\"url\":\"https:\/\/dev.explora.cl\/aysen\/proyecto-explora-realizo-la-primera-etapa-del-taller-de-metodo-cientifico-para-escolares-de-la-region-de-aysen\/\",\"name\":\"Proyecto EXPLORA realiz\u00f3 la primera etapa del taller de m\u00e9todo cient\u00edfico para escolares de la regi\u00f3n de Ays\u00e9n. - Aysen\",\"isPartOf\":{\"@id\":\"https:\/\/dev.explora.cl\/aysen\/#website\"},\"primaryImageOfPage\":{\"@id\":\"https:\/\/dev.explora.cl\/aysen\/proyecto-explora-realizo-la-primera-etapa-del-taller-de-metodo-cientifico-para-escolares-de-la-region-de-aysen\/#primaryimage\"},\"image\":{\"@id\":\"https:\/\/dev.explora.cl\/aysen\/proyecto-explora-realizo-la-primera-etapa-del-taller-de-metodo-cientifico-para-escolares-de-la-region-de-aysen\/#primaryimage\"},\"thumbnailUrl\":\"https:\/\/dev.explora.cl\/aysen\/wp-content\/uploads\/sites\/18\/2018\/06\/9a34ce5041dde96a038887b0f6ca28bc.jpg\",\"datePublished\":\"2014-06-12T04:00:00+00:00\",\"dateModified\":\"2019-05-20T21:22:18+00:00\",\"author\":{\"@id\":\"https:\/\/dev.explora.cl\/aysen\/#\/schema\/person\/cb8349c13ea2d324080adf8480d7ba5d\"},\"breadcrumb\":{\"@id\":\"https:\/\/dev.explora.cl\/aysen\/proyecto-explora-realizo-la-primera-etapa-del-taller-de-metodo-cientifico-para-escolares-de-la-region-de-aysen\/#breadcrumb\"},\"inLanguage\":\"es-CL\",\"potentialAction\":[{\"@type\":\"ReadAction\",\"target\":[\"https:\/\/dev.explora.cl\/aysen\/proyecto-explora-realizo-la-primera-etapa-del-taller-de-metodo-cientifico-para-escolares-de-la-region-de-aysen\/\"]}]},{\"@type\":\"ImageObject\",\"inLanguage\":\"es-CL\",\"@id\":\"https:\/\/dev.explora.cl\/aysen\/proyecto-explora-realizo-la-primera-etapa-del-taller-de-metodo-cientifico-para-escolares-de-la-region-de-aysen\/#primaryimage\",\"url\":\"https:\/\/dev.explora.cl\/aysen\/wp-content\/uploads\/sites\/18\/2018\/06\/9a34ce5041dde96a038887b0f6ca28bc.jpg\",\"contentUrl\":\"https:\/\/dev.explora.cl\/aysen\/wp-content\/uploads\/sites\/18\/2018\/06\/9a34ce5041dde96a038887b0f6ca28bc.jpg\",\"width\":230,\"height\":153},{\"@type\":\"BreadcrumbList\",\"@id\":\"https:\/\/dev.explora.cl\/aysen\/proyecto-explora-realizo-la-primera-etapa-del-taller-de-metodo-cientifico-para-escolares-de-la-region-de-aysen\/#breadcrumb\",\"itemListElement\":[{\"@type\":\"ListItem\",\"position\":1,\"name\":\"Portada\",\"item\":\"https:\/\/dev.explora.cl\/aysen\/\"},{\"@type\":\"ListItem\",\"position\":2,\"name\":\"Proyecto EXPLORA realiz\u00f3 la primera etapa del taller de m\u00e9todo cient\u00edfico para escolares de la regi\u00f3n de Ays\u00e9n.\"}]},{\"@type\":\"WebSite\",\"@id\":\"https:\/\/dev.explora.cl\/aysen\/#website\",\"url\":\"https:\/\/dev.explora.cl\/aysen\/\",\"name\":\"Aysen\",\"description\":\"Otro sitio m\u00e1s de dev.explora.cl\",\"potentialAction\":[{\"@type\":\"SearchAction\",\"target\":{\"@type\":\"EntryPoint\",\"urlTemplate\":\"https:\/\/dev.explora.cl\/aysen\/?s={search_term_string}\"},\"query-input\":{\"@type\":\"PropertyValueSpecification\",\"valueRequired\":true,\"valueName\":\"search_term_string\"}}],\"inLanguage\":\"es-CL\"},{\"@type\":\"Person\",\"@id\":\"https:\/\/dev.explora.cl\/aysen\/#\/schema\/person\/cb8349c13ea2d324080adf8480d7ba5d\",\"name\":\"webman\",\"image\":{\"@type\":\"ImageObject\",\"inLanguage\":\"es-CL\",\"@id\":\"https:\/\/dev.explora.cl\/aysen\/#\/schema\/person\/image\/\",\"url\":\"https:\/\/secure.gravatar.com\/avatar\/eeff3c82f2c02f7177d13663b7e6f890e9a6a0647ce9bb29cae02dcb094c7312?s=96&d=mm&r=g\",\"contentUrl\":\"https:\/\/secure.gravatar.com\/avatar\/eeff3c82f2c02f7177d13663b7e6f890e9a6a0647ce9bb29cae02dcb094c7312?s=96&d=mm&r=g\",\"caption\":\"webman\"},\"url\":\"https:\/\/dev.explora.cl\/aysen\/author\/webman\/\"}]}<\/script>\n<!-- \/ Yoast SEO plugin. -->","yoast_head_json":{"title":"Proyecto EXPLORA realiz\u00f3 la primera etapa del taller de m\u00e9todo cient\u00edfico para escolares de la regi\u00f3n de Ays\u00e9n. - Aysen","robots":{"index":"index","follow":"follow","max-snippet":"max-snippet:-1","max-image-preview":"max-image-preview:large","max-video-preview":"max-video-preview:-1"},"canonical":"https:\/\/dev.explora.cl\/aysen\/proyecto-explora-realizo-la-primera-etapa-del-taller-de-metodo-cientifico-para-escolares-de-la-region-de-aysen\/","og_locale":"es_ES","og_type":"article","og_title":"Proyecto EXPLORA realiz\u00f3 la primera etapa del taller de m\u00e9todo cient\u00edfico para escolares de la regi\u00f3n de Ays\u00e9n. - Aysen","og_description":"El Proyecto Asociativo Regional EXPLORA CONICYT Regi\u00f3n de Ays\u00e9n, ejecutado por el Campus Patagonia de la Universidad Austral, junto con la colaboraci\u00f3n del Centro de Investigaci\u00f3n en Ecosistemas de la Patagonia (CIEP), organizan este \u201cSegundo Taller Experimental de Ciencias: entendiendo el m\u00e9todo cient\u00edfico\u201d en la ciudad de Coyhaique. En esta instancia, ni\u00f1os y ni\u00f1as de [&hellip;]","og_url":"https:\/\/dev.explora.cl\/aysen\/proyecto-explora-realizo-la-primera-etapa-del-taller-de-metodo-cientifico-para-escolares-de-la-region-de-aysen\/","og_site_name":"Aysen","article_published_time":"2014-06-12T04:00:00+00:00","article_modified_time":"2019-05-20T21:22:18+00:00","og_image":[{"width":230,"height":153,"url":"https:\/\/dev.explora.cl\/aysen\/wp-content\/uploads\/sites\/18\/2018\/06\/9a34ce5041dde96a038887b0f6ca28bc.jpg","type":"image\/jpeg"}],"author":"webman","twitter_card":"summary_large_image","twitter_misc":{"Escrito por":"webman","Tiempo estimado de lectura":"2 minutos"},"schema":{"@context":"https:\/\/schema.org","@graph":[{"@type":"Article","@id":"https:\/\/dev.explora.cl\/aysen\/proyecto-explora-realizo-la-primera-etapa-del-taller-de-metodo-cientifico-para-escolares-de-la-region-de-aysen\/#article","isPartOf":{"@id":"https:\/\/dev.explora.cl\/aysen\/proyecto-explora-realizo-la-primera-etapa-del-taller-de-metodo-cientifico-para-escolares-de-la-region-de-aysen\/"},"author":{"name":"webman","@id":"https:\/\/dev.explora.cl\/aysen\/#\/schema\/person\/cb8349c13ea2d324080adf8480d7ba5d"},"headline":"Proyecto EXPLORA realiz\u00f3 la primera etapa del taller de m\u00e9todo cient\u00edfico para escolares de la regi\u00f3n de Ays\u00e9n.","datePublished":"2014-06-12T04:00:00+00:00","dateModified":"2019-05-20T21:22:18+00:00","mainEntityOfPage":{"@id":"https:\/\/dev.explora.cl\/aysen\/proyecto-explora-realizo-la-primera-etapa-del-taller-de-metodo-cientifico-para-escolares-de-la-region-de-aysen\/"},"wordCount":386,"commentCount":0,"image":{"@id":"https:\/\/dev.explora.cl\/aysen\/proyecto-explora-realizo-la-primera-etapa-del-taller-de-metodo-cientifico-para-escolares-de-la-region-de-aysen\/#primaryimage"},"thumbnailUrl":"https:\/\/dev.explora.cl\/aysen\/wp-content\/uploads\/sites\/18\/2018\/06\/9a34ce5041dde96a038887b0f6ca28bc.jpg","articleSection":["Noticias"],"inLanguage":"es-CL","potentialAction":[{"@type":"CommentAction","name":"Comment","target":["https:\/\/dev.explora.cl\/aysen\/proyecto-explora-realizo-la-primera-etapa-del-taller-de-metodo-cientifico-para-escolares-de-la-region-de-aysen\/#respond"]}]},{"@type":"WebPage","@id":"https:\/\/dev.explora.cl\/aysen\/proyecto-explora-realizo-la-primera-etapa-del-taller-de-metodo-cientifico-para-escolares-de-la-region-de-aysen\/","url":"https:\/\/dev.explora.cl\/aysen\/proyecto-explora-realizo-la-primera-etapa-del-taller-de-metodo-cientifico-para-escolares-de-la-region-de-aysen\/","name":"Proyecto EXPLORA realiz\u00f3 la primera etapa del taller de m\u00e9todo cient\u00edfico para escolares de la regi\u00f3n de Ays\u00e9n. - Aysen","isPartOf":{"@id":"https:\/\/dev.explora.cl\/aysen\/#website"},"primaryImageOfPage":{"@id":"https:\/\/dev.explora.cl\/aysen\/proyecto-explora-realizo-la-primera-etapa-del-taller-de-metodo-cientifico-para-escolares-de-la-region-de-aysen\/#primaryimage"},"image":{"@id":"https:\/\/dev.explora.cl\/aysen\/proyecto-explora-realizo-la-primera-etapa-del-taller-de-metodo-cientifico-para-escolares-de-la-region-de-aysen\/#primaryimage"},"thumbnailUrl":"https:\/\/dev.explora.cl\/aysen\/wp-content\/uploads\/sites\/18\/2018\/06\/9a34ce5041dde96a038887b0f6ca28bc.jpg","datePublished":"2014-06-12T04:00:00+00:00","dateModified":"2019-05-20T21:22:18+00:00","author":{"@id":"https:\/\/dev.explora.cl\/aysen\/#\/schema\/person\/cb8349c13ea2d324080adf8480d7ba5d"},"breadcrumb":{"@id":"https:\/\/dev.explora.cl\/aysen\/proyecto-explora-realizo-la-primera-etapa-del-taller-de-metodo-cientifico-para-escolares-de-la-region-de-aysen\/#breadcrumb"},"inLanguage":"es-CL","potentialAction":[{"@type":"ReadAction","target":["https:\/\/dev.explora.cl\/aysen\/proyecto-explora-realizo-la-primera-etapa-del-taller-de-metodo-cientifico-para-escolares-de-la-region-de-aysen\/"]}]},{"@type":"ImageObject","inLanguage":"es-CL","@id":"https:\/\/dev.explora.cl\/aysen\/proyecto-explora-realizo-la-primera-etapa-del-taller-de-metodo-cientifico-para-escolares-de-la-region-de-aysen\/#primaryimage","url":"https:\/\/dev.explora.cl\/aysen\/wp-content\/uploads\/sites\/18\/2018\/06\/9a34ce5041dde96a038887b0f6ca28bc.jpg","contentUrl":"https:\/\/dev.explora.cl\/aysen\/wp-content\/uploads\/sites\/18\/2018\/06\/9a34ce5041dde96a038887b0f6ca28bc.jpg","width":230,"height":153},{"@type":"BreadcrumbList","@id":"https:\/\/dev.explora.cl\/aysen\/proyecto-explora-realizo-la-primera-etapa-del-taller-de-metodo-cientifico-para-escolares-de-la-region-de-aysen\/#breadcrumb","itemListElement":[{"@type":"ListItem","position":1,"name":"Portada","item":"https:\/\/dev.explora.cl\/aysen\/"},{"@type":"ListItem","position":2,"name":"Proyecto EXPLORA realiz\u00f3 la primera etapa del taller de m\u00e9todo cient\u00edfico para escolares de la regi\u00f3n de Ays\u00e9n."}]},{"@type":"WebSite","@id":"https:\/\/dev.explora.cl\/aysen\/#website","url":"https:\/\/dev.explora.cl\/aysen\/","name":"Aysen","description":"Otro sitio m\u00e1s de dev.explora.cl","potentialAction":[{"@type":"SearchAction","target":{"@type":"EntryPoint","urlTemplate":"https:\/\/dev.explora.cl\/aysen\/?s={search_term_string}"},"query-input":{"@type":"PropertyValueSpecification","valueRequired":true,"valueName":"search_term_string"}}],"inLanguage":"es-CL"},{"@type":"Person","@id":"https:\/\/dev.explora.cl\/aysen\/#\/schema\/person\/cb8349c13ea2d324080adf8480d7ba5d","name":"webman","image":{"@type":"ImageObject","inLanguage":"es-CL","@id":"https:\/\/dev.explora.cl\/aysen\/#\/schema\/person\/image\/","url":"https:\/\/secure.gravatar.com\/avatar\/eeff3c82f2c02f7177d13663b7e6f890e9a6a0647ce9bb29cae02dcb094c7312?s=96&d=mm&r=g","contentUrl":"https:\/\/secure.gravatar.com\/avatar\/eeff3c82f2c02f7177d13663b7e6f890e9a6a0647ce9bb29cae02dcb094c7312?s=96&d=mm&r=g","caption":"webman"},"url":"https:\/\/dev.explora.cl\/aysen\/author\/webman\/"}]}},"_links":{"self":[{"href":"https:\/\/dev.explora.cl\/aysen\/wp-json\/wp\/v2\/posts\/37062","targetHints":{"allow":["GET"]}}],"collection":[{"href":"https:\/\/dev.explora.cl\/aysen\/wp-json\/wp\/v2\/posts"}],"about":[{"href":"https:\/\/dev.explora.cl\/aysen\/wp-json\/wp\/v2\/types\/post"}],"author":[{"embeddable":true,"href":"https:\/\/dev.explora.cl\/aysen\/wp-json\/wp\/v2\/users\/2"}],"replies":[{"embeddable":true,"href":"https:\/\/dev.explora.cl\/aysen\/wp-json\/wp\/v2\/comments?post=37062"}],"version-history":[{"count":1,"href":"https:\/\/dev.explora.cl\/aysen\/wp-json\/wp\/v2\/posts\/37062\/revisions"}],"predecessor-version":[{"id":37372,"href":"https:\/\/dev.explora.cl\/aysen\/wp-json\/wp\/v2\/posts\/37062\/revisions\/37372"}],"wp:featuredmedia":[{"embeddable":true,"href":"https:\/\/dev.explora.cl\/aysen\/wp-json\/wp\/v2\/media\/33776"}],"wp:attachment":[{"href":"https:\/\/dev.explora.cl\/aysen\/wp-json\/wp\/v2\/media?parent=37062"}],"wp:term":[{"taxonomy":"category","embeddable":true,"href":"https:\/\/dev.explora.cl\/aysen\/wp-json\/wp\/v2\/categories?post=37062"},{"taxonomy":"post_tag","embeddable":true,"href":"https:\/\/dev.explora.cl\/aysen\/wp-json\/wp\/v2\/tags?post=37062"}],"curies":[{"name":"wp","href":"https:\/\/api.w.org\/{rel}","templated":true}]}}