{"id":37060,"date":"2014-06-11T00:00:00","date_gmt":"2014-06-11T04:00:00","guid":{"rendered":"https:\/\/dev.explora.cl\/aysen\/blog\/2014\/06\/11\/proyecto-explora-presento-obra-de-teatro-para-concientizar-a-ninos-y-ninas-sobre-el-peligro-de-la-marea-roja\/"},"modified":"2019-05-20T21:22:20","modified_gmt":"2019-05-20T21:22:20","slug":"proyecto-explora-presento-obra-de-teatro-para-concientizar-a-ninos-y-ninas-sobre-el-peligro-de-la-marea-roja","status":"publish","type":"post","link":"https:\/\/dev.explora.cl\/aysen\/proyecto-explora-presento-obra-de-teatro-para-concientizar-a-ninos-y-ninas-sobre-el-peligro-de-la-marea-roja\/","title":{"rendered":"PAR EXPLORA present\u00f3 obra de teatro para concientizar a ni\u00f1os y ni\u00f1as sobre el peligro de la marea roja."},"content":{"rendered":"<p><img loading=\"lazy\" decoding=\"async\" class=\" size-full wp-image-3008\" src=\"http:\/\/ec2-34-218-253-251.us-west-2.compute.amazonaws.com\/wp-content\/uploads\/2014\/06\/1d1ab7e5e1d373f375dff9ccf493c952.jpg\" alt=\"\" width=\"230\" height=\"153\" \/><\/p>\n<div style=\"color: #555555;font-family: Arial, sans-serif;font-size: 14px;line-height: 23px\">\n<div class=\"entry\" style=\"padding: 0px;margin: 0px;border: 0px none;line-height: 1.5;font-family: Raleway;font-size: 12px\">\n<p style=\"margin-top: 10px;margin-bottom: 5px;color: #444444;font-family: 'Trebuchet MS', sans-serif;font-size: 12px;line-height: 16px\">El Proyecto asociativo regional EXPLORA CONICYT Ays\u00e9n, ejecutado por el Campus Patagonia de la Universidad Austral de Chile y el CIEP, present\u00f3 en el auditorio del Centro Cultural Coyhaique, la obra de teatro \u201cEl Pirata Marea Roja\u201d dirigida a cursos de primer ciclo de ense\u00f1anza b\u00e1sica.<\/p>\n<p style=\"margin-top: 10px;margin-bottom: 5px;color: #444444;font-family: 'Trebuchet MS', sans-serif;font-size: 12px;line-height: 16px\">A la actividad asistieron m\u00e1s de 200 ni\u00f1os y ni\u00f1as pertenecientes a distintos establecimientos educacionales de Coyhaique. Estuvieron presentes alumnos de la Escuela Pedro Quintana Mansilla, Escuela Baquedano, Centro Integral Alborada, Colegio Mater Dei, Colegio El Shaddai, Escuela Altamira, Colegio Sagrada Familia y Colegio El Camino.<\/p>\n<p style=\"margin-top: 10px;margin-bottom: 5px;color: #444444;font-family: 'Trebuchet MS', sans-serif;font-size: 12px;line-height: 16px\">El objetivo de la actividad fue mostrar y concientizar a los ni\u00f1os y ni\u00f1as sobre el peligro de consumir mariscos con marea roja con a trav\u00e9s de una obra de teatro orientada a las edades de los estudiantes que participaron de la iniciativa.<\/p>\n<p style=\"margin-top: 10px;margin-bottom: 5px;color: #444444;font-family: 'Trebuchet MS', sans-serif;font-size: 12px;line-height: 16px\">Camilo Mu\u00f1oz, Alumno del Colegio Alborada, coment\u00f3 que la obra le pareci\u00f3 entretenida y que se divirti\u00f3 harto con los personajes. Adem\u00e1s el peque\u00f1o asistente asegur\u00f3 que aprendi\u00f3 la importancia de comprar mariscos donde sea legal para no correr el riesgo de consumir productos con marea roja.<\/p>\n<p style=\"margin-top: 10px;margin-bottom: 5px;color: #444444;font-family: 'Trebuchet MS', sans-serif;font-size: 12px;line-height: 16px\">Desde el Proyecto Asociativo Regional EXPLORA Ays\u00e9n, Su Director Pedro Matus agreg\u00f3 que \u201ca prop\u00f3sito del tema del a\u00f1o, , se quiere destacar la importancia de c\u00f3mo el conocimiento generado nos sirve para aplicarlo a la resoluci\u00f3n de los problemas que nos impone la naturaleza y hoy hemos mostrado a los ni\u00f1os algo de la aplicaci\u00f3n de ese conocimiento de manera l\u00fadica y entretenida, mezclando la ciencia con el arte y este caso el teatro\u201d.<\/p>\n<\/p><\/div>\n<\/p><\/div>\n","protected":false},"excerpt":{"rendered":"<p>El Proyecto asociativo regional EXPLORA CONICYT Ays\u00e9n, ejecutado por el Campus Patagonia de la Universidad Austral de Chile y el CIEP, present\u00f3 en el auditorio del Centro Cultural Coyhaique, la obra de teatro \u201cEl Pirata Marea Roja\u201d dirigida a cursos de primer ciclo de ense\u00f1anza b\u00e1sica. A la actividad asistieron m\u00e1s de 200 ni\u00f1os y [&hellip;]<\/p>\n","protected":false},"author":2,"featured_media":33774,"comment_status":"open","ping_status":"open","sticky":false,"template":"","format":"standard","meta":{"_acf_changed":false,"_exactmetrics_skip_tracking":false,"_exactmetrics_sitenote_active":false,"_exactmetrics_sitenote_note":"","_exactmetrics_sitenote_category":0,"footnotes":"","_links_to":"","_links_to_target":""},"categories":[4],"tags":[],"class_list":["post-37060","post","type-post","status-publish","format-standard","has-post-thumbnail","hentry","category-noticias"],"acf":[],"yoast_head":"<!-- This site is optimized with the Yoast SEO plugin v26.7 - https:\/\/yoast.com\/wordpress\/plugins\/seo\/ -->\n<title>PAR EXPLORA present\u00f3 obra de teatro para concientizar a ni\u00f1os y ni\u00f1as sobre el peligro de la marea roja. - Aysen<\/title>\n<meta name=\"robots\" content=\"index, follow, max-snippet:-1, max-image-preview:large, max-video-preview:-1\" \/>\n<link rel=\"canonical\" href=\"https:\/\/dev.explora.cl\/aysen\/proyecto-explora-presento-obra-de-teatro-para-concientizar-a-ninos-y-ninas-sobre-el-peligro-de-la-marea-roja\/\" class=\"yoast-seo-meta-tag\" \/>\n<meta property=\"og:locale\" content=\"es_ES\" class=\"yoast-seo-meta-tag\" \/>\n<meta property=\"og:type\" content=\"article\" class=\"yoast-seo-meta-tag\" \/>\n<meta property=\"og:title\" content=\"PAR EXPLORA present\u00f3 obra de teatro para concientizar a ni\u00f1os y ni\u00f1as sobre el peligro de la marea roja. - Aysen\" class=\"yoast-seo-meta-tag\" \/>\n<meta property=\"og:description\" content=\"El Proyecto asociativo regional EXPLORA CONICYT Ays\u00e9n, ejecutado por el Campus Patagonia de la Universidad Austral de Chile y el CIEP, present\u00f3 en el auditorio del Centro Cultural Coyhaique, la obra de teatro \u201cEl Pirata Marea Roja\u201d dirigida a cursos de primer ciclo de ense\u00f1anza b\u00e1sica. A la actividad asistieron m\u00e1s de 200 ni\u00f1os y [&hellip;]\" class=\"yoast-seo-meta-tag\" \/>\n<meta property=\"og:url\" content=\"https:\/\/dev.explora.cl\/aysen\/proyecto-explora-presento-obra-de-teatro-para-concientizar-a-ninos-y-ninas-sobre-el-peligro-de-la-marea-roja\/\" class=\"yoast-seo-meta-tag\" \/>\n<meta property=\"og:site_name\" content=\"Aysen\" class=\"yoast-seo-meta-tag\" \/>\n<meta property=\"article:published_time\" content=\"2014-06-11T04:00:00+00:00\" class=\"yoast-seo-meta-tag\" \/>\n<meta property=\"article:modified_time\" content=\"2019-05-20T21:22:20+00:00\" class=\"yoast-seo-meta-tag\" \/>\n<meta property=\"og:image\" content=\"https:\/\/dev.explora.cl\/aysen\/wp-content\/uploads\/sites\/18\/2018\/06\/1d1ab7e5e1d373f375dff9ccf493c952.jpg\" class=\"yoast-seo-meta-tag\" \/>\n\t<meta property=\"og:image:width\" content=\"230\" class=\"yoast-seo-meta-tag\" \/>\n\t<meta property=\"og:image:height\" content=\"153\" class=\"yoast-seo-meta-tag\" \/>\n\t<meta property=\"og:image:type\" content=\"image\/jpeg\" class=\"yoast-seo-meta-tag\" \/>\n<meta name=\"author\" content=\"webman\" class=\"yoast-seo-meta-tag\" \/>\n<meta name=\"twitter:card\" content=\"summary_large_image\" class=\"yoast-seo-meta-tag\" \/>\n<meta name=\"twitter:label1\" content=\"Escrito por\" class=\"yoast-seo-meta-tag\" \/>\n\t<meta name=\"twitter:data1\" content=\"webman\" class=\"yoast-seo-meta-tag\" \/>\n\t<meta name=\"twitter:label2\" content=\"Tiempo estimado de lectura\" class=\"yoast-seo-meta-tag\" \/>\n\t<meta name=\"twitter:data2\" content=\"1 minuto\" class=\"yoast-seo-meta-tag\" \/>\n<script type=\"application\/ld+json\" class=\"yoast-schema-graph\">{\"@context\":\"https:\/\/schema.org\",\"@graph\":[{\"@type\":\"Article\",\"@id\":\"https:\/\/dev.explora.cl\/aysen\/proyecto-explora-presento-obra-de-teatro-para-concientizar-a-ninos-y-ninas-sobre-el-peligro-de-la-marea-roja\/#article\",\"isPartOf\":{\"@id\":\"https:\/\/dev.explora.cl\/aysen\/proyecto-explora-presento-obra-de-teatro-para-concientizar-a-ninos-y-ninas-sobre-el-peligro-de-la-marea-roja\/\"},\"author\":{\"name\":\"webman\",\"@id\":\"https:\/\/dev.explora.cl\/aysen\/#\/schema\/person\/cb8349c13ea2d324080adf8480d7ba5d\"},\"headline\":\"PAR EXPLORA present\u00f3 obra de teatro para concientizar a ni\u00f1os y ni\u00f1as sobre el peligro de la marea roja.\",\"datePublished\":\"2014-06-11T04:00:00+00:00\",\"dateModified\":\"2019-05-20T21:22:20+00:00\",\"mainEntityOfPage\":{\"@id\":\"https:\/\/dev.explora.cl\/aysen\/proyecto-explora-presento-obra-de-teatro-para-concientizar-a-ninos-y-ninas-sobre-el-peligro-de-la-marea-roja\/\"},\"wordCount\":296,\"commentCount\":0,\"image\":{\"@id\":\"https:\/\/dev.explora.cl\/aysen\/proyecto-explora-presento-obra-de-teatro-para-concientizar-a-ninos-y-ninas-sobre-el-peligro-de-la-marea-roja\/#primaryimage\"},\"thumbnailUrl\":\"https:\/\/dev.explora.cl\/aysen\/wp-content\/uploads\/sites\/18\/2018\/06\/1d1ab7e5e1d373f375dff9ccf493c952.jpg\",\"articleSection\":[\"Noticias\"],\"inLanguage\":\"es-CL\",\"potentialAction\":[{\"@type\":\"CommentAction\",\"name\":\"Comment\",\"target\":[\"https:\/\/dev.explora.cl\/aysen\/proyecto-explora-presento-obra-de-teatro-para-concientizar-a-ninos-y-ninas-sobre-el-peligro-de-la-marea-roja\/#respond\"]}]},{\"@type\":\"WebPage\",\"@id\":\"https:\/\/dev.explora.cl\/aysen\/proyecto-explora-presento-obra-de-teatro-para-concientizar-a-ninos-y-ninas-sobre-el-peligro-de-la-marea-roja\/\",\"url\":\"https:\/\/dev.explora.cl\/aysen\/proyecto-explora-presento-obra-de-teatro-para-concientizar-a-ninos-y-ninas-sobre-el-peligro-de-la-marea-roja\/\",\"name\":\"PAR EXPLORA present\u00f3 obra de teatro para concientizar a ni\u00f1os y ni\u00f1as sobre el peligro de la marea roja. - Aysen\",\"isPartOf\":{\"@id\":\"https:\/\/dev.explora.cl\/aysen\/#website\"},\"primaryImageOfPage\":{\"@id\":\"https:\/\/dev.explora.cl\/aysen\/proyecto-explora-presento-obra-de-teatro-para-concientizar-a-ninos-y-ninas-sobre-el-peligro-de-la-marea-roja\/#primaryimage\"},\"image\":{\"@id\":\"https:\/\/dev.explora.cl\/aysen\/proyecto-explora-presento-obra-de-teatro-para-concientizar-a-ninos-y-ninas-sobre-el-peligro-de-la-marea-roja\/#primaryimage\"},\"thumbnailUrl\":\"https:\/\/dev.explora.cl\/aysen\/wp-content\/uploads\/sites\/18\/2018\/06\/1d1ab7e5e1d373f375dff9ccf493c952.jpg\",\"datePublished\":\"2014-06-11T04:00:00+00:00\",\"dateModified\":\"2019-05-20T21:22:20+00:00\",\"author\":{\"@id\":\"https:\/\/dev.explora.cl\/aysen\/#\/schema\/person\/cb8349c13ea2d324080adf8480d7ba5d\"},\"breadcrumb\":{\"@id\":\"https:\/\/dev.explora.cl\/aysen\/proyecto-explora-presento-obra-de-teatro-para-concientizar-a-ninos-y-ninas-sobre-el-peligro-de-la-marea-roja\/#breadcrumb\"},\"inLanguage\":\"es-CL\",\"potentialAction\":[{\"@type\":\"ReadAction\",\"target\":[\"https:\/\/dev.explora.cl\/aysen\/proyecto-explora-presento-obra-de-teatro-para-concientizar-a-ninos-y-ninas-sobre-el-peligro-de-la-marea-roja\/\"]}]},{\"@type\":\"ImageObject\",\"inLanguage\":\"es-CL\",\"@id\":\"https:\/\/dev.explora.cl\/aysen\/proyecto-explora-presento-obra-de-teatro-para-concientizar-a-ninos-y-ninas-sobre-el-peligro-de-la-marea-roja\/#primaryimage\",\"url\":\"https:\/\/dev.explora.cl\/aysen\/wp-content\/uploads\/sites\/18\/2018\/06\/1d1ab7e5e1d373f375dff9ccf493c952.jpg\",\"contentUrl\":\"https:\/\/dev.explora.cl\/aysen\/wp-content\/uploads\/sites\/18\/2018\/06\/1d1ab7e5e1d373f375dff9ccf493c952.jpg\",\"width\":230,\"height\":153},{\"@type\":\"BreadcrumbList\",\"@id\":\"https:\/\/dev.explora.cl\/aysen\/proyecto-explora-presento-obra-de-teatro-para-concientizar-a-ninos-y-ninas-sobre-el-peligro-de-la-marea-roja\/#breadcrumb\",\"itemListElement\":[{\"@type\":\"ListItem\",\"position\":1,\"name\":\"Portada\",\"item\":\"https:\/\/dev.explora.cl\/aysen\/\"},{\"@type\":\"ListItem\",\"position\":2,\"name\":\"PAR EXPLORA present\u00f3 obra de teatro para concientizar a ni\u00f1os y ni\u00f1as sobre el peligro de la marea roja.\"}]},{\"@type\":\"WebSite\",\"@id\":\"https:\/\/dev.explora.cl\/aysen\/#website\",\"url\":\"https:\/\/dev.explora.cl\/aysen\/\",\"name\":\"Aysen\",\"description\":\"Otro sitio m\u00e1s de dev.explora.cl\",\"potentialAction\":[{\"@type\":\"SearchAction\",\"target\":{\"@type\":\"EntryPoint\",\"urlTemplate\":\"https:\/\/dev.explora.cl\/aysen\/?s={search_term_string}\"},\"query-input\":{\"@type\":\"PropertyValueSpecification\",\"valueRequired\":true,\"valueName\":\"search_term_string\"}}],\"inLanguage\":\"es-CL\"},{\"@type\":\"Person\",\"@id\":\"https:\/\/dev.explora.cl\/aysen\/#\/schema\/person\/cb8349c13ea2d324080adf8480d7ba5d\",\"name\":\"webman\",\"image\":{\"@type\":\"ImageObject\",\"inLanguage\":\"es-CL\",\"@id\":\"https:\/\/dev.explora.cl\/aysen\/#\/schema\/person\/image\/\",\"url\":\"https:\/\/secure.gravatar.com\/avatar\/eeff3c82f2c02f7177d13663b7e6f890e9a6a0647ce9bb29cae02dcb094c7312?s=96&d=mm&r=g\",\"contentUrl\":\"https:\/\/secure.gravatar.com\/avatar\/eeff3c82f2c02f7177d13663b7e6f890e9a6a0647ce9bb29cae02dcb094c7312?s=96&d=mm&r=g\",\"caption\":\"webman\"},\"url\":\"https:\/\/dev.explora.cl\/aysen\/author\/webman\/\"}]}<\/script>\n<!-- \/ Yoast SEO plugin. -->","yoast_head_json":{"title":"PAR EXPLORA present\u00f3 obra de teatro para concientizar a ni\u00f1os y ni\u00f1as sobre el peligro de la marea roja. - Aysen","robots":{"index":"index","follow":"follow","max-snippet":"max-snippet:-1","max-image-preview":"max-image-preview:large","max-video-preview":"max-video-preview:-1"},"canonical":"https:\/\/dev.explora.cl\/aysen\/proyecto-explora-presento-obra-de-teatro-para-concientizar-a-ninos-y-ninas-sobre-el-peligro-de-la-marea-roja\/","og_locale":"es_ES","og_type":"article","og_title":"PAR EXPLORA present\u00f3 obra de teatro para concientizar a ni\u00f1os y ni\u00f1as sobre el peligro de la marea roja. - Aysen","og_description":"El Proyecto asociativo regional EXPLORA CONICYT Ays\u00e9n, ejecutado por el Campus Patagonia de la Universidad Austral de Chile y el CIEP, present\u00f3 en el auditorio del Centro Cultural Coyhaique, la obra de teatro \u201cEl Pirata Marea Roja\u201d dirigida a cursos de primer ciclo de ense\u00f1anza b\u00e1sica. A la actividad asistieron m\u00e1s de 200 ni\u00f1os y [&hellip;]","og_url":"https:\/\/dev.explora.cl\/aysen\/proyecto-explora-presento-obra-de-teatro-para-concientizar-a-ninos-y-ninas-sobre-el-peligro-de-la-marea-roja\/","og_site_name":"Aysen","article_published_time":"2014-06-11T04:00:00+00:00","article_modified_time":"2019-05-20T21:22:20+00:00","og_image":[{"width":230,"height":153,"url":"https:\/\/dev.explora.cl\/aysen\/wp-content\/uploads\/sites\/18\/2018\/06\/1d1ab7e5e1d373f375dff9ccf493c952.jpg","type":"image\/jpeg"}],"author":"webman","twitter_card":"summary_large_image","twitter_misc":{"Escrito por":"webman","Tiempo estimado de lectura":"1 minuto"},"schema":{"@context":"https:\/\/schema.org","@graph":[{"@type":"Article","@id":"https:\/\/dev.explora.cl\/aysen\/proyecto-explora-presento-obra-de-teatro-para-concientizar-a-ninos-y-ninas-sobre-el-peligro-de-la-marea-roja\/#article","isPartOf":{"@id":"https:\/\/dev.explora.cl\/aysen\/proyecto-explora-presento-obra-de-teatro-para-concientizar-a-ninos-y-ninas-sobre-el-peligro-de-la-marea-roja\/"},"author":{"name":"webman","@id":"https:\/\/dev.explora.cl\/aysen\/#\/schema\/person\/cb8349c13ea2d324080adf8480d7ba5d"},"headline":"PAR EXPLORA present\u00f3 obra de teatro para concientizar a ni\u00f1os y ni\u00f1as sobre el peligro de la marea roja.","datePublished":"2014-06-11T04:00:00+00:00","dateModified":"2019-05-20T21:22:20+00:00","mainEntityOfPage":{"@id":"https:\/\/dev.explora.cl\/aysen\/proyecto-explora-presento-obra-de-teatro-para-concientizar-a-ninos-y-ninas-sobre-el-peligro-de-la-marea-roja\/"},"wordCount":296,"commentCount":0,"image":{"@id":"https:\/\/dev.explora.cl\/aysen\/proyecto-explora-presento-obra-de-teatro-para-concientizar-a-ninos-y-ninas-sobre-el-peligro-de-la-marea-roja\/#primaryimage"},"thumbnailUrl":"https:\/\/dev.explora.cl\/aysen\/wp-content\/uploads\/sites\/18\/2018\/06\/1d1ab7e5e1d373f375dff9ccf493c952.jpg","articleSection":["Noticias"],"inLanguage":"es-CL","potentialAction":[{"@type":"CommentAction","name":"Comment","target":["https:\/\/dev.explora.cl\/aysen\/proyecto-explora-presento-obra-de-teatro-para-concientizar-a-ninos-y-ninas-sobre-el-peligro-de-la-marea-roja\/#respond"]}]},{"@type":"WebPage","@id":"https:\/\/dev.explora.cl\/aysen\/proyecto-explora-presento-obra-de-teatro-para-concientizar-a-ninos-y-ninas-sobre-el-peligro-de-la-marea-roja\/","url":"https:\/\/dev.explora.cl\/aysen\/proyecto-explora-presento-obra-de-teatro-para-concientizar-a-ninos-y-ninas-sobre-el-peligro-de-la-marea-roja\/","name":"PAR EXPLORA present\u00f3 obra de teatro para concientizar a ni\u00f1os y ni\u00f1as sobre el peligro de la marea roja. - Aysen","isPartOf":{"@id":"https:\/\/dev.explora.cl\/aysen\/#website"},"primaryImageOfPage":{"@id":"https:\/\/dev.explora.cl\/aysen\/proyecto-explora-presento-obra-de-teatro-para-concientizar-a-ninos-y-ninas-sobre-el-peligro-de-la-marea-roja\/#primaryimage"},"image":{"@id":"https:\/\/dev.explora.cl\/aysen\/proyecto-explora-presento-obra-de-teatro-para-concientizar-a-ninos-y-ninas-sobre-el-peligro-de-la-marea-roja\/#primaryimage"},"thumbnailUrl":"https:\/\/dev.explora.cl\/aysen\/wp-content\/uploads\/sites\/18\/2018\/06\/1d1ab7e5e1d373f375dff9ccf493c952.jpg","datePublished":"2014-06-11T04:00:00+00:00","dateModified":"2019-05-20T21:22:20+00:00","author":{"@id":"https:\/\/dev.explora.cl\/aysen\/#\/schema\/person\/cb8349c13ea2d324080adf8480d7ba5d"},"breadcrumb":{"@id":"https:\/\/dev.explora.cl\/aysen\/proyecto-explora-presento-obra-de-teatro-para-concientizar-a-ninos-y-ninas-sobre-el-peligro-de-la-marea-roja\/#breadcrumb"},"inLanguage":"es-CL","potentialAction":[{"@type":"ReadAction","target":["https:\/\/dev.explora.cl\/aysen\/proyecto-explora-presento-obra-de-teatro-para-concientizar-a-ninos-y-ninas-sobre-el-peligro-de-la-marea-roja\/"]}]},{"@type":"ImageObject","inLanguage":"es-CL","@id":"https:\/\/dev.explora.cl\/aysen\/proyecto-explora-presento-obra-de-teatro-para-concientizar-a-ninos-y-ninas-sobre-el-peligro-de-la-marea-roja\/#primaryimage","url":"https:\/\/dev.explora.cl\/aysen\/wp-content\/uploads\/sites\/18\/2018\/06\/1d1ab7e5e1d373f375dff9ccf493c952.jpg","contentUrl":"https:\/\/dev.explora.cl\/aysen\/wp-content\/uploads\/sites\/18\/2018\/06\/1d1ab7e5e1d373f375dff9ccf493c952.jpg","width":230,"height":153},{"@type":"BreadcrumbList","@id":"https:\/\/dev.explora.cl\/aysen\/proyecto-explora-presento-obra-de-teatro-para-concientizar-a-ninos-y-ninas-sobre-el-peligro-de-la-marea-roja\/#breadcrumb","itemListElement":[{"@type":"ListItem","position":1,"name":"Portada","item":"https:\/\/dev.explora.cl\/aysen\/"},{"@type":"ListItem","position":2,"name":"PAR EXPLORA present\u00f3 obra de teatro para concientizar a ni\u00f1os y ni\u00f1as sobre el peligro de la marea roja."}]},{"@type":"WebSite","@id":"https:\/\/dev.explora.cl\/aysen\/#website","url":"https:\/\/dev.explora.cl\/aysen\/","name":"Aysen","description":"Otro sitio m\u00e1s de dev.explora.cl","potentialAction":[{"@type":"SearchAction","target":{"@type":"EntryPoint","urlTemplate":"https:\/\/dev.explora.cl\/aysen\/?s={search_term_string}"},"query-input":{"@type":"PropertyValueSpecification","valueRequired":true,"valueName":"search_term_string"}}],"inLanguage":"es-CL"},{"@type":"Person","@id":"https:\/\/dev.explora.cl\/aysen\/#\/schema\/person\/cb8349c13ea2d324080adf8480d7ba5d","name":"webman","image":{"@type":"ImageObject","inLanguage":"es-CL","@id":"https:\/\/dev.explora.cl\/aysen\/#\/schema\/person\/image\/","url":"https:\/\/secure.gravatar.com\/avatar\/eeff3c82f2c02f7177d13663b7e6f890e9a6a0647ce9bb29cae02dcb094c7312?s=96&d=mm&r=g","contentUrl":"https:\/\/secure.gravatar.com\/avatar\/eeff3c82f2c02f7177d13663b7e6f890e9a6a0647ce9bb29cae02dcb094c7312?s=96&d=mm&r=g","caption":"webman"},"url":"https:\/\/dev.explora.cl\/aysen\/author\/webman\/"}]}},"_links":{"self":[{"href":"https:\/\/dev.explora.cl\/aysen\/wp-json\/wp\/v2\/posts\/37060","targetHints":{"allow":["GET"]}}],"collection":[{"href":"https:\/\/dev.explora.cl\/aysen\/wp-json\/wp\/v2\/posts"}],"about":[{"href":"https:\/\/dev.explora.cl\/aysen\/wp-json\/wp\/v2\/types\/post"}],"author":[{"embeddable":true,"href":"https:\/\/dev.explora.cl\/aysen\/wp-json\/wp\/v2\/users\/2"}],"replies":[{"embeddable":true,"href":"https:\/\/dev.explora.cl\/aysen\/wp-json\/wp\/v2\/comments?post=37060"}],"version-history":[{"count":1,"href":"https:\/\/dev.explora.cl\/aysen\/wp-json\/wp\/v2\/posts\/37060\/revisions"}],"predecessor-version":[{"id":37375,"href":"https:\/\/dev.explora.cl\/aysen\/wp-json\/wp\/v2\/posts\/37060\/revisions\/37375"}],"wp:featuredmedia":[{"embeddable":true,"href":"https:\/\/dev.explora.cl\/aysen\/wp-json\/wp\/v2\/media\/33774"}],"wp:attachment":[{"href":"https:\/\/dev.explora.cl\/aysen\/wp-json\/wp\/v2\/media?parent=37060"}],"wp:term":[{"taxonomy":"category","embeddable":true,"href":"https:\/\/dev.explora.cl\/aysen\/wp-json\/wp\/v2\/categories?post=37060"},{"taxonomy":"post_tag","embeddable":true,"href":"https:\/\/dev.explora.cl\/aysen\/wp-json\/wp\/v2\/tags?post=37060"}],"curies":[{"name":"wp","href":"https:\/\/api.w.org\/{rel}","templated":true}]}}