{"id":37023,"date":"2019-04-22T01:48:26","date_gmt":"2019-04-22T05:48:26","guid":{"rendered":"https:\/\/dev.explora.cl\/aysen\/?p=37023"},"modified":"2019-06-24T11:38:48","modified_gmt":"2019-06-24T15:38:48","slug":"par-explora-aysen-participara-en-filcoy-2019","status":"publish","type":"post","link":"https:\/\/dev.explora.cl\/aysen\/par-explora-aysen-participara-en-filcoy-2019\/","title":{"rendered":"PAR Explora Ays\u00e9n participar\u00e1 en FILCOY 2019"},"content":{"rendered":"<p><img loading=\"lazy\" decoding=\"async\" class=\"size-medium wp-image-37024 alignright\" src=\"https:\/\/dev.explora.cl\/aysen\/wp-content\/uploads\/sites\/18\/2019\/04\/filcoy-300x300.png\" alt=\"\" width=\"300\" height=\"300\" srcset=\"https:\/\/dev.explora.cl\/aysen\/wp-content\/uploads\/sites\/18\/2019\/04\/filcoy-300x300.png 300w, https:\/\/dev.explora.cl\/aysen\/wp-content\/uploads\/sites\/18\/2019\/04\/filcoy-150x150.png 150w, https:\/\/dev.explora.cl\/aysen\/wp-content\/uploads\/sites\/18\/2019\/04\/filcoy-60x60.png 60w, https:\/\/dev.explora.cl\/aysen\/wp-content\/uploads\/sites\/18\/2019\/04\/filcoy.png 395w\" sizes=\"auto, (max-width: 300px) 100vw, 300px\" \/>Con talleres dirigidos a ni\u00f1as\/os, educadoras de p\u00e1rvulos y docentes, el PAR Explora Ays\u00e9n del Campus Patagonia UACh se sumar\u00e1 a las actividades de la 17\u00ba versi\u00f3n de la Feria Internacional del Libro de Coyhaique, FILCOY 2019.<br \/>\nLa Feria, que este a\u00f1o lleva por nombre \u201cMujeres en la palabra\u201d, se realizar\u00e1 desde 24 al 28 de abril en el Centro Cultural Coyhaique y contar\u00e1 con la participaci\u00f3n de <a href=\"http:\/\/filcoy.cl\/invitadas\/\">destacadas invitadas<\/a>, adem\u00e1s de una veintena de estands de editoriales y librer\u00edas, en medio de una extensa programaci\u00f3n de charlas, conferencias y lanzamientos.<br \/>\nEn este contexto, durante el d\u00eda inaugural, el PAR Explora Ays\u00e9n del Campus Patagonia UACh presentar\u00e1 dos talleres completamente gratuitos a cargo de Anamar\u00eda Rivera, Profesora b\u00e1sica y Licenciada en Educaci\u00f3n PUC, especialista en trastornos del aprendizaje y magister en Literatura y Libros para ni\u00f1os y j\u00f3venes por la Universidad Aut\u00f3noma de Barcelona.<br \/>\n<span style=\"font-size: 20px\"><strong>Los talleres<\/strong><\/span><br \/>\nEl primer taller, titulado <strong>\u201cLa ciencia tambi\u00e9n cuenta\u201d<\/strong>, se realizar\u00e1 el 24 de abril a partir de las 10:00h en la sala infantil del Centro Cultural Coyhaique, y consiste en una actividad de fomento lector para ni\u00f1as y ni\u00f1os de 3ero y 4to b\u00e1sico, donde ser\u00e1n abordadas diferentes tem\u00e1ticas cient\u00edficas a partir de la narraci\u00f3n de cuentos infantiles.<br \/>\nEl segundo taller se llevar\u00e1 a cabo m\u00e1s tarde, a las 15:00h, en la sala BRA de la Biblioteca Regional de Ays\u00e9n. Se titula <strong>\u201cLa ciencia no muerde, o c\u00f3mo incorporar libros m\u00e1s all\u00e1 de la clase de lenguaje\u201d<\/strong> y tiene por objetivo permitir a las\/os asistentes descubrir actividades que les permitan incorporar en clases algunos libros que est\u00e9n en sinton\u00eda con tem\u00e1ticas cient\u00edficas.<br \/>\nLas inscripciones, completamente gratuitas y con cupos limitados, pueden realizarse a trav\u00e9s de la p\u00e1gina oficial del evento, <a href=\"http:\/\/www.filcoy.cl\">www.filcoy.cl<\/a><\/p>\n","protected":false},"excerpt":{"rendered":"<p>Con talleres dirigidos a ni\u00f1as\/os, educadoras de p\u00e1rvulos y docentes, el PAR Explora Ays\u00e9n del Campus Patagonia UACh se sumar\u00e1 a las actividades de la 17\u00ba versi\u00f3n de la Feria Internacional del Libro de Coyhaique, FILCOY 2019. La Feria, que este a\u00f1o lleva por nombre \u201cMujeres en la palabra\u201d, se realizar\u00e1 desde 24 al 28 [&hellip;]<\/p>\n","protected":false},"author":2,"featured_media":37024,"comment_status":"closed","ping_status":"open","sticky":false,"template":"","format":"standard","meta":{"_acf_changed":false,"_exactmetrics_skip_tracking":false,"_exactmetrics_sitenote_active":false,"_exactmetrics_sitenote_note":"","_exactmetrics_sitenote_category":0,"footnotes":"","_links_to":"","_links_to_target":""},"categories":[4],"tags":[],"class_list":["post-37023","post","type-post","status-publish","format-standard","has-post-thumbnail","hentry","category-noticias"],"acf":[],"yoast_head":"<!-- This site is optimized with the Yoast SEO plugin v26.7 - https:\/\/yoast.com\/wordpress\/plugins\/seo\/ -->\n<title>PAR Explora Ays\u00e9n participar\u00e1 en FILCOY 2019 - Aysen<\/title>\n<meta name=\"robots\" content=\"index, follow, max-snippet:-1, max-image-preview:large, max-video-preview:-1\" \/>\n<link rel=\"canonical\" href=\"https:\/\/dev.explora.cl\/aysen\/par-explora-aysen-participara-en-filcoy-2019\/\" class=\"yoast-seo-meta-tag\" \/>\n<meta property=\"og:locale\" content=\"es_ES\" class=\"yoast-seo-meta-tag\" \/>\n<meta property=\"og:type\" content=\"article\" class=\"yoast-seo-meta-tag\" \/>\n<meta property=\"og:title\" content=\"PAR Explora Ays\u00e9n participar\u00e1 en FILCOY 2019 - Aysen\" class=\"yoast-seo-meta-tag\" \/>\n<meta property=\"og:description\" content=\"Con talleres dirigidos a ni\u00f1as\/os, educadoras de p\u00e1rvulos y docentes, el PAR Explora Ays\u00e9n del Campus Patagonia UACh se sumar\u00e1 a las actividades de la 17\u00ba versi\u00f3n de la Feria Internacional del Libro de Coyhaique, FILCOY 2019. La Feria, que este a\u00f1o lleva por nombre \u201cMujeres en la palabra\u201d, se realizar\u00e1 desde 24 al 28 [&hellip;]\" class=\"yoast-seo-meta-tag\" \/>\n<meta property=\"og:url\" content=\"https:\/\/dev.explora.cl\/aysen\/par-explora-aysen-participara-en-filcoy-2019\/\" class=\"yoast-seo-meta-tag\" \/>\n<meta property=\"og:site_name\" content=\"Aysen\" class=\"yoast-seo-meta-tag\" \/>\n<meta property=\"article:published_time\" content=\"2019-04-22T05:48:26+00:00\" class=\"yoast-seo-meta-tag\" \/>\n<meta property=\"article:modified_time\" content=\"2019-06-24T15:38:48+00:00\" class=\"yoast-seo-meta-tag\" \/>\n<meta property=\"og:image\" content=\"https:\/\/dev.explora.cl\/aysen\/wp-content\/uploads\/sites\/18\/2019\/04\/filcoy.png\" class=\"yoast-seo-meta-tag\" \/>\n\t<meta property=\"og:image:width\" content=\"395\" class=\"yoast-seo-meta-tag\" \/>\n\t<meta property=\"og:image:height\" content=\"395\" class=\"yoast-seo-meta-tag\" \/>\n\t<meta property=\"og:image:type\" content=\"image\/png\" class=\"yoast-seo-meta-tag\" \/>\n<meta name=\"author\" content=\"webman\" class=\"yoast-seo-meta-tag\" \/>\n<meta name=\"twitter:card\" content=\"summary_large_image\" class=\"yoast-seo-meta-tag\" \/>\n<meta name=\"twitter:label1\" content=\"Escrito por\" class=\"yoast-seo-meta-tag\" \/>\n\t<meta name=\"twitter:data1\" content=\"webman\" class=\"yoast-seo-meta-tag\" \/>\n\t<meta name=\"twitter:label2\" content=\"Tiempo estimado de lectura\" class=\"yoast-seo-meta-tag\" \/>\n\t<meta name=\"twitter:data2\" content=\"2 minutos\" class=\"yoast-seo-meta-tag\" \/>\n<script type=\"application\/ld+json\" class=\"yoast-schema-graph\">{\"@context\":\"https:\/\/schema.org\",\"@graph\":[{\"@type\":\"Article\",\"@id\":\"https:\/\/dev.explora.cl\/aysen\/par-explora-aysen-participara-en-filcoy-2019\/#article\",\"isPartOf\":{\"@id\":\"https:\/\/dev.explora.cl\/aysen\/par-explora-aysen-participara-en-filcoy-2019\/\"},\"author\":{\"name\":\"webman\",\"@id\":\"https:\/\/dev.explora.cl\/aysen\/#\/schema\/person\/cb8349c13ea2d324080adf8480d7ba5d\"},\"headline\":\"PAR Explora Ays\u00e9n participar\u00e1 en FILCOY 2019\",\"datePublished\":\"2019-04-22T05:48:26+00:00\",\"dateModified\":\"2019-06-24T15:38:48+00:00\",\"mainEntityOfPage\":{\"@id\":\"https:\/\/dev.explora.cl\/aysen\/par-explora-aysen-participara-en-filcoy-2019\/\"},\"wordCount\":328,\"image\":{\"@id\":\"https:\/\/dev.explora.cl\/aysen\/par-explora-aysen-participara-en-filcoy-2019\/#primaryimage\"},\"thumbnailUrl\":\"https:\/\/dev.explora.cl\/aysen\/wp-content\/uploads\/sites\/18\/2019\/04\/filcoy.png\",\"articleSection\":[\"Noticias\"],\"inLanguage\":\"es-CL\"},{\"@type\":\"WebPage\",\"@id\":\"https:\/\/dev.explora.cl\/aysen\/par-explora-aysen-participara-en-filcoy-2019\/\",\"url\":\"https:\/\/dev.explora.cl\/aysen\/par-explora-aysen-participara-en-filcoy-2019\/\",\"name\":\"PAR Explora Ays\u00e9n participar\u00e1 en FILCOY 2019 - Aysen\",\"isPartOf\":{\"@id\":\"https:\/\/dev.explora.cl\/aysen\/#website\"},\"primaryImageOfPage\":{\"@id\":\"https:\/\/dev.explora.cl\/aysen\/par-explora-aysen-participara-en-filcoy-2019\/#primaryimage\"},\"image\":{\"@id\":\"https:\/\/dev.explora.cl\/aysen\/par-explora-aysen-participara-en-filcoy-2019\/#primaryimage\"},\"thumbnailUrl\":\"https:\/\/dev.explora.cl\/aysen\/wp-content\/uploads\/sites\/18\/2019\/04\/filcoy.png\",\"datePublished\":\"2019-04-22T05:48:26+00:00\",\"dateModified\":\"2019-06-24T15:38:48+00:00\",\"author\":{\"@id\":\"https:\/\/dev.explora.cl\/aysen\/#\/schema\/person\/cb8349c13ea2d324080adf8480d7ba5d\"},\"breadcrumb\":{\"@id\":\"https:\/\/dev.explora.cl\/aysen\/par-explora-aysen-participara-en-filcoy-2019\/#breadcrumb\"},\"inLanguage\":\"es-CL\",\"potentialAction\":[{\"@type\":\"ReadAction\",\"target\":[\"https:\/\/dev.explora.cl\/aysen\/par-explora-aysen-participara-en-filcoy-2019\/\"]}]},{\"@type\":\"ImageObject\",\"inLanguage\":\"es-CL\",\"@id\":\"https:\/\/dev.explora.cl\/aysen\/par-explora-aysen-participara-en-filcoy-2019\/#primaryimage\",\"url\":\"https:\/\/dev.explora.cl\/aysen\/wp-content\/uploads\/sites\/18\/2019\/04\/filcoy.png\",\"contentUrl\":\"https:\/\/dev.explora.cl\/aysen\/wp-content\/uploads\/sites\/18\/2019\/04\/filcoy.png\",\"width\":395,\"height\":395},{\"@type\":\"BreadcrumbList\",\"@id\":\"https:\/\/dev.explora.cl\/aysen\/par-explora-aysen-participara-en-filcoy-2019\/#breadcrumb\",\"itemListElement\":[{\"@type\":\"ListItem\",\"position\":1,\"name\":\"Portada\",\"item\":\"https:\/\/dev.explora.cl\/aysen\/\"},{\"@type\":\"ListItem\",\"position\":2,\"name\":\"PAR Explora Ays\u00e9n participar\u00e1 en FILCOY 2019\"}]},{\"@type\":\"WebSite\",\"@id\":\"https:\/\/dev.explora.cl\/aysen\/#website\",\"url\":\"https:\/\/dev.explora.cl\/aysen\/\",\"name\":\"Aysen\",\"description\":\"Otro sitio m\u00e1s de dev.explora.cl\",\"potentialAction\":[{\"@type\":\"SearchAction\",\"target\":{\"@type\":\"EntryPoint\",\"urlTemplate\":\"https:\/\/dev.explora.cl\/aysen\/?s={search_term_string}\"},\"query-input\":{\"@type\":\"PropertyValueSpecification\",\"valueRequired\":true,\"valueName\":\"search_term_string\"}}],\"inLanguage\":\"es-CL\"},{\"@type\":\"Person\",\"@id\":\"https:\/\/dev.explora.cl\/aysen\/#\/schema\/person\/cb8349c13ea2d324080adf8480d7ba5d\",\"name\":\"webman\",\"image\":{\"@type\":\"ImageObject\",\"inLanguage\":\"es-CL\",\"@id\":\"https:\/\/dev.explora.cl\/aysen\/#\/schema\/person\/image\/\",\"url\":\"https:\/\/secure.gravatar.com\/avatar\/eeff3c82f2c02f7177d13663b7e6f890e9a6a0647ce9bb29cae02dcb094c7312?s=96&d=mm&r=g\",\"contentUrl\":\"https:\/\/secure.gravatar.com\/avatar\/eeff3c82f2c02f7177d13663b7e6f890e9a6a0647ce9bb29cae02dcb094c7312?s=96&d=mm&r=g\",\"caption\":\"webman\"},\"url\":\"https:\/\/dev.explora.cl\/aysen\/author\/webman\/\"}]}<\/script>\n<!-- \/ Yoast SEO plugin. -->","yoast_head_json":{"title":"PAR Explora Ays\u00e9n participar\u00e1 en FILCOY 2019 - Aysen","robots":{"index":"index","follow":"follow","max-snippet":"max-snippet:-1","max-image-preview":"max-image-preview:large","max-video-preview":"max-video-preview:-1"},"canonical":"https:\/\/dev.explora.cl\/aysen\/par-explora-aysen-participara-en-filcoy-2019\/","og_locale":"es_ES","og_type":"article","og_title":"PAR Explora Ays\u00e9n participar\u00e1 en FILCOY 2019 - Aysen","og_description":"Con talleres dirigidos a ni\u00f1as\/os, educadoras de p\u00e1rvulos y docentes, el PAR Explora Ays\u00e9n del Campus Patagonia UACh se sumar\u00e1 a las actividades de la 17\u00ba versi\u00f3n de la Feria Internacional del Libro de Coyhaique, FILCOY 2019. La Feria, que este a\u00f1o lleva por nombre \u201cMujeres en la palabra\u201d, se realizar\u00e1 desde 24 al 28 [&hellip;]","og_url":"https:\/\/dev.explora.cl\/aysen\/par-explora-aysen-participara-en-filcoy-2019\/","og_site_name":"Aysen","article_published_time":"2019-04-22T05:48:26+00:00","article_modified_time":"2019-06-24T15:38:48+00:00","og_image":[{"width":395,"height":395,"url":"https:\/\/dev.explora.cl\/aysen\/wp-content\/uploads\/sites\/18\/2019\/04\/filcoy.png","type":"image\/png"}],"author":"webman","twitter_card":"summary_large_image","twitter_misc":{"Escrito por":"webman","Tiempo estimado de lectura":"2 minutos"},"schema":{"@context":"https:\/\/schema.org","@graph":[{"@type":"Article","@id":"https:\/\/dev.explora.cl\/aysen\/par-explora-aysen-participara-en-filcoy-2019\/#article","isPartOf":{"@id":"https:\/\/dev.explora.cl\/aysen\/par-explora-aysen-participara-en-filcoy-2019\/"},"author":{"name":"webman","@id":"https:\/\/dev.explora.cl\/aysen\/#\/schema\/person\/cb8349c13ea2d324080adf8480d7ba5d"},"headline":"PAR Explora Ays\u00e9n participar\u00e1 en FILCOY 2019","datePublished":"2019-04-22T05:48:26+00:00","dateModified":"2019-06-24T15:38:48+00:00","mainEntityOfPage":{"@id":"https:\/\/dev.explora.cl\/aysen\/par-explora-aysen-participara-en-filcoy-2019\/"},"wordCount":328,"image":{"@id":"https:\/\/dev.explora.cl\/aysen\/par-explora-aysen-participara-en-filcoy-2019\/#primaryimage"},"thumbnailUrl":"https:\/\/dev.explora.cl\/aysen\/wp-content\/uploads\/sites\/18\/2019\/04\/filcoy.png","articleSection":["Noticias"],"inLanguage":"es-CL"},{"@type":"WebPage","@id":"https:\/\/dev.explora.cl\/aysen\/par-explora-aysen-participara-en-filcoy-2019\/","url":"https:\/\/dev.explora.cl\/aysen\/par-explora-aysen-participara-en-filcoy-2019\/","name":"PAR Explora Ays\u00e9n participar\u00e1 en FILCOY 2019 - Aysen","isPartOf":{"@id":"https:\/\/dev.explora.cl\/aysen\/#website"},"primaryImageOfPage":{"@id":"https:\/\/dev.explora.cl\/aysen\/par-explora-aysen-participara-en-filcoy-2019\/#primaryimage"},"image":{"@id":"https:\/\/dev.explora.cl\/aysen\/par-explora-aysen-participara-en-filcoy-2019\/#primaryimage"},"thumbnailUrl":"https:\/\/dev.explora.cl\/aysen\/wp-content\/uploads\/sites\/18\/2019\/04\/filcoy.png","datePublished":"2019-04-22T05:48:26+00:00","dateModified":"2019-06-24T15:38:48+00:00","author":{"@id":"https:\/\/dev.explora.cl\/aysen\/#\/schema\/person\/cb8349c13ea2d324080adf8480d7ba5d"},"breadcrumb":{"@id":"https:\/\/dev.explora.cl\/aysen\/par-explora-aysen-participara-en-filcoy-2019\/#breadcrumb"},"inLanguage":"es-CL","potentialAction":[{"@type":"ReadAction","target":["https:\/\/dev.explora.cl\/aysen\/par-explora-aysen-participara-en-filcoy-2019\/"]}]},{"@type":"ImageObject","inLanguage":"es-CL","@id":"https:\/\/dev.explora.cl\/aysen\/par-explora-aysen-participara-en-filcoy-2019\/#primaryimage","url":"https:\/\/dev.explora.cl\/aysen\/wp-content\/uploads\/sites\/18\/2019\/04\/filcoy.png","contentUrl":"https:\/\/dev.explora.cl\/aysen\/wp-content\/uploads\/sites\/18\/2019\/04\/filcoy.png","width":395,"height":395},{"@type":"BreadcrumbList","@id":"https:\/\/dev.explora.cl\/aysen\/par-explora-aysen-participara-en-filcoy-2019\/#breadcrumb","itemListElement":[{"@type":"ListItem","position":1,"name":"Portada","item":"https:\/\/dev.explora.cl\/aysen\/"},{"@type":"ListItem","position":2,"name":"PAR Explora Ays\u00e9n participar\u00e1 en FILCOY 2019"}]},{"@type":"WebSite","@id":"https:\/\/dev.explora.cl\/aysen\/#website","url":"https:\/\/dev.explora.cl\/aysen\/","name":"Aysen","description":"Otro sitio m\u00e1s de dev.explora.cl","potentialAction":[{"@type":"SearchAction","target":{"@type":"EntryPoint","urlTemplate":"https:\/\/dev.explora.cl\/aysen\/?s={search_term_string}"},"query-input":{"@type":"PropertyValueSpecification","valueRequired":true,"valueName":"search_term_string"}}],"inLanguage":"es-CL"},{"@type":"Person","@id":"https:\/\/dev.explora.cl\/aysen\/#\/schema\/person\/cb8349c13ea2d324080adf8480d7ba5d","name":"webman","image":{"@type":"ImageObject","inLanguage":"es-CL","@id":"https:\/\/dev.explora.cl\/aysen\/#\/schema\/person\/image\/","url":"https:\/\/secure.gravatar.com\/avatar\/eeff3c82f2c02f7177d13663b7e6f890e9a6a0647ce9bb29cae02dcb094c7312?s=96&d=mm&r=g","contentUrl":"https:\/\/secure.gravatar.com\/avatar\/eeff3c82f2c02f7177d13663b7e6f890e9a6a0647ce9bb29cae02dcb094c7312?s=96&d=mm&r=g","caption":"webman"},"url":"https:\/\/dev.explora.cl\/aysen\/author\/webman\/"}]}},"_links":{"self":[{"href":"https:\/\/dev.explora.cl\/aysen\/wp-json\/wp\/v2\/posts\/37023","targetHints":{"allow":["GET"]}}],"collection":[{"href":"https:\/\/dev.explora.cl\/aysen\/wp-json\/wp\/v2\/posts"}],"about":[{"href":"https:\/\/dev.explora.cl\/aysen\/wp-json\/wp\/v2\/types\/post"}],"author":[{"embeddable":true,"href":"https:\/\/dev.explora.cl\/aysen\/wp-json\/wp\/v2\/users\/2"}],"replies":[{"embeddable":true,"href":"https:\/\/dev.explora.cl\/aysen\/wp-json\/wp\/v2\/comments?post=37023"}],"version-history":[{"count":3,"href":"https:\/\/dev.explora.cl\/aysen\/wp-json\/wp\/v2\/posts\/37023\/revisions"}],"predecessor-version":[{"id":37498,"href":"https:\/\/dev.explora.cl\/aysen\/wp-json\/wp\/v2\/posts\/37023\/revisions\/37498"}],"wp:featuredmedia":[{"embeddable":true,"href":"https:\/\/dev.explora.cl\/aysen\/wp-json\/wp\/v2\/media\/37024"}],"wp:attachment":[{"href":"https:\/\/dev.explora.cl\/aysen\/wp-json\/wp\/v2\/media?parent=37023"}],"wp:term":[{"taxonomy":"category","embeddable":true,"href":"https:\/\/dev.explora.cl\/aysen\/wp-json\/wp\/v2\/categories?post=37023"},{"taxonomy":"post_tag","embeddable":true,"href":"https:\/\/dev.explora.cl\/aysen\/wp-json\/wp\/v2\/tags?post=37023"}],"curies":[{"name":"wp","href":"https:\/\/api.w.org\/{rel}","templated":true}]}}