{"id":36999,"date":"2019-03-28T15:19:32","date_gmt":"2019-03-28T19:19:32","guid":{"rendered":"https:\/\/dev.explora.cl\/aysen\/?p=36999"},"modified":"2019-05-20T21:19:21","modified_gmt":"2019-05-20T21:19:21","slug":"educadoras-que-ensenaron-ciencia-en-jardines-infantiles-se-reunieron-en-jornada-final","status":"publish","type":"post","link":"https:\/\/dev.explora.cl\/aysen\/educadoras-que-ensenaron-ciencia-en-jardines-infantiles-se-reunieron-en-jornada-final\/","title":{"rendered":"Educadoras que ense\u00f1aron ciencia en jardines infantiles se reunieron en jornada final"},"content":{"rendered":"<p><img loading=\"lazy\" decoding=\"async\" class=\" wp-image-37000 alignright\" src=\"https:\/\/dev.explora.cl\/aysen\/wp-content\/uploads\/sites\/18\/2019\/03\/4f2e9cae-32a8-471a-8278-9b25fee82a01-300x225.jpg\" alt=\"\" width=\"423\" height=\"317\" srcset=\"https:\/\/dev.explora.cl\/aysen\/wp-content\/uploads\/sites\/18\/2019\/03\/4f2e9cae-32a8-471a-8278-9b25fee82a01-300x225.jpg 300w, https:\/\/dev.explora.cl\/aysen\/wp-content\/uploads\/sites\/18\/2019\/03\/4f2e9cae-32a8-471a-8278-9b25fee82a01-768x576.jpg 768w, https:\/\/dev.explora.cl\/aysen\/wp-content\/uploads\/sites\/18\/2019\/03\/4f2e9cae-32a8-471a-8278-9b25fee82a01-1024x768.jpg 1024w, https:\/\/dev.explora.cl\/aysen\/wp-content\/uploads\/sites\/18\/2019\/03\/4f2e9cae-32a8-471a-8278-9b25fee82a01.jpg 1280w\" sizes=\"auto, (max-width: 423px) 100vw, 423px\" \/>Una veintena de facilitadoras de la metodolog\u00eda educativa <strong>Tus Competencias en Ciencias (TCC)<\/strong> <strong>del Programa Explora<\/strong> se reunieron con el PAR Explora de CONICYT Ays\u00e9n en dependencias del Parque Aik\u00e9n del Sur, en Puerto Chacabuco, para compartir sus experiencias y dar cierre a un exitoso a\u00f1o de implementaci\u00f3n de actividades cient\u00edficas en jardines y establecimientos educacionales de la Regi\u00f3n.<\/p>\n<ul>\n<li><a href=\"https:\/\/www.facebook.com\/pg\/exploraysen\/photos\/?tab=album&amp;album_id=2322968411294042\">Ver fotograf\u00edas<\/a><\/li>\n<\/ul>\n<p>Las educadoras y t\u00e9cnicas en educaci\u00f3n Parvularia coincidieron, durante el encuentro realizado el d\u00eda 19 de marzo, en los positivos impactos de las actividades cient\u00edficas de TCC en los procesos de ense\u00f1anza de sus estudiantes. \u201cTCC fue una experiencia muy motivadora y enriquecedora para el aprendizaje de nuestros p\u00e1rvulos\u201d asegur\u00f3 la educadora Brenda Campos, del Jard\u00edn Infantil Mi Baker de Cochrane.<br \/>\n\u201cEs muy enriquecedor para ellos y hasta para uno tambi\u00e9n, ver las caritas de los chicos cuando vienen las actividades de ciencia, todos quieren participar\u201d se\u00f1al\u00f3 la educadora Sonia Melian, del Jard\u00edn Infantil Ays\u00e9n Chiquito, en referencia a las 30 actividades de indagaci\u00f3n, experimentaci\u00f3n y proyecci\u00f3n cient\u00edfica que aborda el Programa.<br \/>\nDurante la jornada de cierre, las participantes conocieron tambi\u00e9n nuevas estrategias did\u00e1cticas para abordar temas cient\u00edficos en el aula. En la primera de ellas, a partir de un juego, las educadoras elaboraron propuestas de planificaci\u00f3n de una actividad usando como referencia un mapa did\u00e1ctico de fauna regional que present\u00f3 Miguel Mu\u00f1oz de la empresa \u00d1eque.<br \/>\nLuego, las participantes recorrieron el sendero \u201cLa Cascada\u201d del Parque Aik\u00e9n, instancia en que conocieron diversas estrategias para generar actividades de ciencia al aire libre, finalizando con un ejercicio pr\u00e1ctico enfocado en la observaci\u00f3n de aves, que estuvo a cargo de Sebasti\u00e1n Riestra, de CECAT.<br \/>\nDurante el 2018, el PAR Explora Ays\u00e9n del Campus Patagonia de la Universidad Austral de Chile, capacit\u00f3 a 22 facilitadoras que posteriormente implementaron actividades de la metodolog\u00eda Tus Competencias en Ciencias en jardines y escuelas de Cochrane, La Junta, Coyhaique, Puerto Ays\u00e9n y Chile Chico, con el objetivode despertar el pensamiento cient\u00edfico de las\/os m\u00e1s peque\u00f1as\/os.<br \/>\n\u201cLa evaluaci\u00f3n en general fue muy positiva. En general esta metodolog\u00eda permite fomentar la curiosidad cient\u00edfica, el juicio cr\u00edtico, la comunicaci\u00f3n de resultados, y lo hace a trav\u00e9s de actividades que despiertan el inter\u00e9s de los ni\u00f1os y las ni\u00f1as, ampliando tambi\u00e9n su comprensi\u00f3n del entorno\u201d explic\u00f3 Marisol Barr\u00eda, directora del PAR Explora Ays\u00e9n.<\/p>\n","protected":false},"excerpt":{"rendered":"<p>Una veintena de facilitadoras de la metodolog\u00eda educativa Tus Competencias en Ciencias (TCC) del Programa Explora se reunieron con el PAR Explora de CONICYT Ays\u00e9n en dependencias del Parque Aik\u00e9n del Sur, en Puerto Chacabuco, para compartir sus experiencias y dar cierre a un exitoso a\u00f1o de implementaci\u00f3n de actividades cient\u00edficas en jardines y establecimientos [&hellip;]<\/p>\n","protected":false},"author":2,"featured_media":37000,"comment_status":"closed","ping_status":"open","sticky":false,"template":"","format":"standard","meta":{"_acf_changed":false,"_exactmetrics_skip_tracking":false,"_exactmetrics_sitenote_active":false,"_exactmetrics_sitenote_note":"","_exactmetrics_sitenote_category":0,"footnotes":"","_links_to":"","_links_to_target":""},"categories":[4],"tags":[],"class_list":["post-36999","post","type-post","status-publish","format-standard","has-post-thumbnail","hentry","category-noticias"],"acf":[],"yoast_head":"<!-- This site is optimized with the Yoast SEO plugin v26.7 - https:\/\/yoast.com\/wordpress\/plugins\/seo\/ -->\n<title>Educadoras que ense\u00f1aron ciencia en jardines infantiles se reunieron en jornada final - Aysen<\/title>\n<meta name=\"robots\" content=\"index, follow, max-snippet:-1, max-image-preview:large, max-video-preview:-1\" \/>\n<link rel=\"canonical\" href=\"https:\/\/dev.explora.cl\/aysen\/educadoras-que-ensenaron-ciencia-en-jardines-infantiles-se-reunieron-en-jornada-final\/\" class=\"yoast-seo-meta-tag\" \/>\n<meta property=\"og:locale\" content=\"es_ES\" class=\"yoast-seo-meta-tag\" \/>\n<meta property=\"og:type\" content=\"article\" class=\"yoast-seo-meta-tag\" \/>\n<meta property=\"og:title\" content=\"Educadoras que ense\u00f1aron ciencia en jardines infantiles se reunieron en jornada final - Aysen\" class=\"yoast-seo-meta-tag\" \/>\n<meta property=\"og:description\" content=\"Una veintena de facilitadoras de la metodolog\u00eda educativa Tus Competencias en Ciencias (TCC) del Programa Explora se reunieron con el PAR Explora de CONICYT Ays\u00e9n en dependencias del Parque Aik\u00e9n del Sur, en Puerto Chacabuco, para compartir sus experiencias y dar cierre a un exitoso a\u00f1o de implementaci\u00f3n de actividades cient\u00edficas en jardines y establecimientos [&hellip;]\" class=\"yoast-seo-meta-tag\" \/>\n<meta property=\"og:url\" content=\"https:\/\/dev.explora.cl\/aysen\/educadoras-que-ensenaron-ciencia-en-jardines-infantiles-se-reunieron-en-jornada-final\/\" class=\"yoast-seo-meta-tag\" \/>\n<meta property=\"og:site_name\" content=\"Aysen\" class=\"yoast-seo-meta-tag\" \/>\n<meta property=\"article:published_time\" content=\"2019-03-28T19:19:32+00:00\" class=\"yoast-seo-meta-tag\" \/>\n<meta property=\"article:modified_time\" content=\"2019-05-20T21:19:21+00:00\" class=\"yoast-seo-meta-tag\" \/>\n<meta property=\"og:image\" content=\"https:\/\/dev.explora.cl\/aysen\/wp-content\/uploads\/sites\/18\/2019\/03\/4f2e9cae-32a8-471a-8278-9b25fee82a01.jpg\" class=\"yoast-seo-meta-tag\" \/>\n\t<meta property=\"og:image:width\" content=\"1280\" class=\"yoast-seo-meta-tag\" \/>\n\t<meta property=\"og:image:height\" content=\"960\" class=\"yoast-seo-meta-tag\" \/>\n\t<meta property=\"og:image:type\" content=\"image\/jpeg\" class=\"yoast-seo-meta-tag\" \/>\n<meta name=\"author\" content=\"webman\" class=\"yoast-seo-meta-tag\" \/>\n<meta name=\"twitter:card\" content=\"summary_large_image\" class=\"yoast-seo-meta-tag\" \/>\n<meta name=\"twitter:label1\" content=\"Escrito por\" class=\"yoast-seo-meta-tag\" \/>\n\t<meta name=\"twitter:data1\" content=\"webman\" class=\"yoast-seo-meta-tag\" \/>\n\t<meta name=\"twitter:label2\" content=\"Tiempo estimado de lectura\" class=\"yoast-seo-meta-tag\" \/>\n\t<meta name=\"twitter:data2\" content=\"2 minutos\" class=\"yoast-seo-meta-tag\" \/>\n<script type=\"application\/ld+json\" class=\"yoast-schema-graph\">{\"@context\":\"https:\/\/schema.org\",\"@graph\":[{\"@type\":\"Article\",\"@id\":\"https:\/\/dev.explora.cl\/aysen\/educadoras-que-ensenaron-ciencia-en-jardines-infantiles-se-reunieron-en-jornada-final\/#article\",\"isPartOf\":{\"@id\":\"https:\/\/dev.explora.cl\/aysen\/educadoras-que-ensenaron-ciencia-en-jardines-infantiles-se-reunieron-en-jornada-final\/\"},\"author\":{\"name\":\"webman\",\"@id\":\"https:\/\/dev.explora.cl\/aysen\/#\/schema\/person\/cb8349c13ea2d324080adf8480d7ba5d\"},\"headline\":\"Educadoras que ense\u00f1aron ciencia en jardines infantiles se reunieron en jornada final\",\"datePublished\":\"2019-03-28T19:19:32+00:00\",\"dateModified\":\"2019-05-20T21:19:21+00:00\",\"mainEntityOfPage\":{\"@id\":\"https:\/\/dev.explora.cl\/aysen\/educadoras-que-ensenaron-ciencia-en-jardines-infantiles-se-reunieron-en-jornada-final\/\"},\"wordCount\":446,\"image\":{\"@id\":\"https:\/\/dev.explora.cl\/aysen\/educadoras-que-ensenaron-ciencia-en-jardines-infantiles-se-reunieron-en-jornada-final\/#primaryimage\"},\"thumbnailUrl\":\"https:\/\/dev.explora.cl\/aysen\/wp-content\/uploads\/sites\/18\/2019\/03\/4f2e9cae-32a8-471a-8278-9b25fee82a01.jpg\",\"articleSection\":[\"Noticias\"],\"inLanguage\":\"es-CL\"},{\"@type\":\"WebPage\",\"@id\":\"https:\/\/dev.explora.cl\/aysen\/educadoras-que-ensenaron-ciencia-en-jardines-infantiles-se-reunieron-en-jornada-final\/\",\"url\":\"https:\/\/dev.explora.cl\/aysen\/educadoras-que-ensenaron-ciencia-en-jardines-infantiles-se-reunieron-en-jornada-final\/\",\"name\":\"Educadoras que ense\u00f1aron ciencia en jardines infantiles se reunieron en jornada final - Aysen\",\"isPartOf\":{\"@id\":\"https:\/\/dev.explora.cl\/aysen\/#website\"},\"primaryImageOfPage\":{\"@id\":\"https:\/\/dev.explora.cl\/aysen\/educadoras-que-ensenaron-ciencia-en-jardines-infantiles-se-reunieron-en-jornada-final\/#primaryimage\"},\"image\":{\"@id\":\"https:\/\/dev.explora.cl\/aysen\/educadoras-que-ensenaron-ciencia-en-jardines-infantiles-se-reunieron-en-jornada-final\/#primaryimage\"},\"thumbnailUrl\":\"https:\/\/dev.explora.cl\/aysen\/wp-content\/uploads\/sites\/18\/2019\/03\/4f2e9cae-32a8-471a-8278-9b25fee82a01.jpg\",\"datePublished\":\"2019-03-28T19:19:32+00:00\",\"dateModified\":\"2019-05-20T21:19:21+00:00\",\"author\":{\"@id\":\"https:\/\/dev.explora.cl\/aysen\/#\/schema\/person\/cb8349c13ea2d324080adf8480d7ba5d\"},\"breadcrumb\":{\"@id\":\"https:\/\/dev.explora.cl\/aysen\/educadoras-que-ensenaron-ciencia-en-jardines-infantiles-se-reunieron-en-jornada-final\/#breadcrumb\"},\"inLanguage\":\"es-CL\",\"potentialAction\":[{\"@type\":\"ReadAction\",\"target\":[\"https:\/\/dev.explora.cl\/aysen\/educadoras-que-ensenaron-ciencia-en-jardines-infantiles-se-reunieron-en-jornada-final\/\"]}]},{\"@type\":\"ImageObject\",\"inLanguage\":\"es-CL\",\"@id\":\"https:\/\/dev.explora.cl\/aysen\/educadoras-que-ensenaron-ciencia-en-jardines-infantiles-se-reunieron-en-jornada-final\/#primaryimage\",\"url\":\"https:\/\/dev.explora.cl\/aysen\/wp-content\/uploads\/sites\/18\/2019\/03\/4f2e9cae-32a8-471a-8278-9b25fee82a01.jpg\",\"contentUrl\":\"https:\/\/dev.explora.cl\/aysen\/wp-content\/uploads\/sites\/18\/2019\/03\/4f2e9cae-32a8-471a-8278-9b25fee82a01.jpg\",\"width\":1280,\"height\":960},{\"@type\":\"BreadcrumbList\",\"@id\":\"https:\/\/dev.explora.cl\/aysen\/educadoras-que-ensenaron-ciencia-en-jardines-infantiles-se-reunieron-en-jornada-final\/#breadcrumb\",\"itemListElement\":[{\"@type\":\"ListItem\",\"position\":1,\"name\":\"Portada\",\"item\":\"https:\/\/dev.explora.cl\/aysen\/\"},{\"@type\":\"ListItem\",\"position\":2,\"name\":\"Educadoras que ense\u00f1aron ciencia en jardines infantiles se reunieron en jornada final\"}]},{\"@type\":\"WebSite\",\"@id\":\"https:\/\/dev.explora.cl\/aysen\/#website\",\"url\":\"https:\/\/dev.explora.cl\/aysen\/\",\"name\":\"Aysen\",\"description\":\"Otro sitio m\u00e1s de dev.explora.cl\",\"potentialAction\":[{\"@type\":\"SearchAction\",\"target\":{\"@type\":\"EntryPoint\",\"urlTemplate\":\"https:\/\/dev.explora.cl\/aysen\/?s={search_term_string}\"},\"query-input\":{\"@type\":\"PropertyValueSpecification\",\"valueRequired\":true,\"valueName\":\"search_term_string\"}}],\"inLanguage\":\"es-CL\"},{\"@type\":\"Person\",\"@id\":\"https:\/\/dev.explora.cl\/aysen\/#\/schema\/person\/cb8349c13ea2d324080adf8480d7ba5d\",\"name\":\"webman\",\"image\":{\"@type\":\"ImageObject\",\"inLanguage\":\"es-CL\",\"@id\":\"https:\/\/dev.explora.cl\/aysen\/#\/schema\/person\/image\/\",\"url\":\"https:\/\/secure.gravatar.com\/avatar\/eeff3c82f2c02f7177d13663b7e6f890e9a6a0647ce9bb29cae02dcb094c7312?s=96&d=mm&r=g\",\"contentUrl\":\"https:\/\/secure.gravatar.com\/avatar\/eeff3c82f2c02f7177d13663b7e6f890e9a6a0647ce9bb29cae02dcb094c7312?s=96&d=mm&r=g\",\"caption\":\"webman\"},\"url\":\"https:\/\/dev.explora.cl\/aysen\/author\/webman\/\"}]}<\/script>\n<!-- \/ Yoast SEO plugin. -->","yoast_head_json":{"title":"Educadoras que ense\u00f1aron ciencia en jardines infantiles se reunieron en jornada final - Aysen","robots":{"index":"index","follow":"follow","max-snippet":"max-snippet:-1","max-image-preview":"max-image-preview:large","max-video-preview":"max-video-preview:-1"},"canonical":"https:\/\/dev.explora.cl\/aysen\/educadoras-que-ensenaron-ciencia-en-jardines-infantiles-se-reunieron-en-jornada-final\/","og_locale":"es_ES","og_type":"article","og_title":"Educadoras que ense\u00f1aron ciencia en jardines infantiles se reunieron en jornada final - Aysen","og_description":"Una veintena de facilitadoras de la metodolog\u00eda educativa Tus Competencias en Ciencias (TCC) del Programa Explora se reunieron con el PAR Explora de CONICYT Ays\u00e9n en dependencias del Parque Aik\u00e9n del Sur, en Puerto Chacabuco, para compartir sus experiencias y dar cierre a un exitoso a\u00f1o de implementaci\u00f3n de actividades cient\u00edficas en jardines y establecimientos [&hellip;]","og_url":"https:\/\/dev.explora.cl\/aysen\/educadoras-que-ensenaron-ciencia-en-jardines-infantiles-se-reunieron-en-jornada-final\/","og_site_name":"Aysen","article_published_time":"2019-03-28T19:19:32+00:00","article_modified_time":"2019-05-20T21:19:21+00:00","og_image":[{"width":1280,"height":960,"url":"https:\/\/dev.explora.cl\/aysen\/wp-content\/uploads\/sites\/18\/2019\/03\/4f2e9cae-32a8-471a-8278-9b25fee82a01.jpg","type":"image\/jpeg"}],"author":"webman","twitter_card":"summary_large_image","twitter_misc":{"Escrito por":"webman","Tiempo estimado de lectura":"2 minutos"},"schema":{"@context":"https:\/\/schema.org","@graph":[{"@type":"Article","@id":"https:\/\/dev.explora.cl\/aysen\/educadoras-que-ensenaron-ciencia-en-jardines-infantiles-se-reunieron-en-jornada-final\/#article","isPartOf":{"@id":"https:\/\/dev.explora.cl\/aysen\/educadoras-que-ensenaron-ciencia-en-jardines-infantiles-se-reunieron-en-jornada-final\/"},"author":{"name":"webman","@id":"https:\/\/dev.explora.cl\/aysen\/#\/schema\/person\/cb8349c13ea2d324080adf8480d7ba5d"},"headline":"Educadoras que ense\u00f1aron ciencia en jardines infantiles se reunieron en jornada final","datePublished":"2019-03-28T19:19:32+00:00","dateModified":"2019-05-20T21:19:21+00:00","mainEntityOfPage":{"@id":"https:\/\/dev.explora.cl\/aysen\/educadoras-que-ensenaron-ciencia-en-jardines-infantiles-se-reunieron-en-jornada-final\/"},"wordCount":446,"image":{"@id":"https:\/\/dev.explora.cl\/aysen\/educadoras-que-ensenaron-ciencia-en-jardines-infantiles-se-reunieron-en-jornada-final\/#primaryimage"},"thumbnailUrl":"https:\/\/dev.explora.cl\/aysen\/wp-content\/uploads\/sites\/18\/2019\/03\/4f2e9cae-32a8-471a-8278-9b25fee82a01.jpg","articleSection":["Noticias"],"inLanguage":"es-CL"},{"@type":"WebPage","@id":"https:\/\/dev.explora.cl\/aysen\/educadoras-que-ensenaron-ciencia-en-jardines-infantiles-se-reunieron-en-jornada-final\/","url":"https:\/\/dev.explora.cl\/aysen\/educadoras-que-ensenaron-ciencia-en-jardines-infantiles-se-reunieron-en-jornada-final\/","name":"Educadoras que ense\u00f1aron ciencia en jardines infantiles se reunieron en jornada final - Aysen","isPartOf":{"@id":"https:\/\/dev.explora.cl\/aysen\/#website"},"primaryImageOfPage":{"@id":"https:\/\/dev.explora.cl\/aysen\/educadoras-que-ensenaron-ciencia-en-jardines-infantiles-se-reunieron-en-jornada-final\/#primaryimage"},"image":{"@id":"https:\/\/dev.explora.cl\/aysen\/educadoras-que-ensenaron-ciencia-en-jardines-infantiles-se-reunieron-en-jornada-final\/#primaryimage"},"thumbnailUrl":"https:\/\/dev.explora.cl\/aysen\/wp-content\/uploads\/sites\/18\/2019\/03\/4f2e9cae-32a8-471a-8278-9b25fee82a01.jpg","datePublished":"2019-03-28T19:19:32+00:00","dateModified":"2019-05-20T21:19:21+00:00","author":{"@id":"https:\/\/dev.explora.cl\/aysen\/#\/schema\/person\/cb8349c13ea2d324080adf8480d7ba5d"},"breadcrumb":{"@id":"https:\/\/dev.explora.cl\/aysen\/educadoras-que-ensenaron-ciencia-en-jardines-infantiles-se-reunieron-en-jornada-final\/#breadcrumb"},"inLanguage":"es-CL","potentialAction":[{"@type":"ReadAction","target":["https:\/\/dev.explora.cl\/aysen\/educadoras-que-ensenaron-ciencia-en-jardines-infantiles-se-reunieron-en-jornada-final\/"]}]},{"@type":"ImageObject","inLanguage":"es-CL","@id":"https:\/\/dev.explora.cl\/aysen\/educadoras-que-ensenaron-ciencia-en-jardines-infantiles-se-reunieron-en-jornada-final\/#primaryimage","url":"https:\/\/dev.explora.cl\/aysen\/wp-content\/uploads\/sites\/18\/2019\/03\/4f2e9cae-32a8-471a-8278-9b25fee82a01.jpg","contentUrl":"https:\/\/dev.explora.cl\/aysen\/wp-content\/uploads\/sites\/18\/2019\/03\/4f2e9cae-32a8-471a-8278-9b25fee82a01.jpg","width":1280,"height":960},{"@type":"BreadcrumbList","@id":"https:\/\/dev.explora.cl\/aysen\/educadoras-que-ensenaron-ciencia-en-jardines-infantiles-se-reunieron-en-jornada-final\/#breadcrumb","itemListElement":[{"@type":"ListItem","position":1,"name":"Portada","item":"https:\/\/dev.explora.cl\/aysen\/"},{"@type":"ListItem","position":2,"name":"Educadoras que ense\u00f1aron ciencia en jardines infantiles se reunieron en jornada final"}]},{"@type":"WebSite","@id":"https:\/\/dev.explora.cl\/aysen\/#website","url":"https:\/\/dev.explora.cl\/aysen\/","name":"Aysen","description":"Otro sitio m\u00e1s de dev.explora.cl","potentialAction":[{"@type":"SearchAction","target":{"@type":"EntryPoint","urlTemplate":"https:\/\/dev.explora.cl\/aysen\/?s={search_term_string}"},"query-input":{"@type":"PropertyValueSpecification","valueRequired":true,"valueName":"search_term_string"}}],"inLanguage":"es-CL"},{"@type":"Person","@id":"https:\/\/dev.explora.cl\/aysen\/#\/schema\/person\/cb8349c13ea2d324080adf8480d7ba5d","name":"webman","image":{"@type":"ImageObject","inLanguage":"es-CL","@id":"https:\/\/dev.explora.cl\/aysen\/#\/schema\/person\/image\/","url":"https:\/\/secure.gravatar.com\/avatar\/eeff3c82f2c02f7177d13663b7e6f890e9a6a0647ce9bb29cae02dcb094c7312?s=96&d=mm&r=g","contentUrl":"https:\/\/secure.gravatar.com\/avatar\/eeff3c82f2c02f7177d13663b7e6f890e9a6a0647ce9bb29cae02dcb094c7312?s=96&d=mm&r=g","caption":"webman"},"url":"https:\/\/dev.explora.cl\/aysen\/author\/webman\/"}]}},"_links":{"self":[{"href":"https:\/\/dev.explora.cl\/aysen\/wp-json\/wp\/v2\/posts\/36999","targetHints":{"allow":["GET"]}}],"collection":[{"href":"https:\/\/dev.explora.cl\/aysen\/wp-json\/wp\/v2\/posts"}],"about":[{"href":"https:\/\/dev.explora.cl\/aysen\/wp-json\/wp\/v2\/types\/post"}],"author":[{"embeddable":true,"href":"https:\/\/dev.explora.cl\/aysen\/wp-json\/wp\/v2\/users\/2"}],"replies":[{"embeddable":true,"href":"https:\/\/dev.explora.cl\/aysen\/wp-json\/wp\/v2\/comments?post=36999"}],"version-history":[{"count":1,"href":"https:\/\/dev.explora.cl\/aysen\/wp-json\/wp\/v2\/posts\/36999\/revisions"}],"predecessor-version":[{"id":37083,"href":"https:\/\/dev.explora.cl\/aysen\/wp-json\/wp\/v2\/posts\/36999\/revisions\/37083"}],"wp:featuredmedia":[{"embeddable":true,"href":"https:\/\/dev.explora.cl\/aysen\/wp-json\/wp\/v2\/media\/37000"}],"wp:attachment":[{"href":"https:\/\/dev.explora.cl\/aysen\/wp-json\/wp\/v2\/media?parent=36999"}],"wp:term":[{"taxonomy":"category","embeddable":true,"href":"https:\/\/dev.explora.cl\/aysen\/wp-json\/wp\/v2\/categories?post=36999"},{"taxonomy":"post_tag","embeddable":true,"href":"https:\/\/dev.explora.cl\/aysen\/wp-json\/wp\/v2\/tags?post=36999"}],"curies":[{"name":"wp","href":"https:\/\/api.w.org\/{rel}","templated":true}]}}