{"id":36981,"date":"2019-03-18T14:33:19","date_gmt":"2019-03-18T18:33:19","guid":{"rendered":"https:\/\/dev.explora.cl\/aysen\/?p=36981"},"modified":"2019-05-20T21:19:22","modified_gmt":"2019-05-20T21:19:22","slug":"universidad-austral-de-chile-se-adjudico-iniciativas-de-divulgacion-cientifica-en-los-rios-los-lagos-y-aysen","status":"publish","type":"post","link":"https:\/\/dev.explora.cl\/aysen\/universidad-austral-de-chile-se-adjudico-iniciativas-de-divulgacion-cientifica-en-los-rios-los-lagos-y-aysen\/","title":{"rendered":"Universidad Austral de Chile se adjudic\u00f3 iniciativas de divulgaci\u00f3n cient\u00edfica en Los R\u00edos, Los Lagos y Ays\u00e9n"},"content":{"rendered":"<p><em><img loading=\"lazy\" decoding=\"async\" class=\" wp-image-36982 alignright\" src=\"https:\/\/dev.explora.cl\/aysen\/wp-content\/uploads\/sites\/18\/2019\/03\/aysen-300x200.jpg\" alt=\"\" width=\"354\" height=\"236\" srcset=\"https:\/\/dev.explora.cl\/aysen\/wp-content\/uploads\/sites\/18\/2019\/03\/aysen-300x200.jpg 300w, https:\/\/dev.explora.cl\/aysen\/wp-content\/uploads\/sites\/18\/2019\/03\/aysen-768x512.jpg 768w, https:\/\/dev.explora.cl\/aysen\/wp-content\/uploads\/sites\/18\/2019\/03\/aysen.jpg 960w\" sizes=\"auto, (max-width: 354px) 100vw, 354px\" \/><\/em><br \/>\n<em>Con cerca de 3 mil millones de pesos para el periodo 2019-2022, la Universidad Austral de Chile (UACh) tendr\u00e1 a cargo los PAR Explora de tres regiones en el sur del pa\u00eds.<\/em><br \/>\nNi\u00f1as, ni\u00f1os, j\u00f3venes, adultos, docentes, investigadores ser\u00e1n protagonistas de las actividades de divulgaci\u00f3n y valoraci\u00f3n de la ciencia que se desarrollar\u00e1n en las regiones de Los R\u00edos, Los Lagos y Ays\u00e9n encabezadas por equipos de la Universidad Austral de Chile. Con un presupuesto de 2.997 millones para los cuatro a\u00f1os de ejecuci\u00f3n en las tres regiones se desarrollar\u00e1n actividades como la Semana Nacional de la Ciencia y la Tecnolog\u00eda, Congresos Regionales Explora, exposiciones, talleres y concursos cient\u00edficos.<br \/>\nLos fondos fueron adjudicados por medio del concurso de Proyectos Asociativos Regionales o PAR Explora de CONICYT, entidad que entre sus objetivos busca promover una cultura cient\u00edfica y tecnol\u00f3gica en la poblaci\u00f3n.<br \/>\nEl Rector de la Universidad Austral de Chile, Dr. Oscar Galindo, junto con manifestar su reconocimiento al equipo de gesti\u00f3n y acad\u00e9mico que llevar\u00e1 a cabo esta inicitiva, destac\u00f3 la importancia que significa acercar la zona sur austral del pa\u00eds a la ciencia: \u2018los proyectos PAR Explora son un importante aporte a la socializaci\u00f3n y divulgaci\u00f3n de la ciencia, sobre todo cuando estas acciones contribuyen a la descentralizacion del conocimiento. Para nuestra Universidad, es motivo de gran satisfacci\u00f3n cumplir con esta tarea ya que en el \u00e1mbito de la investigaci\u00f3n la UACh ha mostrado un desarrollo sostenido en la generaci\u00f3n de investigaci\u00f3n de alto impacto que est\u00e9 al servicio del desarrollo territorial\u2019&#8221;.<br \/>\nLos equipos de Los R\u00edos y Ays\u00e9n continuar\u00e1n con su trabajo de llevar la ciencia y la tecnolog\u00eda a todos los rincones de sus respectivas regiones, labor que llevan a cabo desde el 2013 cuando se inici\u00f3 el proceso de los proyectos PAR Explora. Para el caso de Los Lagos esta ser\u00e1 la primera vez que el PAR sea ejecutado por la casa de estudios.<br \/>\nCabe destacar que desde el 2006 en Ays\u00e9n y 1998 en Los R\u00edos, y la antigua regi\u00f3n de Los Lagos, la implementaci\u00f3n de iniciativas de divulgaci\u00f3n cient\u00edfica tambi\u00e9n estuvo a cargo de la UACh bajo la figura de la Coordinaci\u00f3n Regional Explora.<br \/>\nEl proyecto de la regi\u00f3n de Ays\u00e9n ser\u00e1 dirigido por la acad\u00e9mica Marisol Barr\u00eda Navarro, en la regi\u00f3n de Los R\u00edos por el Dr. Ronnie Reyes Arriagada y en Los Lagos por la encargada de Extensi\u00f3n Cient\u00edfica de la Sede Puerto Montt, Gabriela Navarro Manzanal. La colaboraci\u00f3n ser\u00e1 uno de los objetivos que buscar\u00e1n los PARes, apoyando el trabajo de cada regi\u00f3n.<br \/>\nPara el director del PAR Los R\u00edos, la renovaci\u00f3n del proyecto viene a consolidar el trabajo que se ha realizado durante los \u00faltimos 6 a\u00f1os. \u201cEstamos muy contentos con esta nueva adjudicaci\u00f3n porque nos presenta el nuevo desaf\u00edo de llegar a cada comuna de la regi\u00f3n con actividades renovadas. Vamos a innovar en la puesta en escena de muchas actividades tradicionales, como lo son el Congreso Regional, la Semana de la Ciencia y los talleres con profesores de la Academia Docente Explora, junto con la incorporaci\u00f3n de indicadores de impacto de las mismas, que permitan generar investigaciones que aporten con informaci\u00f3n cient\u00edfica al mejoramiento de la pol\u00edtica de valoraci\u00f3n y divulgaci\u00f3n de las ciencias. Adem\u00e1s, trabajaremos por la implementaci\u00f3n de nuevas iniciativas e instrumentos\u201d.<br \/>\nEntre estos instrumentos, uno de los m\u00e1s importantes ser\u00e1 la implementaci\u00f3n del Campamento Explora VA!, \u201ccon el campamento de docentes buscaremos apoyar la labor de profesores y profesoras entusiastas para que sean agentes de cambio en sus establecimientos educacionales utilizando la ciencia como motor para la indagaci\u00f3n y experimentaci\u00f3n en el aula\u201d. Adem\u00e1s, la implementaci\u00f3n del sello Explora en establecimientos municipales, reconocer\u00e1 a aquellas comunidades educativas que hayan desarrollado una trayectoria cient\u00edfica destacable entre sus pares.<br \/>\nPor su parte la directora del proyecto en la regi\u00f3n de Ays\u00e9n, Marisol Barr\u00eda, destac\u00f3 \u201cesto es el resultado de un trabajo sistem\u00e1tico que hemos realizado por m\u00e1s de una d\u00e9cada en el territorio de Ays\u00e9n, acercando la ciencia a diferentes p\u00fablicos y lugares. En esta nueva propuesta, el desaf\u00edo es ampliar el despliegue territorial para que aquellas personas que habitan sectores m\u00e1s alejados tengan el mismo acceso que aquellos que estudian en Coyhaique y Puerto Ays\u00e9n\u201d.<br \/>\nPara la Directora del PAR Los Lagos Gabriela Navarro,\u201d es una tremenda oportunidad de poder representar a Explora en la regi\u00f3n, somos una instituci\u00f3n aliada ya hace muchos a\u00f1os y la idea es poder aprovechar de desarrollar todas las actividades que est\u00e1n dentro del marco del programa, pero adem\u00e1s agregar muchas otras actividades que tienen que ver con la identidad regional con el patrimonio, con la historia, con la educaci\u00f3n ambiental que nosotros queremos incorporar tambi\u00e9n en este programa. Para la Unidad de Extensi\u00f3n Cient\u00edfica de la Sede Puerto Montt es una gran responsabilidad, sabemos que haremos un excelente trabajo, estamos muy ansiosos y contentos de poder tener este desaf\u00edo para desarrollar durante estos cuatro a\u00f1os, estamos seguros que haremos un gran aporte, un giro y ampliaremos la cobertura de este programa.\u201d<\/p>\n","protected":false},"excerpt":{"rendered":"<p>Con cerca de 3 mil millones de pesos para el periodo 2019-2022, la Universidad Austral de Chile (UACh) tendr\u00e1 a cargo los PAR Explora de tres regiones en el sur del pa\u00eds. Ni\u00f1as, ni\u00f1os, j\u00f3venes, adultos, docentes, investigadores ser\u00e1n protagonistas de las actividades de divulgaci\u00f3n y valoraci\u00f3n de la ciencia que se desarrollar\u00e1n en las [&hellip;]<\/p>\n","protected":false},"author":2,"featured_media":36982,"comment_status":"closed","ping_status":"open","sticky":false,"template":"","format":"standard","meta":{"_acf_changed":false,"_exactmetrics_skip_tracking":false,"_exactmetrics_sitenote_active":false,"_exactmetrics_sitenote_note":"","_exactmetrics_sitenote_category":0,"footnotes":"","_links_to":"","_links_to_target":""},"categories":[4],"tags":[],"class_list":["post-36981","post","type-post","status-publish","format-standard","has-post-thumbnail","hentry","category-noticias"],"acf":[],"yoast_head":"<!-- This site is optimized with the Yoast SEO plugin v26.7 - https:\/\/yoast.com\/wordpress\/plugins\/seo\/ -->\n<title>Universidad Austral de Chile se adjudic\u00f3 iniciativas de divulgaci\u00f3n cient\u00edfica en Los R\u00edos, Los Lagos y Ays\u00e9n - Aysen<\/title>\n<meta name=\"robots\" content=\"index, follow, max-snippet:-1, max-image-preview:large, max-video-preview:-1\" \/>\n<link rel=\"canonical\" href=\"https:\/\/dev.explora.cl\/aysen\/universidad-austral-de-chile-se-adjudico-iniciativas-de-divulgacion-cientifica-en-los-rios-los-lagos-y-aysen\/\" class=\"yoast-seo-meta-tag\" \/>\n<meta property=\"og:locale\" content=\"es_ES\" class=\"yoast-seo-meta-tag\" \/>\n<meta property=\"og:type\" content=\"article\" class=\"yoast-seo-meta-tag\" \/>\n<meta property=\"og:title\" content=\"Universidad Austral de Chile se adjudic\u00f3 iniciativas de divulgaci\u00f3n cient\u00edfica en Los R\u00edos, Los Lagos y Ays\u00e9n - Aysen\" class=\"yoast-seo-meta-tag\" \/>\n<meta property=\"og:description\" content=\"Con cerca de 3 mil millones de pesos para el periodo 2019-2022, la Universidad Austral de Chile (UACh) tendr\u00e1 a cargo los PAR Explora de tres regiones en el sur del pa\u00eds. Ni\u00f1as, ni\u00f1os, j\u00f3venes, adultos, docentes, investigadores ser\u00e1n protagonistas de las actividades de divulgaci\u00f3n y valoraci\u00f3n de la ciencia que se desarrollar\u00e1n en las [&hellip;]\" class=\"yoast-seo-meta-tag\" \/>\n<meta property=\"og:url\" content=\"https:\/\/dev.explora.cl\/aysen\/universidad-austral-de-chile-se-adjudico-iniciativas-de-divulgacion-cientifica-en-los-rios-los-lagos-y-aysen\/\" class=\"yoast-seo-meta-tag\" \/>\n<meta property=\"og:site_name\" content=\"Aysen\" class=\"yoast-seo-meta-tag\" \/>\n<meta property=\"article:published_time\" content=\"2019-03-18T18:33:19+00:00\" class=\"yoast-seo-meta-tag\" \/>\n<meta property=\"article:modified_time\" content=\"2019-05-20T21:19:22+00:00\" class=\"yoast-seo-meta-tag\" \/>\n<meta property=\"og:image\" content=\"https:\/\/dev.explora.cl\/aysen\/wp-content\/uploads\/sites\/18\/2019\/03\/aysen.jpg\" class=\"yoast-seo-meta-tag\" \/>\n\t<meta property=\"og:image:width\" content=\"960\" class=\"yoast-seo-meta-tag\" \/>\n\t<meta property=\"og:image:height\" content=\"640\" class=\"yoast-seo-meta-tag\" \/>\n\t<meta property=\"og:image:type\" content=\"image\/jpeg\" class=\"yoast-seo-meta-tag\" \/>\n<meta name=\"author\" content=\"webman\" class=\"yoast-seo-meta-tag\" \/>\n<meta name=\"twitter:card\" content=\"summary_large_image\" class=\"yoast-seo-meta-tag\" \/>\n<meta name=\"twitter:label1\" content=\"Escrito por\" class=\"yoast-seo-meta-tag\" \/>\n\t<meta name=\"twitter:data1\" content=\"webman\" class=\"yoast-seo-meta-tag\" \/>\n\t<meta name=\"twitter:label2\" content=\"Tiempo estimado de lectura\" class=\"yoast-seo-meta-tag\" \/>\n\t<meta name=\"twitter:data2\" content=\"5 minutos\" class=\"yoast-seo-meta-tag\" \/>\n<script type=\"application\/ld+json\" class=\"yoast-schema-graph\">{\"@context\":\"https:\/\/schema.org\",\"@graph\":[{\"@type\":\"Article\",\"@id\":\"https:\/\/dev.explora.cl\/aysen\/universidad-austral-de-chile-se-adjudico-iniciativas-de-divulgacion-cientifica-en-los-rios-los-lagos-y-aysen\/#article\",\"isPartOf\":{\"@id\":\"https:\/\/dev.explora.cl\/aysen\/universidad-austral-de-chile-se-adjudico-iniciativas-de-divulgacion-cientifica-en-los-rios-los-lagos-y-aysen\/\"},\"author\":{\"name\":\"webman\",\"@id\":\"https:\/\/dev.explora.cl\/aysen\/#\/schema\/person\/cb8349c13ea2d324080adf8480d7ba5d\"},\"headline\":\"Universidad Austral de Chile se adjudic\u00f3 iniciativas de divulgaci\u00f3n cient\u00edfica en Los R\u00edos, Los Lagos y Ays\u00e9n\",\"datePublished\":\"2019-03-18T18:33:19+00:00\",\"dateModified\":\"2019-05-20T21:19:22+00:00\",\"mainEntityOfPage\":{\"@id\":\"https:\/\/dev.explora.cl\/aysen\/universidad-austral-de-chile-se-adjudico-iniciativas-de-divulgacion-cientifica-en-los-rios-los-lagos-y-aysen\/\"},\"wordCount\":939,\"image\":{\"@id\":\"https:\/\/dev.explora.cl\/aysen\/universidad-austral-de-chile-se-adjudico-iniciativas-de-divulgacion-cientifica-en-los-rios-los-lagos-y-aysen\/#primaryimage\"},\"thumbnailUrl\":\"https:\/\/dev.explora.cl\/aysen\/wp-content\/uploads\/sites\/18\/2019\/03\/aysen.jpg\",\"articleSection\":[\"Noticias\"],\"inLanguage\":\"es-CL\"},{\"@type\":\"WebPage\",\"@id\":\"https:\/\/dev.explora.cl\/aysen\/universidad-austral-de-chile-se-adjudico-iniciativas-de-divulgacion-cientifica-en-los-rios-los-lagos-y-aysen\/\",\"url\":\"https:\/\/dev.explora.cl\/aysen\/universidad-austral-de-chile-se-adjudico-iniciativas-de-divulgacion-cientifica-en-los-rios-los-lagos-y-aysen\/\",\"name\":\"Universidad Austral de Chile se adjudic\u00f3 iniciativas de divulgaci\u00f3n cient\u00edfica en Los R\u00edos, Los Lagos y Ays\u00e9n - Aysen\",\"isPartOf\":{\"@id\":\"https:\/\/dev.explora.cl\/aysen\/#website\"},\"primaryImageOfPage\":{\"@id\":\"https:\/\/dev.explora.cl\/aysen\/universidad-austral-de-chile-se-adjudico-iniciativas-de-divulgacion-cientifica-en-los-rios-los-lagos-y-aysen\/#primaryimage\"},\"image\":{\"@id\":\"https:\/\/dev.explora.cl\/aysen\/universidad-austral-de-chile-se-adjudico-iniciativas-de-divulgacion-cientifica-en-los-rios-los-lagos-y-aysen\/#primaryimage\"},\"thumbnailUrl\":\"https:\/\/dev.explora.cl\/aysen\/wp-content\/uploads\/sites\/18\/2019\/03\/aysen.jpg\",\"datePublished\":\"2019-03-18T18:33:19+00:00\",\"dateModified\":\"2019-05-20T21:19:22+00:00\",\"author\":{\"@id\":\"https:\/\/dev.explora.cl\/aysen\/#\/schema\/person\/cb8349c13ea2d324080adf8480d7ba5d\"},\"breadcrumb\":{\"@id\":\"https:\/\/dev.explora.cl\/aysen\/universidad-austral-de-chile-se-adjudico-iniciativas-de-divulgacion-cientifica-en-los-rios-los-lagos-y-aysen\/#breadcrumb\"},\"inLanguage\":\"es-CL\",\"potentialAction\":[{\"@type\":\"ReadAction\",\"target\":[\"https:\/\/dev.explora.cl\/aysen\/universidad-austral-de-chile-se-adjudico-iniciativas-de-divulgacion-cientifica-en-los-rios-los-lagos-y-aysen\/\"]}]},{\"@type\":\"ImageObject\",\"inLanguage\":\"es-CL\",\"@id\":\"https:\/\/dev.explora.cl\/aysen\/universidad-austral-de-chile-se-adjudico-iniciativas-de-divulgacion-cientifica-en-los-rios-los-lagos-y-aysen\/#primaryimage\",\"url\":\"https:\/\/dev.explora.cl\/aysen\/wp-content\/uploads\/sites\/18\/2019\/03\/aysen.jpg\",\"contentUrl\":\"https:\/\/dev.explora.cl\/aysen\/wp-content\/uploads\/sites\/18\/2019\/03\/aysen.jpg\",\"width\":960,\"height\":640},{\"@type\":\"BreadcrumbList\",\"@id\":\"https:\/\/dev.explora.cl\/aysen\/universidad-austral-de-chile-se-adjudico-iniciativas-de-divulgacion-cientifica-en-los-rios-los-lagos-y-aysen\/#breadcrumb\",\"itemListElement\":[{\"@type\":\"ListItem\",\"position\":1,\"name\":\"Portada\",\"item\":\"https:\/\/dev.explora.cl\/aysen\/\"},{\"@type\":\"ListItem\",\"position\":2,\"name\":\"Universidad Austral de Chile se adjudic\u00f3 iniciativas de divulgaci\u00f3n cient\u00edfica en Los R\u00edos, Los Lagos y Ays\u00e9n\"}]},{\"@type\":\"WebSite\",\"@id\":\"https:\/\/dev.explora.cl\/aysen\/#website\",\"url\":\"https:\/\/dev.explora.cl\/aysen\/\",\"name\":\"Aysen\",\"description\":\"Otro sitio m\u00e1s de dev.explora.cl\",\"potentialAction\":[{\"@type\":\"SearchAction\",\"target\":{\"@type\":\"EntryPoint\",\"urlTemplate\":\"https:\/\/dev.explora.cl\/aysen\/?s={search_term_string}\"},\"query-input\":{\"@type\":\"PropertyValueSpecification\",\"valueRequired\":true,\"valueName\":\"search_term_string\"}}],\"inLanguage\":\"es-CL\"},{\"@type\":\"Person\",\"@id\":\"https:\/\/dev.explora.cl\/aysen\/#\/schema\/person\/cb8349c13ea2d324080adf8480d7ba5d\",\"name\":\"webman\",\"image\":{\"@type\":\"ImageObject\",\"inLanguage\":\"es-CL\",\"@id\":\"https:\/\/dev.explora.cl\/aysen\/#\/schema\/person\/image\/\",\"url\":\"https:\/\/secure.gravatar.com\/avatar\/eeff3c82f2c02f7177d13663b7e6f890e9a6a0647ce9bb29cae02dcb094c7312?s=96&d=mm&r=g\",\"contentUrl\":\"https:\/\/secure.gravatar.com\/avatar\/eeff3c82f2c02f7177d13663b7e6f890e9a6a0647ce9bb29cae02dcb094c7312?s=96&d=mm&r=g\",\"caption\":\"webman\"},\"url\":\"https:\/\/dev.explora.cl\/aysen\/author\/webman\/\"}]}<\/script>\n<!-- \/ Yoast SEO plugin. -->","yoast_head_json":{"title":"Universidad Austral de Chile se adjudic\u00f3 iniciativas de divulgaci\u00f3n cient\u00edfica en Los R\u00edos, Los Lagos y Ays\u00e9n - Aysen","robots":{"index":"index","follow":"follow","max-snippet":"max-snippet:-1","max-image-preview":"max-image-preview:large","max-video-preview":"max-video-preview:-1"},"canonical":"https:\/\/dev.explora.cl\/aysen\/universidad-austral-de-chile-se-adjudico-iniciativas-de-divulgacion-cientifica-en-los-rios-los-lagos-y-aysen\/","og_locale":"es_ES","og_type":"article","og_title":"Universidad Austral de Chile se adjudic\u00f3 iniciativas de divulgaci\u00f3n cient\u00edfica en Los R\u00edos, Los Lagos y Ays\u00e9n - Aysen","og_description":"Con cerca de 3 mil millones de pesos para el periodo 2019-2022, la Universidad Austral de Chile (UACh) tendr\u00e1 a cargo los PAR Explora de tres regiones en el sur del pa\u00eds. Ni\u00f1as, ni\u00f1os, j\u00f3venes, adultos, docentes, investigadores ser\u00e1n protagonistas de las actividades de divulgaci\u00f3n y valoraci\u00f3n de la ciencia que se desarrollar\u00e1n en las [&hellip;]","og_url":"https:\/\/dev.explora.cl\/aysen\/universidad-austral-de-chile-se-adjudico-iniciativas-de-divulgacion-cientifica-en-los-rios-los-lagos-y-aysen\/","og_site_name":"Aysen","article_published_time":"2019-03-18T18:33:19+00:00","article_modified_time":"2019-05-20T21:19:22+00:00","og_image":[{"width":960,"height":640,"url":"https:\/\/dev.explora.cl\/aysen\/wp-content\/uploads\/sites\/18\/2019\/03\/aysen.jpg","type":"image\/jpeg"}],"author":"webman","twitter_card":"summary_large_image","twitter_misc":{"Escrito por":"webman","Tiempo estimado de lectura":"5 minutos"},"schema":{"@context":"https:\/\/schema.org","@graph":[{"@type":"Article","@id":"https:\/\/dev.explora.cl\/aysen\/universidad-austral-de-chile-se-adjudico-iniciativas-de-divulgacion-cientifica-en-los-rios-los-lagos-y-aysen\/#article","isPartOf":{"@id":"https:\/\/dev.explora.cl\/aysen\/universidad-austral-de-chile-se-adjudico-iniciativas-de-divulgacion-cientifica-en-los-rios-los-lagos-y-aysen\/"},"author":{"name":"webman","@id":"https:\/\/dev.explora.cl\/aysen\/#\/schema\/person\/cb8349c13ea2d324080adf8480d7ba5d"},"headline":"Universidad Austral de Chile se adjudic\u00f3 iniciativas de divulgaci\u00f3n cient\u00edfica en Los R\u00edos, Los Lagos y Ays\u00e9n","datePublished":"2019-03-18T18:33:19+00:00","dateModified":"2019-05-20T21:19:22+00:00","mainEntityOfPage":{"@id":"https:\/\/dev.explora.cl\/aysen\/universidad-austral-de-chile-se-adjudico-iniciativas-de-divulgacion-cientifica-en-los-rios-los-lagos-y-aysen\/"},"wordCount":939,"image":{"@id":"https:\/\/dev.explora.cl\/aysen\/universidad-austral-de-chile-se-adjudico-iniciativas-de-divulgacion-cientifica-en-los-rios-los-lagos-y-aysen\/#primaryimage"},"thumbnailUrl":"https:\/\/dev.explora.cl\/aysen\/wp-content\/uploads\/sites\/18\/2019\/03\/aysen.jpg","articleSection":["Noticias"],"inLanguage":"es-CL"},{"@type":"WebPage","@id":"https:\/\/dev.explora.cl\/aysen\/universidad-austral-de-chile-se-adjudico-iniciativas-de-divulgacion-cientifica-en-los-rios-los-lagos-y-aysen\/","url":"https:\/\/dev.explora.cl\/aysen\/universidad-austral-de-chile-se-adjudico-iniciativas-de-divulgacion-cientifica-en-los-rios-los-lagos-y-aysen\/","name":"Universidad Austral de Chile se adjudic\u00f3 iniciativas de divulgaci\u00f3n cient\u00edfica en Los R\u00edos, Los Lagos y Ays\u00e9n - Aysen","isPartOf":{"@id":"https:\/\/dev.explora.cl\/aysen\/#website"},"primaryImageOfPage":{"@id":"https:\/\/dev.explora.cl\/aysen\/universidad-austral-de-chile-se-adjudico-iniciativas-de-divulgacion-cientifica-en-los-rios-los-lagos-y-aysen\/#primaryimage"},"image":{"@id":"https:\/\/dev.explora.cl\/aysen\/universidad-austral-de-chile-se-adjudico-iniciativas-de-divulgacion-cientifica-en-los-rios-los-lagos-y-aysen\/#primaryimage"},"thumbnailUrl":"https:\/\/dev.explora.cl\/aysen\/wp-content\/uploads\/sites\/18\/2019\/03\/aysen.jpg","datePublished":"2019-03-18T18:33:19+00:00","dateModified":"2019-05-20T21:19:22+00:00","author":{"@id":"https:\/\/dev.explora.cl\/aysen\/#\/schema\/person\/cb8349c13ea2d324080adf8480d7ba5d"},"breadcrumb":{"@id":"https:\/\/dev.explora.cl\/aysen\/universidad-austral-de-chile-se-adjudico-iniciativas-de-divulgacion-cientifica-en-los-rios-los-lagos-y-aysen\/#breadcrumb"},"inLanguage":"es-CL","potentialAction":[{"@type":"ReadAction","target":["https:\/\/dev.explora.cl\/aysen\/universidad-austral-de-chile-se-adjudico-iniciativas-de-divulgacion-cientifica-en-los-rios-los-lagos-y-aysen\/"]}]},{"@type":"ImageObject","inLanguage":"es-CL","@id":"https:\/\/dev.explora.cl\/aysen\/universidad-austral-de-chile-se-adjudico-iniciativas-de-divulgacion-cientifica-en-los-rios-los-lagos-y-aysen\/#primaryimage","url":"https:\/\/dev.explora.cl\/aysen\/wp-content\/uploads\/sites\/18\/2019\/03\/aysen.jpg","contentUrl":"https:\/\/dev.explora.cl\/aysen\/wp-content\/uploads\/sites\/18\/2019\/03\/aysen.jpg","width":960,"height":640},{"@type":"BreadcrumbList","@id":"https:\/\/dev.explora.cl\/aysen\/universidad-austral-de-chile-se-adjudico-iniciativas-de-divulgacion-cientifica-en-los-rios-los-lagos-y-aysen\/#breadcrumb","itemListElement":[{"@type":"ListItem","position":1,"name":"Portada","item":"https:\/\/dev.explora.cl\/aysen\/"},{"@type":"ListItem","position":2,"name":"Universidad Austral de Chile se adjudic\u00f3 iniciativas de divulgaci\u00f3n cient\u00edfica en Los R\u00edos, Los Lagos y Ays\u00e9n"}]},{"@type":"WebSite","@id":"https:\/\/dev.explora.cl\/aysen\/#website","url":"https:\/\/dev.explora.cl\/aysen\/","name":"Aysen","description":"Otro sitio m\u00e1s de dev.explora.cl","potentialAction":[{"@type":"SearchAction","target":{"@type":"EntryPoint","urlTemplate":"https:\/\/dev.explora.cl\/aysen\/?s={search_term_string}"},"query-input":{"@type":"PropertyValueSpecification","valueRequired":true,"valueName":"search_term_string"}}],"inLanguage":"es-CL"},{"@type":"Person","@id":"https:\/\/dev.explora.cl\/aysen\/#\/schema\/person\/cb8349c13ea2d324080adf8480d7ba5d","name":"webman","image":{"@type":"ImageObject","inLanguage":"es-CL","@id":"https:\/\/dev.explora.cl\/aysen\/#\/schema\/person\/image\/","url":"https:\/\/secure.gravatar.com\/avatar\/eeff3c82f2c02f7177d13663b7e6f890e9a6a0647ce9bb29cae02dcb094c7312?s=96&d=mm&r=g","contentUrl":"https:\/\/secure.gravatar.com\/avatar\/eeff3c82f2c02f7177d13663b7e6f890e9a6a0647ce9bb29cae02dcb094c7312?s=96&d=mm&r=g","caption":"webman"},"url":"https:\/\/dev.explora.cl\/aysen\/author\/webman\/"}]}},"_links":{"self":[{"href":"https:\/\/dev.explora.cl\/aysen\/wp-json\/wp\/v2\/posts\/36981","targetHints":{"allow":["GET"]}}],"collection":[{"href":"https:\/\/dev.explora.cl\/aysen\/wp-json\/wp\/v2\/posts"}],"about":[{"href":"https:\/\/dev.explora.cl\/aysen\/wp-json\/wp\/v2\/types\/post"}],"author":[{"embeddable":true,"href":"https:\/\/dev.explora.cl\/aysen\/wp-json\/wp\/v2\/users\/2"}],"replies":[{"embeddable":true,"href":"https:\/\/dev.explora.cl\/aysen\/wp-json\/wp\/v2\/comments?post=36981"}],"version-history":[{"count":1,"href":"https:\/\/dev.explora.cl\/aysen\/wp-json\/wp\/v2\/posts\/36981\/revisions"}],"predecessor-version":[{"id":37085,"href":"https:\/\/dev.explora.cl\/aysen\/wp-json\/wp\/v2\/posts\/36981\/revisions\/37085"}],"wp:featuredmedia":[{"embeddable":true,"href":"https:\/\/dev.explora.cl\/aysen\/wp-json\/wp\/v2\/media\/36982"}],"wp:attachment":[{"href":"https:\/\/dev.explora.cl\/aysen\/wp-json\/wp\/v2\/media?parent=36981"}],"wp:term":[{"taxonomy":"category","embeddable":true,"href":"https:\/\/dev.explora.cl\/aysen\/wp-json\/wp\/v2\/categories?post=36981"},{"taxonomy":"post_tag","embeddable":true,"href":"https:\/\/dev.explora.cl\/aysen\/wp-json\/wp\/v2\/tags?post=36981"}],"curies":[{"name":"wp","href":"https:\/\/api.w.org\/{rel}","templated":true}]}}