{"id":324,"date":"2016-05-31T00:00:00","date_gmt":"2016-05-31T04:00:00","guid":{"rendered":"https:\/\/dev.explora.cl\/aysen\/blog\/2016\/05\/31\/lanzamiento-tema-2016\/"},"modified":"2019-05-20T21:20:58","modified_gmt":"2019-05-20T21:20:58","slug":"lanzamiento-tema-2016","status":"publish","type":"post","link":"https:\/\/dev.explora.cl\/aysen\/lanzamiento-tema-2016\/","title":{"rendered":"Con charla de especialista fue presentado el tema Explora 2016: Biomim\u00e9tica, soluciones inspiradas en la naturaleza"},"content":{"rendered":"<p><img loading=\"lazy\" decoding=\"async\" class=\" size-full wp-image-17879\" src=\"http:\/\/ec2-54-245-22-188.us-west-2.compute.amazonaws.com\/wp-content\/uploads\/2016\/05\/ae0fa98c8f9a6dd8674d34be2f82b935_L.jpg\" alt=\"\" width=\"600\" height=\"466\" \/><\/p>\n<p>Junto a representantes de la comunidad escolar, se realiz\u00f3 hoy en el Centro Cultural Coyhaique el lanzamiento del eje tem\u00e1tico que acompa\u00f1ar\u00e1 las actividades del PAR Explora de CONICYT Regi\u00f3n de Ays\u00e9n, denominado \u201cBiomim\u00e9tica, soluciones inspiradas en la naturaleza\u201d.<\/p>\n<p>La instancia, que tambi\u00e9n dio inicio oficial a las actividades del Proyecto en la Regi\u00f3n, congreg\u00f3 alrededor de 200 personas, entre escolares, docentes y directivos de establecimientos educacionales, adem\u00e1s de l\u00edderes de instituciones asociadas y autoridades del Proyecto, quienes pudieron reflexionar sobre las ventajas que ofrece la observaci\u00f3n, el estudio y la comprensi\u00f3n de la naturaleza.<\/p>\n<p>Como invitados al lanzamiento, participaron estudiantes y profesores de los establecimientos Colegio Alianza Austral, Colegio Mater Dei, Colegio Diego Portales, Liceo T\u00e9cnico Profesional Juan Pablo II y Liceo Bicentenario Altos del Mackay.<\/p>\n<p>El lanzamiento tuvo como eje central la conferencia \u201cBiomim\u00e9tica: fuente de inspiraci\u00f3n para las soluciones tecnol\u00f3gicas del presente\u201d a cargo de Jos\u00e9 Luis Arias, profesor e investigador del Centro para la Investigaci\u00f3n Interdisciplinaria Avanzada en Ciencias de los Materiales (CIMAT) de la Universidad de Chile.<\/p>\n<p><strong>Lanzamiento PAR Explora de CONICYT Regi\u00f3n de Ays\u00e9n<\/strong><\/p>\n<p>Para el equipo del PAR Explora de CONICYT Ays\u00e9n, el 2016 corresponde al primero de tres a\u00f1os de una nueva adjudicaci\u00f3n del Proyecto, lo que da continuidad a una d\u00e9cada de trabajo en la Regi\u00f3n. \u201cEs importante seguir entusiasmando a los m\u00e1s j\u00f3venes y acercarlos al mundo de la ciencia\u201d se\u00f1al\u00f3 Arturo Escobar, Director del Campus Patagonia de la Universidad Austral de Chile, quien reafirm\u00f3 su respaldo al Proyecto se\u00f1alando que tambi\u00e9n es parte del desarrollo de la Regi\u00f3n.<\/p>\n<p>Por su parte, Anabel Reis, Gerente del Centro de Investigaci\u00f3n en Ecosistemas de la Patagonia, CIEP \u2013 principal asociado del Proyecto- hizo hincapi\u00e9 en que \u201csabemos que comunicar el trabajo cient\u00edfico no es f\u00e1cil, y en ese sentido agradecemos la labor de Explora ya que nos permite generar un di\u00e1logo entre cient\u00edficos y estudiantes\u201d.<\/p>\n<p>Finalmente, Viviana Pizarro, Coordinadora ejecutiva del PAR Explora de CONICYT Regi\u00f3n de Ays\u00e9n, invit\u00f3 a la audiencia a participar de cada una de las actividades programadas para este a\u00f1o.<\/p>\n<p>\u00a0<\/p>\n<p><strong>Tecnolog\u00edas bioinspiradas<\/strong><\/p>\n<p>La biomim\u00e9tica, por definici\u00f3n, es la disciplina que estudia la naturaleza como fuente de inspiraci\u00f3n para el desarrollo de nuevas tecnolog\u00edas. \u201cEsta disciplina no pretende competir con la naturaleza, sino m\u00e1s bien busca inspirarse en ella\u201d afirm\u00f3 Arias durante su exposici\u00f3n, instancia en que abord\u00f3 diversos ejemplos de productos tecnol\u00f3gicos bioinspirados.<\/p>\n<p>La influencia del mart\u00edn pescador sobre el dise\u00f1o del tren bala japon\u00e9s, o la del comportamiento del girasol sobre la disposici\u00f3n de una planta de concentraci\u00f3n solar espa\u00f1ola, son solo algunos de los ejemplos a los que el profesor se refiri\u00f3 para ilustrar la amplitud de este enfoque multidisciplinario.<\/p>\n<p>Arias recalc\u00f3 el valor de la curiosidad para esta incipiente disciplina. \u201cEstamos al inicio de la investigaci\u00f3n en materiales bioinspirados. La observaci\u00f3n y el estudio m\u00e1s profundo del mundo que nos rodea seguir\u00e1 siendo una fuente maravillosa para fabricar materiales con nuevas propiedades, para el bienestar de la humanidad\u201d enfatiz\u00f3.<\/p>\n<p>\u00a0<\/p>\n","protected":false},"excerpt":{"rendered":"<p>Junto a representantes de la comunidad escolar, se realiz\u00f3 hoy en el Centro Cultural Coyhaique el lanzamiento del eje tem\u00e1tico que acompa\u00f1ar\u00e1 las actividades del PAR Explora de CONICYT Regi\u00f3n de Ays\u00e9n, denominado \u201cBiomim\u00e9tica, soluciones inspiradas en la naturaleza\u201d. La instancia, que tambi\u00e9n dio inicio oficial a las actividades del Proyecto en la Regi\u00f3n, congreg\u00f3 [&hellip;]<\/p>\n","protected":false},"author":2,"featured_media":325,"comment_status":"open","ping_status":"open","sticky":false,"template":"","format":"standard","meta":{"_acf_changed":false,"_exactmetrics_skip_tracking":false,"_exactmetrics_sitenote_active":false,"_exactmetrics_sitenote_note":"","_exactmetrics_sitenote_category":0,"footnotes":"","_links_to":"","_links_to_target":""},"categories":[4],"tags":[],"class_list":["post-324","post","type-post","status-publish","format-standard","has-post-thumbnail","hentry","category-noticias"],"acf":[],"yoast_head":"<!-- This site is optimized with the Yoast SEO plugin v26.7 - https:\/\/yoast.com\/wordpress\/plugins\/seo\/ -->\n<title>Con charla de especialista fue presentado el tema Explora 2016: Biomim\u00e9tica, soluciones inspiradas en la naturaleza - Aysen<\/title>\n<meta name=\"robots\" content=\"index, follow, max-snippet:-1, max-image-preview:large, max-video-preview:-1\" \/>\n<link rel=\"canonical\" href=\"https:\/\/dev.explora.cl\/aysen\/lanzamiento-tema-2016\/\" class=\"yoast-seo-meta-tag\" \/>\n<meta property=\"og:locale\" content=\"es_ES\" class=\"yoast-seo-meta-tag\" \/>\n<meta property=\"og:type\" content=\"article\" class=\"yoast-seo-meta-tag\" \/>\n<meta property=\"og:title\" content=\"Con charla de especialista fue presentado el tema Explora 2016: Biomim\u00e9tica, soluciones inspiradas en la naturaleza - Aysen\" class=\"yoast-seo-meta-tag\" \/>\n<meta property=\"og:description\" content=\"Junto a representantes de la comunidad escolar, se realiz\u00f3 hoy en el Centro Cultural Coyhaique el lanzamiento del eje tem\u00e1tico que acompa\u00f1ar\u00e1 las actividades del PAR Explora de CONICYT Regi\u00f3n de Ays\u00e9n, denominado \u201cBiomim\u00e9tica, soluciones inspiradas en la naturaleza\u201d. La instancia, que tambi\u00e9n dio inicio oficial a las actividades del Proyecto en la Regi\u00f3n, congreg\u00f3 [&hellip;]\" class=\"yoast-seo-meta-tag\" \/>\n<meta property=\"og:url\" content=\"https:\/\/dev.explora.cl\/aysen\/lanzamiento-tema-2016\/\" class=\"yoast-seo-meta-tag\" \/>\n<meta property=\"og:site_name\" content=\"Aysen\" class=\"yoast-seo-meta-tag\" \/>\n<meta property=\"article:published_time\" content=\"2016-05-31T04:00:00+00:00\" class=\"yoast-seo-meta-tag\" \/>\n<meta property=\"article:modified_time\" content=\"2019-05-20T21:20:58+00:00\" class=\"yoast-seo-meta-tag\" \/>\n<meta property=\"og:image\" content=\"https:\/\/dev.explora.cl\/aysen\/wp-content\/uploads\/sites\/18\/2018\/06\/ae0fa98c8f9a6dd8674d34be2f82b935_L.jpg\" class=\"yoast-seo-meta-tag\" \/>\n\t<meta property=\"og:image:width\" content=\"600\" class=\"yoast-seo-meta-tag\" \/>\n\t<meta property=\"og:image:height\" content=\"466\" class=\"yoast-seo-meta-tag\" \/>\n\t<meta property=\"og:image:type\" content=\"image\/jpeg\" class=\"yoast-seo-meta-tag\" \/>\n<meta name=\"author\" content=\"webman\" class=\"yoast-seo-meta-tag\" \/>\n<meta name=\"twitter:card\" content=\"summary_large_image\" class=\"yoast-seo-meta-tag\" \/>\n<meta name=\"twitter:label1\" content=\"Escrito por\" class=\"yoast-seo-meta-tag\" \/>\n\t<meta name=\"twitter:data1\" content=\"webman\" class=\"yoast-seo-meta-tag\" \/>\n\t<meta name=\"twitter:label2\" content=\"Tiempo estimado de lectura\" class=\"yoast-seo-meta-tag\" \/>\n\t<meta name=\"twitter:data2\" content=\"3 minutos\" class=\"yoast-seo-meta-tag\" \/>\n<script type=\"application\/ld+json\" class=\"yoast-schema-graph\">{\"@context\":\"https:\/\/schema.org\",\"@graph\":[{\"@type\":\"Article\",\"@id\":\"https:\/\/dev.explora.cl\/aysen\/lanzamiento-tema-2016\/#article\",\"isPartOf\":{\"@id\":\"https:\/\/dev.explora.cl\/aysen\/lanzamiento-tema-2016\/\"},\"author\":{\"name\":\"webman\",\"@id\":\"https:\/\/dev.explora.cl\/aysen\/#\/schema\/person\/cb8349c13ea2d324080adf8480d7ba5d\"},\"headline\":\"Con charla de especialista fue presentado el tema Explora 2016: Biomim\u00e9tica, soluciones inspiradas en la naturaleza\",\"datePublished\":\"2016-05-31T04:00:00+00:00\",\"dateModified\":\"2019-05-20T21:20:58+00:00\",\"mainEntityOfPage\":{\"@id\":\"https:\/\/dev.explora.cl\/aysen\/lanzamiento-tema-2016\/\"},\"wordCount\":561,\"commentCount\":0,\"image\":{\"@id\":\"https:\/\/dev.explora.cl\/aysen\/lanzamiento-tema-2016\/#primaryimage\"},\"thumbnailUrl\":\"https:\/\/dev.explora.cl\/aysen\/wp-content\/uploads\/sites\/18\/2018\/06\/ae0fa98c8f9a6dd8674d34be2f82b935_L.jpg\",\"articleSection\":[\"Noticias\"],\"inLanguage\":\"es-CL\",\"potentialAction\":[{\"@type\":\"CommentAction\",\"name\":\"Comment\",\"target\":[\"https:\/\/dev.explora.cl\/aysen\/lanzamiento-tema-2016\/#respond\"]}]},{\"@type\":\"WebPage\",\"@id\":\"https:\/\/dev.explora.cl\/aysen\/lanzamiento-tema-2016\/\",\"url\":\"https:\/\/dev.explora.cl\/aysen\/lanzamiento-tema-2016\/\",\"name\":\"Con charla de especialista fue presentado el tema Explora 2016: Biomim\u00e9tica, soluciones inspiradas en la naturaleza - Aysen\",\"isPartOf\":{\"@id\":\"https:\/\/dev.explora.cl\/aysen\/#website\"},\"primaryImageOfPage\":{\"@id\":\"https:\/\/dev.explora.cl\/aysen\/lanzamiento-tema-2016\/#primaryimage\"},\"image\":{\"@id\":\"https:\/\/dev.explora.cl\/aysen\/lanzamiento-tema-2016\/#primaryimage\"},\"thumbnailUrl\":\"https:\/\/dev.explora.cl\/aysen\/wp-content\/uploads\/sites\/18\/2018\/06\/ae0fa98c8f9a6dd8674d34be2f82b935_L.jpg\",\"datePublished\":\"2016-05-31T04:00:00+00:00\",\"dateModified\":\"2019-05-20T21:20:58+00:00\",\"author\":{\"@id\":\"https:\/\/dev.explora.cl\/aysen\/#\/schema\/person\/cb8349c13ea2d324080adf8480d7ba5d\"},\"breadcrumb\":{\"@id\":\"https:\/\/dev.explora.cl\/aysen\/lanzamiento-tema-2016\/#breadcrumb\"},\"inLanguage\":\"es-CL\",\"potentialAction\":[{\"@type\":\"ReadAction\",\"target\":[\"https:\/\/dev.explora.cl\/aysen\/lanzamiento-tema-2016\/\"]}]},{\"@type\":\"ImageObject\",\"inLanguage\":\"es-CL\",\"@id\":\"https:\/\/dev.explora.cl\/aysen\/lanzamiento-tema-2016\/#primaryimage\",\"url\":\"https:\/\/dev.explora.cl\/aysen\/wp-content\/uploads\/sites\/18\/2018\/06\/ae0fa98c8f9a6dd8674d34be2f82b935_L.jpg\",\"contentUrl\":\"https:\/\/dev.explora.cl\/aysen\/wp-content\/uploads\/sites\/18\/2018\/06\/ae0fa98c8f9a6dd8674d34be2f82b935_L.jpg\",\"width\":600,\"height\":466},{\"@type\":\"BreadcrumbList\",\"@id\":\"https:\/\/dev.explora.cl\/aysen\/lanzamiento-tema-2016\/#breadcrumb\",\"itemListElement\":[{\"@type\":\"ListItem\",\"position\":1,\"name\":\"Portada\",\"item\":\"https:\/\/dev.explora.cl\/aysen\/\"},{\"@type\":\"ListItem\",\"position\":2,\"name\":\"Con charla de especialista fue presentado el tema Explora 2016: Biomim\u00e9tica, soluciones inspiradas en la naturaleza\"}]},{\"@type\":\"WebSite\",\"@id\":\"https:\/\/dev.explora.cl\/aysen\/#website\",\"url\":\"https:\/\/dev.explora.cl\/aysen\/\",\"name\":\"Aysen\",\"description\":\"Otro sitio m\u00e1s de dev.explora.cl\",\"potentialAction\":[{\"@type\":\"SearchAction\",\"target\":{\"@type\":\"EntryPoint\",\"urlTemplate\":\"https:\/\/dev.explora.cl\/aysen\/?s={search_term_string}\"},\"query-input\":{\"@type\":\"PropertyValueSpecification\",\"valueRequired\":true,\"valueName\":\"search_term_string\"}}],\"inLanguage\":\"es-CL\"},{\"@type\":\"Person\",\"@id\":\"https:\/\/dev.explora.cl\/aysen\/#\/schema\/person\/cb8349c13ea2d324080adf8480d7ba5d\",\"name\":\"webman\",\"image\":{\"@type\":\"ImageObject\",\"inLanguage\":\"es-CL\",\"@id\":\"https:\/\/dev.explora.cl\/aysen\/#\/schema\/person\/image\/\",\"url\":\"https:\/\/secure.gravatar.com\/avatar\/eeff3c82f2c02f7177d13663b7e6f890e9a6a0647ce9bb29cae02dcb094c7312?s=96&d=mm&r=g\",\"contentUrl\":\"https:\/\/secure.gravatar.com\/avatar\/eeff3c82f2c02f7177d13663b7e6f890e9a6a0647ce9bb29cae02dcb094c7312?s=96&d=mm&r=g\",\"caption\":\"webman\"},\"url\":\"https:\/\/dev.explora.cl\/aysen\/author\/webman\/\"}]}<\/script>\n<!-- \/ Yoast SEO plugin. -->","yoast_head_json":{"title":"Con charla de especialista fue presentado el tema Explora 2016: Biomim\u00e9tica, soluciones inspiradas en la naturaleza - Aysen","robots":{"index":"index","follow":"follow","max-snippet":"max-snippet:-1","max-image-preview":"max-image-preview:large","max-video-preview":"max-video-preview:-1"},"canonical":"https:\/\/dev.explora.cl\/aysen\/lanzamiento-tema-2016\/","og_locale":"es_ES","og_type":"article","og_title":"Con charla de especialista fue presentado el tema Explora 2016: Biomim\u00e9tica, soluciones inspiradas en la naturaleza - Aysen","og_description":"Junto a representantes de la comunidad escolar, se realiz\u00f3 hoy en el Centro Cultural Coyhaique el lanzamiento del eje tem\u00e1tico que acompa\u00f1ar\u00e1 las actividades del PAR Explora de CONICYT Regi\u00f3n de Ays\u00e9n, denominado \u201cBiomim\u00e9tica, soluciones inspiradas en la naturaleza\u201d. La instancia, que tambi\u00e9n dio inicio oficial a las actividades del Proyecto en la Regi\u00f3n, congreg\u00f3 [&hellip;]","og_url":"https:\/\/dev.explora.cl\/aysen\/lanzamiento-tema-2016\/","og_site_name":"Aysen","article_published_time":"2016-05-31T04:00:00+00:00","article_modified_time":"2019-05-20T21:20:58+00:00","og_image":[{"width":600,"height":466,"url":"https:\/\/dev.explora.cl\/aysen\/wp-content\/uploads\/sites\/18\/2018\/06\/ae0fa98c8f9a6dd8674d34be2f82b935_L.jpg","type":"image\/jpeg"}],"author":"webman","twitter_card":"summary_large_image","twitter_misc":{"Escrito por":"webman","Tiempo estimado de lectura":"3 minutos"},"schema":{"@context":"https:\/\/schema.org","@graph":[{"@type":"Article","@id":"https:\/\/dev.explora.cl\/aysen\/lanzamiento-tema-2016\/#article","isPartOf":{"@id":"https:\/\/dev.explora.cl\/aysen\/lanzamiento-tema-2016\/"},"author":{"name":"webman","@id":"https:\/\/dev.explora.cl\/aysen\/#\/schema\/person\/cb8349c13ea2d324080adf8480d7ba5d"},"headline":"Con charla de especialista fue presentado el tema Explora 2016: Biomim\u00e9tica, soluciones inspiradas en la naturaleza","datePublished":"2016-05-31T04:00:00+00:00","dateModified":"2019-05-20T21:20:58+00:00","mainEntityOfPage":{"@id":"https:\/\/dev.explora.cl\/aysen\/lanzamiento-tema-2016\/"},"wordCount":561,"commentCount":0,"image":{"@id":"https:\/\/dev.explora.cl\/aysen\/lanzamiento-tema-2016\/#primaryimage"},"thumbnailUrl":"https:\/\/dev.explora.cl\/aysen\/wp-content\/uploads\/sites\/18\/2018\/06\/ae0fa98c8f9a6dd8674d34be2f82b935_L.jpg","articleSection":["Noticias"],"inLanguage":"es-CL","potentialAction":[{"@type":"CommentAction","name":"Comment","target":["https:\/\/dev.explora.cl\/aysen\/lanzamiento-tema-2016\/#respond"]}]},{"@type":"WebPage","@id":"https:\/\/dev.explora.cl\/aysen\/lanzamiento-tema-2016\/","url":"https:\/\/dev.explora.cl\/aysen\/lanzamiento-tema-2016\/","name":"Con charla de especialista fue presentado el tema Explora 2016: Biomim\u00e9tica, soluciones inspiradas en la naturaleza - Aysen","isPartOf":{"@id":"https:\/\/dev.explora.cl\/aysen\/#website"},"primaryImageOfPage":{"@id":"https:\/\/dev.explora.cl\/aysen\/lanzamiento-tema-2016\/#primaryimage"},"image":{"@id":"https:\/\/dev.explora.cl\/aysen\/lanzamiento-tema-2016\/#primaryimage"},"thumbnailUrl":"https:\/\/dev.explora.cl\/aysen\/wp-content\/uploads\/sites\/18\/2018\/06\/ae0fa98c8f9a6dd8674d34be2f82b935_L.jpg","datePublished":"2016-05-31T04:00:00+00:00","dateModified":"2019-05-20T21:20:58+00:00","author":{"@id":"https:\/\/dev.explora.cl\/aysen\/#\/schema\/person\/cb8349c13ea2d324080adf8480d7ba5d"},"breadcrumb":{"@id":"https:\/\/dev.explora.cl\/aysen\/lanzamiento-tema-2016\/#breadcrumb"},"inLanguage":"es-CL","potentialAction":[{"@type":"ReadAction","target":["https:\/\/dev.explora.cl\/aysen\/lanzamiento-tema-2016\/"]}]},{"@type":"ImageObject","inLanguage":"es-CL","@id":"https:\/\/dev.explora.cl\/aysen\/lanzamiento-tema-2016\/#primaryimage","url":"https:\/\/dev.explora.cl\/aysen\/wp-content\/uploads\/sites\/18\/2018\/06\/ae0fa98c8f9a6dd8674d34be2f82b935_L.jpg","contentUrl":"https:\/\/dev.explora.cl\/aysen\/wp-content\/uploads\/sites\/18\/2018\/06\/ae0fa98c8f9a6dd8674d34be2f82b935_L.jpg","width":600,"height":466},{"@type":"BreadcrumbList","@id":"https:\/\/dev.explora.cl\/aysen\/lanzamiento-tema-2016\/#breadcrumb","itemListElement":[{"@type":"ListItem","position":1,"name":"Portada","item":"https:\/\/dev.explora.cl\/aysen\/"},{"@type":"ListItem","position":2,"name":"Con charla de especialista fue presentado el tema Explora 2016: Biomim\u00e9tica, soluciones inspiradas en la naturaleza"}]},{"@type":"WebSite","@id":"https:\/\/dev.explora.cl\/aysen\/#website","url":"https:\/\/dev.explora.cl\/aysen\/","name":"Aysen","description":"Otro sitio m\u00e1s de dev.explora.cl","potentialAction":[{"@type":"SearchAction","target":{"@type":"EntryPoint","urlTemplate":"https:\/\/dev.explora.cl\/aysen\/?s={search_term_string}"},"query-input":{"@type":"PropertyValueSpecification","valueRequired":true,"valueName":"search_term_string"}}],"inLanguage":"es-CL"},{"@type":"Person","@id":"https:\/\/dev.explora.cl\/aysen\/#\/schema\/person\/cb8349c13ea2d324080adf8480d7ba5d","name":"webman","image":{"@type":"ImageObject","inLanguage":"es-CL","@id":"https:\/\/dev.explora.cl\/aysen\/#\/schema\/person\/image\/","url":"https:\/\/secure.gravatar.com\/avatar\/eeff3c82f2c02f7177d13663b7e6f890e9a6a0647ce9bb29cae02dcb094c7312?s=96&d=mm&r=g","contentUrl":"https:\/\/secure.gravatar.com\/avatar\/eeff3c82f2c02f7177d13663b7e6f890e9a6a0647ce9bb29cae02dcb094c7312?s=96&d=mm&r=g","caption":"webman"},"url":"https:\/\/dev.explora.cl\/aysen\/author\/webman\/"}]}},"_links":{"self":[{"href":"https:\/\/dev.explora.cl\/aysen\/wp-json\/wp\/v2\/posts\/324","targetHints":{"allow":["GET"]}}],"collection":[{"href":"https:\/\/dev.explora.cl\/aysen\/wp-json\/wp\/v2\/posts"}],"about":[{"href":"https:\/\/dev.explora.cl\/aysen\/wp-json\/wp\/v2\/types\/post"}],"author":[{"embeddable":true,"href":"https:\/\/dev.explora.cl\/aysen\/wp-json\/wp\/v2\/users\/2"}],"replies":[{"embeddable":true,"href":"https:\/\/dev.explora.cl\/aysen\/wp-json\/wp\/v2\/comments?post=324"}],"version-history":[{"count":1,"href":"https:\/\/dev.explora.cl\/aysen\/wp-json\/wp\/v2\/posts\/324\/revisions"}],"predecessor-version":[{"id":37252,"href":"https:\/\/dev.explora.cl\/aysen\/wp-json\/wp\/v2\/posts\/324\/revisions\/37252"}],"wp:featuredmedia":[{"embeddable":true,"href":"https:\/\/dev.explora.cl\/aysen\/wp-json\/wp\/v2\/media\/325"}],"wp:attachment":[{"href":"https:\/\/dev.explora.cl\/aysen\/wp-json\/wp\/v2\/media?parent=324"}],"wp:term":[{"taxonomy":"category","embeddable":true,"href":"https:\/\/dev.explora.cl\/aysen\/wp-json\/wp\/v2\/categories?post=324"},{"taxonomy":"post_tag","embeddable":true,"href":"https:\/\/dev.explora.cl\/aysen\/wp-json\/wp\/v2\/tags?post=324"}],"curies":[{"name":"wp","href":"https:\/\/api.w.org\/{rel}","templated":true}]}}