{"id":315,"date":"2015-11-10T00:00:00","date_gmt":"2015-11-10T04:00:00","guid":{"rendered":"https:\/\/dev.explora.cl\/aysen\/blog\/2015\/11\/10\/8-cafe-con-ciencia-sobre-dendroenergia-en-la-region-de-aysen\/"},"modified":"2019-05-20T21:20:59","modified_gmt":"2019-05-20T21:20:59","slug":"8-cafe-con-ciencia-sobre-dendroenergia-en-la-region-de-aysen","status":"publish","type":"post","link":"https:\/\/dev.explora.cl\/aysen\/8-cafe-con-ciencia-sobre-dendroenergia-en-la-region-de-aysen\/","title":{"rendered":"8\u00b0 Caf\u00e9 con Ciencia sobre dendroenerg\u00eda en la regi\u00f3n de Ays\u00e9n."},"content":{"rendered":"<p>&nbsp;<\/p>\n<p>La actividad se realizar\u00e1 el martes 10 de noviembre en el \u201cCaf\u00e9 de Mayo\u201d, ubicado en 21 de Mayo N\u00ba 543 a las 19:30 horas.<\/p>\n<p>Aumen ONG (Eco de los Montes) en conjunto con el Campus Patagonia de la Universidad Austral de Chile y PAR Explora Ays\u00e9n invitan a la charla &#8220;Monitoreo de los bosques de Chile y en la Regi\u00f3n. Alternativa Dendroenerg\u00e9tica&#8221;, que ser\u00e1 dictada por V\u00edctor Sandoval V\u00e1squez, Ingeniero Forestal, doctor y master en ciencias forestales de la Universidad de Goettingen- Alemania, profesor de la Facultad de la Facultad de Ciencias Forestales y Recursos Naturales de la UACh.<\/p>\n<p>Chile cuenta con herramientas e iniciativas que conforman un Sistema Monitoreo Forestal que ha alcanzado una escala espacial detallada para algunas regiones. As\u00ed para la Regi\u00f3n del B\u00edo B\u00edo al a\u00f1o 2015, se comienza a capturar informaci\u00f3n de bosques con un nivel de resoluci\u00f3n mayor (resoluci\u00f3n espacial de 0,5 hect\u00e1reas), pero con un d\u00e9ficit en su frecuencia temporal en el monitoreo. Esta falencia constituye desaf\u00edos que deben ser superados por el Estado en el corto plazo, respondi\u00e9ndose as\u00ed a las cada vez m\u00e1s demandantes exigencias de informaci\u00f3n que la sociedad requiere de sus recursos naturales y espec\u00edficamente de sus bosques.<\/p>\n<p>Por ejemplo se requiere informaci\u00f3n precisa, para el control de la degradaci\u00f3n de los bosques, pero tambi\u00e9n para promover su uso como energ\u00eda, bajo manejo sustentable, sostenible y controlado, en el marco de las Energ\u00edas Renovables no Convencionales,<\/p>\n<p>Para el caso de la Regi\u00f3n de Ays\u00e9n, en la actualidad se cuenta con informaci\u00f3n de nivel semidetalle pero que permite realizar algunas estimaciones de la dendroenerg\u00eda, desde luego bajo una concepci\u00f3n de manejo sustentable de los bosques.<\/p>\n<p>&nbsp;<\/p>\n","protected":false},"excerpt":{"rendered":"<p>&nbsp; La actividad se realizar\u00e1 el martes 10 de noviembre en el \u201cCaf\u00e9 de Mayo\u201d, ubicado en 21 de Mayo N\u00ba 543 a las 19:30 horas. Aumen ONG (Eco de los Montes) en conjunto con el Campus Patagonia de la Universidad Austral de Chile y PAR Explora Ays\u00e9n invitan a la charla &#8220;Monitoreo de los [&hellip;]<\/p>\n","protected":false},"author":2,"featured_media":0,"comment_status":"open","ping_status":"open","sticky":false,"template":"","format":"standard","meta":{"_acf_changed":false,"_exactmetrics_skip_tracking":false,"_exactmetrics_sitenote_active":false,"_exactmetrics_sitenote_note":"","_exactmetrics_sitenote_category":0,"footnotes":"","_links_to":"","_links_to_target":""},"categories":[4],"tags":[],"class_list":["post-315","post","type-post","status-publish","format-standard","hentry","category-noticias"],"acf":[],"yoast_head":"<!-- This site is optimized with the Yoast SEO plugin v26.7 - https:\/\/yoast.com\/wordpress\/plugins\/seo\/ -->\n<title>8\u00b0 Caf\u00e9 con Ciencia sobre dendroenerg\u00eda en la regi\u00f3n de Ays\u00e9n. - Aysen<\/title>\n<meta name=\"robots\" content=\"index, follow, max-snippet:-1, max-image-preview:large, max-video-preview:-1\" \/>\n<link rel=\"canonical\" href=\"https:\/\/dev.explora.cl\/aysen\/8-cafe-con-ciencia-sobre-dendroenergia-en-la-region-de-aysen\/\" class=\"yoast-seo-meta-tag\" \/>\n<meta property=\"og:locale\" content=\"es_ES\" class=\"yoast-seo-meta-tag\" \/>\n<meta property=\"og:type\" content=\"article\" class=\"yoast-seo-meta-tag\" \/>\n<meta property=\"og:title\" content=\"8\u00b0 Caf\u00e9 con Ciencia sobre dendroenerg\u00eda en la regi\u00f3n de Ays\u00e9n. - Aysen\" class=\"yoast-seo-meta-tag\" \/>\n<meta property=\"og:description\" content=\"&nbsp; La actividad se realizar\u00e1 el martes 10 de noviembre en el \u201cCaf\u00e9 de Mayo\u201d, ubicado en 21 de Mayo N\u00ba 543 a las 19:30 horas. Aumen ONG (Eco de los Montes) en conjunto con el Campus Patagonia de la Universidad Austral de Chile y PAR Explora Ays\u00e9n invitan a la charla &#8220;Monitoreo de los [&hellip;]\" class=\"yoast-seo-meta-tag\" \/>\n<meta property=\"og:url\" content=\"https:\/\/dev.explora.cl\/aysen\/8-cafe-con-ciencia-sobre-dendroenergia-en-la-region-de-aysen\/\" class=\"yoast-seo-meta-tag\" \/>\n<meta property=\"og:site_name\" content=\"Aysen\" class=\"yoast-seo-meta-tag\" \/>\n<meta property=\"article:published_time\" content=\"2015-11-10T04:00:00+00:00\" class=\"yoast-seo-meta-tag\" \/>\n<meta property=\"article:modified_time\" content=\"2019-05-20T21:20:59+00:00\" class=\"yoast-seo-meta-tag\" \/>\n<meta name=\"author\" content=\"webman\" class=\"yoast-seo-meta-tag\" \/>\n<meta name=\"twitter:card\" content=\"summary_large_image\" class=\"yoast-seo-meta-tag\" \/>\n<meta name=\"twitter:label1\" content=\"Escrito por\" class=\"yoast-seo-meta-tag\" \/>\n\t<meta name=\"twitter:data1\" content=\"webman\" class=\"yoast-seo-meta-tag\" \/>\n\t<meta name=\"twitter:label2\" content=\"Tiempo estimado de lectura\" class=\"yoast-seo-meta-tag\" \/>\n\t<meta name=\"twitter:data2\" content=\"2 minutos\" class=\"yoast-seo-meta-tag\" \/>\n<script type=\"application\/ld+json\" class=\"yoast-schema-graph\">{\"@context\":\"https:\/\/schema.org\",\"@graph\":[{\"@type\":\"Article\",\"@id\":\"https:\/\/dev.explora.cl\/aysen\/8-cafe-con-ciencia-sobre-dendroenergia-en-la-region-de-aysen\/#article\",\"isPartOf\":{\"@id\":\"https:\/\/dev.explora.cl\/aysen\/8-cafe-con-ciencia-sobre-dendroenergia-en-la-region-de-aysen\/\"},\"author\":{\"name\":\"webman\",\"@id\":\"https:\/\/dev.explora.cl\/aysen\/#\/schema\/person\/cb8349c13ea2d324080adf8480d7ba5d\"},\"headline\":\"8\u00b0 Caf\u00e9 con Ciencia sobre dendroenerg\u00eda en la regi\u00f3n de Ays\u00e9n.\",\"datePublished\":\"2015-11-10T04:00:00+00:00\",\"dateModified\":\"2019-05-20T21:20:59+00:00\",\"mainEntityOfPage\":{\"@id\":\"https:\/\/dev.explora.cl\/aysen\/8-cafe-con-ciencia-sobre-dendroenergia-en-la-region-de-aysen\/\"},\"wordCount\":314,\"commentCount\":0,\"articleSection\":[\"Noticias\"],\"inLanguage\":\"es-CL\",\"potentialAction\":[{\"@type\":\"CommentAction\",\"name\":\"Comment\",\"target\":[\"https:\/\/dev.explora.cl\/aysen\/8-cafe-con-ciencia-sobre-dendroenergia-en-la-region-de-aysen\/#respond\"]}]},{\"@type\":\"WebPage\",\"@id\":\"https:\/\/dev.explora.cl\/aysen\/8-cafe-con-ciencia-sobre-dendroenergia-en-la-region-de-aysen\/\",\"url\":\"https:\/\/dev.explora.cl\/aysen\/8-cafe-con-ciencia-sobre-dendroenergia-en-la-region-de-aysen\/\",\"name\":\"8\u00b0 Caf\u00e9 con Ciencia sobre dendroenerg\u00eda en la regi\u00f3n de Ays\u00e9n. - Aysen\",\"isPartOf\":{\"@id\":\"https:\/\/dev.explora.cl\/aysen\/#website\"},\"datePublished\":\"2015-11-10T04:00:00+00:00\",\"dateModified\":\"2019-05-20T21:20:59+00:00\",\"author\":{\"@id\":\"https:\/\/dev.explora.cl\/aysen\/#\/schema\/person\/cb8349c13ea2d324080adf8480d7ba5d\"},\"breadcrumb\":{\"@id\":\"https:\/\/dev.explora.cl\/aysen\/8-cafe-con-ciencia-sobre-dendroenergia-en-la-region-de-aysen\/#breadcrumb\"},\"inLanguage\":\"es-CL\",\"potentialAction\":[{\"@type\":\"ReadAction\",\"target\":[\"https:\/\/dev.explora.cl\/aysen\/8-cafe-con-ciencia-sobre-dendroenergia-en-la-region-de-aysen\/\"]}]},{\"@type\":\"BreadcrumbList\",\"@id\":\"https:\/\/dev.explora.cl\/aysen\/8-cafe-con-ciencia-sobre-dendroenergia-en-la-region-de-aysen\/#breadcrumb\",\"itemListElement\":[{\"@type\":\"ListItem\",\"position\":1,\"name\":\"Portada\",\"item\":\"https:\/\/dev.explora.cl\/aysen\/\"},{\"@type\":\"ListItem\",\"position\":2,\"name\":\"8\u00b0 Caf\u00e9 con Ciencia sobre dendroenerg\u00eda en la regi\u00f3n de Ays\u00e9n.\"}]},{\"@type\":\"WebSite\",\"@id\":\"https:\/\/dev.explora.cl\/aysen\/#website\",\"url\":\"https:\/\/dev.explora.cl\/aysen\/\",\"name\":\"Aysen\",\"description\":\"Otro sitio m\u00e1s de dev.explora.cl\",\"potentialAction\":[{\"@type\":\"SearchAction\",\"target\":{\"@type\":\"EntryPoint\",\"urlTemplate\":\"https:\/\/dev.explora.cl\/aysen\/?s={search_term_string}\"},\"query-input\":{\"@type\":\"PropertyValueSpecification\",\"valueRequired\":true,\"valueName\":\"search_term_string\"}}],\"inLanguage\":\"es-CL\"},{\"@type\":\"Person\",\"@id\":\"https:\/\/dev.explora.cl\/aysen\/#\/schema\/person\/cb8349c13ea2d324080adf8480d7ba5d\",\"name\":\"webman\",\"image\":{\"@type\":\"ImageObject\",\"inLanguage\":\"es-CL\",\"@id\":\"https:\/\/dev.explora.cl\/aysen\/#\/schema\/person\/image\/\",\"url\":\"https:\/\/secure.gravatar.com\/avatar\/eeff3c82f2c02f7177d13663b7e6f890e9a6a0647ce9bb29cae02dcb094c7312?s=96&d=mm&r=g\",\"contentUrl\":\"https:\/\/secure.gravatar.com\/avatar\/eeff3c82f2c02f7177d13663b7e6f890e9a6a0647ce9bb29cae02dcb094c7312?s=96&d=mm&r=g\",\"caption\":\"webman\"},\"url\":\"https:\/\/dev.explora.cl\/aysen\/author\/webman\/\"}]}<\/script>\n<!-- \/ Yoast SEO plugin. -->","yoast_head_json":{"title":"8\u00b0 Caf\u00e9 con Ciencia sobre dendroenerg\u00eda en la regi\u00f3n de Ays\u00e9n. - Aysen","robots":{"index":"index","follow":"follow","max-snippet":"max-snippet:-1","max-image-preview":"max-image-preview:large","max-video-preview":"max-video-preview:-1"},"canonical":"https:\/\/dev.explora.cl\/aysen\/8-cafe-con-ciencia-sobre-dendroenergia-en-la-region-de-aysen\/","og_locale":"es_ES","og_type":"article","og_title":"8\u00b0 Caf\u00e9 con Ciencia sobre dendroenerg\u00eda en la regi\u00f3n de Ays\u00e9n. - Aysen","og_description":"&nbsp; La actividad se realizar\u00e1 el martes 10 de noviembre en el \u201cCaf\u00e9 de Mayo\u201d, ubicado en 21 de Mayo N\u00ba 543 a las 19:30 horas. Aumen ONG (Eco de los Montes) en conjunto con el Campus Patagonia de la Universidad Austral de Chile y PAR Explora Ays\u00e9n invitan a la charla &#8220;Monitoreo de los [&hellip;]","og_url":"https:\/\/dev.explora.cl\/aysen\/8-cafe-con-ciencia-sobre-dendroenergia-en-la-region-de-aysen\/","og_site_name":"Aysen","article_published_time":"2015-11-10T04:00:00+00:00","article_modified_time":"2019-05-20T21:20:59+00:00","author":"webman","twitter_card":"summary_large_image","twitter_misc":{"Escrito por":"webman","Tiempo estimado de lectura":"2 minutos"},"schema":{"@context":"https:\/\/schema.org","@graph":[{"@type":"Article","@id":"https:\/\/dev.explora.cl\/aysen\/8-cafe-con-ciencia-sobre-dendroenergia-en-la-region-de-aysen\/#article","isPartOf":{"@id":"https:\/\/dev.explora.cl\/aysen\/8-cafe-con-ciencia-sobre-dendroenergia-en-la-region-de-aysen\/"},"author":{"name":"webman","@id":"https:\/\/dev.explora.cl\/aysen\/#\/schema\/person\/cb8349c13ea2d324080adf8480d7ba5d"},"headline":"8\u00b0 Caf\u00e9 con Ciencia sobre dendroenerg\u00eda en la regi\u00f3n de Ays\u00e9n.","datePublished":"2015-11-10T04:00:00+00:00","dateModified":"2019-05-20T21:20:59+00:00","mainEntityOfPage":{"@id":"https:\/\/dev.explora.cl\/aysen\/8-cafe-con-ciencia-sobre-dendroenergia-en-la-region-de-aysen\/"},"wordCount":314,"commentCount":0,"articleSection":["Noticias"],"inLanguage":"es-CL","potentialAction":[{"@type":"CommentAction","name":"Comment","target":["https:\/\/dev.explora.cl\/aysen\/8-cafe-con-ciencia-sobre-dendroenergia-en-la-region-de-aysen\/#respond"]}]},{"@type":"WebPage","@id":"https:\/\/dev.explora.cl\/aysen\/8-cafe-con-ciencia-sobre-dendroenergia-en-la-region-de-aysen\/","url":"https:\/\/dev.explora.cl\/aysen\/8-cafe-con-ciencia-sobre-dendroenergia-en-la-region-de-aysen\/","name":"8\u00b0 Caf\u00e9 con Ciencia sobre dendroenerg\u00eda en la regi\u00f3n de Ays\u00e9n. - Aysen","isPartOf":{"@id":"https:\/\/dev.explora.cl\/aysen\/#website"},"datePublished":"2015-11-10T04:00:00+00:00","dateModified":"2019-05-20T21:20:59+00:00","author":{"@id":"https:\/\/dev.explora.cl\/aysen\/#\/schema\/person\/cb8349c13ea2d324080adf8480d7ba5d"},"breadcrumb":{"@id":"https:\/\/dev.explora.cl\/aysen\/8-cafe-con-ciencia-sobre-dendroenergia-en-la-region-de-aysen\/#breadcrumb"},"inLanguage":"es-CL","potentialAction":[{"@type":"ReadAction","target":["https:\/\/dev.explora.cl\/aysen\/8-cafe-con-ciencia-sobre-dendroenergia-en-la-region-de-aysen\/"]}]},{"@type":"BreadcrumbList","@id":"https:\/\/dev.explora.cl\/aysen\/8-cafe-con-ciencia-sobre-dendroenergia-en-la-region-de-aysen\/#breadcrumb","itemListElement":[{"@type":"ListItem","position":1,"name":"Portada","item":"https:\/\/dev.explora.cl\/aysen\/"},{"@type":"ListItem","position":2,"name":"8\u00b0 Caf\u00e9 con Ciencia sobre dendroenerg\u00eda en la regi\u00f3n de Ays\u00e9n."}]},{"@type":"WebSite","@id":"https:\/\/dev.explora.cl\/aysen\/#website","url":"https:\/\/dev.explora.cl\/aysen\/","name":"Aysen","description":"Otro sitio m\u00e1s de dev.explora.cl","potentialAction":[{"@type":"SearchAction","target":{"@type":"EntryPoint","urlTemplate":"https:\/\/dev.explora.cl\/aysen\/?s={search_term_string}"},"query-input":{"@type":"PropertyValueSpecification","valueRequired":true,"valueName":"search_term_string"}}],"inLanguage":"es-CL"},{"@type":"Person","@id":"https:\/\/dev.explora.cl\/aysen\/#\/schema\/person\/cb8349c13ea2d324080adf8480d7ba5d","name":"webman","image":{"@type":"ImageObject","inLanguage":"es-CL","@id":"https:\/\/dev.explora.cl\/aysen\/#\/schema\/person\/image\/","url":"https:\/\/secure.gravatar.com\/avatar\/eeff3c82f2c02f7177d13663b7e6f890e9a6a0647ce9bb29cae02dcb094c7312?s=96&d=mm&r=g","contentUrl":"https:\/\/secure.gravatar.com\/avatar\/eeff3c82f2c02f7177d13663b7e6f890e9a6a0647ce9bb29cae02dcb094c7312?s=96&d=mm&r=g","caption":"webman"},"url":"https:\/\/dev.explora.cl\/aysen\/author\/webman\/"}]}},"_links":{"self":[{"href":"https:\/\/dev.explora.cl\/aysen\/wp-json\/wp\/v2\/posts\/315","targetHints":{"allow":["GET"]}}],"collection":[{"href":"https:\/\/dev.explora.cl\/aysen\/wp-json\/wp\/v2\/posts"}],"about":[{"href":"https:\/\/dev.explora.cl\/aysen\/wp-json\/wp\/v2\/types\/post"}],"author":[{"embeddable":true,"href":"https:\/\/dev.explora.cl\/aysen\/wp-json\/wp\/v2\/users\/2"}],"replies":[{"embeddable":true,"href":"https:\/\/dev.explora.cl\/aysen\/wp-json\/wp\/v2\/comments?post=315"}],"version-history":[{"count":1,"href":"https:\/\/dev.explora.cl\/aysen\/wp-json\/wp\/v2\/posts\/315\/revisions"}],"predecessor-version":[{"id":37256,"href":"https:\/\/dev.explora.cl\/aysen\/wp-json\/wp\/v2\/posts\/315\/revisions\/37256"}],"wp:attachment":[{"href":"https:\/\/dev.explora.cl\/aysen\/wp-json\/wp\/v2\/media?parent=315"}],"wp:term":[{"taxonomy":"category","embeddable":true,"href":"https:\/\/dev.explora.cl\/aysen\/wp-json\/wp\/v2\/categories?post=315"},{"taxonomy":"post_tag","embeddable":true,"href":"https:\/\/dev.explora.cl\/aysen\/wp-json\/wp\/v2\/tags?post=315"}],"curies":[{"name":"wp","href":"https:\/\/api.w.org\/{rel}","templated":true}]}}