{"id":313,"date":"2015-11-03T00:00:00","date_gmt":"2015-11-03T04:00:00","guid":{"rendered":"https:\/\/dev.explora.cl\/aysen\/blog\/2015\/11\/03\/exitoso-septimo-cafe-con-ciencia-sobre-itsmo-de-ofqui\/"},"modified":"2019-05-20T21:21:00","modified_gmt":"2019-05-20T21:21:00","slug":"exitoso-septimo-cafe-con-ciencia-sobre-itsmo-de-ofqui","status":"publish","type":"post","link":"https:\/\/dev.explora.cl\/aysen\/exitoso-septimo-cafe-con-ciencia-sobre-itsmo-de-ofqui\/","title":{"rendered":"Exitoso s\u00e9ptimo Caf\u00e9 con Ciencia sobre Itsmo de Ofqui"},"content":{"rendered":"<p><p>Cerca de 40 asistentes llegaron hasta el Caf\u00e9 de Mayo donde se realiz\u00f3 la s\u00e9ptima versi\u00f3n del Caf\u00e9 Con Ciencia. &#8220;Istmo de Ofqui, proceso inconcluso en la conectividad de la Regi\u00f3n de Ays\u00e9n&#8221; fue la tem\u00e1tica seleccionada para este evento organizado por Aumen ONG, Campus Patagonia de la Universidad Austral de Chile y PAR Explora Ays\u00e9n.<\/p>\n<p>La exposici\u00f3n fue presentada que por Emilia Astorga: Antrop\u00f3loga de la Universidad Academia de Humanismo Cristiano y Mg. en An\u00e1lisis Sist\u00e9mico Aplicado a la Sociedad de la U. de Chile; Sebasti\u00e1n Saavedra: Antrop\u00f3logo de la Universidad Cat\u00f3lica de Temuco; y Daniel Torres: Microempresario tur\u00edstico, actualmente gu\u00eda especializado en la zona de Laguna San Rafael e Istmo de Ofqui.&nbsp;<\/p>\n<p>Este proyecto de investigaci\u00f3n tiene como objetivo conocer en profundidad lo que fue el proceso de construcci\u00f3n de un canal en el sector de Istmo de Ofqui en la primera mitad del siglo XX. El fin de este proyecto, era conectar el golfo de Penas con aguas interiores, para que embarcaciones de peque\u00f1o tonelaje pudieran navegar entre Puerto Montt y Magallanes en una zona m\u00e1s protegida evadiendo parte de las turbulentas aguas del golfo&nbsp;<\/p>\n<p>El canal que se pensaba construir, consist\u00eda en un tramo de 2 kil\u00f3metros que conectar\u00eda Laguna San Rafael con los r\u00edos Negro y San Tadeo, permitiendo una salida hacia la Bah\u00eda San Quintin y posteriormente hacia el Golfo de Penas. Su construcci\u00f3n se inici\u00f3 en el a\u00f1o 1937 aproximadamente y las faenas estuvieron activas hasta 1943. Durante este tiempo existi\u00f3 pr\u00e1cticamente un pueblo entero, alrededor de 300 personas viviendo aleda\u00f1as a la construcci\u00f3n, hab\u00eda carabineros, posta e incluso pulper\u00eda. Sin embargo, es muy poco lo que se sabe sobre la vida de esta comunidad de Ofqui y en general sobre el desarrollo y desenlace del proyecto.<\/p>\n<p>Hasta la fecha se ha podido recopilar una gran cantidad de documentos, informes oficiales de entidades estatales, de la Armada de Chile, documentos acad\u00e9micos y archivos de prensa que nos hablan de diferentes construcciones e imaginarios en torno a este sector a lo largo del tiempo.<\/p>\n<p>No obstante, el canal nunca lleg\u00f3 a t\u00e9rmino. Hoy en d\u00eda s\u00f3lo encontramos los vestigios de lo que fue una primera etapa de construcci\u00f3n, d\u00f3nde la vegetaci\u00f3n ha ido retomando el espacio que de anta\u00f1o le perteneci\u00f3.<\/p>\n<p>Luis Bozzolo, Arquitecto asistente al Caf\u00e9 con Ciencia, valor\u00f3 la realizaci\u00f3n de estas jornadas y manifest\u00f3 que \u201ces muy interesante, hay una cantidad enorme de informaci\u00f3n hist\u00f3rica de la Regi\u00f3n que todos nosotros no conocemos y estas son oportunidades en las cuales se pueden ir haciendo estos estudios, este tipo de actividades vienen a aportar un grano de arena en esta materia. Para querer un territorio tienes que conocerlo y para conocerlo tienes que estudiarlo\u201d.<\/p>\n<p>Daniel Torres, Gu\u00eda de Turismo de Itsmo de Ofqui y miembro del equipo de investigaci\u00f3n de este proyecto, destac\u00f3 esta instancia para compartir con la comunidad la investigaci\u00f3n que vienen realizando y detall\u00f3 la importancia de este lugar. \u201cEl Istmo de Ofqui es un punto de la regi\u00f3n de Ays\u00e9n que fue descrito tempranamente por los navegantes, en 1620 por el Padre Jos\u00e9 Garc\u00eda. Nosotros nos enfocamos recopilando datos de lo que fue la construcci\u00f3n del canal entre el 1938 y 1943, estamos viendo qu\u00e9 pas\u00f3 con la gente que trabaj\u00f3 ah\u00ed. Esta investigaci\u00f3n naci\u00f3 porque hay un completo desconocimiento y muchas teor\u00edas de lo que fue esta etapa de la regi\u00f3n de Ays\u00e9n, estamos tratando de desempolvar archivos y ver qu\u00e9 pas\u00f3 con esta gente, c\u00f3mo viv\u00edan, c\u00f3mo era el d\u00eda a d\u00eda, viendo la mayor cantidad de datos posible y tratando de entender una parte importante de la historia del litoral de Ays\u00e9n\u201d.<\/p><\/p>\n","protected":false},"excerpt":{"rendered":"<p>Cerca de 40 asistentes llegaron hasta el Caf\u00e9 de Mayo donde se realiz\u00f3 la s\u00e9ptima versi\u00f3n del Caf\u00e9 Con Ciencia. &#8220;Istmo de Ofqui, proceso inconcluso en la conectividad de la Regi\u00f3n de Ays\u00e9n&#8221; fue la tem\u00e1tica seleccionada para este evento organizado por Aumen ONG, Campus Patagonia de la Universidad Austral de Chile y PAR Explora [&hellip;]<\/p>\n","protected":false},"author":2,"featured_media":0,"comment_status":"open","ping_status":"open","sticky":false,"template":"","format":"standard","meta":{"_acf_changed":false,"_exactmetrics_skip_tracking":false,"_exactmetrics_sitenote_active":false,"_exactmetrics_sitenote_note":"","_exactmetrics_sitenote_category":0,"footnotes":"","_links_to":"","_links_to_target":""},"categories":[4],"tags":[],"class_list":["post-313","post","type-post","status-publish","format-standard","hentry","category-noticias"],"acf":[],"yoast_head":"<!-- This site is optimized with the Yoast SEO plugin v26.7 - https:\/\/yoast.com\/wordpress\/plugins\/seo\/ -->\n<title>Exitoso s\u00e9ptimo Caf\u00e9 con Ciencia sobre Itsmo de Ofqui - Aysen<\/title>\n<meta name=\"robots\" content=\"index, follow, max-snippet:-1, max-image-preview:large, max-video-preview:-1\" \/>\n<link rel=\"canonical\" href=\"https:\/\/dev.explora.cl\/aysen\/exitoso-septimo-cafe-con-ciencia-sobre-itsmo-de-ofqui\/\" class=\"yoast-seo-meta-tag\" \/>\n<meta property=\"og:locale\" content=\"es_ES\" class=\"yoast-seo-meta-tag\" \/>\n<meta property=\"og:type\" content=\"article\" class=\"yoast-seo-meta-tag\" \/>\n<meta property=\"og:title\" content=\"Exitoso s\u00e9ptimo Caf\u00e9 con Ciencia sobre Itsmo de Ofqui - Aysen\" class=\"yoast-seo-meta-tag\" \/>\n<meta property=\"og:description\" content=\"Cerca de 40 asistentes llegaron hasta el Caf\u00e9 de Mayo donde se realiz\u00f3 la s\u00e9ptima versi\u00f3n del Caf\u00e9 Con Ciencia. &#8220;Istmo de Ofqui, proceso inconcluso en la conectividad de la Regi\u00f3n de Ays\u00e9n&#8221; fue la tem\u00e1tica seleccionada para este evento organizado por Aumen ONG, Campus Patagonia de la Universidad Austral de Chile y PAR Explora [&hellip;]\" class=\"yoast-seo-meta-tag\" \/>\n<meta property=\"og:url\" content=\"https:\/\/dev.explora.cl\/aysen\/exitoso-septimo-cafe-con-ciencia-sobre-itsmo-de-ofqui\/\" class=\"yoast-seo-meta-tag\" \/>\n<meta property=\"og:site_name\" content=\"Aysen\" class=\"yoast-seo-meta-tag\" \/>\n<meta property=\"article:published_time\" content=\"2015-11-03T04:00:00+00:00\" class=\"yoast-seo-meta-tag\" \/>\n<meta property=\"article:modified_time\" content=\"2019-05-20T21:21:00+00:00\" class=\"yoast-seo-meta-tag\" \/>\n<meta name=\"author\" content=\"webman\" class=\"yoast-seo-meta-tag\" \/>\n<meta name=\"twitter:card\" content=\"summary_large_image\" class=\"yoast-seo-meta-tag\" \/>\n<meta name=\"twitter:label1\" content=\"Escrito por\" class=\"yoast-seo-meta-tag\" \/>\n\t<meta name=\"twitter:data1\" content=\"webman\" class=\"yoast-seo-meta-tag\" \/>\n\t<meta name=\"twitter:label2\" content=\"Tiempo estimado de lectura\" class=\"yoast-seo-meta-tag\" \/>\n\t<meta name=\"twitter:data2\" content=\"3 minutos\" class=\"yoast-seo-meta-tag\" \/>\n<script type=\"application\/ld+json\" class=\"yoast-schema-graph\">{\"@context\":\"https:\/\/schema.org\",\"@graph\":[{\"@type\":\"Article\",\"@id\":\"https:\/\/dev.explora.cl\/aysen\/exitoso-septimo-cafe-con-ciencia-sobre-itsmo-de-ofqui\/#article\",\"isPartOf\":{\"@id\":\"https:\/\/dev.explora.cl\/aysen\/exitoso-septimo-cafe-con-ciencia-sobre-itsmo-de-ofqui\/\"},\"author\":{\"name\":\"webman\",\"@id\":\"https:\/\/dev.explora.cl\/aysen\/#\/schema\/person\/cb8349c13ea2d324080adf8480d7ba5d\"},\"headline\":\"Exitoso s\u00e9ptimo Caf\u00e9 con Ciencia sobre Itsmo de Ofqui\",\"datePublished\":\"2015-11-03T04:00:00+00:00\",\"dateModified\":\"2019-05-20T21:21:00+00:00\",\"mainEntityOfPage\":{\"@id\":\"https:\/\/dev.explora.cl\/aysen\/exitoso-septimo-cafe-con-ciencia-sobre-itsmo-de-ofqui\/\"},\"wordCount\":671,\"commentCount\":0,\"articleSection\":[\"Noticias\"],\"inLanguage\":\"es-CL\",\"potentialAction\":[{\"@type\":\"CommentAction\",\"name\":\"Comment\",\"target\":[\"https:\/\/dev.explora.cl\/aysen\/exitoso-septimo-cafe-con-ciencia-sobre-itsmo-de-ofqui\/#respond\"]}]},{\"@type\":\"WebPage\",\"@id\":\"https:\/\/dev.explora.cl\/aysen\/exitoso-septimo-cafe-con-ciencia-sobre-itsmo-de-ofqui\/\",\"url\":\"https:\/\/dev.explora.cl\/aysen\/exitoso-septimo-cafe-con-ciencia-sobre-itsmo-de-ofqui\/\",\"name\":\"Exitoso s\u00e9ptimo Caf\u00e9 con Ciencia sobre Itsmo de Ofqui - Aysen\",\"isPartOf\":{\"@id\":\"https:\/\/dev.explora.cl\/aysen\/#website\"},\"datePublished\":\"2015-11-03T04:00:00+00:00\",\"dateModified\":\"2019-05-20T21:21:00+00:00\",\"author\":{\"@id\":\"https:\/\/dev.explora.cl\/aysen\/#\/schema\/person\/cb8349c13ea2d324080adf8480d7ba5d\"},\"breadcrumb\":{\"@id\":\"https:\/\/dev.explora.cl\/aysen\/exitoso-septimo-cafe-con-ciencia-sobre-itsmo-de-ofqui\/#breadcrumb\"},\"inLanguage\":\"es-CL\",\"potentialAction\":[{\"@type\":\"ReadAction\",\"target\":[\"https:\/\/dev.explora.cl\/aysen\/exitoso-septimo-cafe-con-ciencia-sobre-itsmo-de-ofqui\/\"]}]},{\"@type\":\"BreadcrumbList\",\"@id\":\"https:\/\/dev.explora.cl\/aysen\/exitoso-septimo-cafe-con-ciencia-sobre-itsmo-de-ofqui\/#breadcrumb\",\"itemListElement\":[{\"@type\":\"ListItem\",\"position\":1,\"name\":\"Portada\",\"item\":\"https:\/\/dev.explora.cl\/aysen\/\"},{\"@type\":\"ListItem\",\"position\":2,\"name\":\"Exitoso s\u00e9ptimo Caf\u00e9 con Ciencia sobre Itsmo de Ofqui\"}]},{\"@type\":\"WebSite\",\"@id\":\"https:\/\/dev.explora.cl\/aysen\/#website\",\"url\":\"https:\/\/dev.explora.cl\/aysen\/\",\"name\":\"Aysen\",\"description\":\"Otro sitio m\u00e1s de dev.explora.cl\",\"potentialAction\":[{\"@type\":\"SearchAction\",\"target\":{\"@type\":\"EntryPoint\",\"urlTemplate\":\"https:\/\/dev.explora.cl\/aysen\/?s={search_term_string}\"},\"query-input\":{\"@type\":\"PropertyValueSpecification\",\"valueRequired\":true,\"valueName\":\"search_term_string\"}}],\"inLanguage\":\"es-CL\"},{\"@type\":\"Person\",\"@id\":\"https:\/\/dev.explora.cl\/aysen\/#\/schema\/person\/cb8349c13ea2d324080adf8480d7ba5d\",\"name\":\"webman\",\"image\":{\"@type\":\"ImageObject\",\"inLanguage\":\"es-CL\",\"@id\":\"https:\/\/dev.explora.cl\/aysen\/#\/schema\/person\/image\/\",\"url\":\"https:\/\/secure.gravatar.com\/avatar\/eeff3c82f2c02f7177d13663b7e6f890e9a6a0647ce9bb29cae02dcb094c7312?s=96&d=mm&r=g\",\"contentUrl\":\"https:\/\/secure.gravatar.com\/avatar\/eeff3c82f2c02f7177d13663b7e6f890e9a6a0647ce9bb29cae02dcb094c7312?s=96&d=mm&r=g\",\"caption\":\"webman\"},\"url\":\"https:\/\/dev.explora.cl\/aysen\/author\/webman\/\"}]}<\/script>\n<!-- \/ Yoast SEO plugin. -->","yoast_head_json":{"title":"Exitoso s\u00e9ptimo Caf\u00e9 con Ciencia sobre Itsmo de Ofqui - Aysen","robots":{"index":"index","follow":"follow","max-snippet":"max-snippet:-1","max-image-preview":"max-image-preview:large","max-video-preview":"max-video-preview:-1"},"canonical":"https:\/\/dev.explora.cl\/aysen\/exitoso-septimo-cafe-con-ciencia-sobre-itsmo-de-ofqui\/","og_locale":"es_ES","og_type":"article","og_title":"Exitoso s\u00e9ptimo Caf\u00e9 con Ciencia sobre Itsmo de Ofqui - Aysen","og_description":"Cerca de 40 asistentes llegaron hasta el Caf\u00e9 de Mayo donde se realiz\u00f3 la s\u00e9ptima versi\u00f3n del Caf\u00e9 Con Ciencia. &#8220;Istmo de Ofqui, proceso inconcluso en la conectividad de la Regi\u00f3n de Ays\u00e9n&#8221; fue la tem\u00e1tica seleccionada para este evento organizado por Aumen ONG, Campus Patagonia de la Universidad Austral de Chile y PAR Explora [&hellip;]","og_url":"https:\/\/dev.explora.cl\/aysen\/exitoso-septimo-cafe-con-ciencia-sobre-itsmo-de-ofqui\/","og_site_name":"Aysen","article_published_time":"2015-11-03T04:00:00+00:00","article_modified_time":"2019-05-20T21:21:00+00:00","author":"webman","twitter_card":"summary_large_image","twitter_misc":{"Escrito por":"webman","Tiempo estimado de lectura":"3 minutos"},"schema":{"@context":"https:\/\/schema.org","@graph":[{"@type":"Article","@id":"https:\/\/dev.explora.cl\/aysen\/exitoso-septimo-cafe-con-ciencia-sobre-itsmo-de-ofqui\/#article","isPartOf":{"@id":"https:\/\/dev.explora.cl\/aysen\/exitoso-septimo-cafe-con-ciencia-sobre-itsmo-de-ofqui\/"},"author":{"name":"webman","@id":"https:\/\/dev.explora.cl\/aysen\/#\/schema\/person\/cb8349c13ea2d324080adf8480d7ba5d"},"headline":"Exitoso s\u00e9ptimo Caf\u00e9 con Ciencia sobre Itsmo de Ofqui","datePublished":"2015-11-03T04:00:00+00:00","dateModified":"2019-05-20T21:21:00+00:00","mainEntityOfPage":{"@id":"https:\/\/dev.explora.cl\/aysen\/exitoso-septimo-cafe-con-ciencia-sobre-itsmo-de-ofqui\/"},"wordCount":671,"commentCount":0,"articleSection":["Noticias"],"inLanguage":"es-CL","potentialAction":[{"@type":"CommentAction","name":"Comment","target":["https:\/\/dev.explora.cl\/aysen\/exitoso-septimo-cafe-con-ciencia-sobre-itsmo-de-ofqui\/#respond"]}]},{"@type":"WebPage","@id":"https:\/\/dev.explora.cl\/aysen\/exitoso-septimo-cafe-con-ciencia-sobre-itsmo-de-ofqui\/","url":"https:\/\/dev.explora.cl\/aysen\/exitoso-septimo-cafe-con-ciencia-sobre-itsmo-de-ofqui\/","name":"Exitoso s\u00e9ptimo Caf\u00e9 con Ciencia sobre Itsmo de Ofqui - Aysen","isPartOf":{"@id":"https:\/\/dev.explora.cl\/aysen\/#website"},"datePublished":"2015-11-03T04:00:00+00:00","dateModified":"2019-05-20T21:21:00+00:00","author":{"@id":"https:\/\/dev.explora.cl\/aysen\/#\/schema\/person\/cb8349c13ea2d324080adf8480d7ba5d"},"breadcrumb":{"@id":"https:\/\/dev.explora.cl\/aysen\/exitoso-septimo-cafe-con-ciencia-sobre-itsmo-de-ofqui\/#breadcrumb"},"inLanguage":"es-CL","potentialAction":[{"@type":"ReadAction","target":["https:\/\/dev.explora.cl\/aysen\/exitoso-septimo-cafe-con-ciencia-sobre-itsmo-de-ofqui\/"]}]},{"@type":"BreadcrumbList","@id":"https:\/\/dev.explora.cl\/aysen\/exitoso-septimo-cafe-con-ciencia-sobre-itsmo-de-ofqui\/#breadcrumb","itemListElement":[{"@type":"ListItem","position":1,"name":"Portada","item":"https:\/\/dev.explora.cl\/aysen\/"},{"@type":"ListItem","position":2,"name":"Exitoso s\u00e9ptimo Caf\u00e9 con Ciencia sobre Itsmo de Ofqui"}]},{"@type":"WebSite","@id":"https:\/\/dev.explora.cl\/aysen\/#website","url":"https:\/\/dev.explora.cl\/aysen\/","name":"Aysen","description":"Otro sitio m\u00e1s de dev.explora.cl","potentialAction":[{"@type":"SearchAction","target":{"@type":"EntryPoint","urlTemplate":"https:\/\/dev.explora.cl\/aysen\/?s={search_term_string}"},"query-input":{"@type":"PropertyValueSpecification","valueRequired":true,"valueName":"search_term_string"}}],"inLanguage":"es-CL"},{"@type":"Person","@id":"https:\/\/dev.explora.cl\/aysen\/#\/schema\/person\/cb8349c13ea2d324080adf8480d7ba5d","name":"webman","image":{"@type":"ImageObject","inLanguage":"es-CL","@id":"https:\/\/dev.explora.cl\/aysen\/#\/schema\/person\/image\/","url":"https:\/\/secure.gravatar.com\/avatar\/eeff3c82f2c02f7177d13663b7e6f890e9a6a0647ce9bb29cae02dcb094c7312?s=96&d=mm&r=g","contentUrl":"https:\/\/secure.gravatar.com\/avatar\/eeff3c82f2c02f7177d13663b7e6f890e9a6a0647ce9bb29cae02dcb094c7312?s=96&d=mm&r=g","caption":"webman"},"url":"https:\/\/dev.explora.cl\/aysen\/author\/webman\/"}]}},"_links":{"self":[{"href":"https:\/\/dev.explora.cl\/aysen\/wp-json\/wp\/v2\/posts\/313","targetHints":{"allow":["GET"]}}],"collection":[{"href":"https:\/\/dev.explora.cl\/aysen\/wp-json\/wp\/v2\/posts"}],"about":[{"href":"https:\/\/dev.explora.cl\/aysen\/wp-json\/wp\/v2\/types\/post"}],"author":[{"embeddable":true,"href":"https:\/\/dev.explora.cl\/aysen\/wp-json\/wp\/v2\/users\/2"}],"replies":[{"embeddable":true,"href":"https:\/\/dev.explora.cl\/aysen\/wp-json\/wp\/v2\/comments?post=313"}],"version-history":[{"count":1,"href":"https:\/\/dev.explora.cl\/aysen\/wp-json\/wp\/v2\/posts\/313\/revisions"}],"predecessor-version":[{"id":37259,"href":"https:\/\/dev.explora.cl\/aysen\/wp-json\/wp\/v2\/posts\/313\/revisions\/37259"}],"wp:attachment":[{"href":"https:\/\/dev.explora.cl\/aysen\/wp-json\/wp\/v2\/media?parent=313"}],"wp:term":[{"taxonomy":"category","embeddable":true,"href":"https:\/\/dev.explora.cl\/aysen\/wp-json\/wp\/v2\/categories?post=313"},{"taxonomy":"post_tag","embeddable":true,"href":"https:\/\/dev.explora.cl\/aysen\/wp-json\/wp\/v2\/tags?post=313"}],"curies":[{"name":"wp","href":"https:\/\/api.w.org\/{rel}","templated":true}]}}