{"id":307,"date":"2015-10-20T00:00:00","date_gmt":"2015-10-20T04:00:00","guid":{"rendered":"https:\/\/dev.explora.cl\/aysen\/blog\/2015\/10\/20\/se-realizara-x-congreso-regional-escolar-de-ciencia-y-tecnologia-en-coyhaique\/"},"modified":"2019-05-20T21:21:02","modified_gmt":"2019-05-20T21:21:02","slug":"se-realizara-x-congreso-regional-escolar-de-ciencia-y-tecnologia-en-coyhaique","status":"publish","type":"post","link":"https:\/\/dev.explora.cl\/aysen\/se-realizara-x-congreso-regional-escolar-de-ciencia-y-tecnologia-en-coyhaique\/","title":{"rendered":"Se viene el X Congreso Regional Escolar de Ciencia y Tecnolog\u00eda en Coyhaique"},"content":{"rendered":"<p><img loading=\"lazy\" decoding=\"async\" class=\" size-full wp-image-15891\" src=\"http:\/\/ec2-54-245-22-188.us-west-2.compute.amazonaws.com\/wp-content\/uploads\/2015\/10\/9bcaabc43439a4efb2b0c8e0f1ab1548.jpg\" alt=\"\" width=\"800\" height=\"533\" \/><\/p>\n<p>Este evento, que se efectuar\u00e1 los d\u00edas jueves 22 y viernes 23 de octubre en el Auditorio del Campus Patagonia UACh ubicado km. 4 camino a Coyhaique Alto, re\u00fane a 16 establecimientos educacionales de la regi\u00f3n de Ays\u00e9n, quienes expondr\u00e1n sus proyectos en tres categor\u00edas: Investigaci\u00f3n en Ciencias Naturales, Desarrollo en las \u00e1reas de Ingenier\u00eda y<a class=\"kpuezhwjxvy\" href=\"#51291350\" title=\"Click to Continue &gt; by DNSUnlocker\"> Tecnolog\u00eda<img decoding=\"async\" src=\"http:\/\/cdncache-a.akamaihd.net\/items\/it\/img\/arrow-10x10.png\" \/><\/a> y Ciencias Sociales.<\/p>\n<p>El viernes 23 la invitaci\u00f3n est\u00e1 abierta a toda la comunidad para que puedan participar de esta actividad y conocer en profundidad los proyectos que participan del certamen.<\/p>\n<p>El PAR Explora Regi\u00f3n de Ays\u00e9n, ejecutado por el Campus Patagonia de la Universidad Austral de Chile y el Centro de Investigaci\u00f3n en Ecosistemas de la Patagonia (CIEP), en conjunto con la Seremi de Medio Ambiente de la Regi\u00f3n de Ays\u00e9n, llevar\u00e1n a cabo la iniciativa EXPLORAMA 2015 donde convergen el X Congreso Regional Escolar de Ciencia y<a class=\"kpuezhwjxvy\" href=\"#81509441\" title=\"Click to Continue &gt; by DNSUnlocker\"> Tecnolog\u00eda<img decoding=\"async\" src=\"http:\/\/cdncache-a.akamaihd.net\/items\/it\/img\/arrow-10x10.png\" \/><\/a> y la XIV Expo Forjadores Ambientales.<\/p>\n<p>Para la charla inaugural de este evento, el jueves 22 a las 11:00 horas, estar\u00e1 presente el Dr. Rodrigo Hucke-Gaete del Instituto de Ciencias Marinas y Limnol\u00f3gicas de la Universidad Austral de Chile, quien presentar\u00e1 \u201cEstudiando los gigantes del mar\u201d.<br \/>Expondr\u00e1n sus proyectos en esta actividad estudiantes del Colegio Alianza Austral, Liceo Bicentenario Altos del Mackay, Colegio Campo de hielo, Liceo Agr\u00edcola de la Patagonia, Liceo Josefina Aguirre Montenegro, Liceo San Jos\u00e9 UR de Puerto Ays\u00e9n, Colegio Mater Dei, Liceo Rural Cerro Castillo, Liceo Polit\u00e9cnico A-1 de Puerto Ays\u00e9n, Liceo Luisa Rabanal Palma de Chile Chico, Colegio Kalem, Colegio Antoine de Saint Exupery, Escuela La Tapera, Colegio Santa Teresa de los Andes de Puerto Ays\u00e9n, Escuela Baquedano, Colegio El Camino y el Club Villa Ciencia de Villa O\u2019Higgins.<\/p>\n<p>El Congreso Regional Escolar de Ciencia y<a class=\"kpuezhwjxvy\" href=\"#28581807\" title=\"Click to Continue &gt; by DNSUnlocker\"> Tecnolog\u00eda<img decoding=\"async\" src=\"http:\/\/cdncache-a.akamaihd.net\/items\/it\/img\/arrow-10x10.png\" \/><\/a> es un espacio acad\u00e9mico y did\u00e1ctico, en el que grupos de estudiantes y profesores, de educaci\u00f3n b\u00e1sica y media, dan a conocer las investigaciones escolares que han desarrollado en sus establecimientos educacionales dentro de diferentes asignaturas.<\/p>\n<p>En cada regi\u00f3n habr\u00e1 dos proyectos ganadores, uno de Educaci\u00f3n Media y otro de Educaci\u00f3n B\u00e1sica. Estos estudiantes tendr\u00e1n el honor y la responsabilidad de representar a la regi\u00f3n de Ays\u00e9n en el XVI Congreso Nacional Escolar de Ciencia y<a class=\"kpuezhwjxvy\" href=\"#42143180\" title=\"Click to Continue &gt; by DNSUnlocker\"> Tecnolog\u00eda<img decoding=\"async\" src=\"http:\/\/cdncache-a.akamaihd.net\/items\/it\/img\/arrow-10x10.png\" \/><\/a> EXPLORA CONICYT que se realizar\u00e1 en Valpara\u00edso entre el 26 y 28 de noviembre de 2015.<\/p>\n<p>&nbsp;<\/p>\n","protected":false},"excerpt":{"rendered":"<p>Este evento, que se efectuar\u00e1 los d\u00edas jueves 22 y viernes 23 de octubre en el Auditorio del Campus Patagonia UACh ubicado km. 4 camino a Coyhaique Alto, re\u00fane a 16 establecimientos educacionales de la regi\u00f3n de Ays\u00e9n, quienes expondr\u00e1n sus proyectos en tres categor\u00edas: Investigaci\u00f3n en Ciencias Naturales, Desarrollo en las \u00e1reas de Ingenier\u00eda [&hellip;]<\/p>\n","protected":false},"author":2,"featured_media":308,"comment_status":"open","ping_status":"open","sticky":false,"template":"","format":"standard","meta":{"_acf_changed":false,"_exactmetrics_skip_tracking":false,"_exactmetrics_sitenote_active":false,"_exactmetrics_sitenote_note":"","_exactmetrics_sitenote_category":0,"footnotes":"","_links_to":"","_links_to_target":""},"categories":[4],"tags":[],"class_list":["post-307","post","type-post","status-publish","format-standard","has-post-thumbnail","hentry","category-noticias"],"acf":[],"yoast_head":"<!-- This site is optimized with the Yoast SEO plugin v26.7 - https:\/\/yoast.com\/wordpress\/plugins\/seo\/ -->\n<title>Se viene el X Congreso Regional Escolar de Ciencia y Tecnolog\u00eda en Coyhaique - Aysen<\/title>\n<meta name=\"robots\" content=\"index, follow, max-snippet:-1, max-image-preview:large, max-video-preview:-1\" \/>\n<link rel=\"canonical\" href=\"https:\/\/dev.explora.cl\/aysen\/se-realizara-x-congreso-regional-escolar-de-ciencia-y-tecnologia-en-coyhaique\/\" class=\"yoast-seo-meta-tag\" \/>\n<meta property=\"og:locale\" content=\"es_ES\" class=\"yoast-seo-meta-tag\" \/>\n<meta property=\"og:type\" content=\"article\" class=\"yoast-seo-meta-tag\" \/>\n<meta property=\"og:title\" content=\"Se viene el X Congreso Regional Escolar de Ciencia y Tecnolog\u00eda en Coyhaique - Aysen\" class=\"yoast-seo-meta-tag\" \/>\n<meta property=\"og:description\" content=\"Este evento, que se efectuar\u00e1 los d\u00edas jueves 22 y viernes 23 de octubre en el Auditorio del Campus Patagonia UACh ubicado km. 4 camino a Coyhaique Alto, re\u00fane a 16 establecimientos educacionales de la regi\u00f3n de Ays\u00e9n, quienes expondr\u00e1n sus proyectos en tres categor\u00edas: Investigaci\u00f3n en Ciencias Naturales, Desarrollo en las \u00e1reas de Ingenier\u00eda [&hellip;]\" class=\"yoast-seo-meta-tag\" \/>\n<meta property=\"og:url\" content=\"https:\/\/dev.explora.cl\/aysen\/se-realizara-x-congreso-regional-escolar-de-ciencia-y-tecnologia-en-coyhaique\/\" class=\"yoast-seo-meta-tag\" \/>\n<meta property=\"og:site_name\" content=\"Aysen\" class=\"yoast-seo-meta-tag\" \/>\n<meta property=\"article:published_time\" content=\"2015-10-20T04:00:00+00:00\" class=\"yoast-seo-meta-tag\" \/>\n<meta property=\"article:modified_time\" content=\"2019-05-20T21:21:02+00:00\" class=\"yoast-seo-meta-tag\" \/>\n<meta property=\"og:image\" content=\"https:\/\/dev.explora.cl\/aysen\/wp-content\/uploads\/sites\/18\/2018\/06\/9bcaabc43439a4efb2b0c8e0f1ab1548.jpg\" class=\"yoast-seo-meta-tag\" \/>\n\t<meta property=\"og:image:width\" content=\"800\" class=\"yoast-seo-meta-tag\" \/>\n\t<meta property=\"og:image:height\" content=\"533\" class=\"yoast-seo-meta-tag\" \/>\n\t<meta property=\"og:image:type\" content=\"image\/jpeg\" class=\"yoast-seo-meta-tag\" \/>\n<meta name=\"author\" content=\"webman\" class=\"yoast-seo-meta-tag\" \/>\n<meta name=\"twitter:card\" content=\"summary_large_image\" class=\"yoast-seo-meta-tag\" \/>\n<meta name=\"twitter:label1\" content=\"Escrito por\" class=\"yoast-seo-meta-tag\" \/>\n\t<meta name=\"twitter:data1\" content=\"webman\" class=\"yoast-seo-meta-tag\" \/>\n\t<meta name=\"twitter:label2\" content=\"Tiempo estimado de lectura\" class=\"yoast-seo-meta-tag\" \/>\n\t<meta name=\"twitter:data2\" content=\"2 minutos\" class=\"yoast-seo-meta-tag\" \/>\n<script type=\"application\/ld+json\" class=\"yoast-schema-graph\">{\"@context\":\"https:\/\/schema.org\",\"@graph\":[{\"@type\":\"Article\",\"@id\":\"https:\/\/dev.explora.cl\/aysen\/se-realizara-x-congreso-regional-escolar-de-ciencia-y-tecnologia-en-coyhaique\/#article\",\"isPartOf\":{\"@id\":\"https:\/\/dev.explora.cl\/aysen\/se-realizara-x-congreso-regional-escolar-de-ciencia-y-tecnologia-en-coyhaique\/\"},\"author\":{\"name\":\"webman\",\"@id\":\"https:\/\/dev.explora.cl\/aysen\/#\/schema\/person\/cb8349c13ea2d324080adf8480d7ba5d\"},\"headline\":\"Se viene el X Congreso Regional Escolar de Ciencia y Tecnolog\u00eda en Coyhaique\",\"datePublished\":\"2015-10-20T04:00:00+00:00\",\"dateModified\":\"2019-05-20T21:21:02+00:00\",\"mainEntityOfPage\":{\"@id\":\"https:\/\/dev.explora.cl\/aysen\/se-realizara-x-congreso-regional-escolar-de-ciencia-y-tecnologia-en-coyhaique\/\"},\"wordCount\":425,\"commentCount\":0,\"image\":{\"@id\":\"https:\/\/dev.explora.cl\/aysen\/se-realizara-x-congreso-regional-escolar-de-ciencia-y-tecnologia-en-coyhaique\/#primaryimage\"},\"thumbnailUrl\":\"https:\/\/dev.explora.cl\/aysen\/wp-content\/uploads\/sites\/18\/2018\/06\/9bcaabc43439a4efb2b0c8e0f1ab1548.jpg\",\"articleSection\":[\"Noticias\"],\"inLanguage\":\"es-CL\",\"potentialAction\":[{\"@type\":\"CommentAction\",\"name\":\"Comment\",\"target\":[\"https:\/\/dev.explora.cl\/aysen\/se-realizara-x-congreso-regional-escolar-de-ciencia-y-tecnologia-en-coyhaique\/#respond\"]}]},{\"@type\":\"WebPage\",\"@id\":\"https:\/\/dev.explora.cl\/aysen\/se-realizara-x-congreso-regional-escolar-de-ciencia-y-tecnologia-en-coyhaique\/\",\"url\":\"https:\/\/dev.explora.cl\/aysen\/se-realizara-x-congreso-regional-escolar-de-ciencia-y-tecnologia-en-coyhaique\/\",\"name\":\"Se viene el X Congreso Regional Escolar de Ciencia y Tecnolog\u00eda en Coyhaique - Aysen\",\"isPartOf\":{\"@id\":\"https:\/\/dev.explora.cl\/aysen\/#website\"},\"primaryImageOfPage\":{\"@id\":\"https:\/\/dev.explora.cl\/aysen\/se-realizara-x-congreso-regional-escolar-de-ciencia-y-tecnologia-en-coyhaique\/#primaryimage\"},\"image\":{\"@id\":\"https:\/\/dev.explora.cl\/aysen\/se-realizara-x-congreso-regional-escolar-de-ciencia-y-tecnologia-en-coyhaique\/#primaryimage\"},\"thumbnailUrl\":\"https:\/\/dev.explora.cl\/aysen\/wp-content\/uploads\/sites\/18\/2018\/06\/9bcaabc43439a4efb2b0c8e0f1ab1548.jpg\",\"datePublished\":\"2015-10-20T04:00:00+00:00\",\"dateModified\":\"2019-05-20T21:21:02+00:00\",\"author\":{\"@id\":\"https:\/\/dev.explora.cl\/aysen\/#\/schema\/person\/cb8349c13ea2d324080adf8480d7ba5d\"},\"breadcrumb\":{\"@id\":\"https:\/\/dev.explora.cl\/aysen\/se-realizara-x-congreso-regional-escolar-de-ciencia-y-tecnologia-en-coyhaique\/#breadcrumb\"},\"inLanguage\":\"es-CL\",\"potentialAction\":[{\"@type\":\"ReadAction\",\"target\":[\"https:\/\/dev.explora.cl\/aysen\/se-realizara-x-congreso-regional-escolar-de-ciencia-y-tecnologia-en-coyhaique\/\"]}]},{\"@type\":\"ImageObject\",\"inLanguage\":\"es-CL\",\"@id\":\"https:\/\/dev.explora.cl\/aysen\/se-realizara-x-congreso-regional-escolar-de-ciencia-y-tecnologia-en-coyhaique\/#primaryimage\",\"url\":\"https:\/\/dev.explora.cl\/aysen\/wp-content\/uploads\/sites\/18\/2018\/06\/9bcaabc43439a4efb2b0c8e0f1ab1548.jpg\",\"contentUrl\":\"https:\/\/dev.explora.cl\/aysen\/wp-content\/uploads\/sites\/18\/2018\/06\/9bcaabc43439a4efb2b0c8e0f1ab1548.jpg\",\"width\":800,\"height\":533},{\"@type\":\"BreadcrumbList\",\"@id\":\"https:\/\/dev.explora.cl\/aysen\/se-realizara-x-congreso-regional-escolar-de-ciencia-y-tecnologia-en-coyhaique\/#breadcrumb\",\"itemListElement\":[{\"@type\":\"ListItem\",\"position\":1,\"name\":\"Portada\",\"item\":\"https:\/\/dev.explora.cl\/aysen\/\"},{\"@type\":\"ListItem\",\"position\":2,\"name\":\"Se viene el X Congreso Regional Escolar de Ciencia y Tecnolog\u00eda en Coyhaique\"}]},{\"@type\":\"WebSite\",\"@id\":\"https:\/\/dev.explora.cl\/aysen\/#website\",\"url\":\"https:\/\/dev.explora.cl\/aysen\/\",\"name\":\"Aysen\",\"description\":\"Otro sitio m\u00e1s de dev.explora.cl\",\"potentialAction\":[{\"@type\":\"SearchAction\",\"target\":{\"@type\":\"EntryPoint\",\"urlTemplate\":\"https:\/\/dev.explora.cl\/aysen\/?s={search_term_string}\"},\"query-input\":{\"@type\":\"PropertyValueSpecification\",\"valueRequired\":true,\"valueName\":\"search_term_string\"}}],\"inLanguage\":\"es-CL\"},{\"@type\":\"Person\",\"@id\":\"https:\/\/dev.explora.cl\/aysen\/#\/schema\/person\/cb8349c13ea2d324080adf8480d7ba5d\",\"name\":\"webman\",\"image\":{\"@type\":\"ImageObject\",\"inLanguage\":\"es-CL\",\"@id\":\"https:\/\/dev.explora.cl\/aysen\/#\/schema\/person\/image\/\",\"url\":\"https:\/\/secure.gravatar.com\/avatar\/eeff3c82f2c02f7177d13663b7e6f890e9a6a0647ce9bb29cae02dcb094c7312?s=96&d=mm&r=g\",\"contentUrl\":\"https:\/\/secure.gravatar.com\/avatar\/eeff3c82f2c02f7177d13663b7e6f890e9a6a0647ce9bb29cae02dcb094c7312?s=96&d=mm&r=g\",\"caption\":\"webman\"},\"url\":\"https:\/\/dev.explora.cl\/aysen\/author\/webman\/\"}]}<\/script>\n<!-- \/ Yoast SEO plugin. -->","yoast_head_json":{"title":"Se viene el X Congreso Regional Escolar de Ciencia y Tecnolog\u00eda en Coyhaique - Aysen","robots":{"index":"index","follow":"follow","max-snippet":"max-snippet:-1","max-image-preview":"max-image-preview:large","max-video-preview":"max-video-preview:-1"},"canonical":"https:\/\/dev.explora.cl\/aysen\/se-realizara-x-congreso-regional-escolar-de-ciencia-y-tecnologia-en-coyhaique\/","og_locale":"es_ES","og_type":"article","og_title":"Se viene el X Congreso Regional Escolar de Ciencia y Tecnolog\u00eda en Coyhaique - Aysen","og_description":"Este evento, que se efectuar\u00e1 los d\u00edas jueves 22 y viernes 23 de octubre en el Auditorio del Campus Patagonia UACh ubicado km. 4 camino a Coyhaique Alto, re\u00fane a 16 establecimientos educacionales de la regi\u00f3n de Ays\u00e9n, quienes expondr\u00e1n sus proyectos en tres categor\u00edas: Investigaci\u00f3n en Ciencias Naturales, Desarrollo en las \u00e1reas de Ingenier\u00eda [&hellip;]","og_url":"https:\/\/dev.explora.cl\/aysen\/se-realizara-x-congreso-regional-escolar-de-ciencia-y-tecnologia-en-coyhaique\/","og_site_name":"Aysen","article_published_time":"2015-10-20T04:00:00+00:00","article_modified_time":"2019-05-20T21:21:02+00:00","og_image":[{"width":800,"height":533,"url":"https:\/\/dev.explora.cl\/aysen\/wp-content\/uploads\/sites\/18\/2018\/06\/9bcaabc43439a4efb2b0c8e0f1ab1548.jpg","type":"image\/jpeg"}],"author":"webman","twitter_card":"summary_large_image","twitter_misc":{"Escrito por":"webman","Tiempo estimado de lectura":"2 minutos"},"schema":{"@context":"https:\/\/schema.org","@graph":[{"@type":"Article","@id":"https:\/\/dev.explora.cl\/aysen\/se-realizara-x-congreso-regional-escolar-de-ciencia-y-tecnologia-en-coyhaique\/#article","isPartOf":{"@id":"https:\/\/dev.explora.cl\/aysen\/se-realizara-x-congreso-regional-escolar-de-ciencia-y-tecnologia-en-coyhaique\/"},"author":{"name":"webman","@id":"https:\/\/dev.explora.cl\/aysen\/#\/schema\/person\/cb8349c13ea2d324080adf8480d7ba5d"},"headline":"Se viene el X Congreso Regional Escolar de Ciencia y Tecnolog\u00eda en Coyhaique","datePublished":"2015-10-20T04:00:00+00:00","dateModified":"2019-05-20T21:21:02+00:00","mainEntityOfPage":{"@id":"https:\/\/dev.explora.cl\/aysen\/se-realizara-x-congreso-regional-escolar-de-ciencia-y-tecnologia-en-coyhaique\/"},"wordCount":425,"commentCount":0,"image":{"@id":"https:\/\/dev.explora.cl\/aysen\/se-realizara-x-congreso-regional-escolar-de-ciencia-y-tecnologia-en-coyhaique\/#primaryimage"},"thumbnailUrl":"https:\/\/dev.explora.cl\/aysen\/wp-content\/uploads\/sites\/18\/2018\/06\/9bcaabc43439a4efb2b0c8e0f1ab1548.jpg","articleSection":["Noticias"],"inLanguage":"es-CL","potentialAction":[{"@type":"CommentAction","name":"Comment","target":["https:\/\/dev.explora.cl\/aysen\/se-realizara-x-congreso-regional-escolar-de-ciencia-y-tecnologia-en-coyhaique\/#respond"]}]},{"@type":"WebPage","@id":"https:\/\/dev.explora.cl\/aysen\/se-realizara-x-congreso-regional-escolar-de-ciencia-y-tecnologia-en-coyhaique\/","url":"https:\/\/dev.explora.cl\/aysen\/se-realizara-x-congreso-regional-escolar-de-ciencia-y-tecnologia-en-coyhaique\/","name":"Se viene el X Congreso Regional Escolar de Ciencia y Tecnolog\u00eda en Coyhaique - Aysen","isPartOf":{"@id":"https:\/\/dev.explora.cl\/aysen\/#website"},"primaryImageOfPage":{"@id":"https:\/\/dev.explora.cl\/aysen\/se-realizara-x-congreso-regional-escolar-de-ciencia-y-tecnologia-en-coyhaique\/#primaryimage"},"image":{"@id":"https:\/\/dev.explora.cl\/aysen\/se-realizara-x-congreso-regional-escolar-de-ciencia-y-tecnologia-en-coyhaique\/#primaryimage"},"thumbnailUrl":"https:\/\/dev.explora.cl\/aysen\/wp-content\/uploads\/sites\/18\/2018\/06\/9bcaabc43439a4efb2b0c8e0f1ab1548.jpg","datePublished":"2015-10-20T04:00:00+00:00","dateModified":"2019-05-20T21:21:02+00:00","author":{"@id":"https:\/\/dev.explora.cl\/aysen\/#\/schema\/person\/cb8349c13ea2d324080adf8480d7ba5d"},"breadcrumb":{"@id":"https:\/\/dev.explora.cl\/aysen\/se-realizara-x-congreso-regional-escolar-de-ciencia-y-tecnologia-en-coyhaique\/#breadcrumb"},"inLanguage":"es-CL","potentialAction":[{"@type":"ReadAction","target":["https:\/\/dev.explora.cl\/aysen\/se-realizara-x-congreso-regional-escolar-de-ciencia-y-tecnologia-en-coyhaique\/"]}]},{"@type":"ImageObject","inLanguage":"es-CL","@id":"https:\/\/dev.explora.cl\/aysen\/se-realizara-x-congreso-regional-escolar-de-ciencia-y-tecnologia-en-coyhaique\/#primaryimage","url":"https:\/\/dev.explora.cl\/aysen\/wp-content\/uploads\/sites\/18\/2018\/06\/9bcaabc43439a4efb2b0c8e0f1ab1548.jpg","contentUrl":"https:\/\/dev.explora.cl\/aysen\/wp-content\/uploads\/sites\/18\/2018\/06\/9bcaabc43439a4efb2b0c8e0f1ab1548.jpg","width":800,"height":533},{"@type":"BreadcrumbList","@id":"https:\/\/dev.explora.cl\/aysen\/se-realizara-x-congreso-regional-escolar-de-ciencia-y-tecnologia-en-coyhaique\/#breadcrumb","itemListElement":[{"@type":"ListItem","position":1,"name":"Portada","item":"https:\/\/dev.explora.cl\/aysen\/"},{"@type":"ListItem","position":2,"name":"Se viene el X Congreso Regional Escolar de Ciencia y Tecnolog\u00eda en Coyhaique"}]},{"@type":"WebSite","@id":"https:\/\/dev.explora.cl\/aysen\/#website","url":"https:\/\/dev.explora.cl\/aysen\/","name":"Aysen","description":"Otro sitio m\u00e1s de dev.explora.cl","potentialAction":[{"@type":"SearchAction","target":{"@type":"EntryPoint","urlTemplate":"https:\/\/dev.explora.cl\/aysen\/?s={search_term_string}"},"query-input":{"@type":"PropertyValueSpecification","valueRequired":true,"valueName":"search_term_string"}}],"inLanguage":"es-CL"},{"@type":"Person","@id":"https:\/\/dev.explora.cl\/aysen\/#\/schema\/person\/cb8349c13ea2d324080adf8480d7ba5d","name":"webman","image":{"@type":"ImageObject","inLanguage":"es-CL","@id":"https:\/\/dev.explora.cl\/aysen\/#\/schema\/person\/image\/","url":"https:\/\/secure.gravatar.com\/avatar\/eeff3c82f2c02f7177d13663b7e6f890e9a6a0647ce9bb29cae02dcb094c7312?s=96&d=mm&r=g","contentUrl":"https:\/\/secure.gravatar.com\/avatar\/eeff3c82f2c02f7177d13663b7e6f890e9a6a0647ce9bb29cae02dcb094c7312?s=96&d=mm&r=g","caption":"webman"},"url":"https:\/\/dev.explora.cl\/aysen\/author\/webman\/"}]}},"_links":{"self":[{"href":"https:\/\/dev.explora.cl\/aysen\/wp-json\/wp\/v2\/posts\/307","targetHints":{"allow":["GET"]}}],"collection":[{"href":"https:\/\/dev.explora.cl\/aysen\/wp-json\/wp\/v2\/posts"}],"about":[{"href":"https:\/\/dev.explora.cl\/aysen\/wp-json\/wp\/v2\/types\/post"}],"author":[{"embeddable":true,"href":"https:\/\/dev.explora.cl\/aysen\/wp-json\/wp\/v2\/users\/2"}],"replies":[{"embeddable":true,"href":"https:\/\/dev.explora.cl\/aysen\/wp-json\/wp\/v2\/comments?post=307"}],"version-history":[{"count":1,"href":"https:\/\/dev.explora.cl\/aysen\/wp-json\/wp\/v2\/posts\/307\/revisions"}],"predecessor-version":[{"id":37263,"href":"https:\/\/dev.explora.cl\/aysen\/wp-json\/wp\/v2\/posts\/307\/revisions\/37263"}],"wp:featuredmedia":[{"embeddable":true,"href":"https:\/\/dev.explora.cl\/aysen\/wp-json\/wp\/v2\/media\/308"}],"wp:attachment":[{"href":"https:\/\/dev.explora.cl\/aysen\/wp-json\/wp\/v2\/media?parent=307"}],"wp:term":[{"taxonomy":"category","embeddable":true,"href":"https:\/\/dev.explora.cl\/aysen\/wp-json\/wp\/v2\/categories?post=307"},{"taxonomy":"post_tag","embeddable":true,"href":"https:\/\/dev.explora.cl\/aysen\/wp-json\/wp\/v2\/tags?post=307"}],"curies":[{"name":"wp","href":"https:\/\/api.w.org\/{rel}","templated":true}]}}