{"id":301,"date":"2015-10-06T00:00:00","date_gmt":"2015-10-06T04:00:00","guid":{"rendered":"https:\/\/dev.explora.cl\/aysen\/blog\/2015\/10\/06\/gran-participacion-en-xxi-semana-de-la-ciencia-y-la-tecnologia-en-la-region-de-aysen\/"},"modified":"2019-05-20T21:21:03","modified_gmt":"2019-05-20T21:21:03","slug":"gran-participacion-en-xxi-semana-de-la-ciencia-y-la-tecnologia-en-la-region-de-aysen","status":"publish","type":"post","link":"https:\/\/dev.explora.cl\/aysen\/gran-participacion-en-xxi-semana-de-la-ciencia-y-la-tecnologia-en-la-region-de-aysen\/","title":{"rendered":"Comenz\u00f3 la XXI Semana de la Ciencia y la Tecnolog\u00eda en la Regi\u00f3n de Ays\u00e9n"},"content":{"rendered":"<p><img loading=\"lazy\" decoding=\"async\" class=\" size-full wp-image-15555\" src=\"http:\/\/ec2-54-245-22-188.us-west-2.compute.amazonaws.com\/wp-content\/uploads\/2015\/10\/a9355b6ee5348a543ee13fbeb48c3012.jpg\" alt=\"\" width=\"960\" height=\"635\" \/><\/p>\n<p>El PAR Explora de la Regi\u00f3n de Ays\u00e9n, ejecutado por el Campus Patagonia de la Universidad Austral de Chile (UACh) junto con el Centro de Investigaci\u00f3n en Ecosistemas de la Patagonia (CIEP), est\u00e1 llevando a cabo una serie de iniciativas cient\u00edficas y tecnol\u00f3gicas, relacionadas con el tema del a\u00f1o \u201cConocer Ilumina\u201d, vincul\u00e1ndose con distintos establecimientos educacionales, instituciones y comunidad de la Regi\u00f3n de Ays\u00e9n.<\/p>\n<p>La jornada de cierre de esta iniciativa se realizar\u00e1 el d\u00eda viernes 9 de octubre en el Auditorio del Centro Cultural Coyhaique a las 08:30 horas donde se presentar\u00e1 la obra de teatro la \u201cLa se\u00f1orita Luz\u201d y se premiar\u00e1 a los ganadores de los concursos de fotograf\u00eda \u201cConocer Ilumina\u201d y de collages \u201cLa Luz y t\u00fa\u201d.<\/p>\n<p>En la actividad inaugural se presentaron las charlas del Dr. Willy Gerber, destacado especialista en F\u00edsica Te\u00f3rica del Instituto de Ciencias F\u00edsicas y Matem\u00e1ticas de la Universidad Austral de Chile, quien expuso: \u201cLUZ, Realidad f\u00edsica y nuestra capacidad de ver-reconocer\u201d. Tambi\u00e9n destac\u00f3 la presentaci\u00f3n del Investigador Juan Carlos Osorio, Docente del Campus Patagonia UACh, denominada \u201cEl sol nuestra fuente de luz, podemos aprovechar en la Regi\u00f3n para transformar la luz en electricidad y calor\u201d. En la ocaci\u00f3n se present\u00f3 oficialmente el programa de actividades que contempla esta iniciativa que se extiende desde el 5 hasta el 10 de octubre.<\/p>\n<p>Dentro de esta semana se desarrollar\u00e1 la iniciativa 1.000 cient\u00edficos 1.000 aulas donde la comunidad cient\u00edfica local se encuentra con ni\u00f1os, ni\u00f1as y j\u00f3venes en sus propios centros educativos para sociabilizar y compartir en torno a tem\u00e1ticas vinculadas con la ciencia y tecnolog\u00eda.<\/p>\n<p>Se realizar\u00e1n visitas guiadas de los establecimientos educacionales a las Reservas y Parques Naturales de la Regi\u00f3n, coordinadas con Conaf, que permiten reconocer y valorar en terreno la biodiversidad presente en esta parte del pa\u00eds. Esta iniciativa se denomina \u201cLa ciencia sale a los parques\u201d.<\/p>\n<p>En el marco de esta semana se llevar\u00e1 a cabo la feria comunal de Ciencia y Tecnolog\u00eda de Puerto Ays\u00e9n, &nbsp;en esta ocasi\u00f3n los y las estudiantes exhibir\u00e1n sus proyectos m\u00e1s destacados y compartir\u00e1n con sus compa\u00f1eros evidenciando la labor que se desarrolla en la Regi\u00f3n en torno a la Ciencia y la Tecnolog\u00eda.<\/p>\n<p>Otra de las actividades de esta semana se denomina \u201cD\u00eda de la Ciencia en mi Colegio y Mi jard\u00edn\u201d donde los establecimientos educacionales y jardines de la Regi\u00f3n organizan actividades internas relacionadas con la ciencia y la tecnolog\u00eda. Ferias, muestras de experimentos, ciclo de documentales, rincones cient\u00edficos en recreos, exposici\u00f3n de paneles, entre otras que el propio establecimiento define.<\/p>\n<p>Tambi\u00e9n se realizar\u00e1 la iniciativa \u201cLaboratorios abiertos\u201d donde se concretar\u00e1n visitas de delegaciones de estudiantes a los laboratorios del Centro de Investigaci\u00f3n en Ecosistemas de la Patagonia (CIEP) y del Campus Patagonia de la Universidad Austral de Chile (UACh). En esta actividad los y las estudiantes podr\u00e1n conocer la labor que ambos centros realizan junto con el trabajo de investigadores y cient\u00edficos de estas instituciones.<\/p>\n<p>&nbsp;<\/p>\n","protected":false},"excerpt":{"rendered":"<p>El PAR Explora de la Regi\u00f3n de Ays\u00e9n, ejecutado por el Campus Patagonia de la Universidad Austral de Chile (UACh) junto con el Centro de Investigaci\u00f3n en Ecosistemas de la Patagonia (CIEP), est\u00e1 llevando a cabo una serie de iniciativas cient\u00edficas y tecnol\u00f3gicas, relacionadas con el tema del a\u00f1o \u201cConocer Ilumina\u201d, vincul\u00e1ndose con distintos establecimientos [&hellip;]<\/p>\n","protected":false},"author":2,"featured_media":302,"comment_status":"open","ping_status":"open","sticky":false,"template":"","format":"standard","meta":{"_acf_changed":false,"_exactmetrics_skip_tracking":false,"_exactmetrics_sitenote_active":false,"_exactmetrics_sitenote_note":"","_exactmetrics_sitenote_category":0,"footnotes":"","_links_to":"","_links_to_target":""},"categories":[4],"tags":[],"class_list":["post-301","post","type-post","status-publish","format-standard","has-post-thumbnail","hentry","category-noticias"],"acf":[],"yoast_head":"<!-- This site is optimized with the Yoast SEO plugin v26.7 - https:\/\/yoast.com\/wordpress\/plugins\/seo\/ -->\n<title>Comenz\u00f3 la XXI Semana de la Ciencia y la Tecnolog\u00eda en la Regi\u00f3n de Ays\u00e9n - Aysen<\/title>\n<meta name=\"robots\" content=\"index, follow, max-snippet:-1, max-image-preview:large, max-video-preview:-1\" \/>\n<link rel=\"canonical\" href=\"https:\/\/dev.explora.cl\/aysen\/gran-participacion-en-xxi-semana-de-la-ciencia-y-la-tecnologia-en-la-region-de-aysen\/\" class=\"yoast-seo-meta-tag\" \/>\n<meta property=\"og:locale\" content=\"es_ES\" class=\"yoast-seo-meta-tag\" \/>\n<meta property=\"og:type\" content=\"article\" class=\"yoast-seo-meta-tag\" \/>\n<meta property=\"og:title\" content=\"Comenz\u00f3 la XXI Semana de la Ciencia y la Tecnolog\u00eda en la Regi\u00f3n de Ays\u00e9n - Aysen\" class=\"yoast-seo-meta-tag\" \/>\n<meta property=\"og:description\" content=\"El PAR Explora de la Regi\u00f3n de Ays\u00e9n, ejecutado por el Campus Patagonia de la Universidad Austral de Chile (UACh) junto con el Centro de Investigaci\u00f3n en Ecosistemas de la Patagonia (CIEP), est\u00e1 llevando a cabo una serie de iniciativas cient\u00edficas y tecnol\u00f3gicas, relacionadas con el tema del a\u00f1o \u201cConocer Ilumina\u201d, vincul\u00e1ndose con distintos establecimientos [&hellip;]\" class=\"yoast-seo-meta-tag\" \/>\n<meta property=\"og:url\" content=\"https:\/\/dev.explora.cl\/aysen\/gran-participacion-en-xxi-semana-de-la-ciencia-y-la-tecnologia-en-la-region-de-aysen\/\" class=\"yoast-seo-meta-tag\" \/>\n<meta property=\"og:site_name\" content=\"Aysen\" class=\"yoast-seo-meta-tag\" \/>\n<meta property=\"article:published_time\" content=\"2015-10-06T04:00:00+00:00\" class=\"yoast-seo-meta-tag\" \/>\n<meta property=\"article:modified_time\" content=\"2019-05-20T21:21:03+00:00\" class=\"yoast-seo-meta-tag\" \/>\n<meta property=\"og:image\" content=\"https:\/\/dev.explora.cl\/aysen\/wp-content\/uploads\/sites\/18\/2018\/06\/a9355b6ee5348a543ee13fbeb48c3012.jpg\" class=\"yoast-seo-meta-tag\" \/>\n\t<meta property=\"og:image:width\" content=\"960\" class=\"yoast-seo-meta-tag\" \/>\n\t<meta property=\"og:image:height\" content=\"635\" class=\"yoast-seo-meta-tag\" \/>\n\t<meta property=\"og:image:type\" content=\"image\/jpeg\" class=\"yoast-seo-meta-tag\" \/>\n<meta name=\"author\" content=\"webman\" class=\"yoast-seo-meta-tag\" \/>\n<meta name=\"twitter:card\" content=\"summary_large_image\" class=\"yoast-seo-meta-tag\" \/>\n<meta name=\"twitter:label1\" content=\"Escrito por\" class=\"yoast-seo-meta-tag\" \/>\n\t<meta name=\"twitter:data1\" content=\"webman\" class=\"yoast-seo-meta-tag\" \/>\n\t<meta name=\"twitter:label2\" content=\"Tiempo estimado de lectura\" class=\"yoast-seo-meta-tag\" \/>\n\t<meta name=\"twitter:data2\" content=\"3 minutos\" class=\"yoast-seo-meta-tag\" \/>\n<script type=\"application\/ld+json\" class=\"yoast-schema-graph\">{\"@context\":\"https:\/\/schema.org\",\"@graph\":[{\"@type\":\"Article\",\"@id\":\"https:\/\/dev.explora.cl\/aysen\/gran-participacion-en-xxi-semana-de-la-ciencia-y-la-tecnologia-en-la-region-de-aysen\/#article\",\"isPartOf\":{\"@id\":\"https:\/\/dev.explora.cl\/aysen\/gran-participacion-en-xxi-semana-de-la-ciencia-y-la-tecnologia-en-la-region-de-aysen\/\"},\"author\":{\"name\":\"webman\",\"@id\":\"https:\/\/dev.explora.cl\/aysen\/#\/schema\/person\/cb8349c13ea2d324080adf8480d7ba5d\"},\"headline\":\"Comenz\u00f3 la XXI Semana de la Ciencia y la Tecnolog\u00eda en la Regi\u00f3n de Ays\u00e9n\",\"datePublished\":\"2015-10-06T04:00:00+00:00\",\"dateModified\":\"2019-05-20T21:21:03+00:00\",\"mainEntityOfPage\":{\"@id\":\"https:\/\/dev.explora.cl\/aysen\/gran-participacion-en-xxi-semana-de-la-ciencia-y-la-tecnologia-en-la-region-de-aysen\/\"},\"wordCount\":551,\"commentCount\":0,\"image\":{\"@id\":\"https:\/\/dev.explora.cl\/aysen\/gran-participacion-en-xxi-semana-de-la-ciencia-y-la-tecnologia-en-la-region-de-aysen\/#primaryimage\"},\"thumbnailUrl\":\"https:\/\/dev.explora.cl\/aysen\/wp-content\/uploads\/sites\/18\/2018\/06\/a9355b6ee5348a543ee13fbeb48c3012.jpg\",\"articleSection\":[\"Noticias\"],\"inLanguage\":\"es-CL\",\"potentialAction\":[{\"@type\":\"CommentAction\",\"name\":\"Comment\",\"target\":[\"https:\/\/dev.explora.cl\/aysen\/gran-participacion-en-xxi-semana-de-la-ciencia-y-la-tecnologia-en-la-region-de-aysen\/#respond\"]}]},{\"@type\":\"WebPage\",\"@id\":\"https:\/\/dev.explora.cl\/aysen\/gran-participacion-en-xxi-semana-de-la-ciencia-y-la-tecnologia-en-la-region-de-aysen\/\",\"url\":\"https:\/\/dev.explora.cl\/aysen\/gran-participacion-en-xxi-semana-de-la-ciencia-y-la-tecnologia-en-la-region-de-aysen\/\",\"name\":\"Comenz\u00f3 la XXI Semana de la Ciencia y la Tecnolog\u00eda en la Regi\u00f3n de Ays\u00e9n - Aysen\",\"isPartOf\":{\"@id\":\"https:\/\/dev.explora.cl\/aysen\/#website\"},\"primaryImageOfPage\":{\"@id\":\"https:\/\/dev.explora.cl\/aysen\/gran-participacion-en-xxi-semana-de-la-ciencia-y-la-tecnologia-en-la-region-de-aysen\/#primaryimage\"},\"image\":{\"@id\":\"https:\/\/dev.explora.cl\/aysen\/gran-participacion-en-xxi-semana-de-la-ciencia-y-la-tecnologia-en-la-region-de-aysen\/#primaryimage\"},\"thumbnailUrl\":\"https:\/\/dev.explora.cl\/aysen\/wp-content\/uploads\/sites\/18\/2018\/06\/a9355b6ee5348a543ee13fbeb48c3012.jpg\",\"datePublished\":\"2015-10-06T04:00:00+00:00\",\"dateModified\":\"2019-05-20T21:21:03+00:00\",\"author\":{\"@id\":\"https:\/\/dev.explora.cl\/aysen\/#\/schema\/person\/cb8349c13ea2d324080adf8480d7ba5d\"},\"breadcrumb\":{\"@id\":\"https:\/\/dev.explora.cl\/aysen\/gran-participacion-en-xxi-semana-de-la-ciencia-y-la-tecnologia-en-la-region-de-aysen\/#breadcrumb\"},\"inLanguage\":\"es-CL\",\"potentialAction\":[{\"@type\":\"ReadAction\",\"target\":[\"https:\/\/dev.explora.cl\/aysen\/gran-participacion-en-xxi-semana-de-la-ciencia-y-la-tecnologia-en-la-region-de-aysen\/\"]}]},{\"@type\":\"ImageObject\",\"inLanguage\":\"es-CL\",\"@id\":\"https:\/\/dev.explora.cl\/aysen\/gran-participacion-en-xxi-semana-de-la-ciencia-y-la-tecnologia-en-la-region-de-aysen\/#primaryimage\",\"url\":\"https:\/\/dev.explora.cl\/aysen\/wp-content\/uploads\/sites\/18\/2018\/06\/a9355b6ee5348a543ee13fbeb48c3012.jpg\",\"contentUrl\":\"https:\/\/dev.explora.cl\/aysen\/wp-content\/uploads\/sites\/18\/2018\/06\/a9355b6ee5348a543ee13fbeb48c3012.jpg\",\"width\":960,\"height\":635},{\"@type\":\"BreadcrumbList\",\"@id\":\"https:\/\/dev.explora.cl\/aysen\/gran-participacion-en-xxi-semana-de-la-ciencia-y-la-tecnologia-en-la-region-de-aysen\/#breadcrumb\",\"itemListElement\":[{\"@type\":\"ListItem\",\"position\":1,\"name\":\"Portada\",\"item\":\"https:\/\/dev.explora.cl\/aysen\/\"},{\"@type\":\"ListItem\",\"position\":2,\"name\":\"Comenz\u00f3 la XXI Semana de la Ciencia y la Tecnolog\u00eda en la Regi\u00f3n de Ays\u00e9n\"}]},{\"@type\":\"WebSite\",\"@id\":\"https:\/\/dev.explora.cl\/aysen\/#website\",\"url\":\"https:\/\/dev.explora.cl\/aysen\/\",\"name\":\"Aysen\",\"description\":\"Otro sitio m\u00e1s de dev.explora.cl\",\"potentialAction\":[{\"@type\":\"SearchAction\",\"target\":{\"@type\":\"EntryPoint\",\"urlTemplate\":\"https:\/\/dev.explora.cl\/aysen\/?s={search_term_string}\"},\"query-input\":{\"@type\":\"PropertyValueSpecification\",\"valueRequired\":true,\"valueName\":\"search_term_string\"}}],\"inLanguage\":\"es-CL\"},{\"@type\":\"Person\",\"@id\":\"https:\/\/dev.explora.cl\/aysen\/#\/schema\/person\/cb8349c13ea2d324080adf8480d7ba5d\",\"name\":\"webman\",\"image\":{\"@type\":\"ImageObject\",\"inLanguage\":\"es-CL\",\"@id\":\"https:\/\/dev.explora.cl\/aysen\/#\/schema\/person\/image\/\",\"url\":\"https:\/\/secure.gravatar.com\/avatar\/eeff3c82f2c02f7177d13663b7e6f890e9a6a0647ce9bb29cae02dcb094c7312?s=96&d=mm&r=g\",\"contentUrl\":\"https:\/\/secure.gravatar.com\/avatar\/eeff3c82f2c02f7177d13663b7e6f890e9a6a0647ce9bb29cae02dcb094c7312?s=96&d=mm&r=g\",\"caption\":\"webman\"},\"url\":\"https:\/\/dev.explora.cl\/aysen\/author\/webman\/\"}]}<\/script>\n<!-- \/ Yoast SEO plugin. -->","yoast_head_json":{"title":"Comenz\u00f3 la XXI Semana de la Ciencia y la Tecnolog\u00eda en la Regi\u00f3n de Ays\u00e9n - Aysen","robots":{"index":"index","follow":"follow","max-snippet":"max-snippet:-1","max-image-preview":"max-image-preview:large","max-video-preview":"max-video-preview:-1"},"canonical":"https:\/\/dev.explora.cl\/aysen\/gran-participacion-en-xxi-semana-de-la-ciencia-y-la-tecnologia-en-la-region-de-aysen\/","og_locale":"es_ES","og_type":"article","og_title":"Comenz\u00f3 la XXI Semana de la Ciencia y la Tecnolog\u00eda en la Regi\u00f3n de Ays\u00e9n - Aysen","og_description":"El PAR Explora de la Regi\u00f3n de Ays\u00e9n, ejecutado por el Campus Patagonia de la Universidad Austral de Chile (UACh) junto con el Centro de Investigaci\u00f3n en Ecosistemas de la Patagonia (CIEP), est\u00e1 llevando a cabo una serie de iniciativas cient\u00edficas y tecnol\u00f3gicas, relacionadas con el tema del a\u00f1o \u201cConocer Ilumina\u201d, vincul\u00e1ndose con distintos establecimientos [&hellip;]","og_url":"https:\/\/dev.explora.cl\/aysen\/gran-participacion-en-xxi-semana-de-la-ciencia-y-la-tecnologia-en-la-region-de-aysen\/","og_site_name":"Aysen","article_published_time":"2015-10-06T04:00:00+00:00","article_modified_time":"2019-05-20T21:21:03+00:00","og_image":[{"width":960,"height":635,"url":"https:\/\/dev.explora.cl\/aysen\/wp-content\/uploads\/sites\/18\/2018\/06\/a9355b6ee5348a543ee13fbeb48c3012.jpg","type":"image\/jpeg"}],"author":"webman","twitter_card":"summary_large_image","twitter_misc":{"Escrito por":"webman","Tiempo estimado de lectura":"3 minutos"},"schema":{"@context":"https:\/\/schema.org","@graph":[{"@type":"Article","@id":"https:\/\/dev.explora.cl\/aysen\/gran-participacion-en-xxi-semana-de-la-ciencia-y-la-tecnologia-en-la-region-de-aysen\/#article","isPartOf":{"@id":"https:\/\/dev.explora.cl\/aysen\/gran-participacion-en-xxi-semana-de-la-ciencia-y-la-tecnologia-en-la-region-de-aysen\/"},"author":{"name":"webman","@id":"https:\/\/dev.explora.cl\/aysen\/#\/schema\/person\/cb8349c13ea2d324080adf8480d7ba5d"},"headline":"Comenz\u00f3 la XXI Semana de la Ciencia y la Tecnolog\u00eda en la Regi\u00f3n de Ays\u00e9n","datePublished":"2015-10-06T04:00:00+00:00","dateModified":"2019-05-20T21:21:03+00:00","mainEntityOfPage":{"@id":"https:\/\/dev.explora.cl\/aysen\/gran-participacion-en-xxi-semana-de-la-ciencia-y-la-tecnologia-en-la-region-de-aysen\/"},"wordCount":551,"commentCount":0,"image":{"@id":"https:\/\/dev.explora.cl\/aysen\/gran-participacion-en-xxi-semana-de-la-ciencia-y-la-tecnologia-en-la-region-de-aysen\/#primaryimage"},"thumbnailUrl":"https:\/\/dev.explora.cl\/aysen\/wp-content\/uploads\/sites\/18\/2018\/06\/a9355b6ee5348a543ee13fbeb48c3012.jpg","articleSection":["Noticias"],"inLanguage":"es-CL","potentialAction":[{"@type":"CommentAction","name":"Comment","target":["https:\/\/dev.explora.cl\/aysen\/gran-participacion-en-xxi-semana-de-la-ciencia-y-la-tecnologia-en-la-region-de-aysen\/#respond"]}]},{"@type":"WebPage","@id":"https:\/\/dev.explora.cl\/aysen\/gran-participacion-en-xxi-semana-de-la-ciencia-y-la-tecnologia-en-la-region-de-aysen\/","url":"https:\/\/dev.explora.cl\/aysen\/gran-participacion-en-xxi-semana-de-la-ciencia-y-la-tecnologia-en-la-region-de-aysen\/","name":"Comenz\u00f3 la XXI Semana de la Ciencia y la Tecnolog\u00eda en la Regi\u00f3n de Ays\u00e9n - Aysen","isPartOf":{"@id":"https:\/\/dev.explora.cl\/aysen\/#website"},"primaryImageOfPage":{"@id":"https:\/\/dev.explora.cl\/aysen\/gran-participacion-en-xxi-semana-de-la-ciencia-y-la-tecnologia-en-la-region-de-aysen\/#primaryimage"},"image":{"@id":"https:\/\/dev.explora.cl\/aysen\/gran-participacion-en-xxi-semana-de-la-ciencia-y-la-tecnologia-en-la-region-de-aysen\/#primaryimage"},"thumbnailUrl":"https:\/\/dev.explora.cl\/aysen\/wp-content\/uploads\/sites\/18\/2018\/06\/a9355b6ee5348a543ee13fbeb48c3012.jpg","datePublished":"2015-10-06T04:00:00+00:00","dateModified":"2019-05-20T21:21:03+00:00","author":{"@id":"https:\/\/dev.explora.cl\/aysen\/#\/schema\/person\/cb8349c13ea2d324080adf8480d7ba5d"},"breadcrumb":{"@id":"https:\/\/dev.explora.cl\/aysen\/gran-participacion-en-xxi-semana-de-la-ciencia-y-la-tecnologia-en-la-region-de-aysen\/#breadcrumb"},"inLanguage":"es-CL","potentialAction":[{"@type":"ReadAction","target":["https:\/\/dev.explora.cl\/aysen\/gran-participacion-en-xxi-semana-de-la-ciencia-y-la-tecnologia-en-la-region-de-aysen\/"]}]},{"@type":"ImageObject","inLanguage":"es-CL","@id":"https:\/\/dev.explora.cl\/aysen\/gran-participacion-en-xxi-semana-de-la-ciencia-y-la-tecnologia-en-la-region-de-aysen\/#primaryimage","url":"https:\/\/dev.explora.cl\/aysen\/wp-content\/uploads\/sites\/18\/2018\/06\/a9355b6ee5348a543ee13fbeb48c3012.jpg","contentUrl":"https:\/\/dev.explora.cl\/aysen\/wp-content\/uploads\/sites\/18\/2018\/06\/a9355b6ee5348a543ee13fbeb48c3012.jpg","width":960,"height":635},{"@type":"BreadcrumbList","@id":"https:\/\/dev.explora.cl\/aysen\/gran-participacion-en-xxi-semana-de-la-ciencia-y-la-tecnologia-en-la-region-de-aysen\/#breadcrumb","itemListElement":[{"@type":"ListItem","position":1,"name":"Portada","item":"https:\/\/dev.explora.cl\/aysen\/"},{"@type":"ListItem","position":2,"name":"Comenz\u00f3 la XXI Semana de la Ciencia y la Tecnolog\u00eda en la Regi\u00f3n de Ays\u00e9n"}]},{"@type":"WebSite","@id":"https:\/\/dev.explora.cl\/aysen\/#website","url":"https:\/\/dev.explora.cl\/aysen\/","name":"Aysen","description":"Otro sitio m\u00e1s de dev.explora.cl","potentialAction":[{"@type":"SearchAction","target":{"@type":"EntryPoint","urlTemplate":"https:\/\/dev.explora.cl\/aysen\/?s={search_term_string}"},"query-input":{"@type":"PropertyValueSpecification","valueRequired":true,"valueName":"search_term_string"}}],"inLanguage":"es-CL"},{"@type":"Person","@id":"https:\/\/dev.explora.cl\/aysen\/#\/schema\/person\/cb8349c13ea2d324080adf8480d7ba5d","name":"webman","image":{"@type":"ImageObject","inLanguage":"es-CL","@id":"https:\/\/dev.explora.cl\/aysen\/#\/schema\/person\/image\/","url":"https:\/\/secure.gravatar.com\/avatar\/eeff3c82f2c02f7177d13663b7e6f890e9a6a0647ce9bb29cae02dcb094c7312?s=96&d=mm&r=g","contentUrl":"https:\/\/secure.gravatar.com\/avatar\/eeff3c82f2c02f7177d13663b7e6f890e9a6a0647ce9bb29cae02dcb094c7312?s=96&d=mm&r=g","caption":"webman"},"url":"https:\/\/dev.explora.cl\/aysen\/author\/webman\/"}]}},"_links":{"self":[{"href":"https:\/\/dev.explora.cl\/aysen\/wp-json\/wp\/v2\/posts\/301","targetHints":{"allow":["GET"]}}],"collection":[{"href":"https:\/\/dev.explora.cl\/aysen\/wp-json\/wp\/v2\/posts"}],"about":[{"href":"https:\/\/dev.explora.cl\/aysen\/wp-json\/wp\/v2\/types\/post"}],"author":[{"embeddable":true,"href":"https:\/\/dev.explora.cl\/aysen\/wp-json\/wp\/v2\/users\/2"}],"replies":[{"embeddable":true,"href":"https:\/\/dev.explora.cl\/aysen\/wp-json\/wp\/v2\/comments?post=301"}],"version-history":[{"count":1,"href":"https:\/\/dev.explora.cl\/aysen\/wp-json\/wp\/v2\/posts\/301\/revisions"}],"predecessor-version":[{"id":37265,"href":"https:\/\/dev.explora.cl\/aysen\/wp-json\/wp\/v2\/posts\/301\/revisions\/37265"}],"wp:featuredmedia":[{"embeddable":true,"href":"https:\/\/dev.explora.cl\/aysen\/wp-json\/wp\/v2\/media\/302"}],"wp:attachment":[{"href":"https:\/\/dev.explora.cl\/aysen\/wp-json\/wp\/v2\/media?parent=301"}],"wp:term":[{"taxonomy":"category","embeddable":true,"href":"https:\/\/dev.explora.cl\/aysen\/wp-json\/wp\/v2\/categories?post=301"},{"taxonomy":"post_tag","embeddable":true,"href":"https:\/\/dev.explora.cl\/aysen\/wp-json\/wp\/v2\/tags?post=301"}],"curies":[{"name":"wp","href":"https:\/\/api.w.org\/{rel}","templated":true}]}}