{"id":295,"date":"2015-09-29T00:00:00","date_gmt":"2015-09-29T04:00:00","guid":{"rendered":"https:\/\/dev.explora.cl\/aysen\/blog\/2015\/09\/29\/realizaran-mateada-cientifica-sobre-cambio-climatico-en-region-de-aysen\/"},"modified":"2019-05-20T21:21:05","modified_gmt":"2019-05-20T21:21:05","slug":"realizaran-mateada-cientifica-sobre-cambio-climatico-en-region-de-aysen","status":"publish","type":"post","link":"https:\/\/dev.explora.cl\/aysen\/realizaran-mateada-cientifica-sobre-cambio-climatico-en-region-de-aysen\/","title":{"rendered":"Realizar\u00e1n mateada cient\u00edfica sobre cambio clim\u00e1tico en regi\u00f3n de Ays\u00e9n"},"content":{"rendered":"<p><img loading=\"lazy\" decoding=\"async\" class=\" size-full wp-image-15188\" src=\"http:\/\/ec2-54-245-22-188.us-west-2.compute.amazonaws.com\/wp-content\/uploads\/2015\/09\/3c734eda38bc3a13b6d1019271924720.jpg\" alt=\"\" width=\"430\" height=\"323\" \/><\/p>\n<p>El Centro de Investigaciones en Ecosistemas de la Patagonia (CIEP) junto a PAR Explora Regi\u00f3n de Ays\u00e9n, ejecutado por el Campus Patagonia de la Universidad Austral de Chile, realizar\u00e1n una nueva sesi\u00f3n de la actividad denominada \u201cEntre Mate y Ciencia\u201d el mi\u00e9rcoles 30 de septiembre a las 18:30 horas en el pub restaurante Barground, ubicado en Condell #119, la entrada es gratuita y abierta a toda la comunidad.<\/p>\n<p>En esta oportunidad la actividad estar\u00e1 a cargo del investigador residente de la l\u00ednea de Ecosistemas Acu\u00e1ticos del CIEP, Dr. Brian Reid, quien expondr\u00e1 la charla titulada \u201cCambio Clim\u00e1tico en Ays\u00e9n: \u00bfD\u00f3nde estaremos en el a\u00f1o 2070?\u201d.<\/p>\n<p>Qui\u00e9n no se ha dado cuenta de lo extra\u00f1o que parece estar el clima en la Regi\u00f3n, con mucho menos nieve en los inviernos, aunque con algunos episodios excepcionalmente fr\u00edos y nevosos. O ha notado la extrema sequ\u00eda que sufre nuestra tierra en el verano, con un calor intenso, que provoca estragos en nuestras cuencas de r\u00edos y lagos. \u00c9stas y otras preguntas plantear\u00e1 este especialista en r\u00edos y aguas subterr\u00e1neas, quien adem\u00e1s, apuntar\u00e1 su exposici\u00f3n a comprender c\u00f3mo el cambio clim\u00e1tico afecta en esta regi\u00f3n aparentemente lejana a los efectos del cambio clim\u00e1tico, pero que a luz de la evidencia, est\u00e1 inmersa en este proceso global de cambio y adaptaci\u00f3n, al cual estamos inevitablemente obligados a hacerle frente.<\/p>\n<p>La charla del Doctor en Ecolog\u00eda y limn\u00f3logo (estudioso de lagos y lagunas), se centrar\u00e1 en los cambios esperados y no conocidos que ha sufrido y sufrir\u00e1 la Patagonia debido al cambio clim\u00e1tico y especialmente, en apreciar c\u00f3mo se ven afectados los r\u00edos, lagos y en general, los recursos h\u00eddricos de la Regi\u00f3n. En definitiva, abre el flanco de pregunta e invita a la reflexi\u00f3n \u201c\u00bfexiste un pron\u00f3stico para Ays\u00e9n, donde la distancia de las pampas al bosque lluvioso es de s\u00f3lo unos 100 km. y donde existe uno de los gradientes clim\u00e1ticos m\u00e1s intensos del mundo?\u201d.<\/p>\n<p>&nbsp;<\/p>\n","protected":false},"excerpt":{"rendered":"<p>El Centro de Investigaciones en Ecosistemas de la Patagonia (CIEP) junto a PAR Explora Regi\u00f3n de Ays\u00e9n, ejecutado por el Campus Patagonia de la Universidad Austral de Chile, realizar\u00e1n una nueva sesi\u00f3n de la actividad denominada \u201cEntre Mate y Ciencia\u201d el mi\u00e9rcoles 30 de septiembre a las 18:30 horas en el pub restaurante Barground, ubicado [&hellip;]<\/p>\n","protected":false},"author":2,"featured_media":296,"comment_status":"open","ping_status":"open","sticky":false,"template":"","format":"standard","meta":{"_acf_changed":false,"_exactmetrics_skip_tracking":false,"_exactmetrics_sitenote_active":false,"_exactmetrics_sitenote_note":"","_exactmetrics_sitenote_category":0,"footnotes":"","_links_to":"","_links_to_target":""},"categories":[4],"tags":[],"class_list":["post-295","post","type-post","status-publish","format-standard","has-post-thumbnail","hentry","category-noticias"],"acf":[],"yoast_head":"<!-- This site is optimized with the Yoast SEO plugin v26.7 - https:\/\/yoast.com\/wordpress\/plugins\/seo\/ -->\n<title>Realizar\u00e1n mateada cient\u00edfica sobre cambio clim\u00e1tico en regi\u00f3n de Ays\u00e9n - Aysen<\/title>\n<meta name=\"robots\" content=\"index, follow, max-snippet:-1, max-image-preview:large, max-video-preview:-1\" \/>\n<link rel=\"canonical\" href=\"https:\/\/dev.explora.cl\/aysen\/realizaran-mateada-cientifica-sobre-cambio-climatico-en-region-de-aysen\/\" class=\"yoast-seo-meta-tag\" \/>\n<meta property=\"og:locale\" content=\"es_ES\" class=\"yoast-seo-meta-tag\" \/>\n<meta property=\"og:type\" content=\"article\" class=\"yoast-seo-meta-tag\" \/>\n<meta property=\"og:title\" content=\"Realizar\u00e1n mateada cient\u00edfica sobre cambio clim\u00e1tico en regi\u00f3n de Ays\u00e9n - Aysen\" class=\"yoast-seo-meta-tag\" \/>\n<meta property=\"og:description\" content=\"El Centro de Investigaciones en Ecosistemas de la Patagonia (CIEP) junto a PAR Explora Regi\u00f3n de Ays\u00e9n, ejecutado por el Campus Patagonia de la Universidad Austral de Chile, realizar\u00e1n una nueva sesi\u00f3n de la actividad denominada \u201cEntre Mate y Ciencia\u201d el mi\u00e9rcoles 30 de septiembre a las 18:30 horas en el pub restaurante Barground, ubicado [&hellip;]\" class=\"yoast-seo-meta-tag\" \/>\n<meta property=\"og:url\" content=\"https:\/\/dev.explora.cl\/aysen\/realizaran-mateada-cientifica-sobre-cambio-climatico-en-region-de-aysen\/\" class=\"yoast-seo-meta-tag\" \/>\n<meta property=\"og:site_name\" content=\"Aysen\" class=\"yoast-seo-meta-tag\" \/>\n<meta property=\"article:published_time\" content=\"2015-09-29T04:00:00+00:00\" class=\"yoast-seo-meta-tag\" \/>\n<meta property=\"article:modified_time\" content=\"2019-05-20T21:21:05+00:00\" class=\"yoast-seo-meta-tag\" \/>\n<meta property=\"og:image\" content=\"https:\/\/dev.explora.cl\/aysen\/wp-content\/uploads\/sites\/18\/2018\/06\/3c734eda38bc3a13b6d1019271924720.jpg\" class=\"yoast-seo-meta-tag\" \/>\n\t<meta property=\"og:image:width\" content=\"430\" class=\"yoast-seo-meta-tag\" \/>\n\t<meta property=\"og:image:height\" content=\"323\" class=\"yoast-seo-meta-tag\" \/>\n\t<meta property=\"og:image:type\" content=\"image\/jpeg\" class=\"yoast-seo-meta-tag\" \/>\n<meta name=\"author\" content=\"webman\" class=\"yoast-seo-meta-tag\" \/>\n<meta name=\"twitter:card\" content=\"summary_large_image\" class=\"yoast-seo-meta-tag\" \/>\n<meta name=\"twitter:label1\" content=\"Escrito por\" class=\"yoast-seo-meta-tag\" \/>\n\t<meta name=\"twitter:data1\" content=\"webman\" class=\"yoast-seo-meta-tag\" \/>\n\t<meta name=\"twitter:label2\" content=\"Tiempo estimado de lectura\" class=\"yoast-seo-meta-tag\" \/>\n\t<meta name=\"twitter:data2\" content=\"2 minutos\" class=\"yoast-seo-meta-tag\" \/>\n<script type=\"application\/ld+json\" class=\"yoast-schema-graph\">{\"@context\":\"https:\/\/schema.org\",\"@graph\":[{\"@type\":\"Article\",\"@id\":\"https:\/\/dev.explora.cl\/aysen\/realizaran-mateada-cientifica-sobre-cambio-climatico-en-region-de-aysen\/#article\",\"isPartOf\":{\"@id\":\"https:\/\/dev.explora.cl\/aysen\/realizaran-mateada-cientifica-sobre-cambio-climatico-en-region-de-aysen\/\"},\"author\":{\"name\":\"webman\",\"@id\":\"https:\/\/dev.explora.cl\/aysen\/#\/schema\/person\/cb8349c13ea2d324080adf8480d7ba5d\"},\"headline\":\"Realizar\u00e1n mateada cient\u00edfica sobre cambio clim\u00e1tico en regi\u00f3n de Ays\u00e9n\",\"datePublished\":\"2015-09-29T04:00:00+00:00\",\"dateModified\":\"2019-05-20T21:21:05+00:00\",\"mainEntityOfPage\":{\"@id\":\"https:\/\/dev.explora.cl\/aysen\/realizaran-mateada-cientifica-sobre-cambio-climatico-en-region-de-aysen\/\"},\"wordCount\":371,\"commentCount\":0,\"image\":{\"@id\":\"https:\/\/dev.explora.cl\/aysen\/realizaran-mateada-cientifica-sobre-cambio-climatico-en-region-de-aysen\/#primaryimage\"},\"thumbnailUrl\":\"https:\/\/dev.explora.cl\/aysen\/wp-content\/uploads\/sites\/18\/2018\/06\/3c734eda38bc3a13b6d1019271924720.jpg\",\"articleSection\":[\"Noticias\"],\"inLanguage\":\"es-CL\",\"potentialAction\":[{\"@type\":\"CommentAction\",\"name\":\"Comment\",\"target\":[\"https:\/\/dev.explora.cl\/aysen\/realizaran-mateada-cientifica-sobre-cambio-climatico-en-region-de-aysen\/#respond\"]}]},{\"@type\":\"WebPage\",\"@id\":\"https:\/\/dev.explora.cl\/aysen\/realizaran-mateada-cientifica-sobre-cambio-climatico-en-region-de-aysen\/\",\"url\":\"https:\/\/dev.explora.cl\/aysen\/realizaran-mateada-cientifica-sobre-cambio-climatico-en-region-de-aysen\/\",\"name\":\"Realizar\u00e1n mateada cient\u00edfica sobre cambio clim\u00e1tico en regi\u00f3n de Ays\u00e9n - Aysen\",\"isPartOf\":{\"@id\":\"https:\/\/dev.explora.cl\/aysen\/#website\"},\"primaryImageOfPage\":{\"@id\":\"https:\/\/dev.explora.cl\/aysen\/realizaran-mateada-cientifica-sobre-cambio-climatico-en-region-de-aysen\/#primaryimage\"},\"image\":{\"@id\":\"https:\/\/dev.explora.cl\/aysen\/realizaran-mateada-cientifica-sobre-cambio-climatico-en-region-de-aysen\/#primaryimage\"},\"thumbnailUrl\":\"https:\/\/dev.explora.cl\/aysen\/wp-content\/uploads\/sites\/18\/2018\/06\/3c734eda38bc3a13b6d1019271924720.jpg\",\"datePublished\":\"2015-09-29T04:00:00+00:00\",\"dateModified\":\"2019-05-20T21:21:05+00:00\",\"author\":{\"@id\":\"https:\/\/dev.explora.cl\/aysen\/#\/schema\/person\/cb8349c13ea2d324080adf8480d7ba5d\"},\"breadcrumb\":{\"@id\":\"https:\/\/dev.explora.cl\/aysen\/realizaran-mateada-cientifica-sobre-cambio-climatico-en-region-de-aysen\/#breadcrumb\"},\"inLanguage\":\"es-CL\",\"potentialAction\":[{\"@type\":\"ReadAction\",\"target\":[\"https:\/\/dev.explora.cl\/aysen\/realizaran-mateada-cientifica-sobre-cambio-climatico-en-region-de-aysen\/\"]}]},{\"@type\":\"ImageObject\",\"inLanguage\":\"es-CL\",\"@id\":\"https:\/\/dev.explora.cl\/aysen\/realizaran-mateada-cientifica-sobre-cambio-climatico-en-region-de-aysen\/#primaryimage\",\"url\":\"https:\/\/dev.explora.cl\/aysen\/wp-content\/uploads\/sites\/18\/2018\/06\/3c734eda38bc3a13b6d1019271924720.jpg\",\"contentUrl\":\"https:\/\/dev.explora.cl\/aysen\/wp-content\/uploads\/sites\/18\/2018\/06\/3c734eda38bc3a13b6d1019271924720.jpg\",\"width\":430,\"height\":323},{\"@type\":\"BreadcrumbList\",\"@id\":\"https:\/\/dev.explora.cl\/aysen\/realizaran-mateada-cientifica-sobre-cambio-climatico-en-region-de-aysen\/#breadcrumb\",\"itemListElement\":[{\"@type\":\"ListItem\",\"position\":1,\"name\":\"Portada\",\"item\":\"https:\/\/dev.explora.cl\/aysen\/\"},{\"@type\":\"ListItem\",\"position\":2,\"name\":\"Realizar\u00e1n mateada cient\u00edfica sobre cambio clim\u00e1tico en regi\u00f3n de Ays\u00e9n\"}]},{\"@type\":\"WebSite\",\"@id\":\"https:\/\/dev.explora.cl\/aysen\/#website\",\"url\":\"https:\/\/dev.explora.cl\/aysen\/\",\"name\":\"Aysen\",\"description\":\"Otro sitio m\u00e1s de dev.explora.cl\",\"potentialAction\":[{\"@type\":\"SearchAction\",\"target\":{\"@type\":\"EntryPoint\",\"urlTemplate\":\"https:\/\/dev.explora.cl\/aysen\/?s={search_term_string}\"},\"query-input\":{\"@type\":\"PropertyValueSpecification\",\"valueRequired\":true,\"valueName\":\"search_term_string\"}}],\"inLanguage\":\"es-CL\"},{\"@type\":\"Person\",\"@id\":\"https:\/\/dev.explora.cl\/aysen\/#\/schema\/person\/cb8349c13ea2d324080adf8480d7ba5d\",\"name\":\"webman\",\"image\":{\"@type\":\"ImageObject\",\"inLanguage\":\"es-CL\",\"@id\":\"https:\/\/dev.explora.cl\/aysen\/#\/schema\/person\/image\/\",\"url\":\"https:\/\/secure.gravatar.com\/avatar\/eeff3c82f2c02f7177d13663b7e6f890e9a6a0647ce9bb29cae02dcb094c7312?s=96&d=mm&r=g\",\"contentUrl\":\"https:\/\/secure.gravatar.com\/avatar\/eeff3c82f2c02f7177d13663b7e6f890e9a6a0647ce9bb29cae02dcb094c7312?s=96&d=mm&r=g\",\"caption\":\"webman\"},\"url\":\"https:\/\/dev.explora.cl\/aysen\/author\/webman\/\"}]}<\/script>\n<!-- \/ Yoast SEO plugin. -->","yoast_head_json":{"title":"Realizar\u00e1n mateada cient\u00edfica sobre cambio clim\u00e1tico en regi\u00f3n de Ays\u00e9n - Aysen","robots":{"index":"index","follow":"follow","max-snippet":"max-snippet:-1","max-image-preview":"max-image-preview:large","max-video-preview":"max-video-preview:-1"},"canonical":"https:\/\/dev.explora.cl\/aysen\/realizaran-mateada-cientifica-sobre-cambio-climatico-en-region-de-aysen\/","og_locale":"es_ES","og_type":"article","og_title":"Realizar\u00e1n mateada cient\u00edfica sobre cambio clim\u00e1tico en regi\u00f3n de Ays\u00e9n - Aysen","og_description":"El Centro de Investigaciones en Ecosistemas de la Patagonia (CIEP) junto a PAR Explora Regi\u00f3n de Ays\u00e9n, ejecutado por el Campus Patagonia de la Universidad Austral de Chile, realizar\u00e1n una nueva sesi\u00f3n de la actividad denominada \u201cEntre Mate y Ciencia\u201d el mi\u00e9rcoles 30 de septiembre a las 18:30 horas en el pub restaurante Barground, ubicado [&hellip;]","og_url":"https:\/\/dev.explora.cl\/aysen\/realizaran-mateada-cientifica-sobre-cambio-climatico-en-region-de-aysen\/","og_site_name":"Aysen","article_published_time":"2015-09-29T04:00:00+00:00","article_modified_time":"2019-05-20T21:21:05+00:00","og_image":[{"width":430,"height":323,"url":"https:\/\/dev.explora.cl\/aysen\/wp-content\/uploads\/sites\/18\/2018\/06\/3c734eda38bc3a13b6d1019271924720.jpg","type":"image\/jpeg"}],"author":"webman","twitter_card":"summary_large_image","twitter_misc":{"Escrito por":"webman","Tiempo estimado de lectura":"2 minutos"},"schema":{"@context":"https:\/\/schema.org","@graph":[{"@type":"Article","@id":"https:\/\/dev.explora.cl\/aysen\/realizaran-mateada-cientifica-sobre-cambio-climatico-en-region-de-aysen\/#article","isPartOf":{"@id":"https:\/\/dev.explora.cl\/aysen\/realizaran-mateada-cientifica-sobre-cambio-climatico-en-region-de-aysen\/"},"author":{"name":"webman","@id":"https:\/\/dev.explora.cl\/aysen\/#\/schema\/person\/cb8349c13ea2d324080adf8480d7ba5d"},"headline":"Realizar\u00e1n mateada cient\u00edfica sobre cambio clim\u00e1tico en regi\u00f3n de Ays\u00e9n","datePublished":"2015-09-29T04:00:00+00:00","dateModified":"2019-05-20T21:21:05+00:00","mainEntityOfPage":{"@id":"https:\/\/dev.explora.cl\/aysen\/realizaran-mateada-cientifica-sobre-cambio-climatico-en-region-de-aysen\/"},"wordCount":371,"commentCount":0,"image":{"@id":"https:\/\/dev.explora.cl\/aysen\/realizaran-mateada-cientifica-sobre-cambio-climatico-en-region-de-aysen\/#primaryimage"},"thumbnailUrl":"https:\/\/dev.explora.cl\/aysen\/wp-content\/uploads\/sites\/18\/2018\/06\/3c734eda38bc3a13b6d1019271924720.jpg","articleSection":["Noticias"],"inLanguage":"es-CL","potentialAction":[{"@type":"CommentAction","name":"Comment","target":["https:\/\/dev.explora.cl\/aysen\/realizaran-mateada-cientifica-sobre-cambio-climatico-en-region-de-aysen\/#respond"]}]},{"@type":"WebPage","@id":"https:\/\/dev.explora.cl\/aysen\/realizaran-mateada-cientifica-sobre-cambio-climatico-en-region-de-aysen\/","url":"https:\/\/dev.explora.cl\/aysen\/realizaran-mateada-cientifica-sobre-cambio-climatico-en-region-de-aysen\/","name":"Realizar\u00e1n mateada cient\u00edfica sobre cambio clim\u00e1tico en regi\u00f3n de Ays\u00e9n - Aysen","isPartOf":{"@id":"https:\/\/dev.explora.cl\/aysen\/#website"},"primaryImageOfPage":{"@id":"https:\/\/dev.explora.cl\/aysen\/realizaran-mateada-cientifica-sobre-cambio-climatico-en-region-de-aysen\/#primaryimage"},"image":{"@id":"https:\/\/dev.explora.cl\/aysen\/realizaran-mateada-cientifica-sobre-cambio-climatico-en-region-de-aysen\/#primaryimage"},"thumbnailUrl":"https:\/\/dev.explora.cl\/aysen\/wp-content\/uploads\/sites\/18\/2018\/06\/3c734eda38bc3a13b6d1019271924720.jpg","datePublished":"2015-09-29T04:00:00+00:00","dateModified":"2019-05-20T21:21:05+00:00","author":{"@id":"https:\/\/dev.explora.cl\/aysen\/#\/schema\/person\/cb8349c13ea2d324080adf8480d7ba5d"},"breadcrumb":{"@id":"https:\/\/dev.explora.cl\/aysen\/realizaran-mateada-cientifica-sobre-cambio-climatico-en-region-de-aysen\/#breadcrumb"},"inLanguage":"es-CL","potentialAction":[{"@type":"ReadAction","target":["https:\/\/dev.explora.cl\/aysen\/realizaran-mateada-cientifica-sobre-cambio-climatico-en-region-de-aysen\/"]}]},{"@type":"ImageObject","inLanguage":"es-CL","@id":"https:\/\/dev.explora.cl\/aysen\/realizaran-mateada-cientifica-sobre-cambio-climatico-en-region-de-aysen\/#primaryimage","url":"https:\/\/dev.explora.cl\/aysen\/wp-content\/uploads\/sites\/18\/2018\/06\/3c734eda38bc3a13b6d1019271924720.jpg","contentUrl":"https:\/\/dev.explora.cl\/aysen\/wp-content\/uploads\/sites\/18\/2018\/06\/3c734eda38bc3a13b6d1019271924720.jpg","width":430,"height":323},{"@type":"BreadcrumbList","@id":"https:\/\/dev.explora.cl\/aysen\/realizaran-mateada-cientifica-sobre-cambio-climatico-en-region-de-aysen\/#breadcrumb","itemListElement":[{"@type":"ListItem","position":1,"name":"Portada","item":"https:\/\/dev.explora.cl\/aysen\/"},{"@type":"ListItem","position":2,"name":"Realizar\u00e1n mateada cient\u00edfica sobre cambio clim\u00e1tico en regi\u00f3n de Ays\u00e9n"}]},{"@type":"WebSite","@id":"https:\/\/dev.explora.cl\/aysen\/#website","url":"https:\/\/dev.explora.cl\/aysen\/","name":"Aysen","description":"Otro sitio m\u00e1s de dev.explora.cl","potentialAction":[{"@type":"SearchAction","target":{"@type":"EntryPoint","urlTemplate":"https:\/\/dev.explora.cl\/aysen\/?s={search_term_string}"},"query-input":{"@type":"PropertyValueSpecification","valueRequired":true,"valueName":"search_term_string"}}],"inLanguage":"es-CL"},{"@type":"Person","@id":"https:\/\/dev.explora.cl\/aysen\/#\/schema\/person\/cb8349c13ea2d324080adf8480d7ba5d","name":"webman","image":{"@type":"ImageObject","inLanguage":"es-CL","@id":"https:\/\/dev.explora.cl\/aysen\/#\/schema\/person\/image\/","url":"https:\/\/secure.gravatar.com\/avatar\/eeff3c82f2c02f7177d13663b7e6f890e9a6a0647ce9bb29cae02dcb094c7312?s=96&d=mm&r=g","contentUrl":"https:\/\/secure.gravatar.com\/avatar\/eeff3c82f2c02f7177d13663b7e6f890e9a6a0647ce9bb29cae02dcb094c7312?s=96&d=mm&r=g","caption":"webman"},"url":"https:\/\/dev.explora.cl\/aysen\/author\/webman\/"}]}},"_links":{"self":[{"href":"https:\/\/dev.explora.cl\/aysen\/wp-json\/wp\/v2\/posts\/295","targetHints":{"allow":["GET"]}}],"collection":[{"href":"https:\/\/dev.explora.cl\/aysen\/wp-json\/wp\/v2\/posts"}],"about":[{"href":"https:\/\/dev.explora.cl\/aysen\/wp-json\/wp\/v2\/types\/post"}],"author":[{"embeddable":true,"href":"https:\/\/dev.explora.cl\/aysen\/wp-json\/wp\/v2\/users\/2"}],"replies":[{"embeddable":true,"href":"https:\/\/dev.explora.cl\/aysen\/wp-json\/wp\/v2\/comments?post=295"}],"version-history":[{"count":1,"href":"https:\/\/dev.explora.cl\/aysen\/wp-json\/wp\/v2\/posts\/295\/revisions"}],"predecessor-version":[{"id":37268,"href":"https:\/\/dev.explora.cl\/aysen\/wp-json\/wp\/v2\/posts\/295\/revisions\/37268"}],"wp:featuredmedia":[{"embeddable":true,"href":"https:\/\/dev.explora.cl\/aysen\/wp-json\/wp\/v2\/media\/296"}],"wp:attachment":[{"href":"https:\/\/dev.explora.cl\/aysen\/wp-json\/wp\/v2\/media?parent=295"}],"wp:term":[{"taxonomy":"category","embeddable":true,"href":"https:\/\/dev.explora.cl\/aysen\/wp-json\/wp\/v2\/categories?post=295"},{"taxonomy":"post_tag","embeddable":true,"href":"https:\/\/dev.explora.cl\/aysen\/wp-json\/wp\/v2\/tags?post=295"}],"curies":[{"name":"wp","href":"https:\/\/api.w.org\/{rel}","templated":true}]}}