{"id":291,"date":"2015-09-24T00:00:00","date_gmt":"2015-09-24T04:00:00","guid":{"rendered":"https:\/\/dev.explora.cl\/aysen\/blog\/2015\/09\/24\/exitoso-seminario-puso-en-valor-patrimonio-geologico-historia-local-y-museo-regional\/"},"modified":"2019-05-20T21:21:06","modified_gmt":"2019-05-20T21:21:06","slug":"exitoso-seminario-puso-en-valor-patrimonio-geologico-historia-local-y-museo-regional","status":"publish","type":"post","link":"https:\/\/dev.explora.cl\/aysen\/exitoso-seminario-puso-en-valor-patrimonio-geologico-historia-local-y-museo-regional\/","title":{"rendered":"Exitoso seminario puso en valor patrimonio geol\u00f3gico, historia local y museo regional"},"content":{"rendered":"<p><img loading=\"lazy\" decoding=\"async\" class=\" size-full wp-image-15047\" src=\"http:\/\/ec2-54-245-22-188.us-west-2.compute.amazonaws.com\/wp-content\/uploads\/2015\/09\/5d341632a7e0c7889b5d5589deb8aa57.jpg\" alt=\"\" width=\"1701\" height=\"1134\" \/><\/p>\n<p>&nbsp;<\/p>\n<p>El PAR Explora Regi\u00f3n de Ays\u00e9n, ejecutado por el Campus Patagonia de la Universidad Austral de Chile junto con el CIEP, con el apoyo de la Seremi de Miner\u00eda y la Dibam realizaron, como todos los a\u00f1os, el Seminario de Historia y Ciencias Sociales denominado &#8220;Acerc\u00e1ndonos a nuestro patrimonio natural&#8221; donde asistieron cerca de 90 participantes entre estudiantes del Liceo Bicentenario Altos del Mackay, Escuela Baquedano y Liceo Josefina Aguirre Montenegro.<\/p>\n<p>En esta jornada estuvieron presentes los Ge\u00f3logos Paulo Quezada y Felipe Andrade, ambos profesionales de la Seremi de Miner\u00eda de la regi\u00f3n de Ays\u00e9n, quienes expusieron \u201cGeodiversidad y Patrimonio geol\u00f3gico\u201d, dando a conocer el gran potencial que tiene la regi\u00f3n en esta \u00e1rea gracias a la cantidad y particularidad de sus geositios.<\/p>\n<p>Tambi\u00e9n destac\u00f3 la presencia de la Dra. Mar\u00eda Eugenia Solari, Docente de la Universidad Austral de Chile, quien comparti\u00f3 \u201cRelatos de la madera y el fuego: estudios antracol\u00f3gicos en la zona sur-austral de Chile\u201d y \u00c1ngela Morales, Antrop\u00f3loga de la Dibam expuso \u201cUn museo Regional para Ays\u00e9n\u201d.<\/p>\n<p>Constanza Riquelme, Estudiante del Liceo Bicentenario Altos del Mackay, evalu\u00f3 positivamente la jornada junto con destacar la importancia de conocer y valorar nuestro patrimonio. \u201cConsidero esta iniciativa bastante entretenida ya que hemos aprendido mucho acerca del patrimonio cultural de la regi\u00f3n de Ays\u00e9n, creo que es muy importante que se realicen este tipo de actividades para alumnos de cuarto medio ya que nos hace valorar mucho m\u00e1s nuestra regi\u00f3n, conocerla, aprender de ella y mostrarle al pa\u00eds c\u00f3mo es el lugar donde vivimos\u201d.<\/p>\n<p>Marisol Barr\u00eda, Directora del PAR Explora de Ays\u00e9n, destac\u00f3 la trascendencia que tiene posicionar el patrimonio natural y cultural en la comunidad estudiantil. \u201cValoramos como positiva la actividad atendiendo al inter\u00e9s de los estudiantes en el espacio que se abri\u00f3 para preguntas, creemos que estamos avanzando en que estos temas se empiecen a sociabilizar entre los alumnos, hablar de patrimonio, tener claridad de qu\u00e9 hablamos cuando nos referimos a patrimonio natural. Nos quedamos con que hemos cumplido abriendo espacios a otras \u00e1reas de la ciencia poni\u00e9ndolas a disposici\u00f3n de los estudiantes\u201d.<\/p>\n<p>Paulo Quezada, Ge\u00f3logo de la Seremi de Miner\u00eda de Ays\u00e9n, coment\u00f3 su participaci\u00f3n en esta jornada y valor\u00f3 el inter\u00e9s y participaci\u00f3n de los estudiantes. \u201cHicimos un relato respecto del patrimonio geol\u00f3gico de la regi\u00f3n de Ays\u00e9n junto con Felipe Andrade, fue una experiencia exitosa porque los estudiantes estaban bastante interesados en participar, recibimos hartas preguntas y la mesa de di\u00e1logo que se realiz\u00f3 al final de la actividad fue s\u00faper satisfactoria, se not\u00f3 el inter\u00e9s de todos los alumnos\u201d.<\/p>\n<p>&nbsp;<\/p>\n","protected":false},"excerpt":{"rendered":"<p>&nbsp; El PAR Explora Regi\u00f3n de Ays\u00e9n, ejecutado por el Campus Patagonia de la Universidad Austral de Chile junto con el CIEP, con el apoyo de la Seremi de Miner\u00eda y la Dibam realizaron, como todos los a\u00f1os, el Seminario de Historia y Ciencias Sociales denominado &#8220;Acerc\u00e1ndonos a nuestro patrimonio natural&#8221; donde asistieron cerca de [&hellip;]<\/p>\n","protected":false},"author":2,"featured_media":292,"comment_status":"open","ping_status":"open","sticky":false,"template":"","format":"standard","meta":{"_acf_changed":false,"_exactmetrics_skip_tracking":false,"_exactmetrics_sitenote_active":false,"_exactmetrics_sitenote_note":"","_exactmetrics_sitenote_category":0,"footnotes":"","_links_to":"","_links_to_target":""},"categories":[4],"tags":[],"class_list":["post-291","post","type-post","status-publish","format-standard","has-post-thumbnail","hentry","category-noticias"],"acf":[],"yoast_head":"<!-- This site is optimized with the Yoast SEO plugin v26.7 - https:\/\/yoast.com\/wordpress\/plugins\/seo\/ -->\n<title>Exitoso seminario puso en valor patrimonio geol\u00f3gico, historia local y museo regional - Aysen<\/title>\n<meta name=\"robots\" content=\"index, follow, max-snippet:-1, max-image-preview:large, max-video-preview:-1\" \/>\n<link rel=\"canonical\" href=\"https:\/\/dev.explora.cl\/aysen\/exitoso-seminario-puso-en-valor-patrimonio-geologico-historia-local-y-museo-regional\/\" class=\"yoast-seo-meta-tag\" \/>\n<meta property=\"og:locale\" content=\"es_ES\" class=\"yoast-seo-meta-tag\" \/>\n<meta property=\"og:type\" content=\"article\" class=\"yoast-seo-meta-tag\" \/>\n<meta property=\"og:title\" content=\"Exitoso seminario puso en valor patrimonio geol\u00f3gico, historia local y museo regional - Aysen\" class=\"yoast-seo-meta-tag\" \/>\n<meta property=\"og:description\" content=\"&nbsp; El PAR Explora Regi\u00f3n de Ays\u00e9n, ejecutado por el Campus Patagonia de la Universidad Austral de Chile junto con el CIEP, con el apoyo de la Seremi de Miner\u00eda y la Dibam realizaron, como todos los a\u00f1os, el Seminario de Historia y Ciencias Sociales denominado &#8220;Acerc\u00e1ndonos a nuestro patrimonio natural&#8221; donde asistieron cerca de [&hellip;]\" class=\"yoast-seo-meta-tag\" \/>\n<meta property=\"og:url\" content=\"https:\/\/dev.explora.cl\/aysen\/exitoso-seminario-puso-en-valor-patrimonio-geologico-historia-local-y-museo-regional\/\" class=\"yoast-seo-meta-tag\" \/>\n<meta property=\"og:site_name\" content=\"Aysen\" class=\"yoast-seo-meta-tag\" \/>\n<meta property=\"article:published_time\" content=\"2015-09-24T04:00:00+00:00\" class=\"yoast-seo-meta-tag\" \/>\n<meta property=\"article:modified_time\" content=\"2019-05-20T21:21:06+00:00\" class=\"yoast-seo-meta-tag\" \/>\n<meta property=\"og:image\" content=\"https:\/\/dev.explora.cl\/aysen\/wp-content\/uploads\/sites\/18\/2018\/06\/5d341632a7e0c7889b5d5589deb8aa57.jpg\" class=\"yoast-seo-meta-tag\" \/>\n\t<meta property=\"og:image:width\" content=\"1701\" class=\"yoast-seo-meta-tag\" \/>\n\t<meta property=\"og:image:height\" content=\"1134\" class=\"yoast-seo-meta-tag\" \/>\n\t<meta property=\"og:image:type\" content=\"image\/jpeg\" class=\"yoast-seo-meta-tag\" \/>\n<meta name=\"author\" content=\"webman\" class=\"yoast-seo-meta-tag\" \/>\n<meta name=\"twitter:card\" content=\"summary_large_image\" class=\"yoast-seo-meta-tag\" \/>\n<meta name=\"twitter:label1\" content=\"Escrito por\" class=\"yoast-seo-meta-tag\" \/>\n\t<meta name=\"twitter:data1\" content=\"webman\" class=\"yoast-seo-meta-tag\" \/>\n\t<meta name=\"twitter:label2\" content=\"Tiempo estimado de lectura\" class=\"yoast-seo-meta-tag\" \/>\n\t<meta name=\"twitter:data2\" content=\"2 minutos\" class=\"yoast-seo-meta-tag\" \/>\n<script type=\"application\/ld+json\" class=\"yoast-schema-graph\">{\"@context\":\"https:\/\/schema.org\",\"@graph\":[{\"@type\":\"Article\",\"@id\":\"https:\/\/dev.explora.cl\/aysen\/exitoso-seminario-puso-en-valor-patrimonio-geologico-historia-local-y-museo-regional\/#article\",\"isPartOf\":{\"@id\":\"https:\/\/dev.explora.cl\/aysen\/exitoso-seminario-puso-en-valor-patrimonio-geologico-historia-local-y-museo-regional\/\"},\"author\":{\"name\":\"webman\",\"@id\":\"https:\/\/dev.explora.cl\/aysen\/#\/schema\/person\/cb8349c13ea2d324080adf8480d7ba5d\"},\"headline\":\"Exitoso seminario puso en valor patrimonio geol\u00f3gico, historia local y museo regional\",\"datePublished\":\"2015-09-24T04:00:00+00:00\",\"dateModified\":\"2019-05-20T21:21:06+00:00\",\"mainEntityOfPage\":{\"@id\":\"https:\/\/dev.explora.cl\/aysen\/exitoso-seminario-puso-en-valor-patrimonio-geologico-historia-local-y-museo-regional\/\"},\"wordCount\":477,\"commentCount\":0,\"image\":{\"@id\":\"https:\/\/dev.explora.cl\/aysen\/exitoso-seminario-puso-en-valor-patrimonio-geologico-historia-local-y-museo-regional\/#primaryimage\"},\"thumbnailUrl\":\"https:\/\/dev.explora.cl\/aysen\/wp-content\/uploads\/sites\/18\/2018\/06\/5d341632a7e0c7889b5d5589deb8aa57.jpg\",\"articleSection\":[\"Noticias\"],\"inLanguage\":\"es-CL\",\"potentialAction\":[{\"@type\":\"CommentAction\",\"name\":\"Comment\",\"target\":[\"https:\/\/dev.explora.cl\/aysen\/exitoso-seminario-puso-en-valor-patrimonio-geologico-historia-local-y-museo-regional\/#respond\"]}]},{\"@type\":\"WebPage\",\"@id\":\"https:\/\/dev.explora.cl\/aysen\/exitoso-seminario-puso-en-valor-patrimonio-geologico-historia-local-y-museo-regional\/\",\"url\":\"https:\/\/dev.explora.cl\/aysen\/exitoso-seminario-puso-en-valor-patrimonio-geologico-historia-local-y-museo-regional\/\",\"name\":\"Exitoso seminario puso en valor patrimonio geol\u00f3gico, historia local y museo regional - Aysen\",\"isPartOf\":{\"@id\":\"https:\/\/dev.explora.cl\/aysen\/#website\"},\"primaryImageOfPage\":{\"@id\":\"https:\/\/dev.explora.cl\/aysen\/exitoso-seminario-puso-en-valor-patrimonio-geologico-historia-local-y-museo-regional\/#primaryimage\"},\"image\":{\"@id\":\"https:\/\/dev.explora.cl\/aysen\/exitoso-seminario-puso-en-valor-patrimonio-geologico-historia-local-y-museo-regional\/#primaryimage\"},\"thumbnailUrl\":\"https:\/\/dev.explora.cl\/aysen\/wp-content\/uploads\/sites\/18\/2018\/06\/5d341632a7e0c7889b5d5589deb8aa57.jpg\",\"datePublished\":\"2015-09-24T04:00:00+00:00\",\"dateModified\":\"2019-05-20T21:21:06+00:00\",\"author\":{\"@id\":\"https:\/\/dev.explora.cl\/aysen\/#\/schema\/person\/cb8349c13ea2d324080adf8480d7ba5d\"},\"breadcrumb\":{\"@id\":\"https:\/\/dev.explora.cl\/aysen\/exitoso-seminario-puso-en-valor-patrimonio-geologico-historia-local-y-museo-regional\/#breadcrumb\"},\"inLanguage\":\"es-CL\",\"potentialAction\":[{\"@type\":\"ReadAction\",\"target\":[\"https:\/\/dev.explora.cl\/aysen\/exitoso-seminario-puso-en-valor-patrimonio-geologico-historia-local-y-museo-regional\/\"]}]},{\"@type\":\"ImageObject\",\"inLanguage\":\"es-CL\",\"@id\":\"https:\/\/dev.explora.cl\/aysen\/exitoso-seminario-puso-en-valor-patrimonio-geologico-historia-local-y-museo-regional\/#primaryimage\",\"url\":\"https:\/\/dev.explora.cl\/aysen\/wp-content\/uploads\/sites\/18\/2018\/06\/5d341632a7e0c7889b5d5589deb8aa57.jpg\",\"contentUrl\":\"https:\/\/dev.explora.cl\/aysen\/wp-content\/uploads\/sites\/18\/2018\/06\/5d341632a7e0c7889b5d5589deb8aa57.jpg\",\"width\":1701,\"height\":1134},{\"@type\":\"BreadcrumbList\",\"@id\":\"https:\/\/dev.explora.cl\/aysen\/exitoso-seminario-puso-en-valor-patrimonio-geologico-historia-local-y-museo-regional\/#breadcrumb\",\"itemListElement\":[{\"@type\":\"ListItem\",\"position\":1,\"name\":\"Portada\",\"item\":\"https:\/\/dev.explora.cl\/aysen\/\"},{\"@type\":\"ListItem\",\"position\":2,\"name\":\"Exitoso seminario puso en valor patrimonio geol\u00f3gico, historia local y museo regional\"}]},{\"@type\":\"WebSite\",\"@id\":\"https:\/\/dev.explora.cl\/aysen\/#website\",\"url\":\"https:\/\/dev.explora.cl\/aysen\/\",\"name\":\"Aysen\",\"description\":\"Otro sitio m\u00e1s de dev.explora.cl\",\"potentialAction\":[{\"@type\":\"SearchAction\",\"target\":{\"@type\":\"EntryPoint\",\"urlTemplate\":\"https:\/\/dev.explora.cl\/aysen\/?s={search_term_string}\"},\"query-input\":{\"@type\":\"PropertyValueSpecification\",\"valueRequired\":true,\"valueName\":\"search_term_string\"}}],\"inLanguage\":\"es-CL\"},{\"@type\":\"Person\",\"@id\":\"https:\/\/dev.explora.cl\/aysen\/#\/schema\/person\/cb8349c13ea2d324080adf8480d7ba5d\",\"name\":\"webman\",\"image\":{\"@type\":\"ImageObject\",\"inLanguage\":\"es-CL\",\"@id\":\"https:\/\/dev.explora.cl\/aysen\/#\/schema\/person\/image\/\",\"url\":\"https:\/\/secure.gravatar.com\/avatar\/eeff3c82f2c02f7177d13663b7e6f890e9a6a0647ce9bb29cae02dcb094c7312?s=96&d=mm&r=g\",\"contentUrl\":\"https:\/\/secure.gravatar.com\/avatar\/eeff3c82f2c02f7177d13663b7e6f890e9a6a0647ce9bb29cae02dcb094c7312?s=96&d=mm&r=g\",\"caption\":\"webman\"},\"url\":\"https:\/\/dev.explora.cl\/aysen\/author\/webman\/\"}]}<\/script>\n<!-- \/ Yoast SEO plugin. -->","yoast_head_json":{"title":"Exitoso seminario puso en valor patrimonio geol\u00f3gico, historia local y museo regional - Aysen","robots":{"index":"index","follow":"follow","max-snippet":"max-snippet:-1","max-image-preview":"max-image-preview:large","max-video-preview":"max-video-preview:-1"},"canonical":"https:\/\/dev.explora.cl\/aysen\/exitoso-seminario-puso-en-valor-patrimonio-geologico-historia-local-y-museo-regional\/","og_locale":"es_ES","og_type":"article","og_title":"Exitoso seminario puso en valor patrimonio geol\u00f3gico, historia local y museo regional - Aysen","og_description":"&nbsp; El PAR Explora Regi\u00f3n de Ays\u00e9n, ejecutado por el Campus Patagonia de la Universidad Austral de Chile junto con el CIEP, con el apoyo de la Seremi de Miner\u00eda y la Dibam realizaron, como todos los a\u00f1os, el Seminario de Historia y Ciencias Sociales denominado &#8220;Acerc\u00e1ndonos a nuestro patrimonio natural&#8221; donde asistieron cerca de [&hellip;]","og_url":"https:\/\/dev.explora.cl\/aysen\/exitoso-seminario-puso-en-valor-patrimonio-geologico-historia-local-y-museo-regional\/","og_site_name":"Aysen","article_published_time":"2015-09-24T04:00:00+00:00","article_modified_time":"2019-05-20T21:21:06+00:00","og_image":[{"width":1701,"height":1134,"url":"https:\/\/dev.explora.cl\/aysen\/wp-content\/uploads\/sites\/18\/2018\/06\/5d341632a7e0c7889b5d5589deb8aa57.jpg","type":"image\/jpeg"}],"author":"webman","twitter_card":"summary_large_image","twitter_misc":{"Escrito por":"webman","Tiempo estimado de lectura":"2 minutos"},"schema":{"@context":"https:\/\/schema.org","@graph":[{"@type":"Article","@id":"https:\/\/dev.explora.cl\/aysen\/exitoso-seminario-puso-en-valor-patrimonio-geologico-historia-local-y-museo-regional\/#article","isPartOf":{"@id":"https:\/\/dev.explora.cl\/aysen\/exitoso-seminario-puso-en-valor-patrimonio-geologico-historia-local-y-museo-regional\/"},"author":{"name":"webman","@id":"https:\/\/dev.explora.cl\/aysen\/#\/schema\/person\/cb8349c13ea2d324080adf8480d7ba5d"},"headline":"Exitoso seminario puso en valor patrimonio geol\u00f3gico, historia local y museo regional","datePublished":"2015-09-24T04:00:00+00:00","dateModified":"2019-05-20T21:21:06+00:00","mainEntityOfPage":{"@id":"https:\/\/dev.explora.cl\/aysen\/exitoso-seminario-puso-en-valor-patrimonio-geologico-historia-local-y-museo-regional\/"},"wordCount":477,"commentCount":0,"image":{"@id":"https:\/\/dev.explora.cl\/aysen\/exitoso-seminario-puso-en-valor-patrimonio-geologico-historia-local-y-museo-regional\/#primaryimage"},"thumbnailUrl":"https:\/\/dev.explora.cl\/aysen\/wp-content\/uploads\/sites\/18\/2018\/06\/5d341632a7e0c7889b5d5589deb8aa57.jpg","articleSection":["Noticias"],"inLanguage":"es-CL","potentialAction":[{"@type":"CommentAction","name":"Comment","target":["https:\/\/dev.explora.cl\/aysen\/exitoso-seminario-puso-en-valor-patrimonio-geologico-historia-local-y-museo-regional\/#respond"]}]},{"@type":"WebPage","@id":"https:\/\/dev.explora.cl\/aysen\/exitoso-seminario-puso-en-valor-patrimonio-geologico-historia-local-y-museo-regional\/","url":"https:\/\/dev.explora.cl\/aysen\/exitoso-seminario-puso-en-valor-patrimonio-geologico-historia-local-y-museo-regional\/","name":"Exitoso seminario puso en valor patrimonio geol\u00f3gico, historia local y museo regional - Aysen","isPartOf":{"@id":"https:\/\/dev.explora.cl\/aysen\/#website"},"primaryImageOfPage":{"@id":"https:\/\/dev.explora.cl\/aysen\/exitoso-seminario-puso-en-valor-patrimonio-geologico-historia-local-y-museo-regional\/#primaryimage"},"image":{"@id":"https:\/\/dev.explora.cl\/aysen\/exitoso-seminario-puso-en-valor-patrimonio-geologico-historia-local-y-museo-regional\/#primaryimage"},"thumbnailUrl":"https:\/\/dev.explora.cl\/aysen\/wp-content\/uploads\/sites\/18\/2018\/06\/5d341632a7e0c7889b5d5589deb8aa57.jpg","datePublished":"2015-09-24T04:00:00+00:00","dateModified":"2019-05-20T21:21:06+00:00","author":{"@id":"https:\/\/dev.explora.cl\/aysen\/#\/schema\/person\/cb8349c13ea2d324080adf8480d7ba5d"},"breadcrumb":{"@id":"https:\/\/dev.explora.cl\/aysen\/exitoso-seminario-puso-en-valor-patrimonio-geologico-historia-local-y-museo-regional\/#breadcrumb"},"inLanguage":"es-CL","potentialAction":[{"@type":"ReadAction","target":["https:\/\/dev.explora.cl\/aysen\/exitoso-seminario-puso-en-valor-patrimonio-geologico-historia-local-y-museo-regional\/"]}]},{"@type":"ImageObject","inLanguage":"es-CL","@id":"https:\/\/dev.explora.cl\/aysen\/exitoso-seminario-puso-en-valor-patrimonio-geologico-historia-local-y-museo-regional\/#primaryimage","url":"https:\/\/dev.explora.cl\/aysen\/wp-content\/uploads\/sites\/18\/2018\/06\/5d341632a7e0c7889b5d5589deb8aa57.jpg","contentUrl":"https:\/\/dev.explora.cl\/aysen\/wp-content\/uploads\/sites\/18\/2018\/06\/5d341632a7e0c7889b5d5589deb8aa57.jpg","width":1701,"height":1134},{"@type":"BreadcrumbList","@id":"https:\/\/dev.explora.cl\/aysen\/exitoso-seminario-puso-en-valor-patrimonio-geologico-historia-local-y-museo-regional\/#breadcrumb","itemListElement":[{"@type":"ListItem","position":1,"name":"Portada","item":"https:\/\/dev.explora.cl\/aysen\/"},{"@type":"ListItem","position":2,"name":"Exitoso seminario puso en valor patrimonio geol\u00f3gico, historia local y museo regional"}]},{"@type":"WebSite","@id":"https:\/\/dev.explora.cl\/aysen\/#website","url":"https:\/\/dev.explora.cl\/aysen\/","name":"Aysen","description":"Otro sitio m\u00e1s de dev.explora.cl","potentialAction":[{"@type":"SearchAction","target":{"@type":"EntryPoint","urlTemplate":"https:\/\/dev.explora.cl\/aysen\/?s={search_term_string}"},"query-input":{"@type":"PropertyValueSpecification","valueRequired":true,"valueName":"search_term_string"}}],"inLanguage":"es-CL"},{"@type":"Person","@id":"https:\/\/dev.explora.cl\/aysen\/#\/schema\/person\/cb8349c13ea2d324080adf8480d7ba5d","name":"webman","image":{"@type":"ImageObject","inLanguage":"es-CL","@id":"https:\/\/dev.explora.cl\/aysen\/#\/schema\/person\/image\/","url":"https:\/\/secure.gravatar.com\/avatar\/eeff3c82f2c02f7177d13663b7e6f890e9a6a0647ce9bb29cae02dcb094c7312?s=96&d=mm&r=g","contentUrl":"https:\/\/secure.gravatar.com\/avatar\/eeff3c82f2c02f7177d13663b7e6f890e9a6a0647ce9bb29cae02dcb094c7312?s=96&d=mm&r=g","caption":"webman"},"url":"https:\/\/dev.explora.cl\/aysen\/author\/webman\/"}]}},"_links":{"self":[{"href":"https:\/\/dev.explora.cl\/aysen\/wp-json\/wp\/v2\/posts\/291","targetHints":{"allow":["GET"]}}],"collection":[{"href":"https:\/\/dev.explora.cl\/aysen\/wp-json\/wp\/v2\/posts"}],"about":[{"href":"https:\/\/dev.explora.cl\/aysen\/wp-json\/wp\/v2\/types\/post"}],"author":[{"embeddable":true,"href":"https:\/\/dev.explora.cl\/aysen\/wp-json\/wp\/v2\/users\/2"}],"replies":[{"embeddable":true,"href":"https:\/\/dev.explora.cl\/aysen\/wp-json\/wp\/v2\/comments?post=291"}],"version-history":[{"count":1,"href":"https:\/\/dev.explora.cl\/aysen\/wp-json\/wp\/v2\/posts\/291\/revisions"}],"predecessor-version":[{"id":37270,"href":"https:\/\/dev.explora.cl\/aysen\/wp-json\/wp\/v2\/posts\/291\/revisions\/37270"}],"wp:featuredmedia":[{"embeddable":true,"href":"https:\/\/dev.explora.cl\/aysen\/wp-json\/wp\/v2\/media\/292"}],"wp:attachment":[{"href":"https:\/\/dev.explora.cl\/aysen\/wp-json\/wp\/v2\/media?parent=291"}],"wp:term":[{"taxonomy":"category","embeddable":true,"href":"https:\/\/dev.explora.cl\/aysen\/wp-json\/wp\/v2\/categories?post=291"},{"taxonomy":"post_tag","embeddable":true,"href":"https:\/\/dev.explora.cl\/aysen\/wp-json\/wp\/v2\/tags?post=291"}],"curies":[{"name":"wp","href":"https:\/\/api.w.org\/{rel}","templated":true}]}}