{"id":289,"date":"2015-09-22T00:00:00","date_gmt":"2015-09-22T04:00:00","guid":{"rendered":"https:\/\/dev.explora.cl\/aysen\/blog\/2015\/09\/22\/par-explora-aysen-invita-a-participar-en-concurso-fotografico-y-de-collages\/"},"modified":"2019-05-20T21:21:06","modified_gmt":"2019-05-20T21:21:06","slug":"par-explora-aysen-invita-a-participar-en-concurso-fotografico-y-de-collages","status":"publish","type":"post","link":"https:\/\/dev.explora.cl\/aysen\/par-explora-aysen-invita-a-participar-en-concurso-fotografico-y-de-collages\/","title":{"rendered":"PAR Explora Ays\u00e9n invita a participar en concurso fotogr\u00e1fico y de collages."},"content":{"rendered":"<p><img loading=\"lazy\" decoding=\"async\" class=\" size-full wp-image-14965\" src=\"http:\/\/ec2-54-245-22-188.us-west-2.compute.amazonaws.com\/wp-content\/uploads\/2015\/09\/a5f13555bd4ef4a5a40a8d461e62c6ca.jpg\" alt=\"\" width=\"800\" height=\"533\" \/><\/p>\n<p>El PAR Explora de la regi\u00f3n de Ays\u00e9n, ejecutado por el Campus Patagonia de la Universidad Austral de Chile junto al CIEP, como todos los a\u00f1os celebra la Semana Nacional de la Ciencia y la Tecnolog\u00eda donde se realizan diversas actividades destinadas a acercar la ciencia a la comunidad local de manera entretenida y participativa.<\/p>\n<p>Este a\u00f1o, con el auspicio de Edelays\u00e9n, se realizar\u00e1 el concurso de fotograf\u00eda &#8220;Mirar no es observar&#8221;, orientado a todas y todos quienes quieran participar. Tambi\u00e9n se llevar\u00e1 a cabo el concurso de collages \u201cLa Luz y tu\u201d, dirigido a estudiantes desde pre kinder hasta cuarto b\u00e1sico; ambos cert\u00e1menes estrechamente relacionados con el tema del a\u00f1o \u201cConocer ilumina\u201d, incentivando e invitando a mirar y explorar c\u00f3mo la luz se relaciona con nuestro entorno y la vida en la Tierra.<\/p>\n<p>Para el concurso \u201cMirar no es observar\u201d se realizar\u00e1 un taller b\u00e1sico de fotograf\u00eda para quienes est\u00e9n interesados en participar. Esta actividad se llevar\u00e1 a cabo en la sala de videoconferencias del Campus Patagonia de la Universidad Austral de Chile el d\u00eda martes 29 de septiembre a las 18:00 horas.<\/p>\n<p>\u201cMirar no es observar\u201d tendr\u00e1 como primer premio una tablet, para el segundo lugar unos aud\u00edfonos y el tercer puesto ganar\u00e1 el libro \u201cLos sorprendentes secretos de la naturaleza\u201d. El concurso \u201cLa luz y tu\u201d premiar\u00e1 a los estudiantes con juegos de mesa y libros.<\/p>\n<p>Destacan en esta XXI Semana Nacional de la Ciencia y la Tecnolog\u00eda actividades como el Caf\u00e9 Con Ciencia, La ciencia sale a los parques, 1000 cient\u00edficos 1000 aulas, Laboratorios abiertos, D\u00eda de la ciencia en mi colegio y en mi jard\u00edn y la feria comunal de Ciencia y Tecnolog\u00eda de Puerto Ays\u00e9n y Chile Chico con estudiantes.<\/p>\n<p>&nbsp;<\/p>\n","protected":false},"excerpt":{"rendered":"<p>El PAR Explora de la regi\u00f3n de Ays\u00e9n, ejecutado por el Campus Patagonia de la Universidad Austral de Chile junto al CIEP, como todos los a\u00f1os celebra la Semana Nacional de la Ciencia y la Tecnolog\u00eda donde se realizan diversas actividades destinadas a acercar la ciencia a la comunidad local de manera entretenida y participativa. [&hellip;]<\/p>\n","protected":false},"author":2,"featured_media":290,"comment_status":"open","ping_status":"open","sticky":false,"template":"","format":"standard","meta":{"_acf_changed":false,"_exactmetrics_skip_tracking":false,"_exactmetrics_sitenote_active":false,"_exactmetrics_sitenote_note":"","_exactmetrics_sitenote_category":0,"footnotes":"","_links_to":"","_links_to_target":""},"categories":[4],"tags":[],"class_list":["post-289","post","type-post","status-publish","format-standard","has-post-thumbnail","hentry","category-noticias"],"acf":[],"yoast_head":"<!-- This site is optimized with the Yoast SEO plugin v26.7 - https:\/\/yoast.com\/wordpress\/plugins\/seo\/ -->\n<title>PAR Explora Ays\u00e9n invita a participar en concurso fotogr\u00e1fico y de collages. - Aysen<\/title>\n<meta name=\"robots\" content=\"index, follow, max-snippet:-1, max-image-preview:large, max-video-preview:-1\" \/>\n<link rel=\"canonical\" href=\"https:\/\/dev.explora.cl\/aysen\/par-explora-aysen-invita-a-participar-en-concurso-fotografico-y-de-collages\/\" class=\"yoast-seo-meta-tag\" \/>\n<meta property=\"og:locale\" content=\"es_ES\" class=\"yoast-seo-meta-tag\" \/>\n<meta property=\"og:type\" content=\"article\" class=\"yoast-seo-meta-tag\" \/>\n<meta property=\"og:title\" content=\"PAR Explora Ays\u00e9n invita a participar en concurso fotogr\u00e1fico y de collages. - Aysen\" class=\"yoast-seo-meta-tag\" \/>\n<meta property=\"og:description\" content=\"El PAR Explora de la regi\u00f3n de Ays\u00e9n, ejecutado por el Campus Patagonia de la Universidad Austral de Chile junto al CIEP, como todos los a\u00f1os celebra la Semana Nacional de la Ciencia y la Tecnolog\u00eda donde se realizan diversas actividades destinadas a acercar la ciencia a la comunidad local de manera entretenida y participativa. [&hellip;]\" class=\"yoast-seo-meta-tag\" \/>\n<meta property=\"og:url\" content=\"https:\/\/dev.explora.cl\/aysen\/par-explora-aysen-invita-a-participar-en-concurso-fotografico-y-de-collages\/\" class=\"yoast-seo-meta-tag\" \/>\n<meta property=\"og:site_name\" content=\"Aysen\" class=\"yoast-seo-meta-tag\" \/>\n<meta property=\"article:published_time\" content=\"2015-09-22T04:00:00+00:00\" class=\"yoast-seo-meta-tag\" \/>\n<meta property=\"article:modified_time\" content=\"2019-05-20T21:21:06+00:00\" class=\"yoast-seo-meta-tag\" \/>\n<meta property=\"og:image\" content=\"https:\/\/dev.explora.cl\/aysen\/wp-content\/uploads\/sites\/18\/2018\/06\/a5f13555bd4ef4a5a40a8d461e62c6ca.jpg\" class=\"yoast-seo-meta-tag\" \/>\n\t<meta property=\"og:image:width\" content=\"800\" class=\"yoast-seo-meta-tag\" \/>\n\t<meta property=\"og:image:height\" content=\"533\" class=\"yoast-seo-meta-tag\" \/>\n\t<meta property=\"og:image:type\" content=\"image\/jpeg\" class=\"yoast-seo-meta-tag\" \/>\n<meta name=\"author\" content=\"webman\" class=\"yoast-seo-meta-tag\" \/>\n<meta name=\"twitter:card\" content=\"summary_large_image\" class=\"yoast-seo-meta-tag\" \/>\n<meta name=\"twitter:label1\" content=\"Escrito por\" class=\"yoast-seo-meta-tag\" \/>\n\t<meta name=\"twitter:data1\" content=\"webman\" class=\"yoast-seo-meta-tag\" \/>\n\t<meta name=\"twitter:label2\" content=\"Tiempo estimado de lectura\" class=\"yoast-seo-meta-tag\" \/>\n\t<meta name=\"twitter:data2\" content=\"2 minutos\" class=\"yoast-seo-meta-tag\" \/>\n<script type=\"application\/ld+json\" class=\"yoast-schema-graph\">{\"@context\":\"https:\/\/schema.org\",\"@graph\":[{\"@type\":\"Article\",\"@id\":\"https:\/\/dev.explora.cl\/aysen\/par-explora-aysen-invita-a-participar-en-concurso-fotografico-y-de-collages\/#article\",\"isPartOf\":{\"@id\":\"https:\/\/dev.explora.cl\/aysen\/par-explora-aysen-invita-a-participar-en-concurso-fotografico-y-de-collages\/\"},\"author\":{\"name\":\"webman\",\"@id\":\"https:\/\/dev.explora.cl\/aysen\/#\/schema\/person\/cb8349c13ea2d324080adf8480d7ba5d\"},\"headline\":\"PAR Explora Ays\u00e9n invita a participar en concurso fotogr\u00e1fico y de collages.\",\"datePublished\":\"2015-09-22T04:00:00+00:00\",\"dateModified\":\"2019-05-20T21:21:06+00:00\",\"mainEntityOfPage\":{\"@id\":\"https:\/\/dev.explora.cl\/aysen\/par-explora-aysen-invita-a-participar-en-concurso-fotografico-y-de-collages\/\"},\"wordCount\":320,\"commentCount\":0,\"image\":{\"@id\":\"https:\/\/dev.explora.cl\/aysen\/par-explora-aysen-invita-a-participar-en-concurso-fotografico-y-de-collages\/#primaryimage\"},\"thumbnailUrl\":\"https:\/\/dev.explora.cl\/aysen\/wp-content\/uploads\/sites\/18\/2018\/06\/a5f13555bd4ef4a5a40a8d461e62c6ca.jpg\",\"articleSection\":[\"Noticias\"],\"inLanguage\":\"es-CL\",\"potentialAction\":[{\"@type\":\"CommentAction\",\"name\":\"Comment\",\"target\":[\"https:\/\/dev.explora.cl\/aysen\/par-explora-aysen-invita-a-participar-en-concurso-fotografico-y-de-collages\/#respond\"]}]},{\"@type\":\"WebPage\",\"@id\":\"https:\/\/dev.explora.cl\/aysen\/par-explora-aysen-invita-a-participar-en-concurso-fotografico-y-de-collages\/\",\"url\":\"https:\/\/dev.explora.cl\/aysen\/par-explora-aysen-invita-a-participar-en-concurso-fotografico-y-de-collages\/\",\"name\":\"PAR Explora Ays\u00e9n invita a participar en concurso fotogr\u00e1fico y de collages. - Aysen\",\"isPartOf\":{\"@id\":\"https:\/\/dev.explora.cl\/aysen\/#website\"},\"primaryImageOfPage\":{\"@id\":\"https:\/\/dev.explora.cl\/aysen\/par-explora-aysen-invita-a-participar-en-concurso-fotografico-y-de-collages\/#primaryimage\"},\"image\":{\"@id\":\"https:\/\/dev.explora.cl\/aysen\/par-explora-aysen-invita-a-participar-en-concurso-fotografico-y-de-collages\/#primaryimage\"},\"thumbnailUrl\":\"https:\/\/dev.explora.cl\/aysen\/wp-content\/uploads\/sites\/18\/2018\/06\/a5f13555bd4ef4a5a40a8d461e62c6ca.jpg\",\"datePublished\":\"2015-09-22T04:00:00+00:00\",\"dateModified\":\"2019-05-20T21:21:06+00:00\",\"author\":{\"@id\":\"https:\/\/dev.explora.cl\/aysen\/#\/schema\/person\/cb8349c13ea2d324080adf8480d7ba5d\"},\"breadcrumb\":{\"@id\":\"https:\/\/dev.explora.cl\/aysen\/par-explora-aysen-invita-a-participar-en-concurso-fotografico-y-de-collages\/#breadcrumb\"},\"inLanguage\":\"es-CL\",\"potentialAction\":[{\"@type\":\"ReadAction\",\"target\":[\"https:\/\/dev.explora.cl\/aysen\/par-explora-aysen-invita-a-participar-en-concurso-fotografico-y-de-collages\/\"]}]},{\"@type\":\"ImageObject\",\"inLanguage\":\"es-CL\",\"@id\":\"https:\/\/dev.explora.cl\/aysen\/par-explora-aysen-invita-a-participar-en-concurso-fotografico-y-de-collages\/#primaryimage\",\"url\":\"https:\/\/dev.explora.cl\/aysen\/wp-content\/uploads\/sites\/18\/2018\/06\/a5f13555bd4ef4a5a40a8d461e62c6ca.jpg\",\"contentUrl\":\"https:\/\/dev.explora.cl\/aysen\/wp-content\/uploads\/sites\/18\/2018\/06\/a5f13555bd4ef4a5a40a8d461e62c6ca.jpg\",\"width\":800,\"height\":533},{\"@type\":\"BreadcrumbList\",\"@id\":\"https:\/\/dev.explora.cl\/aysen\/par-explora-aysen-invita-a-participar-en-concurso-fotografico-y-de-collages\/#breadcrumb\",\"itemListElement\":[{\"@type\":\"ListItem\",\"position\":1,\"name\":\"Portada\",\"item\":\"https:\/\/dev.explora.cl\/aysen\/\"},{\"@type\":\"ListItem\",\"position\":2,\"name\":\"PAR Explora Ays\u00e9n invita a participar en concurso fotogr\u00e1fico y de collages.\"}]},{\"@type\":\"WebSite\",\"@id\":\"https:\/\/dev.explora.cl\/aysen\/#website\",\"url\":\"https:\/\/dev.explora.cl\/aysen\/\",\"name\":\"Aysen\",\"description\":\"Otro sitio m\u00e1s de dev.explora.cl\",\"potentialAction\":[{\"@type\":\"SearchAction\",\"target\":{\"@type\":\"EntryPoint\",\"urlTemplate\":\"https:\/\/dev.explora.cl\/aysen\/?s={search_term_string}\"},\"query-input\":{\"@type\":\"PropertyValueSpecification\",\"valueRequired\":true,\"valueName\":\"search_term_string\"}}],\"inLanguage\":\"es-CL\"},{\"@type\":\"Person\",\"@id\":\"https:\/\/dev.explora.cl\/aysen\/#\/schema\/person\/cb8349c13ea2d324080adf8480d7ba5d\",\"name\":\"webman\",\"image\":{\"@type\":\"ImageObject\",\"inLanguage\":\"es-CL\",\"@id\":\"https:\/\/dev.explora.cl\/aysen\/#\/schema\/person\/image\/\",\"url\":\"https:\/\/secure.gravatar.com\/avatar\/eeff3c82f2c02f7177d13663b7e6f890e9a6a0647ce9bb29cae02dcb094c7312?s=96&d=mm&r=g\",\"contentUrl\":\"https:\/\/secure.gravatar.com\/avatar\/eeff3c82f2c02f7177d13663b7e6f890e9a6a0647ce9bb29cae02dcb094c7312?s=96&d=mm&r=g\",\"caption\":\"webman\"},\"url\":\"https:\/\/dev.explora.cl\/aysen\/author\/webman\/\"}]}<\/script>\n<!-- \/ Yoast SEO plugin. -->","yoast_head_json":{"title":"PAR Explora Ays\u00e9n invita a participar en concurso fotogr\u00e1fico y de collages. - Aysen","robots":{"index":"index","follow":"follow","max-snippet":"max-snippet:-1","max-image-preview":"max-image-preview:large","max-video-preview":"max-video-preview:-1"},"canonical":"https:\/\/dev.explora.cl\/aysen\/par-explora-aysen-invita-a-participar-en-concurso-fotografico-y-de-collages\/","og_locale":"es_ES","og_type":"article","og_title":"PAR Explora Ays\u00e9n invita a participar en concurso fotogr\u00e1fico y de collages. - Aysen","og_description":"El PAR Explora de la regi\u00f3n de Ays\u00e9n, ejecutado por el Campus Patagonia de la Universidad Austral de Chile junto al CIEP, como todos los a\u00f1os celebra la Semana Nacional de la Ciencia y la Tecnolog\u00eda donde se realizan diversas actividades destinadas a acercar la ciencia a la comunidad local de manera entretenida y participativa. [&hellip;]","og_url":"https:\/\/dev.explora.cl\/aysen\/par-explora-aysen-invita-a-participar-en-concurso-fotografico-y-de-collages\/","og_site_name":"Aysen","article_published_time":"2015-09-22T04:00:00+00:00","article_modified_time":"2019-05-20T21:21:06+00:00","og_image":[{"width":800,"height":533,"url":"https:\/\/dev.explora.cl\/aysen\/wp-content\/uploads\/sites\/18\/2018\/06\/a5f13555bd4ef4a5a40a8d461e62c6ca.jpg","type":"image\/jpeg"}],"author":"webman","twitter_card":"summary_large_image","twitter_misc":{"Escrito por":"webman","Tiempo estimado de lectura":"2 minutos"},"schema":{"@context":"https:\/\/schema.org","@graph":[{"@type":"Article","@id":"https:\/\/dev.explora.cl\/aysen\/par-explora-aysen-invita-a-participar-en-concurso-fotografico-y-de-collages\/#article","isPartOf":{"@id":"https:\/\/dev.explora.cl\/aysen\/par-explora-aysen-invita-a-participar-en-concurso-fotografico-y-de-collages\/"},"author":{"name":"webman","@id":"https:\/\/dev.explora.cl\/aysen\/#\/schema\/person\/cb8349c13ea2d324080adf8480d7ba5d"},"headline":"PAR Explora Ays\u00e9n invita a participar en concurso fotogr\u00e1fico y de collages.","datePublished":"2015-09-22T04:00:00+00:00","dateModified":"2019-05-20T21:21:06+00:00","mainEntityOfPage":{"@id":"https:\/\/dev.explora.cl\/aysen\/par-explora-aysen-invita-a-participar-en-concurso-fotografico-y-de-collages\/"},"wordCount":320,"commentCount":0,"image":{"@id":"https:\/\/dev.explora.cl\/aysen\/par-explora-aysen-invita-a-participar-en-concurso-fotografico-y-de-collages\/#primaryimage"},"thumbnailUrl":"https:\/\/dev.explora.cl\/aysen\/wp-content\/uploads\/sites\/18\/2018\/06\/a5f13555bd4ef4a5a40a8d461e62c6ca.jpg","articleSection":["Noticias"],"inLanguage":"es-CL","potentialAction":[{"@type":"CommentAction","name":"Comment","target":["https:\/\/dev.explora.cl\/aysen\/par-explora-aysen-invita-a-participar-en-concurso-fotografico-y-de-collages\/#respond"]}]},{"@type":"WebPage","@id":"https:\/\/dev.explora.cl\/aysen\/par-explora-aysen-invita-a-participar-en-concurso-fotografico-y-de-collages\/","url":"https:\/\/dev.explora.cl\/aysen\/par-explora-aysen-invita-a-participar-en-concurso-fotografico-y-de-collages\/","name":"PAR Explora Ays\u00e9n invita a participar en concurso fotogr\u00e1fico y de collages. - Aysen","isPartOf":{"@id":"https:\/\/dev.explora.cl\/aysen\/#website"},"primaryImageOfPage":{"@id":"https:\/\/dev.explora.cl\/aysen\/par-explora-aysen-invita-a-participar-en-concurso-fotografico-y-de-collages\/#primaryimage"},"image":{"@id":"https:\/\/dev.explora.cl\/aysen\/par-explora-aysen-invita-a-participar-en-concurso-fotografico-y-de-collages\/#primaryimage"},"thumbnailUrl":"https:\/\/dev.explora.cl\/aysen\/wp-content\/uploads\/sites\/18\/2018\/06\/a5f13555bd4ef4a5a40a8d461e62c6ca.jpg","datePublished":"2015-09-22T04:00:00+00:00","dateModified":"2019-05-20T21:21:06+00:00","author":{"@id":"https:\/\/dev.explora.cl\/aysen\/#\/schema\/person\/cb8349c13ea2d324080adf8480d7ba5d"},"breadcrumb":{"@id":"https:\/\/dev.explora.cl\/aysen\/par-explora-aysen-invita-a-participar-en-concurso-fotografico-y-de-collages\/#breadcrumb"},"inLanguage":"es-CL","potentialAction":[{"@type":"ReadAction","target":["https:\/\/dev.explora.cl\/aysen\/par-explora-aysen-invita-a-participar-en-concurso-fotografico-y-de-collages\/"]}]},{"@type":"ImageObject","inLanguage":"es-CL","@id":"https:\/\/dev.explora.cl\/aysen\/par-explora-aysen-invita-a-participar-en-concurso-fotografico-y-de-collages\/#primaryimage","url":"https:\/\/dev.explora.cl\/aysen\/wp-content\/uploads\/sites\/18\/2018\/06\/a5f13555bd4ef4a5a40a8d461e62c6ca.jpg","contentUrl":"https:\/\/dev.explora.cl\/aysen\/wp-content\/uploads\/sites\/18\/2018\/06\/a5f13555bd4ef4a5a40a8d461e62c6ca.jpg","width":800,"height":533},{"@type":"BreadcrumbList","@id":"https:\/\/dev.explora.cl\/aysen\/par-explora-aysen-invita-a-participar-en-concurso-fotografico-y-de-collages\/#breadcrumb","itemListElement":[{"@type":"ListItem","position":1,"name":"Portada","item":"https:\/\/dev.explora.cl\/aysen\/"},{"@type":"ListItem","position":2,"name":"PAR Explora Ays\u00e9n invita a participar en concurso fotogr\u00e1fico y de collages."}]},{"@type":"WebSite","@id":"https:\/\/dev.explora.cl\/aysen\/#website","url":"https:\/\/dev.explora.cl\/aysen\/","name":"Aysen","description":"Otro sitio m\u00e1s de dev.explora.cl","potentialAction":[{"@type":"SearchAction","target":{"@type":"EntryPoint","urlTemplate":"https:\/\/dev.explora.cl\/aysen\/?s={search_term_string}"},"query-input":{"@type":"PropertyValueSpecification","valueRequired":true,"valueName":"search_term_string"}}],"inLanguage":"es-CL"},{"@type":"Person","@id":"https:\/\/dev.explora.cl\/aysen\/#\/schema\/person\/cb8349c13ea2d324080adf8480d7ba5d","name":"webman","image":{"@type":"ImageObject","inLanguage":"es-CL","@id":"https:\/\/dev.explora.cl\/aysen\/#\/schema\/person\/image\/","url":"https:\/\/secure.gravatar.com\/avatar\/eeff3c82f2c02f7177d13663b7e6f890e9a6a0647ce9bb29cae02dcb094c7312?s=96&d=mm&r=g","contentUrl":"https:\/\/secure.gravatar.com\/avatar\/eeff3c82f2c02f7177d13663b7e6f890e9a6a0647ce9bb29cae02dcb094c7312?s=96&d=mm&r=g","caption":"webman"},"url":"https:\/\/dev.explora.cl\/aysen\/author\/webman\/"}]}},"_links":{"self":[{"href":"https:\/\/dev.explora.cl\/aysen\/wp-json\/wp\/v2\/posts\/289","targetHints":{"allow":["GET"]}}],"collection":[{"href":"https:\/\/dev.explora.cl\/aysen\/wp-json\/wp\/v2\/posts"}],"about":[{"href":"https:\/\/dev.explora.cl\/aysen\/wp-json\/wp\/v2\/types\/post"}],"author":[{"embeddable":true,"href":"https:\/\/dev.explora.cl\/aysen\/wp-json\/wp\/v2\/users\/2"}],"replies":[{"embeddable":true,"href":"https:\/\/dev.explora.cl\/aysen\/wp-json\/wp\/v2\/comments?post=289"}],"version-history":[{"count":1,"href":"https:\/\/dev.explora.cl\/aysen\/wp-json\/wp\/v2\/posts\/289\/revisions"}],"predecessor-version":[{"id":37271,"href":"https:\/\/dev.explora.cl\/aysen\/wp-json\/wp\/v2\/posts\/289\/revisions\/37271"}],"wp:featuredmedia":[{"embeddable":true,"href":"https:\/\/dev.explora.cl\/aysen\/wp-json\/wp\/v2\/media\/290"}],"wp:attachment":[{"href":"https:\/\/dev.explora.cl\/aysen\/wp-json\/wp\/v2\/media?parent=289"}],"wp:term":[{"taxonomy":"category","embeddable":true,"href":"https:\/\/dev.explora.cl\/aysen\/wp-json\/wp\/v2\/categories?post=289"},{"taxonomy":"post_tag","embeddable":true,"href":"https:\/\/dev.explora.cl\/aysen\/wp-json\/wp\/v2\/tags?post=289"}],"curies":[{"name":"wp","href":"https:\/\/api.w.org\/{rel}","templated":true}]}}