{"id":283,"date":"2015-09-14T00:00:00","date_gmt":"2015-09-14T04:00:00","guid":{"rendered":"https:\/\/dev.explora.cl\/aysen\/blog\/2015\/09\/14\/descarga-documentos-x-congreso-escolar-regional-de-ciencia-y-tecnologia\/"},"modified":"2019-05-20T21:21:09","modified_gmt":"2019-05-20T21:21:09","slug":"descarga-documentos-x-congreso-escolar-regional-de-ciencia-y-tecnologia","status":"publish","type":"post","link":"https:\/\/dev.explora.cl\/aysen\/descarga-documentos-x-congreso-escolar-regional-de-ciencia-y-tecnologia\/","title":{"rendered":"Descarga documentos X Congreso Escolar Regional de Ciencia y Tecnolog\u00eda"},"content":{"rendered":"<p><img loading=\"lazy\" decoding=\"async\" class=\" size-full wp-image-14752\" src=\"http:\/\/ec2-54-245-22-188.us-west-2.compute.amazonaws.com\/wp-content\/uploads\/2015\/09\/f40b38a7f0ae7300ce224c3113f210b6.jpg\" alt=\"\" width=\"800\" height=\"533\" \/><\/p>\n<p><p>El Programa Explora de la Comisi\u00f3n Nacional de Investigaci\u00f3n Cient\u00edfica y Tecnol\u00f3gica, CONICYT, invita a enviar trabajos al X Congreso Regional de Ays\u00e9n. Las categor\u00edas de participaci\u00f3n son de (a) Investigaci\u00f3n en Ciencias naturales, m\u00e9dicas y de la salud, agr\u00edcolas, humanas y de la comunicaci\u00f3n, (b) Desarrollo en las \u00e1reas de Ingenier\u00eda y Tecnolog\u00eda y (c) Ciencias Sociales.<\/p>\n<p>Los Congresos Escolares EXPLORA CONICYT son ferias de investigaci\u00f3n cient\u00edfica y desarrollo tecnol\u00f3gico donde pueden competir estudiantes de establecimientos educacionales municipalizados, particulares subvencionados y particulares pagados, reconocidos por el Estado, con sus trabajos de investigaci\u00f3n en todas las \u00e1reas de las ciencias, desarrollos en ingenier\u00eda y tecnolog\u00eda.<\/p>\n<p>En cada regi\u00f3n, podr\u00e1 haber al menos dos proyectos ganadores, uno de Educaci\u00f3n Media y otro de Educaci\u00f3n B\u00e1sica, que asistir\u00e1n XVI Congreso Nacional Escolar de Ciencia y Tecnolog\u00eda EXPLORA CONICYT que se realizar\u00e1 en Valpara\u00edso, V Regi\u00f3n entre el 26 y 28 de noviembre de 2015.<\/p>\n<p>Los proyectos ganadores que asisten al evento nacional s\u00f3lo pueden pertenecer a las categor\u00edas de (a) Investigaci\u00f3n Ciencias Naturales o (b) Desarrollo en Ingenier\u00eda y Tecnolog\u00eda (c) Ciencias Sociales. Podr\u00e1n viajar m\u00e1s equipos siempre que la exista disponibilidad presupuestaria.<\/p><\/p>\n","protected":false},"excerpt":{"rendered":"<p>El Programa Explora de la Comisi\u00f3n Nacional de Investigaci\u00f3n Cient\u00edfica y Tecnol\u00f3gica, CONICYT, invita a enviar trabajos al X Congreso Regional de Ays\u00e9n. Las categor\u00edas de participaci\u00f3n son de (a) Investigaci\u00f3n en Ciencias naturales, m\u00e9dicas y de la salud, agr\u00edcolas, humanas y de la comunicaci\u00f3n, (b) Desarrollo en las \u00e1reas de Ingenier\u00eda y Tecnolog\u00eda y [&hellip;]<\/p>\n","protected":false},"author":2,"featured_media":284,"comment_status":"open","ping_status":"open","sticky":false,"template":"","format":"standard","meta":{"_acf_changed":false,"_exactmetrics_skip_tracking":false,"_exactmetrics_sitenote_active":false,"_exactmetrics_sitenote_note":"","_exactmetrics_sitenote_category":0,"footnotes":"","_links_to":"","_links_to_target":""},"categories":[4],"tags":[],"class_list":["post-283","post","type-post","status-publish","format-standard","has-post-thumbnail","hentry","category-noticias"],"acf":[],"yoast_head":"<!-- This site is optimized with the Yoast SEO plugin v26.7 - https:\/\/yoast.com\/wordpress\/plugins\/seo\/ -->\n<title>Descarga documentos X Congreso Escolar Regional de Ciencia y Tecnolog\u00eda - Aysen<\/title>\n<meta name=\"robots\" content=\"index, follow, max-snippet:-1, max-image-preview:large, max-video-preview:-1\" \/>\n<link rel=\"canonical\" href=\"https:\/\/dev.explora.cl\/aysen\/descarga-documentos-x-congreso-escolar-regional-de-ciencia-y-tecnologia\/\" class=\"yoast-seo-meta-tag\" \/>\n<meta property=\"og:locale\" content=\"es_ES\" class=\"yoast-seo-meta-tag\" \/>\n<meta property=\"og:type\" content=\"article\" class=\"yoast-seo-meta-tag\" \/>\n<meta property=\"og:title\" content=\"Descarga documentos X Congreso Escolar Regional de Ciencia y Tecnolog\u00eda - Aysen\" class=\"yoast-seo-meta-tag\" \/>\n<meta property=\"og:description\" content=\"El Programa Explora de la Comisi\u00f3n Nacional de Investigaci\u00f3n Cient\u00edfica y Tecnol\u00f3gica, CONICYT, invita a enviar trabajos al X Congreso Regional de Ays\u00e9n. Las categor\u00edas de participaci\u00f3n son de (a) Investigaci\u00f3n en Ciencias naturales, m\u00e9dicas y de la salud, agr\u00edcolas, humanas y de la comunicaci\u00f3n, (b) Desarrollo en las \u00e1reas de Ingenier\u00eda y Tecnolog\u00eda y [&hellip;]\" class=\"yoast-seo-meta-tag\" \/>\n<meta property=\"og:url\" content=\"https:\/\/dev.explora.cl\/aysen\/descarga-documentos-x-congreso-escolar-regional-de-ciencia-y-tecnologia\/\" class=\"yoast-seo-meta-tag\" \/>\n<meta property=\"og:site_name\" content=\"Aysen\" class=\"yoast-seo-meta-tag\" \/>\n<meta property=\"article:published_time\" content=\"2015-09-14T04:00:00+00:00\" class=\"yoast-seo-meta-tag\" \/>\n<meta property=\"article:modified_time\" content=\"2019-05-20T21:21:09+00:00\" class=\"yoast-seo-meta-tag\" \/>\n<meta property=\"og:image\" content=\"https:\/\/dev.explora.cl\/aysen\/wp-content\/uploads\/sites\/18\/2018\/06\/f40b38a7f0ae7300ce224c3113f210b6.jpg\" class=\"yoast-seo-meta-tag\" \/>\n\t<meta property=\"og:image:width\" content=\"800\" class=\"yoast-seo-meta-tag\" \/>\n\t<meta property=\"og:image:height\" content=\"533\" class=\"yoast-seo-meta-tag\" \/>\n\t<meta property=\"og:image:type\" content=\"image\/jpeg\" class=\"yoast-seo-meta-tag\" \/>\n<meta name=\"author\" content=\"webman\" class=\"yoast-seo-meta-tag\" \/>\n<meta name=\"twitter:card\" content=\"summary_large_image\" class=\"yoast-seo-meta-tag\" \/>\n<meta name=\"twitter:label1\" content=\"Escrito por\" class=\"yoast-seo-meta-tag\" \/>\n\t<meta name=\"twitter:data1\" content=\"webman\" class=\"yoast-seo-meta-tag\" \/>\n\t<meta name=\"twitter:label2\" content=\"Tiempo estimado de lectura\" class=\"yoast-seo-meta-tag\" \/>\n\t<meta name=\"twitter:data2\" content=\"1 minuto\" class=\"yoast-seo-meta-tag\" \/>\n<script type=\"application\/ld+json\" class=\"yoast-schema-graph\">{\"@context\":\"https:\/\/schema.org\",\"@graph\":[{\"@type\":\"Article\",\"@id\":\"https:\/\/dev.explora.cl\/aysen\/descarga-documentos-x-congreso-escolar-regional-de-ciencia-y-tecnologia\/#article\",\"isPartOf\":{\"@id\":\"https:\/\/dev.explora.cl\/aysen\/descarga-documentos-x-congreso-escolar-regional-de-ciencia-y-tecnologia\/\"},\"author\":{\"name\":\"webman\",\"@id\":\"https:\/\/dev.explora.cl\/aysen\/#\/schema\/person\/cb8349c13ea2d324080adf8480d7ba5d\"},\"headline\":\"Descarga documentos X Congreso Escolar Regional de Ciencia y Tecnolog\u00eda\",\"datePublished\":\"2015-09-14T04:00:00+00:00\",\"dateModified\":\"2019-05-20T21:21:09+00:00\",\"mainEntityOfPage\":{\"@id\":\"https:\/\/dev.explora.cl\/aysen\/descarga-documentos-x-congreso-escolar-regional-de-ciencia-y-tecnologia\/\"},\"wordCount\":233,\"commentCount\":0,\"image\":{\"@id\":\"https:\/\/dev.explora.cl\/aysen\/descarga-documentos-x-congreso-escolar-regional-de-ciencia-y-tecnologia\/#primaryimage\"},\"thumbnailUrl\":\"https:\/\/dev.explora.cl\/aysen\/wp-content\/uploads\/sites\/18\/2018\/06\/f40b38a7f0ae7300ce224c3113f210b6.jpg\",\"articleSection\":[\"Noticias\"],\"inLanguage\":\"es-CL\",\"potentialAction\":[{\"@type\":\"CommentAction\",\"name\":\"Comment\",\"target\":[\"https:\/\/dev.explora.cl\/aysen\/descarga-documentos-x-congreso-escolar-regional-de-ciencia-y-tecnologia\/#respond\"]}]},{\"@type\":\"WebPage\",\"@id\":\"https:\/\/dev.explora.cl\/aysen\/descarga-documentos-x-congreso-escolar-regional-de-ciencia-y-tecnologia\/\",\"url\":\"https:\/\/dev.explora.cl\/aysen\/descarga-documentos-x-congreso-escolar-regional-de-ciencia-y-tecnologia\/\",\"name\":\"Descarga documentos X Congreso Escolar Regional de Ciencia y Tecnolog\u00eda - Aysen\",\"isPartOf\":{\"@id\":\"https:\/\/dev.explora.cl\/aysen\/#website\"},\"primaryImageOfPage\":{\"@id\":\"https:\/\/dev.explora.cl\/aysen\/descarga-documentos-x-congreso-escolar-regional-de-ciencia-y-tecnologia\/#primaryimage\"},\"image\":{\"@id\":\"https:\/\/dev.explora.cl\/aysen\/descarga-documentos-x-congreso-escolar-regional-de-ciencia-y-tecnologia\/#primaryimage\"},\"thumbnailUrl\":\"https:\/\/dev.explora.cl\/aysen\/wp-content\/uploads\/sites\/18\/2018\/06\/f40b38a7f0ae7300ce224c3113f210b6.jpg\",\"datePublished\":\"2015-09-14T04:00:00+00:00\",\"dateModified\":\"2019-05-20T21:21:09+00:00\",\"author\":{\"@id\":\"https:\/\/dev.explora.cl\/aysen\/#\/schema\/person\/cb8349c13ea2d324080adf8480d7ba5d\"},\"breadcrumb\":{\"@id\":\"https:\/\/dev.explora.cl\/aysen\/descarga-documentos-x-congreso-escolar-regional-de-ciencia-y-tecnologia\/#breadcrumb\"},\"inLanguage\":\"es-CL\",\"potentialAction\":[{\"@type\":\"ReadAction\",\"target\":[\"https:\/\/dev.explora.cl\/aysen\/descarga-documentos-x-congreso-escolar-regional-de-ciencia-y-tecnologia\/\"]}]},{\"@type\":\"ImageObject\",\"inLanguage\":\"es-CL\",\"@id\":\"https:\/\/dev.explora.cl\/aysen\/descarga-documentos-x-congreso-escolar-regional-de-ciencia-y-tecnologia\/#primaryimage\",\"url\":\"https:\/\/dev.explora.cl\/aysen\/wp-content\/uploads\/sites\/18\/2018\/06\/f40b38a7f0ae7300ce224c3113f210b6.jpg\",\"contentUrl\":\"https:\/\/dev.explora.cl\/aysen\/wp-content\/uploads\/sites\/18\/2018\/06\/f40b38a7f0ae7300ce224c3113f210b6.jpg\",\"width\":800,\"height\":533},{\"@type\":\"BreadcrumbList\",\"@id\":\"https:\/\/dev.explora.cl\/aysen\/descarga-documentos-x-congreso-escolar-regional-de-ciencia-y-tecnologia\/#breadcrumb\",\"itemListElement\":[{\"@type\":\"ListItem\",\"position\":1,\"name\":\"Portada\",\"item\":\"https:\/\/dev.explora.cl\/aysen\/\"},{\"@type\":\"ListItem\",\"position\":2,\"name\":\"Descarga documentos X Congreso Escolar Regional de Ciencia y Tecnolog\u00eda\"}]},{\"@type\":\"WebSite\",\"@id\":\"https:\/\/dev.explora.cl\/aysen\/#website\",\"url\":\"https:\/\/dev.explora.cl\/aysen\/\",\"name\":\"Aysen\",\"description\":\"Otro sitio m\u00e1s de dev.explora.cl\",\"potentialAction\":[{\"@type\":\"SearchAction\",\"target\":{\"@type\":\"EntryPoint\",\"urlTemplate\":\"https:\/\/dev.explora.cl\/aysen\/?s={search_term_string}\"},\"query-input\":{\"@type\":\"PropertyValueSpecification\",\"valueRequired\":true,\"valueName\":\"search_term_string\"}}],\"inLanguage\":\"es-CL\"},{\"@type\":\"Person\",\"@id\":\"https:\/\/dev.explora.cl\/aysen\/#\/schema\/person\/cb8349c13ea2d324080adf8480d7ba5d\",\"name\":\"webman\",\"image\":{\"@type\":\"ImageObject\",\"inLanguage\":\"es-CL\",\"@id\":\"https:\/\/dev.explora.cl\/aysen\/#\/schema\/person\/image\/\",\"url\":\"https:\/\/secure.gravatar.com\/avatar\/eeff3c82f2c02f7177d13663b7e6f890e9a6a0647ce9bb29cae02dcb094c7312?s=96&d=mm&r=g\",\"contentUrl\":\"https:\/\/secure.gravatar.com\/avatar\/eeff3c82f2c02f7177d13663b7e6f890e9a6a0647ce9bb29cae02dcb094c7312?s=96&d=mm&r=g\",\"caption\":\"webman\"},\"url\":\"https:\/\/dev.explora.cl\/aysen\/author\/webman\/\"}]}<\/script>\n<!-- \/ Yoast SEO plugin. -->","yoast_head_json":{"title":"Descarga documentos X Congreso Escolar Regional de Ciencia y Tecnolog\u00eda - Aysen","robots":{"index":"index","follow":"follow","max-snippet":"max-snippet:-1","max-image-preview":"max-image-preview:large","max-video-preview":"max-video-preview:-1"},"canonical":"https:\/\/dev.explora.cl\/aysen\/descarga-documentos-x-congreso-escolar-regional-de-ciencia-y-tecnologia\/","og_locale":"es_ES","og_type":"article","og_title":"Descarga documentos X Congreso Escolar Regional de Ciencia y Tecnolog\u00eda - Aysen","og_description":"El Programa Explora de la Comisi\u00f3n Nacional de Investigaci\u00f3n Cient\u00edfica y Tecnol\u00f3gica, CONICYT, invita a enviar trabajos al X Congreso Regional de Ays\u00e9n. Las categor\u00edas de participaci\u00f3n son de (a) Investigaci\u00f3n en Ciencias naturales, m\u00e9dicas y de la salud, agr\u00edcolas, humanas y de la comunicaci\u00f3n, (b) Desarrollo en las \u00e1reas de Ingenier\u00eda y Tecnolog\u00eda y [&hellip;]","og_url":"https:\/\/dev.explora.cl\/aysen\/descarga-documentos-x-congreso-escolar-regional-de-ciencia-y-tecnologia\/","og_site_name":"Aysen","article_published_time":"2015-09-14T04:00:00+00:00","article_modified_time":"2019-05-20T21:21:09+00:00","og_image":[{"width":800,"height":533,"url":"https:\/\/dev.explora.cl\/aysen\/wp-content\/uploads\/sites\/18\/2018\/06\/f40b38a7f0ae7300ce224c3113f210b6.jpg","type":"image\/jpeg"}],"author":"webman","twitter_card":"summary_large_image","twitter_misc":{"Escrito por":"webman","Tiempo estimado de lectura":"1 minuto"},"schema":{"@context":"https:\/\/schema.org","@graph":[{"@type":"Article","@id":"https:\/\/dev.explora.cl\/aysen\/descarga-documentos-x-congreso-escolar-regional-de-ciencia-y-tecnologia\/#article","isPartOf":{"@id":"https:\/\/dev.explora.cl\/aysen\/descarga-documentos-x-congreso-escolar-regional-de-ciencia-y-tecnologia\/"},"author":{"name":"webman","@id":"https:\/\/dev.explora.cl\/aysen\/#\/schema\/person\/cb8349c13ea2d324080adf8480d7ba5d"},"headline":"Descarga documentos X Congreso Escolar Regional de Ciencia y Tecnolog\u00eda","datePublished":"2015-09-14T04:00:00+00:00","dateModified":"2019-05-20T21:21:09+00:00","mainEntityOfPage":{"@id":"https:\/\/dev.explora.cl\/aysen\/descarga-documentos-x-congreso-escolar-regional-de-ciencia-y-tecnologia\/"},"wordCount":233,"commentCount":0,"image":{"@id":"https:\/\/dev.explora.cl\/aysen\/descarga-documentos-x-congreso-escolar-regional-de-ciencia-y-tecnologia\/#primaryimage"},"thumbnailUrl":"https:\/\/dev.explora.cl\/aysen\/wp-content\/uploads\/sites\/18\/2018\/06\/f40b38a7f0ae7300ce224c3113f210b6.jpg","articleSection":["Noticias"],"inLanguage":"es-CL","potentialAction":[{"@type":"CommentAction","name":"Comment","target":["https:\/\/dev.explora.cl\/aysen\/descarga-documentos-x-congreso-escolar-regional-de-ciencia-y-tecnologia\/#respond"]}]},{"@type":"WebPage","@id":"https:\/\/dev.explora.cl\/aysen\/descarga-documentos-x-congreso-escolar-regional-de-ciencia-y-tecnologia\/","url":"https:\/\/dev.explora.cl\/aysen\/descarga-documentos-x-congreso-escolar-regional-de-ciencia-y-tecnologia\/","name":"Descarga documentos X Congreso Escolar Regional de Ciencia y Tecnolog\u00eda - Aysen","isPartOf":{"@id":"https:\/\/dev.explora.cl\/aysen\/#website"},"primaryImageOfPage":{"@id":"https:\/\/dev.explora.cl\/aysen\/descarga-documentos-x-congreso-escolar-regional-de-ciencia-y-tecnologia\/#primaryimage"},"image":{"@id":"https:\/\/dev.explora.cl\/aysen\/descarga-documentos-x-congreso-escolar-regional-de-ciencia-y-tecnologia\/#primaryimage"},"thumbnailUrl":"https:\/\/dev.explora.cl\/aysen\/wp-content\/uploads\/sites\/18\/2018\/06\/f40b38a7f0ae7300ce224c3113f210b6.jpg","datePublished":"2015-09-14T04:00:00+00:00","dateModified":"2019-05-20T21:21:09+00:00","author":{"@id":"https:\/\/dev.explora.cl\/aysen\/#\/schema\/person\/cb8349c13ea2d324080adf8480d7ba5d"},"breadcrumb":{"@id":"https:\/\/dev.explora.cl\/aysen\/descarga-documentos-x-congreso-escolar-regional-de-ciencia-y-tecnologia\/#breadcrumb"},"inLanguage":"es-CL","potentialAction":[{"@type":"ReadAction","target":["https:\/\/dev.explora.cl\/aysen\/descarga-documentos-x-congreso-escolar-regional-de-ciencia-y-tecnologia\/"]}]},{"@type":"ImageObject","inLanguage":"es-CL","@id":"https:\/\/dev.explora.cl\/aysen\/descarga-documentos-x-congreso-escolar-regional-de-ciencia-y-tecnologia\/#primaryimage","url":"https:\/\/dev.explora.cl\/aysen\/wp-content\/uploads\/sites\/18\/2018\/06\/f40b38a7f0ae7300ce224c3113f210b6.jpg","contentUrl":"https:\/\/dev.explora.cl\/aysen\/wp-content\/uploads\/sites\/18\/2018\/06\/f40b38a7f0ae7300ce224c3113f210b6.jpg","width":800,"height":533},{"@type":"BreadcrumbList","@id":"https:\/\/dev.explora.cl\/aysen\/descarga-documentos-x-congreso-escolar-regional-de-ciencia-y-tecnologia\/#breadcrumb","itemListElement":[{"@type":"ListItem","position":1,"name":"Portada","item":"https:\/\/dev.explora.cl\/aysen\/"},{"@type":"ListItem","position":2,"name":"Descarga documentos X Congreso Escolar Regional de Ciencia y Tecnolog\u00eda"}]},{"@type":"WebSite","@id":"https:\/\/dev.explora.cl\/aysen\/#website","url":"https:\/\/dev.explora.cl\/aysen\/","name":"Aysen","description":"Otro sitio m\u00e1s de dev.explora.cl","potentialAction":[{"@type":"SearchAction","target":{"@type":"EntryPoint","urlTemplate":"https:\/\/dev.explora.cl\/aysen\/?s={search_term_string}"},"query-input":{"@type":"PropertyValueSpecification","valueRequired":true,"valueName":"search_term_string"}}],"inLanguage":"es-CL"},{"@type":"Person","@id":"https:\/\/dev.explora.cl\/aysen\/#\/schema\/person\/cb8349c13ea2d324080adf8480d7ba5d","name":"webman","image":{"@type":"ImageObject","inLanguage":"es-CL","@id":"https:\/\/dev.explora.cl\/aysen\/#\/schema\/person\/image\/","url":"https:\/\/secure.gravatar.com\/avatar\/eeff3c82f2c02f7177d13663b7e6f890e9a6a0647ce9bb29cae02dcb094c7312?s=96&d=mm&r=g","contentUrl":"https:\/\/secure.gravatar.com\/avatar\/eeff3c82f2c02f7177d13663b7e6f890e9a6a0647ce9bb29cae02dcb094c7312?s=96&d=mm&r=g","caption":"webman"},"url":"https:\/\/dev.explora.cl\/aysen\/author\/webman\/"}]}},"_links":{"self":[{"href":"https:\/\/dev.explora.cl\/aysen\/wp-json\/wp\/v2\/posts\/283","targetHints":{"allow":["GET"]}}],"collection":[{"href":"https:\/\/dev.explora.cl\/aysen\/wp-json\/wp\/v2\/posts"}],"about":[{"href":"https:\/\/dev.explora.cl\/aysen\/wp-json\/wp\/v2\/types\/post"}],"author":[{"embeddable":true,"href":"https:\/\/dev.explora.cl\/aysen\/wp-json\/wp\/v2\/users\/2"}],"replies":[{"embeddable":true,"href":"https:\/\/dev.explora.cl\/aysen\/wp-json\/wp\/v2\/comments?post=283"}],"version-history":[{"count":1,"href":"https:\/\/dev.explora.cl\/aysen\/wp-json\/wp\/v2\/posts\/283\/revisions"}],"predecessor-version":[{"id":37274,"href":"https:\/\/dev.explora.cl\/aysen\/wp-json\/wp\/v2\/posts\/283\/revisions\/37274"}],"wp:featuredmedia":[{"embeddable":true,"href":"https:\/\/dev.explora.cl\/aysen\/wp-json\/wp\/v2\/media\/284"}],"wp:attachment":[{"href":"https:\/\/dev.explora.cl\/aysen\/wp-json\/wp\/v2\/media?parent=283"}],"wp:term":[{"taxonomy":"category","embeddable":true,"href":"https:\/\/dev.explora.cl\/aysen\/wp-json\/wp\/v2\/categories?post=283"},{"taxonomy":"post_tag","embeddable":true,"href":"https:\/\/dev.explora.cl\/aysen\/wp-json\/wp\/v2\/tags?post=283"}],"curies":[{"name":"wp","href":"https:\/\/api.w.org\/{rel}","templated":true}]}}