{"id":278,"date":"2015-09-08T00:00:00","date_gmt":"2015-09-08T04:00:00","guid":{"rendered":"https:\/\/dev.explora.cl\/aysen\/blog\/2015\/09\/08\/profe-inscribe-a-tu-curso-en-1000-cientificos-1000-aulas-1\/"},"modified":"2019-05-20T21:21:11","modified_gmt":"2019-05-20T21:21:11","slug":"profe-inscribe-a-tu-curso-en-1000-cientificos-1000-aulas-1","status":"publish","type":"post","link":"https:\/\/dev.explora.cl\/aysen\/profe-inscribe-a-tu-curso-en-1000-cientificos-1000-aulas-1\/","title":{"rendered":"\u00a1Profe! Inscribe a tu curso en 1000 Cient\u00edficos 1000 Aulas"},"content":{"rendered":"<p><img loading=\"lazy\" decoding=\"async\" class=\" size-full wp-image-14561\" src=\"http:\/\/ec2-54-245-22-188.us-west-2.compute.amazonaws.com\/wp-content\/uploads\/2015\/09\/894176f65d6b398d7f280ce397c4c870.jpg\" alt=\"\" width=\"272\" height=\"179\" \/><\/p>\n<p><span style=\"font-size: 14pt;line-height: 115%\">Ya &nbsp;comenz\u00f3 la convocatoria para docentes a la iniciativa 1000 Cient\u00edficos 1000 Aulas en todo el pa\u00eds. <strong>Una segunda etapa<\/strong> que contempla la reserva de charlas previamente inscritas por cient\u00edficos.<\/span><\/p>\n<p style=\"margin-left: -21.3pt;text-align: justify\">En el marco de la celebraci\u00f3n de la XXI Semana Nacional de la Ciencia y la Tecnolog\u00eda, que este a\u00f1o se realizar\u00e1 entre el 5 y el 11 de octubre, el Programa Explora CONICYT impulsa la iniciativa 1000 Cient\u00edficos 1000 Aulas. Una invitaci\u00f3n a hombres y mujeres de ciencia, tecnolog\u00eda, academia, incluyendo estudiantes de postgrado, a dejar sus laboratorios o c\u00e1tedras para ir a la escuela a compartir sus experiencias profesionales con estudiantes de educaci\u00f3n preb\u00e1sica, b\u00e1sica y media.<\/p>\n<p style=\"margin-left: -21.3pt;text-align: justify\">La principal motivaci\u00f3n es tender un puente entre el mundo escolar y la comunidad cient\u00edfica para que ni\u00f1as, ni\u00f1os, j\u00f3venes y docentes puedan conocer de primera fuente el trabajo cient\u00edfico que se realiza en Chile, su relevancia para la sociedad y vislumbrar la ciencia como una actividad posible en su horizonte.<strong><\/strong><\/p>\n<p style=\"margin-left: -21.3pt;text-align: justify\">Esta visita de representantes de la comunidad cient\u00edfica a escuelas y liceos, es concebida desde Explora CONICYT como un espacio para <strong>compartir tanto<\/strong> <strong>sus experiencias personales<\/strong> y <strong>las razones que los llevaron a ser cient\u00edficos<\/strong>, como <strong>contenidos cient\u00edficos de la manera m\u00e1s clara y simple<\/strong> posible para generar una comunicaci\u00f3n fluida con la audiencia.<\/p>\n<p style=\"margin-left: -21.3pt;text-align: justify\"><strong>\u00bfQUI\u00c9NES?<\/strong> En esta oportunidad convocamos a profesoras y profesores de establecimientos educacionales &nbsp;a ingresar a <a href=\"http:\/\/1000cientificos.dev.explora.cl\/\">http:\/\/1000cientificos.dev.explora.cl\/<\/a>&nbsp;y reservar una charla seg\u00fan comuna, nivel y tem\u00e1tica.<\/p>\n<p style=\"margin-left: -21.3pt;text-align: justify\"><strong>\u00bfCU\u00c1NDO? <\/strong>1000 Cient\u00edficos 1000 Aulas se realiza en octubre, cuando se concretan las visitas. Las y los docentes pueden reservar sus charlas hasta el <strong>20 de octubre.<\/strong><\/p>\n<p style=\"margin-left: -21.3pt;text-align: justify\"><strong>\u00bfC\u00d3MO? <\/strong>\u00a1Toma la ciencia en tus manos!<strong> <\/strong>Inscribe tu charla en&nbsp; <a href=\"http:\/\/1000cientificos.dev.explora.cl\/\">http:\/\/1000cientificos.dev.explora.cl\/<\/a> .<strong><\/strong><\/p>\n<p>&nbsp;<\/p>\n","protected":false},"excerpt":{"rendered":"<p>Ya &nbsp;comenz\u00f3 la convocatoria para docentes a la iniciativa 1000 Cient\u00edficos 1000 Aulas en todo el pa\u00eds. Una segunda etapa que contempla la reserva de charlas previamente inscritas por cient\u00edficos. En el marco de la celebraci\u00f3n de la XXI Semana Nacional de la Ciencia y la Tecnolog\u00eda, que este a\u00f1o se realizar\u00e1 entre el 5 [&hellip;]<\/p>\n","protected":false},"author":2,"featured_media":279,"comment_status":"open","ping_status":"open","sticky":false,"template":"","format":"standard","meta":{"_acf_changed":false,"_exactmetrics_skip_tracking":false,"_exactmetrics_sitenote_active":false,"_exactmetrics_sitenote_note":"","_exactmetrics_sitenote_category":0,"footnotes":"","_links_to":"","_links_to_target":""},"categories":[4],"tags":[],"class_list":["post-278","post","type-post","status-publish","format-standard","has-post-thumbnail","hentry","category-noticias"],"acf":[],"yoast_head":"<!-- This site is optimized with the Yoast SEO plugin v26.7 - https:\/\/yoast.com\/wordpress\/plugins\/seo\/ -->\n<title>\u00a1Profe! Inscribe a tu curso en 1000 Cient\u00edficos 1000 Aulas - Aysen<\/title>\n<meta name=\"robots\" content=\"index, follow, max-snippet:-1, max-image-preview:large, max-video-preview:-1\" \/>\n<link rel=\"canonical\" href=\"https:\/\/dev.explora.cl\/aysen\/profe-inscribe-a-tu-curso-en-1000-cientificos-1000-aulas-1\/\" class=\"yoast-seo-meta-tag\" \/>\n<meta property=\"og:locale\" content=\"es_ES\" class=\"yoast-seo-meta-tag\" \/>\n<meta property=\"og:type\" content=\"article\" class=\"yoast-seo-meta-tag\" \/>\n<meta property=\"og:title\" content=\"\u00a1Profe! Inscribe a tu curso en 1000 Cient\u00edficos 1000 Aulas - Aysen\" class=\"yoast-seo-meta-tag\" \/>\n<meta property=\"og:description\" content=\"Ya &nbsp;comenz\u00f3 la convocatoria para docentes a la iniciativa 1000 Cient\u00edficos 1000 Aulas en todo el pa\u00eds. Una segunda etapa que contempla la reserva de charlas previamente inscritas por cient\u00edficos. En el marco de la celebraci\u00f3n de la XXI Semana Nacional de la Ciencia y la Tecnolog\u00eda, que este a\u00f1o se realizar\u00e1 entre el 5 [&hellip;]\" class=\"yoast-seo-meta-tag\" \/>\n<meta property=\"og:url\" content=\"https:\/\/dev.explora.cl\/aysen\/profe-inscribe-a-tu-curso-en-1000-cientificos-1000-aulas-1\/\" class=\"yoast-seo-meta-tag\" \/>\n<meta property=\"og:site_name\" content=\"Aysen\" class=\"yoast-seo-meta-tag\" \/>\n<meta property=\"article:published_time\" content=\"2015-09-08T04:00:00+00:00\" class=\"yoast-seo-meta-tag\" \/>\n<meta property=\"article:modified_time\" content=\"2019-05-20T21:21:11+00:00\" class=\"yoast-seo-meta-tag\" \/>\n<meta property=\"og:image\" content=\"https:\/\/dev.explora.cl\/aysen\/wp-content\/uploads\/sites\/18\/2018\/06\/894176f65d6b398d7f280ce397c4c870.jpg\" class=\"yoast-seo-meta-tag\" \/>\n\t<meta property=\"og:image:width\" content=\"272\" class=\"yoast-seo-meta-tag\" \/>\n\t<meta property=\"og:image:height\" content=\"179\" class=\"yoast-seo-meta-tag\" \/>\n\t<meta property=\"og:image:type\" content=\"image\/jpeg\" class=\"yoast-seo-meta-tag\" \/>\n<meta name=\"author\" content=\"webman\" class=\"yoast-seo-meta-tag\" \/>\n<meta name=\"twitter:card\" content=\"summary_large_image\" class=\"yoast-seo-meta-tag\" \/>\n<meta name=\"twitter:label1\" content=\"Escrito por\" class=\"yoast-seo-meta-tag\" \/>\n\t<meta name=\"twitter:data1\" content=\"webman\" class=\"yoast-seo-meta-tag\" \/>\n\t<meta name=\"twitter:label2\" content=\"Tiempo estimado de lectura\" class=\"yoast-seo-meta-tag\" \/>\n\t<meta name=\"twitter:data2\" content=\"2 minutos\" class=\"yoast-seo-meta-tag\" \/>\n<script type=\"application\/ld+json\" class=\"yoast-schema-graph\">{\"@context\":\"https:\/\/schema.org\",\"@graph\":[{\"@type\":\"Article\",\"@id\":\"https:\/\/dev.explora.cl\/aysen\/profe-inscribe-a-tu-curso-en-1000-cientificos-1000-aulas-1\/#article\",\"isPartOf\":{\"@id\":\"https:\/\/dev.explora.cl\/aysen\/profe-inscribe-a-tu-curso-en-1000-cientificos-1000-aulas-1\/\"},\"author\":{\"name\":\"webman\",\"@id\":\"https:\/\/dev.explora.cl\/aysen\/#\/schema\/person\/cb8349c13ea2d324080adf8480d7ba5d\"},\"headline\":\"\u00a1Profe! Inscribe a tu curso en 1000 Cient\u00edficos 1000 Aulas\",\"datePublished\":\"2015-09-08T04:00:00+00:00\",\"dateModified\":\"2019-05-20T21:21:11+00:00\",\"mainEntityOfPage\":{\"@id\":\"https:\/\/dev.explora.cl\/aysen\/profe-inscribe-a-tu-curso-en-1000-cientificos-1000-aulas-1\/\"},\"wordCount\":321,\"commentCount\":0,\"image\":{\"@id\":\"https:\/\/dev.explora.cl\/aysen\/profe-inscribe-a-tu-curso-en-1000-cientificos-1000-aulas-1\/#primaryimage\"},\"thumbnailUrl\":\"https:\/\/dev.explora.cl\/aysen\/wp-content\/uploads\/sites\/18\/2018\/06\/894176f65d6b398d7f280ce397c4c870.jpg\",\"articleSection\":[\"Noticias\"],\"inLanguage\":\"es-CL\",\"potentialAction\":[{\"@type\":\"CommentAction\",\"name\":\"Comment\",\"target\":[\"https:\/\/dev.explora.cl\/aysen\/profe-inscribe-a-tu-curso-en-1000-cientificos-1000-aulas-1\/#respond\"]}]},{\"@type\":\"WebPage\",\"@id\":\"https:\/\/dev.explora.cl\/aysen\/profe-inscribe-a-tu-curso-en-1000-cientificos-1000-aulas-1\/\",\"url\":\"https:\/\/dev.explora.cl\/aysen\/profe-inscribe-a-tu-curso-en-1000-cientificos-1000-aulas-1\/\",\"name\":\"\u00a1Profe! Inscribe a tu curso en 1000 Cient\u00edficos 1000 Aulas - Aysen\",\"isPartOf\":{\"@id\":\"https:\/\/dev.explora.cl\/aysen\/#website\"},\"primaryImageOfPage\":{\"@id\":\"https:\/\/dev.explora.cl\/aysen\/profe-inscribe-a-tu-curso-en-1000-cientificos-1000-aulas-1\/#primaryimage\"},\"image\":{\"@id\":\"https:\/\/dev.explora.cl\/aysen\/profe-inscribe-a-tu-curso-en-1000-cientificos-1000-aulas-1\/#primaryimage\"},\"thumbnailUrl\":\"https:\/\/dev.explora.cl\/aysen\/wp-content\/uploads\/sites\/18\/2018\/06\/894176f65d6b398d7f280ce397c4c870.jpg\",\"datePublished\":\"2015-09-08T04:00:00+00:00\",\"dateModified\":\"2019-05-20T21:21:11+00:00\",\"author\":{\"@id\":\"https:\/\/dev.explora.cl\/aysen\/#\/schema\/person\/cb8349c13ea2d324080adf8480d7ba5d\"},\"breadcrumb\":{\"@id\":\"https:\/\/dev.explora.cl\/aysen\/profe-inscribe-a-tu-curso-en-1000-cientificos-1000-aulas-1\/#breadcrumb\"},\"inLanguage\":\"es-CL\",\"potentialAction\":[{\"@type\":\"ReadAction\",\"target\":[\"https:\/\/dev.explora.cl\/aysen\/profe-inscribe-a-tu-curso-en-1000-cientificos-1000-aulas-1\/\"]}]},{\"@type\":\"ImageObject\",\"inLanguage\":\"es-CL\",\"@id\":\"https:\/\/dev.explora.cl\/aysen\/profe-inscribe-a-tu-curso-en-1000-cientificos-1000-aulas-1\/#primaryimage\",\"url\":\"https:\/\/dev.explora.cl\/aysen\/wp-content\/uploads\/sites\/18\/2018\/06\/894176f65d6b398d7f280ce397c4c870.jpg\",\"contentUrl\":\"https:\/\/dev.explora.cl\/aysen\/wp-content\/uploads\/sites\/18\/2018\/06\/894176f65d6b398d7f280ce397c4c870.jpg\",\"width\":272,\"height\":179},{\"@type\":\"BreadcrumbList\",\"@id\":\"https:\/\/dev.explora.cl\/aysen\/profe-inscribe-a-tu-curso-en-1000-cientificos-1000-aulas-1\/#breadcrumb\",\"itemListElement\":[{\"@type\":\"ListItem\",\"position\":1,\"name\":\"Portada\",\"item\":\"https:\/\/dev.explora.cl\/aysen\/\"},{\"@type\":\"ListItem\",\"position\":2,\"name\":\"\u00a1Profe! Inscribe a tu curso en 1000 Cient\u00edficos 1000 Aulas\"}]},{\"@type\":\"WebSite\",\"@id\":\"https:\/\/dev.explora.cl\/aysen\/#website\",\"url\":\"https:\/\/dev.explora.cl\/aysen\/\",\"name\":\"Aysen\",\"description\":\"Otro sitio m\u00e1s de dev.explora.cl\",\"potentialAction\":[{\"@type\":\"SearchAction\",\"target\":{\"@type\":\"EntryPoint\",\"urlTemplate\":\"https:\/\/dev.explora.cl\/aysen\/?s={search_term_string}\"},\"query-input\":{\"@type\":\"PropertyValueSpecification\",\"valueRequired\":true,\"valueName\":\"search_term_string\"}}],\"inLanguage\":\"es-CL\"},{\"@type\":\"Person\",\"@id\":\"https:\/\/dev.explora.cl\/aysen\/#\/schema\/person\/cb8349c13ea2d324080adf8480d7ba5d\",\"name\":\"webman\",\"image\":{\"@type\":\"ImageObject\",\"inLanguage\":\"es-CL\",\"@id\":\"https:\/\/dev.explora.cl\/aysen\/#\/schema\/person\/image\/\",\"url\":\"https:\/\/secure.gravatar.com\/avatar\/eeff3c82f2c02f7177d13663b7e6f890e9a6a0647ce9bb29cae02dcb094c7312?s=96&d=mm&r=g\",\"contentUrl\":\"https:\/\/secure.gravatar.com\/avatar\/eeff3c82f2c02f7177d13663b7e6f890e9a6a0647ce9bb29cae02dcb094c7312?s=96&d=mm&r=g\",\"caption\":\"webman\"},\"url\":\"https:\/\/dev.explora.cl\/aysen\/author\/webman\/\"}]}<\/script>\n<!-- \/ Yoast SEO plugin. -->","yoast_head_json":{"title":"\u00a1Profe! Inscribe a tu curso en 1000 Cient\u00edficos 1000 Aulas - Aysen","robots":{"index":"index","follow":"follow","max-snippet":"max-snippet:-1","max-image-preview":"max-image-preview:large","max-video-preview":"max-video-preview:-1"},"canonical":"https:\/\/dev.explora.cl\/aysen\/profe-inscribe-a-tu-curso-en-1000-cientificos-1000-aulas-1\/","og_locale":"es_ES","og_type":"article","og_title":"\u00a1Profe! Inscribe a tu curso en 1000 Cient\u00edficos 1000 Aulas - Aysen","og_description":"Ya &nbsp;comenz\u00f3 la convocatoria para docentes a la iniciativa 1000 Cient\u00edficos 1000 Aulas en todo el pa\u00eds. Una segunda etapa que contempla la reserva de charlas previamente inscritas por cient\u00edficos. En el marco de la celebraci\u00f3n de la XXI Semana Nacional de la Ciencia y la Tecnolog\u00eda, que este a\u00f1o se realizar\u00e1 entre el 5 [&hellip;]","og_url":"https:\/\/dev.explora.cl\/aysen\/profe-inscribe-a-tu-curso-en-1000-cientificos-1000-aulas-1\/","og_site_name":"Aysen","article_published_time":"2015-09-08T04:00:00+00:00","article_modified_time":"2019-05-20T21:21:11+00:00","og_image":[{"width":272,"height":179,"url":"https:\/\/dev.explora.cl\/aysen\/wp-content\/uploads\/sites\/18\/2018\/06\/894176f65d6b398d7f280ce397c4c870.jpg","type":"image\/jpeg"}],"author":"webman","twitter_card":"summary_large_image","twitter_misc":{"Escrito por":"webman","Tiempo estimado de lectura":"2 minutos"},"schema":{"@context":"https:\/\/schema.org","@graph":[{"@type":"Article","@id":"https:\/\/dev.explora.cl\/aysen\/profe-inscribe-a-tu-curso-en-1000-cientificos-1000-aulas-1\/#article","isPartOf":{"@id":"https:\/\/dev.explora.cl\/aysen\/profe-inscribe-a-tu-curso-en-1000-cientificos-1000-aulas-1\/"},"author":{"name":"webman","@id":"https:\/\/dev.explora.cl\/aysen\/#\/schema\/person\/cb8349c13ea2d324080adf8480d7ba5d"},"headline":"\u00a1Profe! Inscribe a tu curso en 1000 Cient\u00edficos 1000 Aulas","datePublished":"2015-09-08T04:00:00+00:00","dateModified":"2019-05-20T21:21:11+00:00","mainEntityOfPage":{"@id":"https:\/\/dev.explora.cl\/aysen\/profe-inscribe-a-tu-curso-en-1000-cientificos-1000-aulas-1\/"},"wordCount":321,"commentCount":0,"image":{"@id":"https:\/\/dev.explora.cl\/aysen\/profe-inscribe-a-tu-curso-en-1000-cientificos-1000-aulas-1\/#primaryimage"},"thumbnailUrl":"https:\/\/dev.explora.cl\/aysen\/wp-content\/uploads\/sites\/18\/2018\/06\/894176f65d6b398d7f280ce397c4c870.jpg","articleSection":["Noticias"],"inLanguage":"es-CL","potentialAction":[{"@type":"CommentAction","name":"Comment","target":["https:\/\/dev.explora.cl\/aysen\/profe-inscribe-a-tu-curso-en-1000-cientificos-1000-aulas-1\/#respond"]}]},{"@type":"WebPage","@id":"https:\/\/dev.explora.cl\/aysen\/profe-inscribe-a-tu-curso-en-1000-cientificos-1000-aulas-1\/","url":"https:\/\/dev.explora.cl\/aysen\/profe-inscribe-a-tu-curso-en-1000-cientificos-1000-aulas-1\/","name":"\u00a1Profe! Inscribe a tu curso en 1000 Cient\u00edficos 1000 Aulas - Aysen","isPartOf":{"@id":"https:\/\/dev.explora.cl\/aysen\/#website"},"primaryImageOfPage":{"@id":"https:\/\/dev.explora.cl\/aysen\/profe-inscribe-a-tu-curso-en-1000-cientificos-1000-aulas-1\/#primaryimage"},"image":{"@id":"https:\/\/dev.explora.cl\/aysen\/profe-inscribe-a-tu-curso-en-1000-cientificos-1000-aulas-1\/#primaryimage"},"thumbnailUrl":"https:\/\/dev.explora.cl\/aysen\/wp-content\/uploads\/sites\/18\/2018\/06\/894176f65d6b398d7f280ce397c4c870.jpg","datePublished":"2015-09-08T04:00:00+00:00","dateModified":"2019-05-20T21:21:11+00:00","author":{"@id":"https:\/\/dev.explora.cl\/aysen\/#\/schema\/person\/cb8349c13ea2d324080adf8480d7ba5d"},"breadcrumb":{"@id":"https:\/\/dev.explora.cl\/aysen\/profe-inscribe-a-tu-curso-en-1000-cientificos-1000-aulas-1\/#breadcrumb"},"inLanguage":"es-CL","potentialAction":[{"@type":"ReadAction","target":["https:\/\/dev.explora.cl\/aysen\/profe-inscribe-a-tu-curso-en-1000-cientificos-1000-aulas-1\/"]}]},{"@type":"ImageObject","inLanguage":"es-CL","@id":"https:\/\/dev.explora.cl\/aysen\/profe-inscribe-a-tu-curso-en-1000-cientificos-1000-aulas-1\/#primaryimage","url":"https:\/\/dev.explora.cl\/aysen\/wp-content\/uploads\/sites\/18\/2018\/06\/894176f65d6b398d7f280ce397c4c870.jpg","contentUrl":"https:\/\/dev.explora.cl\/aysen\/wp-content\/uploads\/sites\/18\/2018\/06\/894176f65d6b398d7f280ce397c4c870.jpg","width":272,"height":179},{"@type":"BreadcrumbList","@id":"https:\/\/dev.explora.cl\/aysen\/profe-inscribe-a-tu-curso-en-1000-cientificos-1000-aulas-1\/#breadcrumb","itemListElement":[{"@type":"ListItem","position":1,"name":"Portada","item":"https:\/\/dev.explora.cl\/aysen\/"},{"@type":"ListItem","position":2,"name":"\u00a1Profe! Inscribe a tu curso en 1000 Cient\u00edficos 1000 Aulas"}]},{"@type":"WebSite","@id":"https:\/\/dev.explora.cl\/aysen\/#website","url":"https:\/\/dev.explora.cl\/aysen\/","name":"Aysen","description":"Otro sitio m\u00e1s de dev.explora.cl","potentialAction":[{"@type":"SearchAction","target":{"@type":"EntryPoint","urlTemplate":"https:\/\/dev.explora.cl\/aysen\/?s={search_term_string}"},"query-input":{"@type":"PropertyValueSpecification","valueRequired":true,"valueName":"search_term_string"}}],"inLanguage":"es-CL"},{"@type":"Person","@id":"https:\/\/dev.explora.cl\/aysen\/#\/schema\/person\/cb8349c13ea2d324080adf8480d7ba5d","name":"webman","image":{"@type":"ImageObject","inLanguage":"es-CL","@id":"https:\/\/dev.explora.cl\/aysen\/#\/schema\/person\/image\/","url":"https:\/\/secure.gravatar.com\/avatar\/eeff3c82f2c02f7177d13663b7e6f890e9a6a0647ce9bb29cae02dcb094c7312?s=96&d=mm&r=g","contentUrl":"https:\/\/secure.gravatar.com\/avatar\/eeff3c82f2c02f7177d13663b7e6f890e9a6a0647ce9bb29cae02dcb094c7312?s=96&d=mm&r=g","caption":"webman"},"url":"https:\/\/dev.explora.cl\/aysen\/author\/webman\/"}]}},"_links":{"self":[{"href":"https:\/\/dev.explora.cl\/aysen\/wp-json\/wp\/v2\/posts\/278","targetHints":{"allow":["GET"]}}],"collection":[{"href":"https:\/\/dev.explora.cl\/aysen\/wp-json\/wp\/v2\/posts"}],"about":[{"href":"https:\/\/dev.explora.cl\/aysen\/wp-json\/wp\/v2\/types\/post"}],"author":[{"embeddable":true,"href":"https:\/\/dev.explora.cl\/aysen\/wp-json\/wp\/v2\/users\/2"}],"replies":[{"embeddable":true,"href":"https:\/\/dev.explora.cl\/aysen\/wp-json\/wp\/v2\/comments?post=278"}],"version-history":[{"count":1,"href":"https:\/\/dev.explora.cl\/aysen\/wp-json\/wp\/v2\/posts\/278\/revisions"}],"predecessor-version":[{"id":37277,"href":"https:\/\/dev.explora.cl\/aysen\/wp-json\/wp\/v2\/posts\/278\/revisions\/37277"}],"wp:featuredmedia":[{"embeddable":true,"href":"https:\/\/dev.explora.cl\/aysen\/wp-json\/wp\/v2\/media\/279"}],"wp:attachment":[{"href":"https:\/\/dev.explora.cl\/aysen\/wp-json\/wp\/v2\/media?parent=278"}],"wp:term":[{"taxonomy":"category","embeddable":true,"href":"https:\/\/dev.explora.cl\/aysen\/wp-json\/wp\/v2\/categories?post=278"},{"taxonomy":"post_tag","embeddable":true,"href":"https:\/\/dev.explora.cl\/aysen\/wp-json\/wp\/v2\/tags?post=278"}],"curies":[{"name":"wp","href":"https:\/\/api.w.org\/{rel}","templated":true}]}}