{"id":276,"date":"2015-09-04T00:00:00","date_gmt":"2015-09-04T04:00:00","guid":{"rendered":"https:\/\/dev.explora.cl\/aysen\/blog\/2015\/09\/04\/se-viene-la-xxi-semana-de-la-ciencia-y-la-tecnologia-en-la-region-de-aysen\/"},"modified":"2019-05-20T21:21:11","modified_gmt":"2019-05-20T21:21:11","slug":"se-viene-la-xxi-semana-de-la-ciencia-y-la-tecnologia-en-la-region-de-aysen","status":"publish","type":"post","link":"https:\/\/dev.explora.cl\/aysen\/se-viene-la-xxi-semana-de-la-ciencia-y-la-tecnologia-en-la-region-de-aysen\/","title":{"rendered":"Descarga Ficha de inscripci\u00f3n y Programa XXI Semana de la Ciencia y la Tecnolog\u00eda en Ays\u00e9n"},"content":{"rendered":"<p><img loading=\"lazy\" decoding=\"async\" class=\" size-full wp-image-14516\" src=\"http:\/\/ec2-54-245-22-188.us-west-2.compute.amazonaws.com\/wp-content\/uploads\/2015\/09\/c5d0496c4611ca2c6279b0569063d3c2.jpg\" alt=\"\" width=\"309\" height=\"207\" \/><\/p>\n<p>La actividad inaugural se realizar\u00e1 el lunes 6 de octubre a las 10 horas en el segundo piso del Restaurante Lo Borquez donde se llevar\u00e1 a cabo un Caf\u00e9 Con Ciencia.<\/p>\n<p>Entre el 5 y el 11 de octubre se celebra, en todo Chile, la XXI Semana Nacional de la Ciencia y la Tecnolog\u00eda, organizada por el Programa Explora Conicyt en conjunto con una diversidad de instituciones p\u00fablicas y privadas que a\u00f1o a a\u00f1o se suman a esta celebraci\u00f3n.<\/p>\n<p>El PAR Explora de la Regi\u00f3n de Ays\u00e9n, ejecutado por el Campus Patagonia de la Universidad Austral de Chile junto con el Centro de Investigaci\u00f3n en Ecosistemas de la Patagonia (CIEP), realizar\u00e1n iniciativas cient\u00edficas y tecnol\u00f3gicas, relacionadas con el tema del a\u00f1o Conocer Ilumina, vincul\u00e1ndose con distintos establecimientos educacionales, instituciones y comunidad regional.<\/p>\n<p>La actividad inaugural se realizar\u00e1 el lunes 5 de octubre a las 10 horas en el segundo piso del Restaurante Lo Borquez donde se llevar\u00e1 a cabo el Caf\u00e9 con Ciencia que consiste en la charla de un investigador desatacado y la presentaci\u00f3n del programa de actividades de la semana en un formato de caf\u00e9 cient\u00edfico. Dentro de esta semana se desarrollar\u00e1 la iniciativa 1.000 cient\u00edficos 1.000 aulas donde la comunidad cient\u00edfica se encuentra con ni\u00f1os, ni\u00f1as y j\u00f3venes en sus propios centros educativos.<\/p>\n<p>Cabe destacar los concursos \u201cConocer Ilumina\u201d y &#8220;Mirar no es observar&#8221; cuyas bases se podr\u00e1n descargar del sitio dev.explora.cl\/aysen. Se realizar\u00e1n visitas guiadas de los establecimientos educacionales interesados a las Reservas y Parques Naturales de la Regi\u00f3n, coordinadas con Conaf, que permiten reconocer y valorar en terreno la biodiversidad presente en esta parte del pa\u00eds. Esta iniciativa se denomina \u201cLa ciencia sale a los parques y las industrias<\/p>\n<p>En el marco de esta XXI semana el jueves 8 de octubre se realizar\u00e1 la feria comunal de Ciencia y Tecnolog\u00eda de Puerto Ays\u00e9n y Chile Chico con estudiantes, que participan con sus proyectos m\u00e1s destacados en las ferias cient\u00edficas. Sus compa\u00f1eros los visitan en la feria para conocer la labor que se desarrollan en la regi\u00f3n en torno a la Ciencia y la Tecnolog\u00eda.<\/p>\n<p>Otra de las actividades de esta semana se denomina \u201cD\u00eda de la Ciencia en mi Colegio y Mi jard\u00edn\u201d donde los establecimientos educacionales y jardines de la regi\u00f3n organizan actividades internas relacionadas con la ciencia y la tecnolog\u00eda. Ferias, muestras de experimentos, ciclo de documentales, rincones cient\u00edficos en recreos, exposici\u00f3n de paneles, entre otras que el propio establecimiento define.<\/p>\n<p>Tambi\u00e9n son parte de esta iniciativa los \u201cLaboratorios abiertos\u201d donde se realizan visitas de delegaciones de estudiantes a los laboratorios del Centro de Investigacion en Ecosistemas de la Patagonia (CIEP), Universidad Austral de Chile (UACh). En ellos podr\u00e1n evidenciar la labor que ambos centros realizan y el trabajo de los investigadores y cient\u00edficos de estas instituciones.<\/p>\n<p>&nbsp;<\/p>\n","protected":false},"excerpt":{"rendered":"<p>La actividad inaugural se realizar\u00e1 el lunes 6 de octubre a las 10 horas en el segundo piso del Restaurante Lo Borquez donde se llevar\u00e1 a cabo un Caf\u00e9 Con Ciencia. Entre el 5 y el 11 de octubre se celebra, en todo Chile, la XXI Semana Nacional de la Ciencia y la Tecnolog\u00eda, organizada [&hellip;]<\/p>\n","protected":false},"author":2,"featured_media":277,"comment_status":"open","ping_status":"open","sticky":false,"template":"","format":"standard","meta":{"_acf_changed":false,"_exactmetrics_skip_tracking":false,"_exactmetrics_sitenote_active":false,"_exactmetrics_sitenote_note":"","_exactmetrics_sitenote_category":0,"footnotes":"","_links_to":"","_links_to_target":""},"categories":[4],"tags":[],"class_list":["post-276","post","type-post","status-publish","format-standard","has-post-thumbnail","hentry","category-noticias"],"acf":[],"yoast_head":"<!-- This site is optimized with the Yoast SEO plugin v26.7 - https:\/\/yoast.com\/wordpress\/plugins\/seo\/ -->\n<title>Descarga Ficha de inscripci\u00f3n y Programa XXI Semana de la Ciencia y la Tecnolog\u00eda en Ays\u00e9n - Aysen<\/title>\n<meta name=\"robots\" content=\"index, follow, max-snippet:-1, max-image-preview:large, max-video-preview:-1\" \/>\n<link rel=\"canonical\" href=\"https:\/\/dev.explora.cl\/aysen\/se-viene-la-xxi-semana-de-la-ciencia-y-la-tecnologia-en-la-region-de-aysen\/\" class=\"yoast-seo-meta-tag\" \/>\n<meta property=\"og:locale\" content=\"es_ES\" class=\"yoast-seo-meta-tag\" \/>\n<meta property=\"og:type\" content=\"article\" class=\"yoast-seo-meta-tag\" \/>\n<meta property=\"og:title\" content=\"Descarga Ficha de inscripci\u00f3n y Programa XXI Semana de la Ciencia y la Tecnolog\u00eda en Ays\u00e9n - Aysen\" class=\"yoast-seo-meta-tag\" \/>\n<meta property=\"og:description\" content=\"La actividad inaugural se realizar\u00e1 el lunes 6 de octubre a las 10 horas en el segundo piso del Restaurante Lo Borquez donde se llevar\u00e1 a cabo un Caf\u00e9 Con Ciencia. Entre el 5 y el 11 de octubre se celebra, en todo Chile, la XXI Semana Nacional de la Ciencia y la Tecnolog\u00eda, organizada [&hellip;]\" class=\"yoast-seo-meta-tag\" \/>\n<meta property=\"og:url\" content=\"https:\/\/dev.explora.cl\/aysen\/se-viene-la-xxi-semana-de-la-ciencia-y-la-tecnologia-en-la-region-de-aysen\/\" class=\"yoast-seo-meta-tag\" \/>\n<meta property=\"og:site_name\" content=\"Aysen\" class=\"yoast-seo-meta-tag\" \/>\n<meta property=\"article:published_time\" content=\"2015-09-04T04:00:00+00:00\" class=\"yoast-seo-meta-tag\" \/>\n<meta property=\"article:modified_time\" content=\"2019-05-20T21:21:11+00:00\" class=\"yoast-seo-meta-tag\" \/>\n<meta property=\"og:image\" content=\"https:\/\/dev.explora.cl\/aysen\/wp-content\/uploads\/sites\/18\/2018\/06\/c5d0496c4611ca2c6279b0569063d3c2.jpg\" class=\"yoast-seo-meta-tag\" \/>\n\t<meta property=\"og:image:width\" content=\"309\" class=\"yoast-seo-meta-tag\" \/>\n\t<meta property=\"og:image:height\" content=\"207\" class=\"yoast-seo-meta-tag\" \/>\n\t<meta property=\"og:image:type\" content=\"image\/jpeg\" class=\"yoast-seo-meta-tag\" \/>\n<meta name=\"author\" content=\"webman\" class=\"yoast-seo-meta-tag\" \/>\n<meta name=\"twitter:card\" content=\"summary_large_image\" class=\"yoast-seo-meta-tag\" \/>\n<meta name=\"twitter:label1\" content=\"Escrito por\" class=\"yoast-seo-meta-tag\" \/>\n\t<meta name=\"twitter:data1\" content=\"webman\" class=\"yoast-seo-meta-tag\" \/>\n\t<meta name=\"twitter:label2\" content=\"Tiempo estimado de lectura\" class=\"yoast-seo-meta-tag\" \/>\n\t<meta name=\"twitter:data2\" content=\"2 minutos\" class=\"yoast-seo-meta-tag\" \/>\n<script type=\"application\/ld+json\" class=\"yoast-schema-graph\">{\"@context\":\"https:\/\/schema.org\",\"@graph\":[{\"@type\":\"Article\",\"@id\":\"https:\/\/dev.explora.cl\/aysen\/se-viene-la-xxi-semana-de-la-ciencia-y-la-tecnologia-en-la-region-de-aysen\/#article\",\"isPartOf\":{\"@id\":\"https:\/\/dev.explora.cl\/aysen\/se-viene-la-xxi-semana-de-la-ciencia-y-la-tecnologia-en-la-region-de-aysen\/\"},\"author\":{\"name\":\"webman\",\"@id\":\"https:\/\/dev.explora.cl\/aysen\/#\/schema\/person\/cb8349c13ea2d324080adf8480d7ba5d\"},\"headline\":\"Descarga Ficha de inscripci\u00f3n y Programa XXI Semana de la Ciencia y la Tecnolog\u00eda en Ays\u00e9n\",\"datePublished\":\"2015-09-04T04:00:00+00:00\",\"dateModified\":\"2019-05-20T21:21:11+00:00\",\"mainEntityOfPage\":{\"@id\":\"https:\/\/dev.explora.cl\/aysen\/se-viene-la-xxi-semana-de-la-ciencia-y-la-tecnologia-en-la-region-de-aysen\/\"},\"wordCount\":518,\"commentCount\":0,\"image\":{\"@id\":\"https:\/\/dev.explora.cl\/aysen\/se-viene-la-xxi-semana-de-la-ciencia-y-la-tecnologia-en-la-region-de-aysen\/#primaryimage\"},\"thumbnailUrl\":\"https:\/\/dev.explora.cl\/aysen\/wp-content\/uploads\/sites\/18\/2018\/06\/c5d0496c4611ca2c6279b0569063d3c2.jpg\",\"articleSection\":[\"Noticias\"],\"inLanguage\":\"es-CL\",\"potentialAction\":[{\"@type\":\"CommentAction\",\"name\":\"Comment\",\"target\":[\"https:\/\/dev.explora.cl\/aysen\/se-viene-la-xxi-semana-de-la-ciencia-y-la-tecnologia-en-la-region-de-aysen\/#respond\"]}]},{\"@type\":\"WebPage\",\"@id\":\"https:\/\/dev.explora.cl\/aysen\/se-viene-la-xxi-semana-de-la-ciencia-y-la-tecnologia-en-la-region-de-aysen\/\",\"url\":\"https:\/\/dev.explora.cl\/aysen\/se-viene-la-xxi-semana-de-la-ciencia-y-la-tecnologia-en-la-region-de-aysen\/\",\"name\":\"Descarga Ficha de inscripci\u00f3n y Programa XXI Semana de la Ciencia y la Tecnolog\u00eda en Ays\u00e9n - Aysen\",\"isPartOf\":{\"@id\":\"https:\/\/dev.explora.cl\/aysen\/#website\"},\"primaryImageOfPage\":{\"@id\":\"https:\/\/dev.explora.cl\/aysen\/se-viene-la-xxi-semana-de-la-ciencia-y-la-tecnologia-en-la-region-de-aysen\/#primaryimage\"},\"image\":{\"@id\":\"https:\/\/dev.explora.cl\/aysen\/se-viene-la-xxi-semana-de-la-ciencia-y-la-tecnologia-en-la-region-de-aysen\/#primaryimage\"},\"thumbnailUrl\":\"https:\/\/dev.explora.cl\/aysen\/wp-content\/uploads\/sites\/18\/2018\/06\/c5d0496c4611ca2c6279b0569063d3c2.jpg\",\"datePublished\":\"2015-09-04T04:00:00+00:00\",\"dateModified\":\"2019-05-20T21:21:11+00:00\",\"author\":{\"@id\":\"https:\/\/dev.explora.cl\/aysen\/#\/schema\/person\/cb8349c13ea2d324080adf8480d7ba5d\"},\"breadcrumb\":{\"@id\":\"https:\/\/dev.explora.cl\/aysen\/se-viene-la-xxi-semana-de-la-ciencia-y-la-tecnologia-en-la-region-de-aysen\/#breadcrumb\"},\"inLanguage\":\"es-CL\",\"potentialAction\":[{\"@type\":\"ReadAction\",\"target\":[\"https:\/\/dev.explora.cl\/aysen\/se-viene-la-xxi-semana-de-la-ciencia-y-la-tecnologia-en-la-region-de-aysen\/\"]}]},{\"@type\":\"ImageObject\",\"inLanguage\":\"es-CL\",\"@id\":\"https:\/\/dev.explora.cl\/aysen\/se-viene-la-xxi-semana-de-la-ciencia-y-la-tecnologia-en-la-region-de-aysen\/#primaryimage\",\"url\":\"https:\/\/dev.explora.cl\/aysen\/wp-content\/uploads\/sites\/18\/2018\/06\/c5d0496c4611ca2c6279b0569063d3c2.jpg\",\"contentUrl\":\"https:\/\/dev.explora.cl\/aysen\/wp-content\/uploads\/sites\/18\/2018\/06\/c5d0496c4611ca2c6279b0569063d3c2.jpg\",\"width\":309,\"height\":207},{\"@type\":\"BreadcrumbList\",\"@id\":\"https:\/\/dev.explora.cl\/aysen\/se-viene-la-xxi-semana-de-la-ciencia-y-la-tecnologia-en-la-region-de-aysen\/#breadcrumb\",\"itemListElement\":[{\"@type\":\"ListItem\",\"position\":1,\"name\":\"Portada\",\"item\":\"https:\/\/dev.explora.cl\/aysen\/\"},{\"@type\":\"ListItem\",\"position\":2,\"name\":\"Descarga Ficha de inscripci\u00f3n y Programa XXI Semana de la Ciencia y la Tecnolog\u00eda en Ays\u00e9n\"}]},{\"@type\":\"WebSite\",\"@id\":\"https:\/\/dev.explora.cl\/aysen\/#website\",\"url\":\"https:\/\/dev.explora.cl\/aysen\/\",\"name\":\"Aysen\",\"description\":\"Otro sitio m\u00e1s de dev.explora.cl\",\"potentialAction\":[{\"@type\":\"SearchAction\",\"target\":{\"@type\":\"EntryPoint\",\"urlTemplate\":\"https:\/\/dev.explora.cl\/aysen\/?s={search_term_string}\"},\"query-input\":{\"@type\":\"PropertyValueSpecification\",\"valueRequired\":true,\"valueName\":\"search_term_string\"}}],\"inLanguage\":\"es-CL\"},{\"@type\":\"Person\",\"@id\":\"https:\/\/dev.explora.cl\/aysen\/#\/schema\/person\/cb8349c13ea2d324080adf8480d7ba5d\",\"name\":\"webman\",\"image\":{\"@type\":\"ImageObject\",\"inLanguage\":\"es-CL\",\"@id\":\"https:\/\/dev.explora.cl\/aysen\/#\/schema\/person\/image\/\",\"url\":\"https:\/\/secure.gravatar.com\/avatar\/eeff3c82f2c02f7177d13663b7e6f890e9a6a0647ce9bb29cae02dcb094c7312?s=96&d=mm&r=g\",\"contentUrl\":\"https:\/\/secure.gravatar.com\/avatar\/eeff3c82f2c02f7177d13663b7e6f890e9a6a0647ce9bb29cae02dcb094c7312?s=96&d=mm&r=g\",\"caption\":\"webman\"},\"url\":\"https:\/\/dev.explora.cl\/aysen\/author\/webman\/\"}]}<\/script>\n<!-- \/ Yoast SEO plugin. -->","yoast_head_json":{"title":"Descarga Ficha de inscripci\u00f3n y Programa XXI Semana de la Ciencia y la Tecnolog\u00eda en Ays\u00e9n - Aysen","robots":{"index":"index","follow":"follow","max-snippet":"max-snippet:-1","max-image-preview":"max-image-preview:large","max-video-preview":"max-video-preview:-1"},"canonical":"https:\/\/dev.explora.cl\/aysen\/se-viene-la-xxi-semana-de-la-ciencia-y-la-tecnologia-en-la-region-de-aysen\/","og_locale":"es_ES","og_type":"article","og_title":"Descarga Ficha de inscripci\u00f3n y Programa XXI Semana de la Ciencia y la Tecnolog\u00eda en Ays\u00e9n - Aysen","og_description":"La actividad inaugural se realizar\u00e1 el lunes 6 de octubre a las 10 horas en el segundo piso del Restaurante Lo Borquez donde se llevar\u00e1 a cabo un Caf\u00e9 Con Ciencia. Entre el 5 y el 11 de octubre se celebra, en todo Chile, la XXI Semana Nacional de la Ciencia y la Tecnolog\u00eda, organizada [&hellip;]","og_url":"https:\/\/dev.explora.cl\/aysen\/se-viene-la-xxi-semana-de-la-ciencia-y-la-tecnologia-en-la-region-de-aysen\/","og_site_name":"Aysen","article_published_time":"2015-09-04T04:00:00+00:00","article_modified_time":"2019-05-20T21:21:11+00:00","og_image":[{"width":309,"height":207,"url":"https:\/\/dev.explora.cl\/aysen\/wp-content\/uploads\/sites\/18\/2018\/06\/c5d0496c4611ca2c6279b0569063d3c2.jpg","type":"image\/jpeg"}],"author":"webman","twitter_card":"summary_large_image","twitter_misc":{"Escrito por":"webman","Tiempo estimado de lectura":"2 minutos"},"schema":{"@context":"https:\/\/schema.org","@graph":[{"@type":"Article","@id":"https:\/\/dev.explora.cl\/aysen\/se-viene-la-xxi-semana-de-la-ciencia-y-la-tecnologia-en-la-region-de-aysen\/#article","isPartOf":{"@id":"https:\/\/dev.explora.cl\/aysen\/se-viene-la-xxi-semana-de-la-ciencia-y-la-tecnologia-en-la-region-de-aysen\/"},"author":{"name":"webman","@id":"https:\/\/dev.explora.cl\/aysen\/#\/schema\/person\/cb8349c13ea2d324080adf8480d7ba5d"},"headline":"Descarga Ficha de inscripci\u00f3n y Programa XXI Semana de la Ciencia y la Tecnolog\u00eda en Ays\u00e9n","datePublished":"2015-09-04T04:00:00+00:00","dateModified":"2019-05-20T21:21:11+00:00","mainEntityOfPage":{"@id":"https:\/\/dev.explora.cl\/aysen\/se-viene-la-xxi-semana-de-la-ciencia-y-la-tecnologia-en-la-region-de-aysen\/"},"wordCount":518,"commentCount":0,"image":{"@id":"https:\/\/dev.explora.cl\/aysen\/se-viene-la-xxi-semana-de-la-ciencia-y-la-tecnologia-en-la-region-de-aysen\/#primaryimage"},"thumbnailUrl":"https:\/\/dev.explora.cl\/aysen\/wp-content\/uploads\/sites\/18\/2018\/06\/c5d0496c4611ca2c6279b0569063d3c2.jpg","articleSection":["Noticias"],"inLanguage":"es-CL","potentialAction":[{"@type":"CommentAction","name":"Comment","target":["https:\/\/dev.explora.cl\/aysen\/se-viene-la-xxi-semana-de-la-ciencia-y-la-tecnologia-en-la-region-de-aysen\/#respond"]}]},{"@type":"WebPage","@id":"https:\/\/dev.explora.cl\/aysen\/se-viene-la-xxi-semana-de-la-ciencia-y-la-tecnologia-en-la-region-de-aysen\/","url":"https:\/\/dev.explora.cl\/aysen\/se-viene-la-xxi-semana-de-la-ciencia-y-la-tecnologia-en-la-region-de-aysen\/","name":"Descarga Ficha de inscripci\u00f3n y Programa XXI Semana de la Ciencia y la Tecnolog\u00eda en Ays\u00e9n - Aysen","isPartOf":{"@id":"https:\/\/dev.explora.cl\/aysen\/#website"},"primaryImageOfPage":{"@id":"https:\/\/dev.explora.cl\/aysen\/se-viene-la-xxi-semana-de-la-ciencia-y-la-tecnologia-en-la-region-de-aysen\/#primaryimage"},"image":{"@id":"https:\/\/dev.explora.cl\/aysen\/se-viene-la-xxi-semana-de-la-ciencia-y-la-tecnologia-en-la-region-de-aysen\/#primaryimage"},"thumbnailUrl":"https:\/\/dev.explora.cl\/aysen\/wp-content\/uploads\/sites\/18\/2018\/06\/c5d0496c4611ca2c6279b0569063d3c2.jpg","datePublished":"2015-09-04T04:00:00+00:00","dateModified":"2019-05-20T21:21:11+00:00","author":{"@id":"https:\/\/dev.explora.cl\/aysen\/#\/schema\/person\/cb8349c13ea2d324080adf8480d7ba5d"},"breadcrumb":{"@id":"https:\/\/dev.explora.cl\/aysen\/se-viene-la-xxi-semana-de-la-ciencia-y-la-tecnologia-en-la-region-de-aysen\/#breadcrumb"},"inLanguage":"es-CL","potentialAction":[{"@type":"ReadAction","target":["https:\/\/dev.explora.cl\/aysen\/se-viene-la-xxi-semana-de-la-ciencia-y-la-tecnologia-en-la-region-de-aysen\/"]}]},{"@type":"ImageObject","inLanguage":"es-CL","@id":"https:\/\/dev.explora.cl\/aysen\/se-viene-la-xxi-semana-de-la-ciencia-y-la-tecnologia-en-la-region-de-aysen\/#primaryimage","url":"https:\/\/dev.explora.cl\/aysen\/wp-content\/uploads\/sites\/18\/2018\/06\/c5d0496c4611ca2c6279b0569063d3c2.jpg","contentUrl":"https:\/\/dev.explora.cl\/aysen\/wp-content\/uploads\/sites\/18\/2018\/06\/c5d0496c4611ca2c6279b0569063d3c2.jpg","width":309,"height":207},{"@type":"BreadcrumbList","@id":"https:\/\/dev.explora.cl\/aysen\/se-viene-la-xxi-semana-de-la-ciencia-y-la-tecnologia-en-la-region-de-aysen\/#breadcrumb","itemListElement":[{"@type":"ListItem","position":1,"name":"Portada","item":"https:\/\/dev.explora.cl\/aysen\/"},{"@type":"ListItem","position":2,"name":"Descarga Ficha de inscripci\u00f3n y Programa XXI Semana de la Ciencia y la Tecnolog\u00eda en Ays\u00e9n"}]},{"@type":"WebSite","@id":"https:\/\/dev.explora.cl\/aysen\/#website","url":"https:\/\/dev.explora.cl\/aysen\/","name":"Aysen","description":"Otro sitio m\u00e1s de dev.explora.cl","potentialAction":[{"@type":"SearchAction","target":{"@type":"EntryPoint","urlTemplate":"https:\/\/dev.explora.cl\/aysen\/?s={search_term_string}"},"query-input":{"@type":"PropertyValueSpecification","valueRequired":true,"valueName":"search_term_string"}}],"inLanguage":"es-CL"},{"@type":"Person","@id":"https:\/\/dev.explora.cl\/aysen\/#\/schema\/person\/cb8349c13ea2d324080adf8480d7ba5d","name":"webman","image":{"@type":"ImageObject","inLanguage":"es-CL","@id":"https:\/\/dev.explora.cl\/aysen\/#\/schema\/person\/image\/","url":"https:\/\/secure.gravatar.com\/avatar\/eeff3c82f2c02f7177d13663b7e6f890e9a6a0647ce9bb29cae02dcb094c7312?s=96&d=mm&r=g","contentUrl":"https:\/\/secure.gravatar.com\/avatar\/eeff3c82f2c02f7177d13663b7e6f890e9a6a0647ce9bb29cae02dcb094c7312?s=96&d=mm&r=g","caption":"webman"},"url":"https:\/\/dev.explora.cl\/aysen\/author\/webman\/"}]}},"_links":{"self":[{"href":"https:\/\/dev.explora.cl\/aysen\/wp-json\/wp\/v2\/posts\/276","targetHints":{"allow":["GET"]}}],"collection":[{"href":"https:\/\/dev.explora.cl\/aysen\/wp-json\/wp\/v2\/posts"}],"about":[{"href":"https:\/\/dev.explora.cl\/aysen\/wp-json\/wp\/v2\/types\/post"}],"author":[{"embeddable":true,"href":"https:\/\/dev.explora.cl\/aysen\/wp-json\/wp\/v2\/users\/2"}],"replies":[{"embeddable":true,"href":"https:\/\/dev.explora.cl\/aysen\/wp-json\/wp\/v2\/comments?post=276"}],"version-history":[{"count":1,"href":"https:\/\/dev.explora.cl\/aysen\/wp-json\/wp\/v2\/posts\/276\/revisions"}],"predecessor-version":[{"id":37278,"href":"https:\/\/dev.explora.cl\/aysen\/wp-json\/wp\/v2\/posts\/276\/revisions\/37278"}],"wp:featuredmedia":[{"embeddable":true,"href":"https:\/\/dev.explora.cl\/aysen\/wp-json\/wp\/v2\/media\/277"}],"wp:attachment":[{"href":"https:\/\/dev.explora.cl\/aysen\/wp-json\/wp\/v2\/media?parent=276"}],"wp:term":[{"taxonomy":"category","embeddable":true,"href":"https:\/\/dev.explora.cl\/aysen\/wp-json\/wp\/v2\/categories?post=276"},{"taxonomy":"post_tag","embeddable":true,"href":"https:\/\/dev.explora.cl\/aysen\/wp-json\/wp\/v2\/tags?post=276"}],"curies":[{"name":"wp","href":"https:\/\/api.w.org\/{rel}","templated":true}]}}