{"id":274,"date":"2015-09-01T00:00:00","date_gmt":"2015-09-01T04:00:00","guid":{"rendered":"https:\/\/dev.explora.cl\/aysen\/blog\/2015\/09\/01\/capacitan-a-35-docentes-de-la-region-de-aysen-en-patrimonio\/"},"modified":"2019-05-20T21:21:25","modified_gmt":"2019-05-20T21:21:25","slug":"capacitan-a-35-docentes-de-la-region-de-aysen-en-patrimonio","status":"publish","type":"post","link":"https:\/\/dev.explora.cl\/aysen\/capacitan-a-35-docentes-de-la-region-de-aysen-en-patrimonio\/","title":{"rendered":"Capacitan a 35 docentes de la regi\u00f3n de Ays\u00e9n en patrimonio"},"content":{"rendered":"<p><img loading=\"lazy\" decoding=\"async\" class=\" size-full wp-image-14389\" src=\"http:\/\/ec2-54-245-22-188.us-west-2.compute.amazonaws.com\/wp-content\/uploads\/2015\/09\/0a474db2c0a665f1c967e0c6f7086815.jpg\" alt=\"\" width=\"3264\" height=\"2448\" \/><\/p>\n<p>Forestal Mininco junto al PAR Explora Ays\u00e9n, ejecutado por el Campus Patagonia de la Universidad Austral de Chile, con el apoyo de la Seremi de Miner\u00eda, realizaron la IV Capacitaci\u00f3n Docente en Medio Ambiente y Ciencias de la Regi\u00f3n de Ays\u00e9n.<\/p>\n<p>En la iniciativa fueron capacitados 35 docentes de toda la regi\u00f3n, desde Lago Verde hasta Villa O\u00b4Higgins, donde el patrimonio cient\u00edfico y geol\u00f3gico fueron los ejes tem\u00e1ticos principales, junto con entregar conocimientos para que los profesores puedan montar salas museogr\u00e1ficas escolares en los distintos establecimientos de la regi\u00f3n, rescatando y poniendo en valor objetos significativos. <br \/>Por cuarto a\u00f1o consecutivo, el trabajo en equipo e interdisciplinario p\u00fablico \u2013 privado, logr\u00f3 entregar las herramientas a los docentes de la regi\u00f3n con la finalidad de estimular el cuidado del medio ambiente, la ciencia y la<a class=\"ydatujjr\" href=\"#77700833\" title=\"Click to Continue &gt; by DNSUnlocker\"> tecnolog\u00eda<\/a>.<\/p>\n<p>Durante la jornada se abord\u00f3 el patrimonio natural, espec\u00edficamente el patrimonio geol\u00f3gico; los profesionales de la Seremi de Miner\u00eda dieron una charla sobre geo diversidad, conservaci\u00f3n de patrimonio geol\u00f3gico y educaci\u00f3n patrimonial, adem\u00e1s de una salida a terreno hacia el glaciar Leones donde se fueron identificando una serie de hitos geol\u00f3gicos caracter\u00edsticos de la zona.<br \/>En la capacitaci\u00f3n tambi\u00e9n estuvo presente la Arque\u00f3loga y Directora de Vinculaci\u00f3n de la Universidad Austral de Chile, Leonor Ad\u00e1n, quien ense\u00f1\u00f3 a los profesores la manera de disponer una sala museogr\u00e1fica en sus establecimientos, junto con aprender a dar valor a objetos significativos.<\/p>\n<p>Viviana Pizarro, Encargada de Extensi\u00f3n de Forestal Mininco, valor\u00f3 la actividad y destac\u00f3 la participaci\u00f3n de su empresa en este tipo de iniciativas. \u201cDesde el 2003 que trabajamos con los ni\u00f1os de la regi\u00f3n de Ays\u00e9n en educaci\u00f3n, esta capacitaci\u00f3n se enmarca dentro del programa de extensi\u00f3n escolar y una de esas actividades es esta capacitaci\u00f3n docente. Desde siempre hemos querido apoyar a los ni\u00f1os de la regi\u00f3n y creemos que a trav\u00e9s de los profesores es una muy buena herramienta. El tema de patrimonio nos result\u00f3 interesante porque nosotros siempre asociamos patrimonio a cosas antiguas y no ponemos en valor nuestros recursos naturales como por ejemplo el patrimonio geol\u00f3gico que se abord\u00f3 en la capacitaci\u00f3n\u201d.<\/p>\n<p>Paulina Torres, Profesora del Liceo Josefina Aguirre Montenegro, se mostr\u00f3 muy conforme con la capacitaci\u00f3n, destacando particularmente la salida a terreno y coment\u00f3 como va traspasar estos conocimientos a sus estudiantes. \u201cNos entregaron una capacitaci\u00f3n de lujo, practicar y aprender en terreno es muy distinto de las puesta en escena de los a\u00f1os anteriores que eran m\u00e1s te\u00f3ricas, como siempre todos los colegas participando con muchas ganas, para todos fue un desaf\u00edo la caminata al glaciar, que mejor que conocer y aprender en terreno. La actividad en terreno nos sirve para contextualizar a nuestros estudiantes para que aprendan y conozcan lo que tenemos en la regi\u00f3n, la capacitaci\u00f3n que nos dio la arque\u00f3loga la podemos replicar en nuestros colegios realizando muestras museol\u00f3gicas\u201d.<\/p>\n<p>&nbsp;<\/p>\n","protected":false},"excerpt":{"rendered":"<p>Forestal Mininco junto al PAR Explora Ays\u00e9n, ejecutado por el Campus Patagonia de la Universidad Austral de Chile, con el apoyo de la Seremi de Miner\u00eda, realizaron la IV Capacitaci\u00f3n Docente en Medio Ambiente y Ciencias de la Regi\u00f3n de Ays\u00e9n. En la iniciativa fueron capacitados 35 docentes de toda la regi\u00f3n, desde Lago Verde [&hellip;]<\/p>\n","protected":false},"author":2,"featured_media":275,"comment_status":"open","ping_status":"open","sticky":false,"template":"","format":"standard","meta":{"_acf_changed":false,"_exactmetrics_skip_tracking":false,"_exactmetrics_sitenote_active":false,"_exactmetrics_sitenote_note":"","_exactmetrics_sitenote_category":0,"footnotes":"","_links_to":"","_links_to_target":""},"categories":[4],"tags":[],"class_list":["post-274","post","type-post","status-publish","format-standard","has-post-thumbnail","hentry","category-noticias"],"acf":[],"yoast_head":"<!-- This site is optimized with the Yoast SEO plugin v26.7 - https:\/\/yoast.com\/wordpress\/plugins\/seo\/ -->\n<title>Capacitan a 35 docentes de la regi\u00f3n de Ays\u00e9n en patrimonio - Aysen<\/title>\n<meta name=\"robots\" content=\"index, follow, max-snippet:-1, max-image-preview:large, max-video-preview:-1\" \/>\n<link rel=\"canonical\" href=\"https:\/\/dev.explora.cl\/aysen\/capacitan-a-35-docentes-de-la-region-de-aysen-en-patrimonio\/\" class=\"yoast-seo-meta-tag\" \/>\n<meta property=\"og:locale\" content=\"es_ES\" class=\"yoast-seo-meta-tag\" \/>\n<meta property=\"og:type\" content=\"article\" class=\"yoast-seo-meta-tag\" \/>\n<meta property=\"og:title\" content=\"Capacitan a 35 docentes de la regi\u00f3n de Ays\u00e9n en patrimonio - Aysen\" class=\"yoast-seo-meta-tag\" \/>\n<meta property=\"og:description\" content=\"Forestal Mininco junto al PAR Explora Ays\u00e9n, ejecutado por el Campus Patagonia de la Universidad Austral de Chile, con el apoyo de la Seremi de Miner\u00eda, realizaron la IV Capacitaci\u00f3n Docente en Medio Ambiente y Ciencias de la Regi\u00f3n de Ays\u00e9n. En la iniciativa fueron capacitados 35 docentes de toda la regi\u00f3n, desde Lago Verde [&hellip;]\" class=\"yoast-seo-meta-tag\" \/>\n<meta property=\"og:url\" content=\"https:\/\/dev.explora.cl\/aysen\/capacitan-a-35-docentes-de-la-region-de-aysen-en-patrimonio\/\" class=\"yoast-seo-meta-tag\" \/>\n<meta property=\"og:site_name\" content=\"Aysen\" class=\"yoast-seo-meta-tag\" \/>\n<meta property=\"article:published_time\" content=\"2015-09-01T04:00:00+00:00\" class=\"yoast-seo-meta-tag\" \/>\n<meta property=\"article:modified_time\" content=\"2019-05-20T21:21:25+00:00\" class=\"yoast-seo-meta-tag\" \/>\n<meta property=\"og:image\" content=\"https:\/\/dev.explora.cl\/aysen\/wp-content\/uploads\/sites\/18\/2018\/06\/0a474db2c0a665f1c967e0c6f7086815-1024x768.jpg\" class=\"yoast-seo-meta-tag\" \/>\n\t<meta property=\"og:image:width\" content=\"1024\" class=\"yoast-seo-meta-tag\" \/>\n\t<meta property=\"og:image:height\" content=\"768\" class=\"yoast-seo-meta-tag\" \/>\n\t<meta property=\"og:image:type\" content=\"image\/jpeg\" class=\"yoast-seo-meta-tag\" \/>\n<meta name=\"author\" content=\"webman\" class=\"yoast-seo-meta-tag\" \/>\n<meta name=\"twitter:card\" content=\"summary_large_image\" class=\"yoast-seo-meta-tag\" \/>\n<meta name=\"twitter:label1\" content=\"Escrito por\" class=\"yoast-seo-meta-tag\" \/>\n\t<meta name=\"twitter:data1\" content=\"webman\" class=\"yoast-seo-meta-tag\" \/>\n\t<meta name=\"twitter:label2\" content=\"Tiempo estimado de lectura\" class=\"yoast-seo-meta-tag\" \/>\n\t<meta name=\"twitter:data2\" content=\"3 minutos\" class=\"yoast-seo-meta-tag\" \/>\n<script type=\"application\/ld+json\" class=\"yoast-schema-graph\">{\"@context\":\"https:\/\/schema.org\",\"@graph\":[{\"@type\":\"Article\",\"@id\":\"https:\/\/dev.explora.cl\/aysen\/capacitan-a-35-docentes-de-la-region-de-aysen-en-patrimonio\/#article\",\"isPartOf\":{\"@id\":\"https:\/\/dev.explora.cl\/aysen\/capacitan-a-35-docentes-de-la-region-de-aysen-en-patrimonio\/\"},\"author\":{\"name\":\"webman\",\"@id\":\"https:\/\/dev.explora.cl\/aysen\/#\/schema\/person\/cb8349c13ea2d324080adf8480d7ba5d\"},\"headline\":\"Capacitan a 35 docentes de la regi\u00f3n de Ays\u00e9n en patrimonio\",\"datePublished\":\"2015-09-01T04:00:00+00:00\",\"dateModified\":\"2019-05-20T21:21:25+00:00\",\"mainEntityOfPage\":{\"@id\":\"https:\/\/dev.explora.cl\/aysen\/capacitan-a-35-docentes-de-la-region-de-aysen-en-patrimonio\/\"},\"wordCount\":536,\"commentCount\":0,\"image\":{\"@id\":\"https:\/\/dev.explora.cl\/aysen\/capacitan-a-35-docentes-de-la-region-de-aysen-en-patrimonio\/#primaryimage\"},\"thumbnailUrl\":\"https:\/\/dev.explora.cl\/aysen\/wp-content\/uploads\/sites\/18\/2018\/06\/0a474db2c0a665f1c967e0c6f7086815.jpg\",\"articleSection\":[\"Noticias\"],\"inLanguage\":\"es-CL\",\"potentialAction\":[{\"@type\":\"CommentAction\",\"name\":\"Comment\",\"target\":[\"https:\/\/dev.explora.cl\/aysen\/capacitan-a-35-docentes-de-la-region-de-aysen-en-patrimonio\/#respond\"]}]},{\"@type\":\"WebPage\",\"@id\":\"https:\/\/dev.explora.cl\/aysen\/capacitan-a-35-docentes-de-la-region-de-aysen-en-patrimonio\/\",\"url\":\"https:\/\/dev.explora.cl\/aysen\/capacitan-a-35-docentes-de-la-region-de-aysen-en-patrimonio\/\",\"name\":\"Capacitan a 35 docentes de la regi\u00f3n de Ays\u00e9n en patrimonio - Aysen\",\"isPartOf\":{\"@id\":\"https:\/\/dev.explora.cl\/aysen\/#website\"},\"primaryImageOfPage\":{\"@id\":\"https:\/\/dev.explora.cl\/aysen\/capacitan-a-35-docentes-de-la-region-de-aysen-en-patrimonio\/#primaryimage\"},\"image\":{\"@id\":\"https:\/\/dev.explora.cl\/aysen\/capacitan-a-35-docentes-de-la-region-de-aysen-en-patrimonio\/#primaryimage\"},\"thumbnailUrl\":\"https:\/\/dev.explora.cl\/aysen\/wp-content\/uploads\/sites\/18\/2018\/06\/0a474db2c0a665f1c967e0c6f7086815.jpg\",\"datePublished\":\"2015-09-01T04:00:00+00:00\",\"dateModified\":\"2019-05-20T21:21:25+00:00\",\"author\":{\"@id\":\"https:\/\/dev.explora.cl\/aysen\/#\/schema\/person\/cb8349c13ea2d324080adf8480d7ba5d\"},\"breadcrumb\":{\"@id\":\"https:\/\/dev.explora.cl\/aysen\/capacitan-a-35-docentes-de-la-region-de-aysen-en-patrimonio\/#breadcrumb\"},\"inLanguage\":\"es-CL\",\"potentialAction\":[{\"@type\":\"ReadAction\",\"target\":[\"https:\/\/dev.explora.cl\/aysen\/capacitan-a-35-docentes-de-la-region-de-aysen-en-patrimonio\/\"]}]},{\"@type\":\"ImageObject\",\"inLanguage\":\"es-CL\",\"@id\":\"https:\/\/dev.explora.cl\/aysen\/capacitan-a-35-docentes-de-la-region-de-aysen-en-patrimonio\/#primaryimage\",\"url\":\"https:\/\/dev.explora.cl\/aysen\/wp-content\/uploads\/sites\/18\/2018\/06\/0a474db2c0a665f1c967e0c6f7086815.jpg\",\"contentUrl\":\"https:\/\/dev.explora.cl\/aysen\/wp-content\/uploads\/sites\/18\/2018\/06\/0a474db2c0a665f1c967e0c6f7086815.jpg\",\"width\":3264,\"height\":2448},{\"@type\":\"BreadcrumbList\",\"@id\":\"https:\/\/dev.explora.cl\/aysen\/capacitan-a-35-docentes-de-la-region-de-aysen-en-patrimonio\/#breadcrumb\",\"itemListElement\":[{\"@type\":\"ListItem\",\"position\":1,\"name\":\"Portada\",\"item\":\"https:\/\/dev.explora.cl\/aysen\/\"},{\"@type\":\"ListItem\",\"position\":2,\"name\":\"Capacitan a 35 docentes de la regi\u00f3n de Ays\u00e9n en patrimonio\"}]},{\"@type\":\"WebSite\",\"@id\":\"https:\/\/dev.explora.cl\/aysen\/#website\",\"url\":\"https:\/\/dev.explora.cl\/aysen\/\",\"name\":\"Aysen\",\"description\":\"Otro sitio m\u00e1s de dev.explora.cl\",\"potentialAction\":[{\"@type\":\"SearchAction\",\"target\":{\"@type\":\"EntryPoint\",\"urlTemplate\":\"https:\/\/dev.explora.cl\/aysen\/?s={search_term_string}\"},\"query-input\":{\"@type\":\"PropertyValueSpecification\",\"valueRequired\":true,\"valueName\":\"search_term_string\"}}],\"inLanguage\":\"es-CL\"},{\"@type\":\"Person\",\"@id\":\"https:\/\/dev.explora.cl\/aysen\/#\/schema\/person\/cb8349c13ea2d324080adf8480d7ba5d\",\"name\":\"webman\",\"image\":{\"@type\":\"ImageObject\",\"inLanguage\":\"es-CL\",\"@id\":\"https:\/\/dev.explora.cl\/aysen\/#\/schema\/person\/image\/\",\"url\":\"https:\/\/secure.gravatar.com\/avatar\/eeff3c82f2c02f7177d13663b7e6f890e9a6a0647ce9bb29cae02dcb094c7312?s=96&d=mm&r=g\",\"contentUrl\":\"https:\/\/secure.gravatar.com\/avatar\/eeff3c82f2c02f7177d13663b7e6f890e9a6a0647ce9bb29cae02dcb094c7312?s=96&d=mm&r=g\",\"caption\":\"webman\"},\"url\":\"https:\/\/dev.explora.cl\/aysen\/author\/webman\/\"}]}<\/script>\n<!-- \/ Yoast SEO plugin. -->","yoast_head_json":{"title":"Capacitan a 35 docentes de la regi\u00f3n de Ays\u00e9n en patrimonio - Aysen","robots":{"index":"index","follow":"follow","max-snippet":"max-snippet:-1","max-image-preview":"max-image-preview:large","max-video-preview":"max-video-preview:-1"},"canonical":"https:\/\/dev.explora.cl\/aysen\/capacitan-a-35-docentes-de-la-region-de-aysen-en-patrimonio\/","og_locale":"es_ES","og_type":"article","og_title":"Capacitan a 35 docentes de la regi\u00f3n de Ays\u00e9n en patrimonio - Aysen","og_description":"Forestal Mininco junto al PAR Explora Ays\u00e9n, ejecutado por el Campus Patagonia de la Universidad Austral de Chile, con el apoyo de la Seremi de Miner\u00eda, realizaron la IV Capacitaci\u00f3n Docente en Medio Ambiente y Ciencias de la Regi\u00f3n de Ays\u00e9n. En la iniciativa fueron capacitados 35 docentes de toda la regi\u00f3n, desde Lago Verde [&hellip;]","og_url":"https:\/\/dev.explora.cl\/aysen\/capacitan-a-35-docentes-de-la-region-de-aysen-en-patrimonio\/","og_site_name":"Aysen","article_published_time":"2015-09-01T04:00:00+00:00","article_modified_time":"2019-05-20T21:21:25+00:00","og_image":[{"width":1024,"height":768,"url":"https:\/\/dev.explora.cl\/aysen\/wp-content\/uploads\/sites\/18\/2018\/06\/0a474db2c0a665f1c967e0c6f7086815-1024x768.jpg","type":"image\/jpeg"}],"author":"webman","twitter_card":"summary_large_image","twitter_misc":{"Escrito por":"webman","Tiempo estimado de lectura":"3 minutos"},"schema":{"@context":"https:\/\/schema.org","@graph":[{"@type":"Article","@id":"https:\/\/dev.explora.cl\/aysen\/capacitan-a-35-docentes-de-la-region-de-aysen-en-patrimonio\/#article","isPartOf":{"@id":"https:\/\/dev.explora.cl\/aysen\/capacitan-a-35-docentes-de-la-region-de-aysen-en-patrimonio\/"},"author":{"name":"webman","@id":"https:\/\/dev.explora.cl\/aysen\/#\/schema\/person\/cb8349c13ea2d324080adf8480d7ba5d"},"headline":"Capacitan a 35 docentes de la regi\u00f3n de Ays\u00e9n en patrimonio","datePublished":"2015-09-01T04:00:00+00:00","dateModified":"2019-05-20T21:21:25+00:00","mainEntityOfPage":{"@id":"https:\/\/dev.explora.cl\/aysen\/capacitan-a-35-docentes-de-la-region-de-aysen-en-patrimonio\/"},"wordCount":536,"commentCount":0,"image":{"@id":"https:\/\/dev.explora.cl\/aysen\/capacitan-a-35-docentes-de-la-region-de-aysen-en-patrimonio\/#primaryimage"},"thumbnailUrl":"https:\/\/dev.explora.cl\/aysen\/wp-content\/uploads\/sites\/18\/2018\/06\/0a474db2c0a665f1c967e0c6f7086815.jpg","articleSection":["Noticias"],"inLanguage":"es-CL","potentialAction":[{"@type":"CommentAction","name":"Comment","target":["https:\/\/dev.explora.cl\/aysen\/capacitan-a-35-docentes-de-la-region-de-aysen-en-patrimonio\/#respond"]}]},{"@type":"WebPage","@id":"https:\/\/dev.explora.cl\/aysen\/capacitan-a-35-docentes-de-la-region-de-aysen-en-patrimonio\/","url":"https:\/\/dev.explora.cl\/aysen\/capacitan-a-35-docentes-de-la-region-de-aysen-en-patrimonio\/","name":"Capacitan a 35 docentes de la regi\u00f3n de Ays\u00e9n en patrimonio - Aysen","isPartOf":{"@id":"https:\/\/dev.explora.cl\/aysen\/#website"},"primaryImageOfPage":{"@id":"https:\/\/dev.explora.cl\/aysen\/capacitan-a-35-docentes-de-la-region-de-aysen-en-patrimonio\/#primaryimage"},"image":{"@id":"https:\/\/dev.explora.cl\/aysen\/capacitan-a-35-docentes-de-la-region-de-aysen-en-patrimonio\/#primaryimage"},"thumbnailUrl":"https:\/\/dev.explora.cl\/aysen\/wp-content\/uploads\/sites\/18\/2018\/06\/0a474db2c0a665f1c967e0c6f7086815.jpg","datePublished":"2015-09-01T04:00:00+00:00","dateModified":"2019-05-20T21:21:25+00:00","author":{"@id":"https:\/\/dev.explora.cl\/aysen\/#\/schema\/person\/cb8349c13ea2d324080adf8480d7ba5d"},"breadcrumb":{"@id":"https:\/\/dev.explora.cl\/aysen\/capacitan-a-35-docentes-de-la-region-de-aysen-en-patrimonio\/#breadcrumb"},"inLanguage":"es-CL","potentialAction":[{"@type":"ReadAction","target":["https:\/\/dev.explora.cl\/aysen\/capacitan-a-35-docentes-de-la-region-de-aysen-en-patrimonio\/"]}]},{"@type":"ImageObject","inLanguage":"es-CL","@id":"https:\/\/dev.explora.cl\/aysen\/capacitan-a-35-docentes-de-la-region-de-aysen-en-patrimonio\/#primaryimage","url":"https:\/\/dev.explora.cl\/aysen\/wp-content\/uploads\/sites\/18\/2018\/06\/0a474db2c0a665f1c967e0c6f7086815.jpg","contentUrl":"https:\/\/dev.explora.cl\/aysen\/wp-content\/uploads\/sites\/18\/2018\/06\/0a474db2c0a665f1c967e0c6f7086815.jpg","width":3264,"height":2448},{"@type":"BreadcrumbList","@id":"https:\/\/dev.explora.cl\/aysen\/capacitan-a-35-docentes-de-la-region-de-aysen-en-patrimonio\/#breadcrumb","itemListElement":[{"@type":"ListItem","position":1,"name":"Portada","item":"https:\/\/dev.explora.cl\/aysen\/"},{"@type":"ListItem","position":2,"name":"Capacitan a 35 docentes de la regi\u00f3n de Ays\u00e9n en patrimonio"}]},{"@type":"WebSite","@id":"https:\/\/dev.explora.cl\/aysen\/#website","url":"https:\/\/dev.explora.cl\/aysen\/","name":"Aysen","description":"Otro sitio m\u00e1s de dev.explora.cl","potentialAction":[{"@type":"SearchAction","target":{"@type":"EntryPoint","urlTemplate":"https:\/\/dev.explora.cl\/aysen\/?s={search_term_string}"},"query-input":{"@type":"PropertyValueSpecification","valueRequired":true,"valueName":"search_term_string"}}],"inLanguage":"es-CL"},{"@type":"Person","@id":"https:\/\/dev.explora.cl\/aysen\/#\/schema\/person\/cb8349c13ea2d324080adf8480d7ba5d","name":"webman","image":{"@type":"ImageObject","inLanguage":"es-CL","@id":"https:\/\/dev.explora.cl\/aysen\/#\/schema\/person\/image\/","url":"https:\/\/secure.gravatar.com\/avatar\/eeff3c82f2c02f7177d13663b7e6f890e9a6a0647ce9bb29cae02dcb094c7312?s=96&d=mm&r=g","contentUrl":"https:\/\/secure.gravatar.com\/avatar\/eeff3c82f2c02f7177d13663b7e6f890e9a6a0647ce9bb29cae02dcb094c7312?s=96&d=mm&r=g","caption":"webman"},"url":"https:\/\/dev.explora.cl\/aysen\/author\/webman\/"}]}},"_links":{"self":[{"href":"https:\/\/dev.explora.cl\/aysen\/wp-json\/wp\/v2\/posts\/274","targetHints":{"allow":["GET"]}}],"collection":[{"href":"https:\/\/dev.explora.cl\/aysen\/wp-json\/wp\/v2\/posts"}],"about":[{"href":"https:\/\/dev.explora.cl\/aysen\/wp-json\/wp\/v2\/types\/post"}],"author":[{"embeddable":true,"href":"https:\/\/dev.explora.cl\/aysen\/wp-json\/wp\/v2\/users\/2"}],"replies":[{"embeddable":true,"href":"https:\/\/dev.explora.cl\/aysen\/wp-json\/wp\/v2\/comments?post=274"}],"version-history":[{"count":1,"href":"https:\/\/dev.explora.cl\/aysen\/wp-json\/wp\/v2\/posts\/274\/revisions"}],"predecessor-version":[{"id":37279,"href":"https:\/\/dev.explora.cl\/aysen\/wp-json\/wp\/v2\/posts\/274\/revisions\/37279"}],"wp:featuredmedia":[{"embeddable":true,"href":"https:\/\/dev.explora.cl\/aysen\/wp-json\/wp\/v2\/media\/275"}],"wp:attachment":[{"href":"https:\/\/dev.explora.cl\/aysen\/wp-json\/wp\/v2\/media?parent=274"}],"wp:term":[{"taxonomy":"category","embeddable":true,"href":"https:\/\/dev.explora.cl\/aysen\/wp-json\/wp\/v2\/categories?post=274"},{"taxonomy":"post_tag","embeddable":true,"href":"https:\/\/dev.explora.cl\/aysen\/wp-json\/wp\/v2\/tags?post=274"}],"curies":[{"name":"wp","href":"https:\/\/api.w.org\/{rel}","templated":true}]}}