{"id":268,"date":"2015-08-19T00:00:00","date_gmt":"2015-08-19T04:00:00","guid":{"rendered":"https:\/\/dev.explora.cl\/aysen\/blog\/2015\/08\/19\/mateada-cientifica-sobre-investigacion-de-fiordos-y-canales-de-la-region\/"},"modified":"2019-05-20T21:21:32","modified_gmt":"2019-05-20T21:21:32","slug":"mateada-cientifica-sobre-investigacion-de-fiordos-y-canales-de-la-region","status":"publish","type":"post","link":"https:\/\/dev.explora.cl\/aysen\/mateada-cientifica-sobre-investigacion-de-fiordos-y-canales-de-la-region\/","title":{"rendered":"Mateada cient\u00edfica sobre investigaci\u00f3n de fiordos y canales de la Regi\u00f3n."},"content":{"rendered":"<p><img loading=\"lazy\" decoding=\"async\" class=\" size-full wp-image-13946\" src=\"http:\/\/ec2-34-218-253-251.us-west-2.compute.amazonaws.com\/wp-content\/uploads\/2015\/08\/c41a136becd97492537d794b131f5498.jpg\" alt=\"\" width=\"800\" height=\"533\" \/><\/p>\n<p>Cerca de 25 asistentes concurrieron esta segunda sesi\u00f3n de Entre Mate y Ciencia, actividad organizada en conjunto por el Centro de Investigaci\u00f3n en Ecosistemas de la Patagonia &#8211; CIEP y el PAR Explora Regi\u00f3n de Ays\u00e9n ejecutado por el Campus Patagonia de la Universidad Austral de Chile.<\/p>\n<p>En esta oportunidad estuvo presente el Doctor en M\u00e9todos Num\u00e9ricos Pablo Mata, quien expuso la charla titulada: \u201cEstado del arte y desaf\u00edos (cient\u00edficos-t\u00e9cnicos) para la determinaci\u00f3n de la capacidad de carga en fiordos y canales de Ays\u00e9n\u201d.<\/p>\n<p>Esta presentaci\u00f3n abierta a la comunidad dio cuenta de los trabajos que realiza CIEP en materia de modernizaci\u00f3n matem\u00e1tica de los ecosistemas de fiordos y canales con miras a poder determinar los efectos que la acuicultura y otras actividades humanas generan en estos ambientes.<\/p>\n<p>Pablo Mata, expositor de esta jornada destac\u00f3 la convocatoria de la jornada junto con comentar los alcances que pueden tener sus investigaciones. \u201cTuvimos una buena participaci\u00f3n de gente, demostraron bastante inter\u00e9s y conocimiento, tanto en experiencia como por medio de estudios, as\u00ed que se generaron hartas discusiones y conversaciones s\u00faper enriquecedoras. En un futuro cercano nos gustar\u00eda poder tener una norma que regule o garantice la sustentabilidad de los sistemas de fiordos y canales, hacia eso es lo que estamos mirando\u201d.<\/p>\n<p>Mauricio Aguilera, Profesional de Apoyo en la Municipalidad de Tortel, destac\u00f3 el aporte que significan estas investigaciones y coment\u00f3 sobre su experiencia en el \u00e1rea. \u201cLo que est\u00e1 claro es que no tenemos informaci\u00f3n, desde ese punto de vista lo que trabaja Pablo aporta a dar mayor conocimiento sobre la din\u00e1mica de firodos y canales para el desarrollo de distintas actividades, tanto para los salmoneros o para quienes buscan proteger estos fiordos y canales. A m\u00ed me toc\u00f3 participar del inicio de la actividad salmonera y me doy cuenta que parte importante tiene que ver con la escala en la que se est\u00e1 desarrollando. Ays\u00e9n es la principal productora nacional de salmones en fiordos, no tenemos informaci\u00f3n y sabemos que est\u00e1n pasando cosas que requieren una revisi\u00f3n\u201d.<\/p>\n<p>&nbsp;<\/p>\n","protected":false},"excerpt":{"rendered":"<p>Cerca de 25 asistentes concurrieron esta segunda sesi\u00f3n de Entre Mate y Ciencia, actividad organizada en conjunto por el Centro de Investigaci\u00f3n en Ecosistemas de la Patagonia &#8211; CIEP y el PAR Explora Regi\u00f3n de Ays\u00e9n ejecutado por el Campus Patagonia de la Universidad Austral de Chile. En esta oportunidad estuvo presente el Doctor en [&hellip;]<\/p>\n","protected":false},"author":2,"featured_media":269,"comment_status":"open","ping_status":"open","sticky":false,"template":"","format":"standard","meta":{"_acf_changed":false,"_exactmetrics_skip_tracking":false,"_exactmetrics_sitenote_active":false,"_exactmetrics_sitenote_note":"","_exactmetrics_sitenote_category":0,"footnotes":"","_links_to":"","_links_to_target":""},"categories":[4],"tags":[],"class_list":["post-268","post","type-post","status-publish","format-standard","has-post-thumbnail","hentry","category-noticias"],"acf":[],"yoast_head":"<!-- This site is optimized with the Yoast SEO plugin v26.7 - https:\/\/yoast.com\/wordpress\/plugins\/seo\/ -->\n<title>Mateada cient\u00edfica sobre investigaci\u00f3n de fiordos y canales de la Regi\u00f3n. - Aysen<\/title>\n<meta name=\"robots\" content=\"index, follow, max-snippet:-1, max-image-preview:large, max-video-preview:-1\" \/>\n<link rel=\"canonical\" href=\"https:\/\/dev.explora.cl\/aysen\/mateada-cientifica-sobre-investigacion-de-fiordos-y-canales-de-la-region\/\" class=\"yoast-seo-meta-tag\" \/>\n<meta property=\"og:locale\" content=\"es_ES\" class=\"yoast-seo-meta-tag\" \/>\n<meta property=\"og:type\" content=\"article\" class=\"yoast-seo-meta-tag\" \/>\n<meta property=\"og:title\" content=\"Mateada cient\u00edfica sobre investigaci\u00f3n de fiordos y canales de la Regi\u00f3n. - Aysen\" class=\"yoast-seo-meta-tag\" \/>\n<meta property=\"og:description\" content=\"Cerca de 25 asistentes concurrieron esta segunda sesi\u00f3n de Entre Mate y Ciencia, actividad organizada en conjunto por el Centro de Investigaci\u00f3n en Ecosistemas de la Patagonia &#8211; CIEP y el PAR Explora Regi\u00f3n de Ays\u00e9n ejecutado por el Campus Patagonia de la Universidad Austral de Chile. En esta oportunidad estuvo presente el Doctor en [&hellip;]\" class=\"yoast-seo-meta-tag\" \/>\n<meta property=\"og:url\" content=\"https:\/\/dev.explora.cl\/aysen\/mateada-cientifica-sobre-investigacion-de-fiordos-y-canales-de-la-region\/\" class=\"yoast-seo-meta-tag\" \/>\n<meta property=\"og:site_name\" content=\"Aysen\" class=\"yoast-seo-meta-tag\" \/>\n<meta property=\"article:published_time\" content=\"2015-08-19T04:00:00+00:00\" class=\"yoast-seo-meta-tag\" \/>\n<meta property=\"article:modified_time\" content=\"2019-05-20T21:21:32+00:00\" class=\"yoast-seo-meta-tag\" \/>\n<meta property=\"og:image\" content=\"https:\/\/dev.explora.cl\/aysen\/wp-content\/uploads\/sites\/18\/2018\/06\/c41a136becd97492537d794b131f5498.jpg\" class=\"yoast-seo-meta-tag\" \/>\n\t<meta property=\"og:image:width\" content=\"800\" class=\"yoast-seo-meta-tag\" \/>\n\t<meta property=\"og:image:height\" content=\"533\" class=\"yoast-seo-meta-tag\" \/>\n\t<meta property=\"og:image:type\" content=\"image\/jpeg\" class=\"yoast-seo-meta-tag\" \/>\n<meta name=\"author\" content=\"webman\" class=\"yoast-seo-meta-tag\" \/>\n<meta name=\"twitter:card\" content=\"summary_large_image\" class=\"yoast-seo-meta-tag\" \/>\n<meta name=\"twitter:label1\" content=\"Escrito por\" class=\"yoast-seo-meta-tag\" \/>\n\t<meta name=\"twitter:data1\" content=\"webman\" class=\"yoast-seo-meta-tag\" \/>\n\t<meta name=\"twitter:label2\" content=\"Tiempo estimado de lectura\" class=\"yoast-seo-meta-tag\" \/>\n\t<meta name=\"twitter:data2\" content=\"2 minutos\" class=\"yoast-seo-meta-tag\" \/>\n<script type=\"application\/ld+json\" class=\"yoast-schema-graph\">{\"@context\":\"https:\/\/schema.org\",\"@graph\":[{\"@type\":\"Article\",\"@id\":\"https:\/\/dev.explora.cl\/aysen\/mateada-cientifica-sobre-investigacion-de-fiordos-y-canales-de-la-region\/#article\",\"isPartOf\":{\"@id\":\"https:\/\/dev.explora.cl\/aysen\/mateada-cientifica-sobre-investigacion-de-fiordos-y-canales-de-la-region\/\"},\"author\":{\"name\":\"webman\",\"@id\":\"https:\/\/dev.explora.cl\/aysen\/#\/schema\/person\/cb8349c13ea2d324080adf8480d7ba5d\"},\"headline\":\"Mateada cient\u00edfica sobre investigaci\u00f3n de fiordos y canales de la Regi\u00f3n.\",\"datePublished\":\"2015-08-19T04:00:00+00:00\",\"dateModified\":\"2019-05-20T21:21:32+00:00\",\"mainEntityOfPage\":{\"@id\":\"https:\/\/dev.explora.cl\/aysen\/mateada-cientifica-sobre-investigacion-de-fiordos-y-canales-de-la-region\/\"},\"wordCount\":374,\"commentCount\":0,\"image\":{\"@id\":\"https:\/\/dev.explora.cl\/aysen\/mateada-cientifica-sobre-investigacion-de-fiordos-y-canales-de-la-region\/#primaryimage\"},\"thumbnailUrl\":\"https:\/\/dev.explora.cl\/aysen\/wp-content\/uploads\/sites\/18\/2018\/06\/c41a136becd97492537d794b131f5498.jpg\",\"articleSection\":[\"Noticias\"],\"inLanguage\":\"es-CL\",\"potentialAction\":[{\"@type\":\"CommentAction\",\"name\":\"Comment\",\"target\":[\"https:\/\/dev.explora.cl\/aysen\/mateada-cientifica-sobre-investigacion-de-fiordos-y-canales-de-la-region\/#respond\"]}]},{\"@type\":\"WebPage\",\"@id\":\"https:\/\/dev.explora.cl\/aysen\/mateada-cientifica-sobre-investigacion-de-fiordos-y-canales-de-la-region\/\",\"url\":\"https:\/\/dev.explora.cl\/aysen\/mateada-cientifica-sobre-investigacion-de-fiordos-y-canales-de-la-region\/\",\"name\":\"Mateada cient\u00edfica sobre investigaci\u00f3n de fiordos y canales de la Regi\u00f3n. - Aysen\",\"isPartOf\":{\"@id\":\"https:\/\/dev.explora.cl\/aysen\/#website\"},\"primaryImageOfPage\":{\"@id\":\"https:\/\/dev.explora.cl\/aysen\/mateada-cientifica-sobre-investigacion-de-fiordos-y-canales-de-la-region\/#primaryimage\"},\"image\":{\"@id\":\"https:\/\/dev.explora.cl\/aysen\/mateada-cientifica-sobre-investigacion-de-fiordos-y-canales-de-la-region\/#primaryimage\"},\"thumbnailUrl\":\"https:\/\/dev.explora.cl\/aysen\/wp-content\/uploads\/sites\/18\/2018\/06\/c41a136becd97492537d794b131f5498.jpg\",\"datePublished\":\"2015-08-19T04:00:00+00:00\",\"dateModified\":\"2019-05-20T21:21:32+00:00\",\"author\":{\"@id\":\"https:\/\/dev.explora.cl\/aysen\/#\/schema\/person\/cb8349c13ea2d324080adf8480d7ba5d\"},\"breadcrumb\":{\"@id\":\"https:\/\/dev.explora.cl\/aysen\/mateada-cientifica-sobre-investigacion-de-fiordos-y-canales-de-la-region\/#breadcrumb\"},\"inLanguage\":\"es-CL\",\"potentialAction\":[{\"@type\":\"ReadAction\",\"target\":[\"https:\/\/dev.explora.cl\/aysen\/mateada-cientifica-sobre-investigacion-de-fiordos-y-canales-de-la-region\/\"]}]},{\"@type\":\"ImageObject\",\"inLanguage\":\"es-CL\",\"@id\":\"https:\/\/dev.explora.cl\/aysen\/mateada-cientifica-sobre-investigacion-de-fiordos-y-canales-de-la-region\/#primaryimage\",\"url\":\"https:\/\/dev.explora.cl\/aysen\/wp-content\/uploads\/sites\/18\/2018\/06\/c41a136becd97492537d794b131f5498.jpg\",\"contentUrl\":\"https:\/\/dev.explora.cl\/aysen\/wp-content\/uploads\/sites\/18\/2018\/06\/c41a136becd97492537d794b131f5498.jpg\",\"width\":800,\"height\":533},{\"@type\":\"BreadcrumbList\",\"@id\":\"https:\/\/dev.explora.cl\/aysen\/mateada-cientifica-sobre-investigacion-de-fiordos-y-canales-de-la-region\/#breadcrumb\",\"itemListElement\":[{\"@type\":\"ListItem\",\"position\":1,\"name\":\"Portada\",\"item\":\"https:\/\/dev.explora.cl\/aysen\/\"},{\"@type\":\"ListItem\",\"position\":2,\"name\":\"Mateada cient\u00edfica sobre investigaci\u00f3n de fiordos y canales de la Regi\u00f3n.\"}]},{\"@type\":\"WebSite\",\"@id\":\"https:\/\/dev.explora.cl\/aysen\/#website\",\"url\":\"https:\/\/dev.explora.cl\/aysen\/\",\"name\":\"Aysen\",\"description\":\"Otro sitio m\u00e1s de dev.explora.cl\",\"potentialAction\":[{\"@type\":\"SearchAction\",\"target\":{\"@type\":\"EntryPoint\",\"urlTemplate\":\"https:\/\/dev.explora.cl\/aysen\/?s={search_term_string}\"},\"query-input\":{\"@type\":\"PropertyValueSpecification\",\"valueRequired\":true,\"valueName\":\"search_term_string\"}}],\"inLanguage\":\"es-CL\"},{\"@type\":\"Person\",\"@id\":\"https:\/\/dev.explora.cl\/aysen\/#\/schema\/person\/cb8349c13ea2d324080adf8480d7ba5d\",\"name\":\"webman\",\"image\":{\"@type\":\"ImageObject\",\"inLanguage\":\"es-CL\",\"@id\":\"https:\/\/dev.explora.cl\/aysen\/#\/schema\/person\/image\/\",\"url\":\"https:\/\/secure.gravatar.com\/avatar\/eeff3c82f2c02f7177d13663b7e6f890e9a6a0647ce9bb29cae02dcb094c7312?s=96&d=mm&r=g\",\"contentUrl\":\"https:\/\/secure.gravatar.com\/avatar\/eeff3c82f2c02f7177d13663b7e6f890e9a6a0647ce9bb29cae02dcb094c7312?s=96&d=mm&r=g\",\"caption\":\"webman\"},\"url\":\"https:\/\/dev.explora.cl\/aysen\/author\/webman\/\"}]}<\/script>\n<!-- \/ Yoast SEO plugin. -->","yoast_head_json":{"title":"Mateada cient\u00edfica sobre investigaci\u00f3n de fiordos y canales de la Regi\u00f3n. - Aysen","robots":{"index":"index","follow":"follow","max-snippet":"max-snippet:-1","max-image-preview":"max-image-preview:large","max-video-preview":"max-video-preview:-1"},"canonical":"https:\/\/dev.explora.cl\/aysen\/mateada-cientifica-sobre-investigacion-de-fiordos-y-canales-de-la-region\/","og_locale":"es_ES","og_type":"article","og_title":"Mateada cient\u00edfica sobre investigaci\u00f3n de fiordos y canales de la Regi\u00f3n. - Aysen","og_description":"Cerca de 25 asistentes concurrieron esta segunda sesi\u00f3n de Entre Mate y Ciencia, actividad organizada en conjunto por el Centro de Investigaci\u00f3n en Ecosistemas de la Patagonia &#8211; CIEP y el PAR Explora Regi\u00f3n de Ays\u00e9n ejecutado por el Campus Patagonia de la Universidad Austral de Chile. En esta oportunidad estuvo presente el Doctor en [&hellip;]","og_url":"https:\/\/dev.explora.cl\/aysen\/mateada-cientifica-sobre-investigacion-de-fiordos-y-canales-de-la-region\/","og_site_name":"Aysen","article_published_time":"2015-08-19T04:00:00+00:00","article_modified_time":"2019-05-20T21:21:32+00:00","og_image":[{"width":800,"height":533,"url":"https:\/\/dev.explora.cl\/aysen\/wp-content\/uploads\/sites\/18\/2018\/06\/c41a136becd97492537d794b131f5498.jpg","type":"image\/jpeg"}],"author":"webman","twitter_card":"summary_large_image","twitter_misc":{"Escrito por":"webman","Tiempo estimado de lectura":"2 minutos"},"schema":{"@context":"https:\/\/schema.org","@graph":[{"@type":"Article","@id":"https:\/\/dev.explora.cl\/aysen\/mateada-cientifica-sobre-investigacion-de-fiordos-y-canales-de-la-region\/#article","isPartOf":{"@id":"https:\/\/dev.explora.cl\/aysen\/mateada-cientifica-sobre-investigacion-de-fiordos-y-canales-de-la-region\/"},"author":{"name":"webman","@id":"https:\/\/dev.explora.cl\/aysen\/#\/schema\/person\/cb8349c13ea2d324080adf8480d7ba5d"},"headline":"Mateada cient\u00edfica sobre investigaci\u00f3n de fiordos y canales de la Regi\u00f3n.","datePublished":"2015-08-19T04:00:00+00:00","dateModified":"2019-05-20T21:21:32+00:00","mainEntityOfPage":{"@id":"https:\/\/dev.explora.cl\/aysen\/mateada-cientifica-sobre-investigacion-de-fiordos-y-canales-de-la-region\/"},"wordCount":374,"commentCount":0,"image":{"@id":"https:\/\/dev.explora.cl\/aysen\/mateada-cientifica-sobre-investigacion-de-fiordos-y-canales-de-la-region\/#primaryimage"},"thumbnailUrl":"https:\/\/dev.explora.cl\/aysen\/wp-content\/uploads\/sites\/18\/2018\/06\/c41a136becd97492537d794b131f5498.jpg","articleSection":["Noticias"],"inLanguage":"es-CL","potentialAction":[{"@type":"CommentAction","name":"Comment","target":["https:\/\/dev.explora.cl\/aysen\/mateada-cientifica-sobre-investigacion-de-fiordos-y-canales-de-la-region\/#respond"]}]},{"@type":"WebPage","@id":"https:\/\/dev.explora.cl\/aysen\/mateada-cientifica-sobre-investigacion-de-fiordos-y-canales-de-la-region\/","url":"https:\/\/dev.explora.cl\/aysen\/mateada-cientifica-sobre-investigacion-de-fiordos-y-canales-de-la-region\/","name":"Mateada cient\u00edfica sobre investigaci\u00f3n de fiordos y canales de la Regi\u00f3n. - Aysen","isPartOf":{"@id":"https:\/\/dev.explora.cl\/aysen\/#website"},"primaryImageOfPage":{"@id":"https:\/\/dev.explora.cl\/aysen\/mateada-cientifica-sobre-investigacion-de-fiordos-y-canales-de-la-region\/#primaryimage"},"image":{"@id":"https:\/\/dev.explora.cl\/aysen\/mateada-cientifica-sobre-investigacion-de-fiordos-y-canales-de-la-region\/#primaryimage"},"thumbnailUrl":"https:\/\/dev.explora.cl\/aysen\/wp-content\/uploads\/sites\/18\/2018\/06\/c41a136becd97492537d794b131f5498.jpg","datePublished":"2015-08-19T04:00:00+00:00","dateModified":"2019-05-20T21:21:32+00:00","author":{"@id":"https:\/\/dev.explora.cl\/aysen\/#\/schema\/person\/cb8349c13ea2d324080adf8480d7ba5d"},"breadcrumb":{"@id":"https:\/\/dev.explora.cl\/aysen\/mateada-cientifica-sobre-investigacion-de-fiordos-y-canales-de-la-region\/#breadcrumb"},"inLanguage":"es-CL","potentialAction":[{"@type":"ReadAction","target":["https:\/\/dev.explora.cl\/aysen\/mateada-cientifica-sobre-investigacion-de-fiordos-y-canales-de-la-region\/"]}]},{"@type":"ImageObject","inLanguage":"es-CL","@id":"https:\/\/dev.explora.cl\/aysen\/mateada-cientifica-sobre-investigacion-de-fiordos-y-canales-de-la-region\/#primaryimage","url":"https:\/\/dev.explora.cl\/aysen\/wp-content\/uploads\/sites\/18\/2018\/06\/c41a136becd97492537d794b131f5498.jpg","contentUrl":"https:\/\/dev.explora.cl\/aysen\/wp-content\/uploads\/sites\/18\/2018\/06\/c41a136becd97492537d794b131f5498.jpg","width":800,"height":533},{"@type":"BreadcrumbList","@id":"https:\/\/dev.explora.cl\/aysen\/mateada-cientifica-sobre-investigacion-de-fiordos-y-canales-de-la-region\/#breadcrumb","itemListElement":[{"@type":"ListItem","position":1,"name":"Portada","item":"https:\/\/dev.explora.cl\/aysen\/"},{"@type":"ListItem","position":2,"name":"Mateada cient\u00edfica sobre investigaci\u00f3n de fiordos y canales de la Regi\u00f3n."}]},{"@type":"WebSite","@id":"https:\/\/dev.explora.cl\/aysen\/#website","url":"https:\/\/dev.explora.cl\/aysen\/","name":"Aysen","description":"Otro sitio m\u00e1s de dev.explora.cl","potentialAction":[{"@type":"SearchAction","target":{"@type":"EntryPoint","urlTemplate":"https:\/\/dev.explora.cl\/aysen\/?s={search_term_string}"},"query-input":{"@type":"PropertyValueSpecification","valueRequired":true,"valueName":"search_term_string"}}],"inLanguage":"es-CL"},{"@type":"Person","@id":"https:\/\/dev.explora.cl\/aysen\/#\/schema\/person\/cb8349c13ea2d324080adf8480d7ba5d","name":"webman","image":{"@type":"ImageObject","inLanguage":"es-CL","@id":"https:\/\/dev.explora.cl\/aysen\/#\/schema\/person\/image\/","url":"https:\/\/secure.gravatar.com\/avatar\/eeff3c82f2c02f7177d13663b7e6f890e9a6a0647ce9bb29cae02dcb094c7312?s=96&d=mm&r=g","contentUrl":"https:\/\/secure.gravatar.com\/avatar\/eeff3c82f2c02f7177d13663b7e6f890e9a6a0647ce9bb29cae02dcb094c7312?s=96&d=mm&r=g","caption":"webman"},"url":"https:\/\/dev.explora.cl\/aysen\/author\/webman\/"}]}},"_links":{"self":[{"href":"https:\/\/dev.explora.cl\/aysen\/wp-json\/wp\/v2\/posts\/268","targetHints":{"allow":["GET"]}}],"collection":[{"href":"https:\/\/dev.explora.cl\/aysen\/wp-json\/wp\/v2\/posts"}],"about":[{"href":"https:\/\/dev.explora.cl\/aysen\/wp-json\/wp\/v2\/types\/post"}],"author":[{"embeddable":true,"href":"https:\/\/dev.explora.cl\/aysen\/wp-json\/wp\/v2\/users\/2"}],"replies":[{"embeddable":true,"href":"https:\/\/dev.explora.cl\/aysen\/wp-json\/wp\/v2\/comments?post=268"}],"version-history":[{"count":1,"href":"https:\/\/dev.explora.cl\/aysen\/wp-json\/wp\/v2\/posts\/268\/revisions"}],"predecessor-version":[{"id":37283,"href":"https:\/\/dev.explora.cl\/aysen\/wp-json\/wp\/v2\/posts\/268\/revisions\/37283"}],"wp:featuredmedia":[{"embeddable":true,"href":"https:\/\/dev.explora.cl\/aysen\/wp-json\/wp\/v2\/media\/269"}],"wp:attachment":[{"href":"https:\/\/dev.explora.cl\/aysen\/wp-json\/wp\/v2\/media?parent=268"}],"wp:term":[{"taxonomy":"category","embeddable":true,"href":"https:\/\/dev.explora.cl\/aysen\/wp-json\/wp\/v2\/categories?post=268"},{"taxonomy":"post_tag","embeddable":true,"href":"https:\/\/dev.explora.cl\/aysen\/wp-json\/wp\/v2\/tags?post=268"}],"curies":[{"name":"wp","href":"https:\/\/api.w.org\/{rel}","templated":true}]}}