{"id":266,"date":"2015-08-19T00:00:00","date_gmt":"2015-08-19T04:00:00","guid":{"rendered":"https:\/\/dev.explora.cl\/aysen\/blog\/2015\/08\/19\/par-explora-aysen-capacito-en-ciencias-a-educadoras-y-profesoras-de-la-region-de-aysen\/"},"modified":"2019-05-20T21:21:32","modified_gmt":"2019-05-20T21:21:32","slug":"par-explora-aysen-capacito-en-ciencias-a-educadoras-y-profesoras-de-la-region-de-aysen","status":"publish","type":"post","link":"https:\/\/dev.explora.cl\/aysen\/par-explora-aysen-capacito-en-ciencias-a-educadoras-y-profesoras-de-la-region-de-aysen\/","title":{"rendered":"PAR Explora Ays\u00e9n capacit\u00f3 en ciencias a educadoras y profesoras de la regi\u00f3n de Ays\u00e9n"},"content":{"rendered":"<p><img loading=\"lazy\" decoding=\"async\" class=\" size-full wp-image-13940\" src=\"http:\/\/ec2-34-218-253-251.us-west-2.compute.amazonaws.com\/wp-content\/uploads\/2015\/08\/39547fa70ac8f99431b0776366e3e3cf.jpg\" alt=\"\" width=\"2048\" height=\"1358\" \/><\/p>\n<p>El PAR Explora Regi\u00f3n de Ays\u00e9n, ejecutado por el Campus Patagonia de la Universidad Austral de Chile junto al CIEP, realiz\u00f3 la capacitaci\u00f3n a profesores y educadoras seleccionados para implementar el programa Tus Competencias en Ciencias (TCC) en sus escuelas y jardines, esta iniciativa se desarrolla por sexto a\u00f1o consecutivo en la regi\u00f3n de Ays\u00e9n pero por primera vez en la localidad de Puerto Guadal y que forma parte de un trabajo conjunto con Integra y Junji.<\/p>\n<p>La actividad convoc\u00f3 un total de 24 participantes, entre educadores, asistentes y profesores de Melinka, Cochrane, Puerto Ays\u00e9n, Ma\u00f1ihuales, Puerto Tranquilo, Puyuhuapi, Villa Cerro Castillo, Pto Iba\u00f1ez y Coyhaique<\/p>\n<p>Los profesores, educadoras y asistentes de educaci\u00f3n parvularia beneficiadas para implementar TCC este a\u00f1o se capacitaron durante dos dias para luego desarrollar talleres de ciencia en sus establecimientos, como parte de la implementaci\u00f3n se les entreg\u00f3 un kit de materiales y una carpeta metodol\u00f3gica para llevar a cabo las actividades, ademas de acceso a la comunidad virtual de TCC, espacio donde podr\u00e1n compartir experiencias con otros docentes y recibir la asesor\u00eda de un tutor.<\/p>\n<p>TCC es una propuesta metodol\u00f3gica para la valoraci\u00f3n de la ciencia, tecnolog\u00eda e innovaci\u00f3n, dise\u00f1ada por Explora CONICYT. A trav\u00e9s de esta iniciativa ni\u00f1as y ni\u00f1os tienen la oportunidad de participar en un proceso que les ense\u00f1a el valor de la ciencia y les permite desarrollar competencias para enfrentar los desaf\u00edos en ciencia, tecnolog\u00eda e innovaci\u00f3n.<\/p>\n<p>Roxana \u00c1guila, T\u00e9cnico en p\u00e1rvulo del Jard\u00edn Mi Baker de Cochrane, destac\u00f3 esta iniciativa en la que particip\u00f3 por primera vez. \u201cFue una experiencia s\u00faper agradable, hay temas como la ciencia que nosotros a veces no lo trabajamos porque lo vemos como algo complicado, pero al participar de esta capacitaci\u00f3n te das cuenta que con cosas muy simples puedes ense\u00f1ar ciencia a los ni\u00f1os\u201d.<\/p>\n<p>Marisol Barr\u00eda, Directora del PAR Explora Ays\u00e9n, hizo un balance positivo de la actividad, destac\u00f3 el compromiso de las y los participantes junto con relevar el trabajo realizado. \u201cEsta iniciativa permite desarrollar competencias en ciencia a los ni\u00f1os y ni\u00f1as en sus establecimientos educacionales, trabajamos durante los dos d\u00edas en torno al modelo TCC que promueve el desarrollo de habilidades en ciencias; a traves de los m\u00f3dulos te\u00f3ricos y pr\u00e1cticos, pudieron desarrollar actividades de aprendizaje, conocer la metodologia y generar redes de apoyo. Nos quedamos con la satisfacci\u00f3n de haber logrado el objetivo que es poner en valor el aprendizaje de la ciencia y el desarrollo de competencias en los ni\u00f1os y ni\u00f1as de la regi\u00f3n\u201d.<\/p>\n<p>A la fecha un total 2700 ni\u00f1os\/as, j\u00f3venes y 170 docentes y educadoras de p\u00e1rvulos se han beneficiados con TCC, llegando a todas las comunas de la Regi\u00f3n, fomentando el desarrollo de habilidades cient\u00edficas para: explorar hechos y fen\u00f3menos; analizar problemas; observar, recoger y analizar informaci\u00f3n relevante; utilizar diferentes m\u00e9todos de an\u00e1lisis; evaluar los m\u00e9todos y compartir los resultados.<\/p>\n<p>&nbsp;<\/p>\n","protected":false},"excerpt":{"rendered":"<p>El PAR Explora Regi\u00f3n de Ays\u00e9n, ejecutado por el Campus Patagonia de la Universidad Austral de Chile junto al CIEP, realiz\u00f3 la capacitaci\u00f3n a profesores y educadoras seleccionados para implementar el programa Tus Competencias en Ciencias (TCC) en sus escuelas y jardines, esta iniciativa se desarrolla por sexto a\u00f1o consecutivo en la regi\u00f3n de Ays\u00e9n [&hellip;]<\/p>\n","protected":false},"author":2,"featured_media":267,"comment_status":"open","ping_status":"open","sticky":false,"template":"","format":"standard","meta":{"_acf_changed":false,"_exactmetrics_skip_tracking":false,"_exactmetrics_sitenote_active":false,"_exactmetrics_sitenote_note":"","_exactmetrics_sitenote_category":0,"footnotes":"","_links_to":"","_links_to_target":""},"categories":[4],"tags":[],"class_list":["post-266","post","type-post","status-publish","format-standard","has-post-thumbnail","hentry","category-noticias"],"acf":[],"yoast_head":"<!-- This site is optimized with the Yoast SEO plugin v26.7 - https:\/\/yoast.com\/wordpress\/plugins\/seo\/ -->\n<title>PAR Explora Ays\u00e9n capacit\u00f3 en ciencias a educadoras y profesoras de la regi\u00f3n de Ays\u00e9n - Aysen<\/title>\n<meta name=\"robots\" content=\"index, follow, max-snippet:-1, max-image-preview:large, max-video-preview:-1\" \/>\n<link rel=\"canonical\" href=\"https:\/\/dev.explora.cl\/aysen\/par-explora-aysen-capacito-en-ciencias-a-educadoras-y-profesoras-de-la-region-de-aysen\/\" class=\"yoast-seo-meta-tag\" \/>\n<meta property=\"og:locale\" content=\"es_ES\" class=\"yoast-seo-meta-tag\" \/>\n<meta property=\"og:type\" content=\"article\" class=\"yoast-seo-meta-tag\" \/>\n<meta property=\"og:title\" content=\"PAR Explora Ays\u00e9n capacit\u00f3 en ciencias a educadoras y profesoras de la regi\u00f3n de Ays\u00e9n - Aysen\" class=\"yoast-seo-meta-tag\" \/>\n<meta property=\"og:description\" content=\"El PAR Explora Regi\u00f3n de Ays\u00e9n, ejecutado por el Campus Patagonia de la Universidad Austral de Chile junto al CIEP, realiz\u00f3 la capacitaci\u00f3n a profesores y educadoras seleccionados para implementar el programa Tus Competencias en Ciencias (TCC) en sus escuelas y jardines, esta iniciativa se desarrolla por sexto a\u00f1o consecutivo en la regi\u00f3n de Ays\u00e9n [&hellip;]\" class=\"yoast-seo-meta-tag\" \/>\n<meta property=\"og:url\" content=\"https:\/\/dev.explora.cl\/aysen\/par-explora-aysen-capacito-en-ciencias-a-educadoras-y-profesoras-de-la-region-de-aysen\/\" class=\"yoast-seo-meta-tag\" \/>\n<meta property=\"og:site_name\" content=\"Aysen\" class=\"yoast-seo-meta-tag\" \/>\n<meta property=\"article:published_time\" content=\"2015-08-19T04:00:00+00:00\" class=\"yoast-seo-meta-tag\" \/>\n<meta property=\"article:modified_time\" content=\"2019-05-20T21:21:32+00:00\" class=\"yoast-seo-meta-tag\" \/>\n<meta property=\"og:image\" content=\"https:\/\/dev.explora.cl\/aysen\/wp-content\/uploads\/sites\/18\/2018\/06\/39547fa70ac8f99431b0776366e3e3cf.jpg\" class=\"yoast-seo-meta-tag\" \/>\n\t<meta property=\"og:image:width\" content=\"2048\" class=\"yoast-seo-meta-tag\" \/>\n\t<meta property=\"og:image:height\" content=\"1358\" class=\"yoast-seo-meta-tag\" \/>\n\t<meta property=\"og:image:type\" content=\"image\/jpeg\" class=\"yoast-seo-meta-tag\" \/>\n<meta name=\"author\" content=\"webman\" class=\"yoast-seo-meta-tag\" \/>\n<meta name=\"twitter:card\" content=\"summary_large_image\" class=\"yoast-seo-meta-tag\" \/>\n<meta name=\"twitter:label1\" content=\"Escrito por\" class=\"yoast-seo-meta-tag\" \/>\n\t<meta name=\"twitter:data1\" content=\"webman\" class=\"yoast-seo-meta-tag\" \/>\n\t<meta name=\"twitter:label2\" content=\"Tiempo estimado de lectura\" class=\"yoast-seo-meta-tag\" \/>\n\t<meta name=\"twitter:data2\" content=\"3 minutos\" class=\"yoast-seo-meta-tag\" \/>\n<script type=\"application\/ld+json\" class=\"yoast-schema-graph\">{\"@context\":\"https:\/\/schema.org\",\"@graph\":[{\"@type\":\"Article\",\"@id\":\"https:\/\/dev.explora.cl\/aysen\/par-explora-aysen-capacito-en-ciencias-a-educadoras-y-profesoras-de-la-region-de-aysen\/#article\",\"isPartOf\":{\"@id\":\"https:\/\/dev.explora.cl\/aysen\/par-explora-aysen-capacito-en-ciencias-a-educadoras-y-profesoras-de-la-region-de-aysen\/\"},\"author\":{\"name\":\"webman\",\"@id\":\"https:\/\/dev.explora.cl\/aysen\/#\/schema\/person\/cb8349c13ea2d324080adf8480d7ba5d\"},\"headline\":\"PAR Explora Ays\u00e9n capacit\u00f3 en ciencias a educadoras y profesoras de la regi\u00f3n de Ays\u00e9n\",\"datePublished\":\"2015-08-19T04:00:00+00:00\",\"dateModified\":\"2019-05-20T21:21:32+00:00\",\"mainEntityOfPage\":{\"@id\":\"https:\/\/dev.explora.cl\/aysen\/par-explora-aysen-capacito-en-ciencias-a-educadoras-y-profesoras-de-la-region-de-aysen\/\"},\"wordCount\":548,\"commentCount\":0,\"image\":{\"@id\":\"https:\/\/dev.explora.cl\/aysen\/par-explora-aysen-capacito-en-ciencias-a-educadoras-y-profesoras-de-la-region-de-aysen\/#primaryimage\"},\"thumbnailUrl\":\"https:\/\/dev.explora.cl\/aysen\/wp-content\/uploads\/sites\/18\/2018\/06\/39547fa70ac8f99431b0776366e3e3cf.jpg\",\"articleSection\":[\"Noticias\"],\"inLanguage\":\"es-CL\",\"potentialAction\":[{\"@type\":\"CommentAction\",\"name\":\"Comment\",\"target\":[\"https:\/\/dev.explora.cl\/aysen\/par-explora-aysen-capacito-en-ciencias-a-educadoras-y-profesoras-de-la-region-de-aysen\/#respond\"]}]},{\"@type\":\"WebPage\",\"@id\":\"https:\/\/dev.explora.cl\/aysen\/par-explora-aysen-capacito-en-ciencias-a-educadoras-y-profesoras-de-la-region-de-aysen\/\",\"url\":\"https:\/\/dev.explora.cl\/aysen\/par-explora-aysen-capacito-en-ciencias-a-educadoras-y-profesoras-de-la-region-de-aysen\/\",\"name\":\"PAR Explora Ays\u00e9n capacit\u00f3 en ciencias a educadoras y profesoras de la regi\u00f3n de Ays\u00e9n - Aysen\",\"isPartOf\":{\"@id\":\"https:\/\/dev.explora.cl\/aysen\/#website\"},\"primaryImageOfPage\":{\"@id\":\"https:\/\/dev.explora.cl\/aysen\/par-explora-aysen-capacito-en-ciencias-a-educadoras-y-profesoras-de-la-region-de-aysen\/#primaryimage\"},\"image\":{\"@id\":\"https:\/\/dev.explora.cl\/aysen\/par-explora-aysen-capacito-en-ciencias-a-educadoras-y-profesoras-de-la-region-de-aysen\/#primaryimage\"},\"thumbnailUrl\":\"https:\/\/dev.explora.cl\/aysen\/wp-content\/uploads\/sites\/18\/2018\/06\/39547fa70ac8f99431b0776366e3e3cf.jpg\",\"datePublished\":\"2015-08-19T04:00:00+00:00\",\"dateModified\":\"2019-05-20T21:21:32+00:00\",\"author\":{\"@id\":\"https:\/\/dev.explora.cl\/aysen\/#\/schema\/person\/cb8349c13ea2d324080adf8480d7ba5d\"},\"breadcrumb\":{\"@id\":\"https:\/\/dev.explora.cl\/aysen\/par-explora-aysen-capacito-en-ciencias-a-educadoras-y-profesoras-de-la-region-de-aysen\/#breadcrumb\"},\"inLanguage\":\"es-CL\",\"potentialAction\":[{\"@type\":\"ReadAction\",\"target\":[\"https:\/\/dev.explora.cl\/aysen\/par-explora-aysen-capacito-en-ciencias-a-educadoras-y-profesoras-de-la-region-de-aysen\/\"]}]},{\"@type\":\"ImageObject\",\"inLanguage\":\"es-CL\",\"@id\":\"https:\/\/dev.explora.cl\/aysen\/par-explora-aysen-capacito-en-ciencias-a-educadoras-y-profesoras-de-la-region-de-aysen\/#primaryimage\",\"url\":\"https:\/\/dev.explora.cl\/aysen\/wp-content\/uploads\/sites\/18\/2018\/06\/39547fa70ac8f99431b0776366e3e3cf.jpg\",\"contentUrl\":\"https:\/\/dev.explora.cl\/aysen\/wp-content\/uploads\/sites\/18\/2018\/06\/39547fa70ac8f99431b0776366e3e3cf.jpg\",\"width\":2048,\"height\":1358},{\"@type\":\"BreadcrumbList\",\"@id\":\"https:\/\/dev.explora.cl\/aysen\/par-explora-aysen-capacito-en-ciencias-a-educadoras-y-profesoras-de-la-region-de-aysen\/#breadcrumb\",\"itemListElement\":[{\"@type\":\"ListItem\",\"position\":1,\"name\":\"Portada\",\"item\":\"https:\/\/dev.explora.cl\/aysen\/\"},{\"@type\":\"ListItem\",\"position\":2,\"name\":\"PAR Explora Ays\u00e9n capacit\u00f3 en ciencias a educadoras y profesoras de la regi\u00f3n de Ays\u00e9n\"}]},{\"@type\":\"WebSite\",\"@id\":\"https:\/\/dev.explora.cl\/aysen\/#website\",\"url\":\"https:\/\/dev.explora.cl\/aysen\/\",\"name\":\"Aysen\",\"description\":\"Otro sitio m\u00e1s de dev.explora.cl\",\"potentialAction\":[{\"@type\":\"SearchAction\",\"target\":{\"@type\":\"EntryPoint\",\"urlTemplate\":\"https:\/\/dev.explora.cl\/aysen\/?s={search_term_string}\"},\"query-input\":{\"@type\":\"PropertyValueSpecification\",\"valueRequired\":true,\"valueName\":\"search_term_string\"}}],\"inLanguage\":\"es-CL\"},{\"@type\":\"Person\",\"@id\":\"https:\/\/dev.explora.cl\/aysen\/#\/schema\/person\/cb8349c13ea2d324080adf8480d7ba5d\",\"name\":\"webman\",\"image\":{\"@type\":\"ImageObject\",\"inLanguage\":\"es-CL\",\"@id\":\"https:\/\/dev.explora.cl\/aysen\/#\/schema\/person\/image\/\",\"url\":\"https:\/\/secure.gravatar.com\/avatar\/eeff3c82f2c02f7177d13663b7e6f890e9a6a0647ce9bb29cae02dcb094c7312?s=96&d=mm&r=g\",\"contentUrl\":\"https:\/\/secure.gravatar.com\/avatar\/eeff3c82f2c02f7177d13663b7e6f890e9a6a0647ce9bb29cae02dcb094c7312?s=96&d=mm&r=g\",\"caption\":\"webman\"},\"url\":\"https:\/\/dev.explora.cl\/aysen\/author\/webman\/\"}]}<\/script>\n<!-- \/ Yoast SEO plugin. -->","yoast_head_json":{"title":"PAR Explora Ays\u00e9n capacit\u00f3 en ciencias a educadoras y profesoras de la regi\u00f3n de Ays\u00e9n - Aysen","robots":{"index":"index","follow":"follow","max-snippet":"max-snippet:-1","max-image-preview":"max-image-preview:large","max-video-preview":"max-video-preview:-1"},"canonical":"https:\/\/dev.explora.cl\/aysen\/par-explora-aysen-capacito-en-ciencias-a-educadoras-y-profesoras-de-la-region-de-aysen\/","og_locale":"es_ES","og_type":"article","og_title":"PAR Explora Ays\u00e9n capacit\u00f3 en ciencias a educadoras y profesoras de la regi\u00f3n de Ays\u00e9n - Aysen","og_description":"El PAR Explora Regi\u00f3n de Ays\u00e9n, ejecutado por el Campus Patagonia de la Universidad Austral de Chile junto al CIEP, realiz\u00f3 la capacitaci\u00f3n a profesores y educadoras seleccionados para implementar el programa Tus Competencias en Ciencias (TCC) en sus escuelas y jardines, esta iniciativa se desarrolla por sexto a\u00f1o consecutivo en la regi\u00f3n de Ays\u00e9n [&hellip;]","og_url":"https:\/\/dev.explora.cl\/aysen\/par-explora-aysen-capacito-en-ciencias-a-educadoras-y-profesoras-de-la-region-de-aysen\/","og_site_name":"Aysen","article_published_time":"2015-08-19T04:00:00+00:00","article_modified_time":"2019-05-20T21:21:32+00:00","og_image":[{"width":2048,"height":1358,"url":"https:\/\/dev.explora.cl\/aysen\/wp-content\/uploads\/sites\/18\/2018\/06\/39547fa70ac8f99431b0776366e3e3cf.jpg","type":"image\/jpeg"}],"author":"webman","twitter_card":"summary_large_image","twitter_misc":{"Escrito por":"webman","Tiempo estimado de lectura":"3 minutos"},"schema":{"@context":"https:\/\/schema.org","@graph":[{"@type":"Article","@id":"https:\/\/dev.explora.cl\/aysen\/par-explora-aysen-capacito-en-ciencias-a-educadoras-y-profesoras-de-la-region-de-aysen\/#article","isPartOf":{"@id":"https:\/\/dev.explora.cl\/aysen\/par-explora-aysen-capacito-en-ciencias-a-educadoras-y-profesoras-de-la-region-de-aysen\/"},"author":{"name":"webman","@id":"https:\/\/dev.explora.cl\/aysen\/#\/schema\/person\/cb8349c13ea2d324080adf8480d7ba5d"},"headline":"PAR Explora Ays\u00e9n capacit\u00f3 en ciencias a educadoras y profesoras de la regi\u00f3n de Ays\u00e9n","datePublished":"2015-08-19T04:00:00+00:00","dateModified":"2019-05-20T21:21:32+00:00","mainEntityOfPage":{"@id":"https:\/\/dev.explora.cl\/aysen\/par-explora-aysen-capacito-en-ciencias-a-educadoras-y-profesoras-de-la-region-de-aysen\/"},"wordCount":548,"commentCount":0,"image":{"@id":"https:\/\/dev.explora.cl\/aysen\/par-explora-aysen-capacito-en-ciencias-a-educadoras-y-profesoras-de-la-region-de-aysen\/#primaryimage"},"thumbnailUrl":"https:\/\/dev.explora.cl\/aysen\/wp-content\/uploads\/sites\/18\/2018\/06\/39547fa70ac8f99431b0776366e3e3cf.jpg","articleSection":["Noticias"],"inLanguage":"es-CL","potentialAction":[{"@type":"CommentAction","name":"Comment","target":["https:\/\/dev.explora.cl\/aysen\/par-explora-aysen-capacito-en-ciencias-a-educadoras-y-profesoras-de-la-region-de-aysen\/#respond"]}]},{"@type":"WebPage","@id":"https:\/\/dev.explora.cl\/aysen\/par-explora-aysen-capacito-en-ciencias-a-educadoras-y-profesoras-de-la-region-de-aysen\/","url":"https:\/\/dev.explora.cl\/aysen\/par-explora-aysen-capacito-en-ciencias-a-educadoras-y-profesoras-de-la-region-de-aysen\/","name":"PAR Explora Ays\u00e9n capacit\u00f3 en ciencias a educadoras y profesoras de la regi\u00f3n de Ays\u00e9n - Aysen","isPartOf":{"@id":"https:\/\/dev.explora.cl\/aysen\/#website"},"primaryImageOfPage":{"@id":"https:\/\/dev.explora.cl\/aysen\/par-explora-aysen-capacito-en-ciencias-a-educadoras-y-profesoras-de-la-region-de-aysen\/#primaryimage"},"image":{"@id":"https:\/\/dev.explora.cl\/aysen\/par-explora-aysen-capacito-en-ciencias-a-educadoras-y-profesoras-de-la-region-de-aysen\/#primaryimage"},"thumbnailUrl":"https:\/\/dev.explora.cl\/aysen\/wp-content\/uploads\/sites\/18\/2018\/06\/39547fa70ac8f99431b0776366e3e3cf.jpg","datePublished":"2015-08-19T04:00:00+00:00","dateModified":"2019-05-20T21:21:32+00:00","author":{"@id":"https:\/\/dev.explora.cl\/aysen\/#\/schema\/person\/cb8349c13ea2d324080adf8480d7ba5d"},"breadcrumb":{"@id":"https:\/\/dev.explora.cl\/aysen\/par-explora-aysen-capacito-en-ciencias-a-educadoras-y-profesoras-de-la-region-de-aysen\/#breadcrumb"},"inLanguage":"es-CL","potentialAction":[{"@type":"ReadAction","target":["https:\/\/dev.explora.cl\/aysen\/par-explora-aysen-capacito-en-ciencias-a-educadoras-y-profesoras-de-la-region-de-aysen\/"]}]},{"@type":"ImageObject","inLanguage":"es-CL","@id":"https:\/\/dev.explora.cl\/aysen\/par-explora-aysen-capacito-en-ciencias-a-educadoras-y-profesoras-de-la-region-de-aysen\/#primaryimage","url":"https:\/\/dev.explora.cl\/aysen\/wp-content\/uploads\/sites\/18\/2018\/06\/39547fa70ac8f99431b0776366e3e3cf.jpg","contentUrl":"https:\/\/dev.explora.cl\/aysen\/wp-content\/uploads\/sites\/18\/2018\/06\/39547fa70ac8f99431b0776366e3e3cf.jpg","width":2048,"height":1358},{"@type":"BreadcrumbList","@id":"https:\/\/dev.explora.cl\/aysen\/par-explora-aysen-capacito-en-ciencias-a-educadoras-y-profesoras-de-la-region-de-aysen\/#breadcrumb","itemListElement":[{"@type":"ListItem","position":1,"name":"Portada","item":"https:\/\/dev.explora.cl\/aysen\/"},{"@type":"ListItem","position":2,"name":"PAR Explora Ays\u00e9n capacit\u00f3 en ciencias a educadoras y profesoras de la regi\u00f3n de Ays\u00e9n"}]},{"@type":"WebSite","@id":"https:\/\/dev.explora.cl\/aysen\/#website","url":"https:\/\/dev.explora.cl\/aysen\/","name":"Aysen","description":"Otro sitio m\u00e1s de dev.explora.cl","potentialAction":[{"@type":"SearchAction","target":{"@type":"EntryPoint","urlTemplate":"https:\/\/dev.explora.cl\/aysen\/?s={search_term_string}"},"query-input":{"@type":"PropertyValueSpecification","valueRequired":true,"valueName":"search_term_string"}}],"inLanguage":"es-CL"},{"@type":"Person","@id":"https:\/\/dev.explora.cl\/aysen\/#\/schema\/person\/cb8349c13ea2d324080adf8480d7ba5d","name":"webman","image":{"@type":"ImageObject","inLanguage":"es-CL","@id":"https:\/\/dev.explora.cl\/aysen\/#\/schema\/person\/image\/","url":"https:\/\/secure.gravatar.com\/avatar\/eeff3c82f2c02f7177d13663b7e6f890e9a6a0647ce9bb29cae02dcb094c7312?s=96&d=mm&r=g","contentUrl":"https:\/\/secure.gravatar.com\/avatar\/eeff3c82f2c02f7177d13663b7e6f890e9a6a0647ce9bb29cae02dcb094c7312?s=96&d=mm&r=g","caption":"webman"},"url":"https:\/\/dev.explora.cl\/aysen\/author\/webman\/"}]}},"_links":{"self":[{"href":"https:\/\/dev.explora.cl\/aysen\/wp-json\/wp\/v2\/posts\/266","targetHints":{"allow":["GET"]}}],"collection":[{"href":"https:\/\/dev.explora.cl\/aysen\/wp-json\/wp\/v2\/posts"}],"about":[{"href":"https:\/\/dev.explora.cl\/aysen\/wp-json\/wp\/v2\/types\/post"}],"author":[{"embeddable":true,"href":"https:\/\/dev.explora.cl\/aysen\/wp-json\/wp\/v2\/users\/2"}],"replies":[{"embeddable":true,"href":"https:\/\/dev.explora.cl\/aysen\/wp-json\/wp\/v2\/comments?post=266"}],"version-history":[{"count":1,"href":"https:\/\/dev.explora.cl\/aysen\/wp-json\/wp\/v2\/posts\/266\/revisions"}],"predecessor-version":[{"id":37282,"href":"https:\/\/dev.explora.cl\/aysen\/wp-json\/wp\/v2\/posts\/266\/revisions\/37282"}],"wp:featuredmedia":[{"embeddable":true,"href":"https:\/\/dev.explora.cl\/aysen\/wp-json\/wp\/v2\/media\/267"}],"wp:attachment":[{"href":"https:\/\/dev.explora.cl\/aysen\/wp-json\/wp\/v2\/media?parent=266"}],"wp:term":[{"taxonomy":"category","embeddable":true,"href":"https:\/\/dev.explora.cl\/aysen\/wp-json\/wp\/v2\/categories?post=266"},{"taxonomy":"post_tag","embeddable":true,"href":"https:\/\/dev.explora.cl\/aysen\/wp-json\/wp\/v2\/tags?post=266"}],"curies":[{"name":"wp","href":"https:\/\/api.w.org\/{rel}","templated":true}]}}