{"id":262,"date":"2015-08-13T00:00:00","date_gmt":"2015-08-13T04:00:00","guid":{"rendered":"https:\/\/dev.explora.cl\/aysen\/blog\/2015\/08\/13\/club-de-ciencias-de-villa-o-higgins-viajo-a-pasantia-en-iquique\/"},"modified":"2019-05-20T21:21:33","modified_gmt":"2019-05-20T21:21:33","slug":"club-de-ciencias-de-villa-o-higgins-viajo-a-pasantia-en-iquique","status":"publish","type":"post","link":"https:\/\/dev.explora.cl\/aysen\/club-de-ciencias-de-villa-o-higgins-viajo-a-pasantia-en-iquique\/","title":{"rendered":"Estudiantes de Villa O\u2019Higgins ganadores del Congreso Nacional viajaron a pasant\u00eda en Iquique"},"content":{"rendered":"<p><img loading=\"lazy\" decoding=\"async\" class=\" size-full wp-image-13821\" src=\"http:\/\/ec2-34-218-253-251.us-west-2.compute.amazonaws.com\/wp-content\/uploads\/2015\/08\/d5c23e4072dad16f0fc4139ee6073e36.jpg\" alt=\"\" width=\"800\" height=\"533\" \/><\/p>\n<p>El PAR Explora Ays\u00e9n, ejecutado por el Campus Patagonia de la Universidad Austral de Chile junto al CIEP, ya est\u00e1 preparando todos los detalles para el X Congreso Regional de Ciencia y Tecnolog\u00eda Explora CONICYT Regi\u00f3n de Ays\u00e9n que se realiza todos los a\u00f1os a fines de octubre.<\/p>\n<p>Los proyectos que resulten ganadores de este certamen viajar\u00e1n a representar a la regi\u00f3n de Ays\u00e9n en Santiago donde, a fines de noviembre, se realizar\u00e1 el XVI Congreso Nacional Escolar de Ciencia y Tecnolog\u00eda Explora CONICYT.<\/p>\n<p>Recientemente Catalina Paz Silva D\u00edaz y Noelia Andrea Barrientos Henr\u00edquez junto al profesor Luis L\u00f3pez Saravia, quienes obtuvieron el primer lugar en la categor\u00eda \u201cCiencia Educaci\u00f3n B\u00e1sica\u201d por su trabajo \u201cDescripci\u00f3n y Cuantificaci\u00f3n de las Comunidades de Microalgas del Lago O\u2019Higgins\u201d, viajaron a una pasant\u00eda de 4 d\u00edas en el Centro de Investigaci\u00f3n y Desarrollo en Recursos H\u00eddricos en Iquique.<\/p>\n<p>Nos comunicamos con el profesor Luis L\u00f3pez de la Escuela Pioneros del Sur de Villa O\u2019Higgins, quien nos coment\u00f3 el itinerario que cumplieron en este intenso viaje que realiz\u00f3 junto a Catalina y Noelia a Iquique. \u201cFueron d\u00edas llenos de actividades guiadas por el CIDERH (Centro de Investigaci\u00f3n en Recursos H\u00eddricos) donde nos hicieron un tour por los lugares que tiene problemas de agua como los Salares de Llamara y Pintado, tambi\u00e9n fuimos al centro universitario donde se est\u00e1n haciendo estudios de crecimiento de plantas con aguas recicladas, fuimos a una piscicultura, visitamos el Valle de Pica para conocer lo que se est\u00e1 haciendo con las plantaciones de frutos usando las aguas de napas subterr\u00e1neas y fuimos a un centro de investigaci\u00f3n que est\u00e1 en el desierto que pertenece al mismo instituto donde se est\u00e1 usando aguas servidas para regar invernaderos.\u201d<\/p>\n<p>\u201cYo vi a las chicas muy participativas y curiosas en todas las actividades, el itinerario ten\u00eda mucha relaci\u00f3n con el proyecto que hicimos, as\u00ed que ellas se sent\u00edan muy representadas con todo lo que se les estaban mostrando, incluso pedimos m\u00e1s actividades porque de repente los temas que nos iban explicando se iban conectando con lo que nosotros hab\u00edamos investigado, entonces las chicas empezaron a buscar asociaciones as\u00ed que hicieron algunos cambios en el programa y nos llevaron por ejemplo a un departamento de microalgas que ten\u00edan en el instituto. Las chicas salieron bien contentas porque todos esos datos que recolectaron los podremos ocupar en el nuevo proyecto que se nos viene\u201d.<\/p>\n<p>\u201cQuiero invitar cordial y encarecidamente a todos los grupos que tengan alguna idea, por muy b\u00e1sica que les parezca, a trabajarla con sus profesores, a hacerse preguntas y tratar de resolverlas. En Coyhaique est\u00e1 el CIEP ellos son muy abiertos a ayudar a todas las escuelas, en caso de que les falte gu\u00eda cient\u00edfica, ah\u00ed hay doctores que los pueden ayudar, trabajen las ideas, si no pueden presentarlas este a\u00f1o puede ser el pr\u00f3ximo, sean pacientes pero h\u00e1ganlo porque en la regi\u00f3n de Ays\u00e9n hay muchas ideas que no se est\u00e1n tratando porque los lugares son lejanos y aislados, y a veces los cient\u00edficos no pueden ir y no hay nada mejor que la escuela rural que est\u00e1 ah\u00ed en el momento o los liceos que tienen al alcance de la mano la recolecci\u00f3n de los datos. Ays\u00e9n es un lugar privilegiado para hacer estudios y m\u00e1s que los datos y el trabajo en s\u00ed, lo que hace ganar a los proyectos es una buena presentaci\u00f3n, innovadora, donde se proyecte lo que uno est\u00e1 haciendo y poder responder a las preguntas con inter\u00e9s&#8221;.<\/p>\n<p>&nbsp;<\/p>\n","protected":false},"excerpt":{"rendered":"<p>El PAR Explora Ays\u00e9n, ejecutado por el Campus Patagonia de la Universidad Austral de Chile junto al CIEP, ya est\u00e1 preparando todos los detalles para el X Congreso Regional de Ciencia y Tecnolog\u00eda Explora CONICYT Regi\u00f3n de Ays\u00e9n que se realiza todos los a\u00f1os a fines de octubre. Los proyectos que resulten ganadores de este [&hellip;]<\/p>\n","protected":false},"author":2,"featured_media":263,"comment_status":"open","ping_status":"open","sticky":false,"template":"","format":"standard","meta":{"_acf_changed":false,"_exactmetrics_skip_tracking":false,"_exactmetrics_sitenote_active":false,"_exactmetrics_sitenote_note":"","_exactmetrics_sitenote_category":0,"footnotes":"","_links_to":"","_links_to_target":""},"categories":[4],"tags":[],"class_list":["post-262","post","type-post","status-publish","format-standard","has-post-thumbnail","hentry","category-noticias"],"acf":[],"yoast_head":"<!-- This site is optimized with the Yoast SEO plugin v26.7 - https:\/\/yoast.com\/wordpress\/plugins\/seo\/ -->\n<title>Estudiantes de Villa O\u2019Higgins ganadores del Congreso Nacional viajaron a pasant\u00eda en Iquique - Aysen<\/title>\n<meta name=\"robots\" content=\"index, follow, max-snippet:-1, max-image-preview:large, max-video-preview:-1\" \/>\n<link rel=\"canonical\" href=\"https:\/\/dev.explora.cl\/aysen\/club-de-ciencias-de-villa-o-higgins-viajo-a-pasantia-en-iquique\/\" class=\"yoast-seo-meta-tag\" \/>\n<meta property=\"og:locale\" content=\"es_ES\" class=\"yoast-seo-meta-tag\" \/>\n<meta property=\"og:type\" content=\"article\" class=\"yoast-seo-meta-tag\" \/>\n<meta property=\"og:title\" content=\"Estudiantes de Villa O\u2019Higgins ganadores del Congreso Nacional viajaron a pasant\u00eda en Iquique - Aysen\" class=\"yoast-seo-meta-tag\" \/>\n<meta property=\"og:description\" content=\"El PAR Explora Ays\u00e9n, ejecutado por el Campus Patagonia de la Universidad Austral de Chile junto al CIEP, ya est\u00e1 preparando todos los detalles para el X Congreso Regional de Ciencia y Tecnolog\u00eda Explora CONICYT Regi\u00f3n de Ays\u00e9n que se realiza todos los a\u00f1os a fines de octubre. Los proyectos que resulten ganadores de este [&hellip;]\" class=\"yoast-seo-meta-tag\" \/>\n<meta property=\"og:url\" content=\"https:\/\/dev.explora.cl\/aysen\/club-de-ciencias-de-villa-o-higgins-viajo-a-pasantia-en-iquique\/\" class=\"yoast-seo-meta-tag\" \/>\n<meta property=\"og:site_name\" content=\"Aysen\" class=\"yoast-seo-meta-tag\" \/>\n<meta property=\"article:published_time\" content=\"2015-08-13T04:00:00+00:00\" class=\"yoast-seo-meta-tag\" \/>\n<meta property=\"article:modified_time\" content=\"2019-05-20T21:21:33+00:00\" class=\"yoast-seo-meta-tag\" \/>\n<meta property=\"og:image\" content=\"https:\/\/dev.explora.cl\/aysen\/wp-content\/uploads\/sites\/18\/2018\/06\/d5c23e4072dad16f0fc4139ee6073e36.jpg\" class=\"yoast-seo-meta-tag\" \/>\n\t<meta property=\"og:image:width\" content=\"800\" class=\"yoast-seo-meta-tag\" \/>\n\t<meta property=\"og:image:height\" content=\"533\" class=\"yoast-seo-meta-tag\" \/>\n\t<meta property=\"og:image:type\" content=\"image\/jpeg\" class=\"yoast-seo-meta-tag\" \/>\n<meta name=\"author\" content=\"webman\" class=\"yoast-seo-meta-tag\" \/>\n<meta name=\"twitter:card\" content=\"summary_large_image\" class=\"yoast-seo-meta-tag\" \/>\n<meta name=\"twitter:label1\" content=\"Escrito por\" class=\"yoast-seo-meta-tag\" \/>\n\t<meta name=\"twitter:data1\" content=\"webman\" class=\"yoast-seo-meta-tag\" \/>\n\t<meta name=\"twitter:label2\" content=\"Tiempo estimado de lectura\" class=\"yoast-seo-meta-tag\" \/>\n\t<meta name=\"twitter:data2\" content=\"3 minutos\" class=\"yoast-seo-meta-tag\" \/>\n<script type=\"application\/ld+json\" class=\"yoast-schema-graph\">{\"@context\":\"https:\/\/schema.org\",\"@graph\":[{\"@type\":\"Article\",\"@id\":\"https:\/\/dev.explora.cl\/aysen\/club-de-ciencias-de-villa-o-higgins-viajo-a-pasantia-en-iquique\/#article\",\"isPartOf\":{\"@id\":\"https:\/\/dev.explora.cl\/aysen\/club-de-ciencias-de-villa-o-higgins-viajo-a-pasantia-en-iquique\/\"},\"author\":{\"name\":\"webman\",\"@id\":\"https:\/\/dev.explora.cl\/aysen\/#\/schema\/person\/cb8349c13ea2d324080adf8480d7ba5d\"},\"headline\":\"Estudiantes de Villa O\u2019Higgins ganadores del Congreso Nacional viajaron a pasant\u00eda en Iquique\",\"datePublished\":\"2015-08-13T04:00:00+00:00\",\"dateModified\":\"2019-05-20T21:21:33+00:00\",\"mainEntityOfPage\":{\"@id\":\"https:\/\/dev.explora.cl\/aysen\/club-de-ciencias-de-villa-o-higgins-viajo-a-pasantia-en-iquique\/\"},\"wordCount\":647,\"commentCount\":0,\"image\":{\"@id\":\"https:\/\/dev.explora.cl\/aysen\/club-de-ciencias-de-villa-o-higgins-viajo-a-pasantia-en-iquique\/#primaryimage\"},\"thumbnailUrl\":\"https:\/\/dev.explora.cl\/aysen\/wp-content\/uploads\/sites\/18\/2018\/06\/d5c23e4072dad16f0fc4139ee6073e36.jpg\",\"articleSection\":[\"Noticias\"],\"inLanguage\":\"es-CL\",\"potentialAction\":[{\"@type\":\"CommentAction\",\"name\":\"Comment\",\"target\":[\"https:\/\/dev.explora.cl\/aysen\/club-de-ciencias-de-villa-o-higgins-viajo-a-pasantia-en-iquique\/#respond\"]}]},{\"@type\":\"WebPage\",\"@id\":\"https:\/\/dev.explora.cl\/aysen\/club-de-ciencias-de-villa-o-higgins-viajo-a-pasantia-en-iquique\/\",\"url\":\"https:\/\/dev.explora.cl\/aysen\/club-de-ciencias-de-villa-o-higgins-viajo-a-pasantia-en-iquique\/\",\"name\":\"Estudiantes de Villa O\u2019Higgins ganadores del Congreso Nacional viajaron a pasant\u00eda en Iquique - Aysen\",\"isPartOf\":{\"@id\":\"https:\/\/dev.explora.cl\/aysen\/#website\"},\"primaryImageOfPage\":{\"@id\":\"https:\/\/dev.explora.cl\/aysen\/club-de-ciencias-de-villa-o-higgins-viajo-a-pasantia-en-iquique\/#primaryimage\"},\"image\":{\"@id\":\"https:\/\/dev.explora.cl\/aysen\/club-de-ciencias-de-villa-o-higgins-viajo-a-pasantia-en-iquique\/#primaryimage\"},\"thumbnailUrl\":\"https:\/\/dev.explora.cl\/aysen\/wp-content\/uploads\/sites\/18\/2018\/06\/d5c23e4072dad16f0fc4139ee6073e36.jpg\",\"datePublished\":\"2015-08-13T04:00:00+00:00\",\"dateModified\":\"2019-05-20T21:21:33+00:00\",\"author\":{\"@id\":\"https:\/\/dev.explora.cl\/aysen\/#\/schema\/person\/cb8349c13ea2d324080adf8480d7ba5d\"},\"breadcrumb\":{\"@id\":\"https:\/\/dev.explora.cl\/aysen\/club-de-ciencias-de-villa-o-higgins-viajo-a-pasantia-en-iquique\/#breadcrumb\"},\"inLanguage\":\"es-CL\",\"potentialAction\":[{\"@type\":\"ReadAction\",\"target\":[\"https:\/\/dev.explora.cl\/aysen\/club-de-ciencias-de-villa-o-higgins-viajo-a-pasantia-en-iquique\/\"]}]},{\"@type\":\"ImageObject\",\"inLanguage\":\"es-CL\",\"@id\":\"https:\/\/dev.explora.cl\/aysen\/club-de-ciencias-de-villa-o-higgins-viajo-a-pasantia-en-iquique\/#primaryimage\",\"url\":\"https:\/\/dev.explora.cl\/aysen\/wp-content\/uploads\/sites\/18\/2018\/06\/d5c23e4072dad16f0fc4139ee6073e36.jpg\",\"contentUrl\":\"https:\/\/dev.explora.cl\/aysen\/wp-content\/uploads\/sites\/18\/2018\/06\/d5c23e4072dad16f0fc4139ee6073e36.jpg\",\"width\":800,\"height\":533},{\"@type\":\"BreadcrumbList\",\"@id\":\"https:\/\/dev.explora.cl\/aysen\/club-de-ciencias-de-villa-o-higgins-viajo-a-pasantia-en-iquique\/#breadcrumb\",\"itemListElement\":[{\"@type\":\"ListItem\",\"position\":1,\"name\":\"Portada\",\"item\":\"https:\/\/dev.explora.cl\/aysen\/\"},{\"@type\":\"ListItem\",\"position\":2,\"name\":\"Estudiantes de Villa O\u2019Higgins ganadores del Congreso Nacional viajaron a pasant\u00eda en Iquique\"}]},{\"@type\":\"WebSite\",\"@id\":\"https:\/\/dev.explora.cl\/aysen\/#website\",\"url\":\"https:\/\/dev.explora.cl\/aysen\/\",\"name\":\"Aysen\",\"description\":\"Otro sitio m\u00e1s de dev.explora.cl\",\"potentialAction\":[{\"@type\":\"SearchAction\",\"target\":{\"@type\":\"EntryPoint\",\"urlTemplate\":\"https:\/\/dev.explora.cl\/aysen\/?s={search_term_string}\"},\"query-input\":{\"@type\":\"PropertyValueSpecification\",\"valueRequired\":true,\"valueName\":\"search_term_string\"}}],\"inLanguage\":\"es-CL\"},{\"@type\":\"Person\",\"@id\":\"https:\/\/dev.explora.cl\/aysen\/#\/schema\/person\/cb8349c13ea2d324080adf8480d7ba5d\",\"name\":\"webman\",\"image\":{\"@type\":\"ImageObject\",\"inLanguage\":\"es-CL\",\"@id\":\"https:\/\/dev.explora.cl\/aysen\/#\/schema\/person\/image\/\",\"url\":\"https:\/\/secure.gravatar.com\/avatar\/eeff3c82f2c02f7177d13663b7e6f890e9a6a0647ce9bb29cae02dcb094c7312?s=96&d=mm&r=g\",\"contentUrl\":\"https:\/\/secure.gravatar.com\/avatar\/eeff3c82f2c02f7177d13663b7e6f890e9a6a0647ce9bb29cae02dcb094c7312?s=96&d=mm&r=g\",\"caption\":\"webman\"},\"url\":\"https:\/\/dev.explora.cl\/aysen\/author\/webman\/\"}]}<\/script>\n<!-- \/ Yoast SEO plugin. -->","yoast_head_json":{"title":"Estudiantes de Villa O\u2019Higgins ganadores del Congreso Nacional viajaron a pasant\u00eda en Iquique - Aysen","robots":{"index":"index","follow":"follow","max-snippet":"max-snippet:-1","max-image-preview":"max-image-preview:large","max-video-preview":"max-video-preview:-1"},"canonical":"https:\/\/dev.explora.cl\/aysen\/club-de-ciencias-de-villa-o-higgins-viajo-a-pasantia-en-iquique\/","og_locale":"es_ES","og_type":"article","og_title":"Estudiantes de Villa O\u2019Higgins ganadores del Congreso Nacional viajaron a pasant\u00eda en Iquique - Aysen","og_description":"El PAR Explora Ays\u00e9n, ejecutado por el Campus Patagonia de la Universidad Austral de Chile junto al CIEP, ya est\u00e1 preparando todos los detalles para el X Congreso Regional de Ciencia y Tecnolog\u00eda Explora CONICYT Regi\u00f3n de Ays\u00e9n que se realiza todos los a\u00f1os a fines de octubre. Los proyectos que resulten ganadores de este [&hellip;]","og_url":"https:\/\/dev.explora.cl\/aysen\/club-de-ciencias-de-villa-o-higgins-viajo-a-pasantia-en-iquique\/","og_site_name":"Aysen","article_published_time":"2015-08-13T04:00:00+00:00","article_modified_time":"2019-05-20T21:21:33+00:00","og_image":[{"width":800,"height":533,"url":"https:\/\/dev.explora.cl\/aysen\/wp-content\/uploads\/sites\/18\/2018\/06\/d5c23e4072dad16f0fc4139ee6073e36.jpg","type":"image\/jpeg"}],"author":"webman","twitter_card":"summary_large_image","twitter_misc":{"Escrito por":"webman","Tiempo estimado de lectura":"3 minutos"},"schema":{"@context":"https:\/\/schema.org","@graph":[{"@type":"Article","@id":"https:\/\/dev.explora.cl\/aysen\/club-de-ciencias-de-villa-o-higgins-viajo-a-pasantia-en-iquique\/#article","isPartOf":{"@id":"https:\/\/dev.explora.cl\/aysen\/club-de-ciencias-de-villa-o-higgins-viajo-a-pasantia-en-iquique\/"},"author":{"name":"webman","@id":"https:\/\/dev.explora.cl\/aysen\/#\/schema\/person\/cb8349c13ea2d324080adf8480d7ba5d"},"headline":"Estudiantes de Villa O\u2019Higgins ganadores del Congreso Nacional viajaron a pasant\u00eda en Iquique","datePublished":"2015-08-13T04:00:00+00:00","dateModified":"2019-05-20T21:21:33+00:00","mainEntityOfPage":{"@id":"https:\/\/dev.explora.cl\/aysen\/club-de-ciencias-de-villa-o-higgins-viajo-a-pasantia-en-iquique\/"},"wordCount":647,"commentCount":0,"image":{"@id":"https:\/\/dev.explora.cl\/aysen\/club-de-ciencias-de-villa-o-higgins-viajo-a-pasantia-en-iquique\/#primaryimage"},"thumbnailUrl":"https:\/\/dev.explora.cl\/aysen\/wp-content\/uploads\/sites\/18\/2018\/06\/d5c23e4072dad16f0fc4139ee6073e36.jpg","articleSection":["Noticias"],"inLanguage":"es-CL","potentialAction":[{"@type":"CommentAction","name":"Comment","target":["https:\/\/dev.explora.cl\/aysen\/club-de-ciencias-de-villa-o-higgins-viajo-a-pasantia-en-iquique\/#respond"]}]},{"@type":"WebPage","@id":"https:\/\/dev.explora.cl\/aysen\/club-de-ciencias-de-villa-o-higgins-viajo-a-pasantia-en-iquique\/","url":"https:\/\/dev.explora.cl\/aysen\/club-de-ciencias-de-villa-o-higgins-viajo-a-pasantia-en-iquique\/","name":"Estudiantes de Villa O\u2019Higgins ganadores del Congreso Nacional viajaron a pasant\u00eda en Iquique - Aysen","isPartOf":{"@id":"https:\/\/dev.explora.cl\/aysen\/#website"},"primaryImageOfPage":{"@id":"https:\/\/dev.explora.cl\/aysen\/club-de-ciencias-de-villa-o-higgins-viajo-a-pasantia-en-iquique\/#primaryimage"},"image":{"@id":"https:\/\/dev.explora.cl\/aysen\/club-de-ciencias-de-villa-o-higgins-viajo-a-pasantia-en-iquique\/#primaryimage"},"thumbnailUrl":"https:\/\/dev.explora.cl\/aysen\/wp-content\/uploads\/sites\/18\/2018\/06\/d5c23e4072dad16f0fc4139ee6073e36.jpg","datePublished":"2015-08-13T04:00:00+00:00","dateModified":"2019-05-20T21:21:33+00:00","author":{"@id":"https:\/\/dev.explora.cl\/aysen\/#\/schema\/person\/cb8349c13ea2d324080adf8480d7ba5d"},"breadcrumb":{"@id":"https:\/\/dev.explora.cl\/aysen\/club-de-ciencias-de-villa-o-higgins-viajo-a-pasantia-en-iquique\/#breadcrumb"},"inLanguage":"es-CL","potentialAction":[{"@type":"ReadAction","target":["https:\/\/dev.explora.cl\/aysen\/club-de-ciencias-de-villa-o-higgins-viajo-a-pasantia-en-iquique\/"]}]},{"@type":"ImageObject","inLanguage":"es-CL","@id":"https:\/\/dev.explora.cl\/aysen\/club-de-ciencias-de-villa-o-higgins-viajo-a-pasantia-en-iquique\/#primaryimage","url":"https:\/\/dev.explora.cl\/aysen\/wp-content\/uploads\/sites\/18\/2018\/06\/d5c23e4072dad16f0fc4139ee6073e36.jpg","contentUrl":"https:\/\/dev.explora.cl\/aysen\/wp-content\/uploads\/sites\/18\/2018\/06\/d5c23e4072dad16f0fc4139ee6073e36.jpg","width":800,"height":533},{"@type":"BreadcrumbList","@id":"https:\/\/dev.explora.cl\/aysen\/club-de-ciencias-de-villa-o-higgins-viajo-a-pasantia-en-iquique\/#breadcrumb","itemListElement":[{"@type":"ListItem","position":1,"name":"Portada","item":"https:\/\/dev.explora.cl\/aysen\/"},{"@type":"ListItem","position":2,"name":"Estudiantes de Villa O\u2019Higgins ganadores del Congreso Nacional viajaron a pasant\u00eda en Iquique"}]},{"@type":"WebSite","@id":"https:\/\/dev.explora.cl\/aysen\/#website","url":"https:\/\/dev.explora.cl\/aysen\/","name":"Aysen","description":"Otro sitio m\u00e1s de dev.explora.cl","potentialAction":[{"@type":"SearchAction","target":{"@type":"EntryPoint","urlTemplate":"https:\/\/dev.explora.cl\/aysen\/?s={search_term_string}"},"query-input":{"@type":"PropertyValueSpecification","valueRequired":true,"valueName":"search_term_string"}}],"inLanguage":"es-CL"},{"@type":"Person","@id":"https:\/\/dev.explora.cl\/aysen\/#\/schema\/person\/cb8349c13ea2d324080adf8480d7ba5d","name":"webman","image":{"@type":"ImageObject","inLanguage":"es-CL","@id":"https:\/\/dev.explora.cl\/aysen\/#\/schema\/person\/image\/","url":"https:\/\/secure.gravatar.com\/avatar\/eeff3c82f2c02f7177d13663b7e6f890e9a6a0647ce9bb29cae02dcb094c7312?s=96&d=mm&r=g","contentUrl":"https:\/\/secure.gravatar.com\/avatar\/eeff3c82f2c02f7177d13663b7e6f890e9a6a0647ce9bb29cae02dcb094c7312?s=96&d=mm&r=g","caption":"webman"},"url":"https:\/\/dev.explora.cl\/aysen\/author\/webman\/"}]}},"_links":{"self":[{"href":"https:\/\/dev.explora.cl\/aysen\/wp-json\/wp\/v2\/posts\/262","targetHints":{"allow":["GET"]}}],"collection":[{"href":"https:\/\/dev.explora.cl\/aysen\/wp-json\/wp\/v2\/posts"}],"about":[{"href":"https:\/\/dev.explora.cl\/aysen\/wp-json\/wp\/v2\/types\/post"}],"author":[{"embeddable":true,"href":"https:\/\/dev.explora.cl\/aysen\/wp-json\/wp\/v2\/users\/2"}],"replies":[{"embeddable":true,"href":"https:\/\/dev.explora.cl\/aysen\/wp-json\/wp\/v2\/comments?post=262"}],"version-history":[{"count":1,"href":"https:\/\/dev.explora.cl\/aysen\/wp-json\/wp\/v2\/posts\/262\/revisions"}],"predecessor-version":[{"id":37285,"href":"https:\/\/dev.explora.cl\/aysen\/wp-json\/wp\/v2\/posts\/262\/revisions\/37285"}],"wp:featuredmedia":[{"embeddable":true,"href":"https:\/\/dev.explora.cl\/aysen\/wp-json\/wp\/v2\/media\/263"}],"wp:attachment":[{"href":"https:\/\/dev.explora.cl\/aysen\/wp-json\/wp\/v2\/media?parent=262"}],"wp:term":[{"taxonomy":"category","embeddable":true,"href":"https:\/\/dev.explora.cl\/aysen\/wp-json\/wp\/v2\/categories?post=262"},{"taxonomy":"post_tag","embeddable":true,"href":"https:\/\/dev.explora.cl\/aysen\/wp-json\/wp\/v2\/tags?post=262"}],"curies":[{"name":"wp","href":"https:\/\/api.w.org\/{rel}","templated":true}]}}