{"id":260,"date":"2015-08-11T00:00:00","date_gmt":"2015-08-11T04:00:00","guid":{"rendered":"https:\/\/dev.explora.cl\/aysen\/blog\/2015\/08\/11\/realizaran-mateada-cientifica-con-el-dr-pablo-mata\/"},"modified":"2019-05-20T21:21:34","modified_gmt":"2019-05-20T21:21:34","slug":"realizaran-mateada-cientifica-con-el-dr-pablo-mata","status":"publish","type":"post","link":"https:\/\/dev.explora.cl\/aysen\/realizaran-mateada-cientifica-con-el-dr-pablo-mata\/","title":{"rendered":"Realizar\u00e1n mateada cient\u00edfica con el Dr. Pablo Mata"},"content":{"rendered":"<p><img loading=\"lazy\" decoding=\"async\" class=\" size-full wp-image-13749\" src=\"http:\/\/ec2-34-218-253-251.us-west-2.compute.amazonaws.com\/wp-content\/uploads\/2015\/08\/cf34c8dbe011e905c8a8ce523aa3a7c2.jpg\" alt=\"\" width=\"2262\" height=\"2793\" \/><\/p>\n<p>La cita es el martes 18 de agosto a las 18:30 hrs. en el restaurant Lo B\u00f3rquez (ex Ricer), con entrada gratuita y abierta a todo p\u00fablico.<\/p>\n<p>El centro de Investigaciones en Ecosistemas de la Patagonia \u2013 CIEP, junto a PAR Explora Regi\u00f3n de Ays\u00e9n, ejecutado por el Campus Patagonia la Universidad Austral de Chile, realizar\u00e1n la actividad denominada \u201cEntre Mate y Ciencia\u201d, donde estar\u00e1 presente el Doctor en M\u00e9todos Num\u00e9ricos Pablo Mata, quien expondr\u00e1 la charla titulada: \u201cEstado del arte y desaf\u00edos (cient\u00edficos-t\u00e9cnicos) para la determinaci\u00f3n de la capacidad de carga en fiordos y canales de Ays\u00e9n\u201d.<\/p>\n<p>La operaci\u00f3n y crecimiento futuro de la acuicultura deben ser llevados a cabo de manera sustentable. Para lograrlo se requiere poder asegurar que los residuos generados por el cultivo de salmones no alterar\u00e1n de manera sustancial la din\u00e1mica natural de los ecosistemas de fiordos y canales. Por tanto, se busca determinar la capacidad de carga de cada fiordo (entendida como el n\u00famero de centros de cultivo a instalar en un sitio espec\u00edfico) de manera que los ecosistemas sean capaces de absorber los desechos y continuar produciendo agua pura y bien oxigenada.<\/p>\n<p>Los modelos matem\u00e1tico-computacionales proporcionan una herramienta valiosa para la simulaci\u00f3n de la din\u00e1mica de ecosistemas. En el caso particular de los ecosistemas de los fiordos, su evoluci\u00f3n temporal puede describirse por medio de modelos acoplados f\u00edsico-biol\u00f3gicos. La parte f\u00edsica se concentra en la descripci\u00f3n de las corrientes incluyendo otros fen\u00f3menos que determinan las variaciones de temperatura y salinidad en los distintos estratos del fiordo. La parte biol\u00f3gica se concentra en determinar las variaciones diarias de nutrientes (O, N, Clorofila, Si, C, P) relacionados directamente con la actividad de los organismos vivientes presentes. La capacidad de carga se puede estimar num\u00e9ricamente por medio de la inclusi\u00f3n en los modelos matem\u00e1ticos de los efectos que las actividades de las empresas generan.<\/p>\n<p>En esta presentaci\u00f3n se dan a conocer los principales resultados de las investigaciones desarrolladas en CIEP para lograr una modelizaci\u00f3n realista de los ecosistemas de fiordos y los efectos que la industria acu\u00edcola produce en ellos. Se identifican las limitaciones y los desaf\u00edos futuros en la formulaci\u00f3n de nuevas metodolog\u00edas para determinar capacidad de carga.<\/p>\n<p>&nbsp;<\/p>\n<p>Jorge Pinilla<\/p>\n","protected":false},"excerpt":{"rendered":"<p>La cita es el martes 18 de agosto a las 18:30 hrs. en el restaurant Lo B\u00f3rquez (ex Ricer), con entrada gratuita y abierta a todo p\u00fablico. El centro de Investigaciones en Ecosistemas de la Patagonia \u2013 CIEP, junto a PAR Explora Regi\u00f3n de Ays\u00e9n, ejecutado por el Campus Patagonia la Universidad Austral de Chile, [&hellip;]<\/p>\n","protected":false},"author":2,"featured_media":261,"comment_status":"open","ping_status":"open","sticky":false,"template":"","format":"standard","meta":{"_acf_changed":false,"_exactmetrics_skip_tracking":false,"_exactmetrics_sitenote_active":false,"_exactmetrics_sitenote_note":"","_exactmetrics_sitenote_category":0,"footnotes":"","_links_to":"","_links_to_target":""},"categories":[4],"tags":[],"class_list":["post-260","post","type-post","status-publish","format-standard","has-post-thumbnail","hentry","category-noticias"],"acf":[],"yoast_head":"<!-- This site is optimized with the Yoast SEO plugin v26.7 - https:\/\/yoast.com\/wordpress\/plugins\/seo\/ -->\n<title>Realizar\u00e1n mateada cient\u00edfica con el Dr. Pablo Mata - Aysen<\/title>\n<meta name=\"robots\" content=\"index, follow, max-snippet:-1, max-image-preview:large, max-video-preview:-1\" \/>\n<link rel=\"canonical\" href=\"https:\/\/dev.explora.cl\/aysen\/realizaran-mateada-cientifica-con-el-dr-pablo-mata\/\" class=\"yoast-seo-meta-tag\" \/>\n<meta property=\"og:locale\" content=\"es_ES\" class=\"yoast-seo-meta-tag\" \/>\n<meta property=\"og:type\" content=\"article\" class=\"yoast-seo-meta-tag\" \/>\n<meta property=\"og:title\" content=\"Realizar\u00e1n mateada cient\u00edfica con el Dr. Pablo Mata - Aysen\" class=\"yoast-seo-meta-tag\" \/>\n<meta property=\"og:description\" content=\"La cita es el martes 18 de agosto a las 18:30 hrs. en el restaurant Lo B\u00f3rquez (ex Ricer), con entrada gratuita y abierta a todo p\u00fablico. El centro de Investigaciones en Ecosistemas de la Patagonia \u2013 CIEP, junto a PAR Explora Regi\u00f3n de Ays\u00e9n, ejecutado por el Campus Patagonia la Universidad Austral de Chile, [&hellip;]\" class=\"yoast-seo-meta-tag\" \/>\n<meta property=\"og:url\" content=\"https:\/\/dev.explora.cl\/aysen\/realizaran-mateada-cientifica-con-el-dr-pablo-mata\/\" class=\"yoast-seo-meta-tag\" \/>\n<meta property=\"og:site_name\" content=\"Aysen\" class=\"yoast-seo-meta-tag\" \/>\n<meta property=\"article:published_time\" content=\"2015-08-11T04:00:00+00:00\" class=\"yoast-seo-meta-tag\" \/>\n<meta property=\"article:modified_time\" content=\"2019-05-20T21:21:34+00:00\" class=\"yoast-seo-meta-tag\" \/>\n<meta property=\"og:image\" content=\"https:\/\/dev.explora.cl\/aysen\/wp-content\/uploads\/sites\/18\/2018\/06\/cf34c8dbe011e905c8a8ce523aa3a7c2-829x1024.jpg\" class=\"yoast-seo-meta-tag\" \/>\n\t<meta property=\"og:image:width\" content=\"829\" class=\"yoast-seo-meta-tag\" \/>\n\t<meta property=\"og:image:height\" content=\"1024\" class=\"yoast-seo-meta-tag\" \/>\n\t<meta property=\"og:image:type\" content=\"image\/jpeg\" class=\"yoast-seo-meta-tag\" \/>\n<meta name=\"author\" content=\"webman\" class=\"yoast-seo-meta-tag\" \/>\n<meta name=\"twitter:card\" content=\"summary_large_image\" class=\"yoast-seo-meta-tag\" \/>\n<meta name=\"twitter:label1\" content=\"Escrito por\" class=\"yoast-seo-meta-tag\" \/>\n\t<meta name=\"twitter:data1\" content=\"webman\" class=\"yoast-seo-meta-tag\" \/>\n\t<meta name=\"twitter:label2\" content=\"Tiempo estimado de lectura\" class=\"yoast-seo-meta-tag\" \/>\n\t<meta name=\"twitter:data2\" content=\"2 minutos\" class=\"yoast-seo-meta-tag\" \/>\n<script type=\"application\/ld+json\" class=\"yoast-schema-graph\">{\"@context\":\"https:\/\/schema.org\",\"@graph\":[{\"@type\":\"Article\",\"@id\":\"https:\/\/dev.explora.cl\/aysen\/realizaran-mateada-cientifica-con-el-dr-pablo-mata\/#article\",\"isPartOf\":{\"@id\":\"https:\/\/dev.explora.cl\/aysen\/realizaran-mateada-cientifica-con-el-dr-pablo-mata\/\"},\"author\":{\"name\":\"webman\",\"@id\":\"https:\/\/dev.explora.cl\/aysen\/#\/schema\/person\/cb8349c13ea2d324080adf8480d7ba5d\"},\"headline\":\"Realizar\u00e1n mateada cient\u00edfica con el Dr. Pablo Mata\",\"datePublished\":\"2015-08-11T04:00:00+00:00\",\"dateModified\":\"2019-05-20T21:21:34+00:00\",\"mainEntityOfPage\":{\"@id\":\"https:\/\/dev.explora.cl\/aysen\/realizaran-mateada-cientifica-con-el-dr-pablo-mata\/\"},\"wordCount\":409,\"commentCount\":0,\"image\":{\"@id\":\"https:\/\/dev.explora.cl\/aysen\/realizaran-mateada-cientifica-con-el-dr-pablo-mata\/#primaryimage\"},\"thumbnailUrl\":\"https:\/\/dev.explora.cl\/aysen\/wp-content\/uploads\/sites\/18\/2018\/06\/cf34c8dbe011e905c8a8ce523aa3a7c2.jpg\",\"articleSection\":[\"Noticias\"],\"inLanguage\":\"es-CL\",\"potentialAction\":[{\"@type\":\"CommentAction\",\"name\":\"Comment\",\"target\":[\"https:\/\/dev.explora.cl\/aysen\/realizaran-mateada-cientifica-con-el-dr-pablo-mata\/#respond\"]}]},{\"@type\":\"WebPage\",\"@id\":\"https:\/\/dev.explora.cl\/aysen\/realizaran-mateada-cientifica-con-el-dr-pablo-mata\/\",\"url\":\"https:\/\/dev.explora.cl\/aysen\/realizaran-mateada-cientifica-con-el-dr-pablo-mata\/\",\"name\":\"Realizar\u00e1n mateada cient\u00edfica con el Dr. Pablo Mata - Aysen\",\"isPartOf\":{\"@id\":\"https:\/\/dev.explora.cl\/aysen\/#website\"},\"primaryImageOfPage\":{\"@id\":\"https:\/\/dev.explora.cl\/aysen\/realizaran-mateada-cientifica-con-el-dr-pablo-mata\/#primaryimage\"},\"image\":{\"@id\":\"https:\/\/dev.explora.cl\/aysen\/realizaran-mateada-cientifica-con-el-dr-pablo-mata\/#primaryimage\"},\"thumbnailUrl\":\"https:\/\/dev.explora.cl\/aysen\/wp-content\/uploads\/sites\/18\/2018\/06\/cf34c8dbe011e905c8a8ce523aa3a7c2.jpg\",\"datePublished\":\"2015-08-11T04:00:00+00:00\",\"dateModified\":\"2019-05-20T21:21:34+00:00\",\"author\":{\"@id\":\"https:\/\/dev.explora.cl\/aysen\/#\/schema\/person\/cb8349c13ea2d324080adf8480d7ba5d\"},\"breadcrumb\":{\"@id\":\"https:\/\/dev.explora.cl\/aysen\/realizaran-mateada-cientifica-con-el-dr-pablo-mata\/#breadcrumb\"},\"inLanguage\":\"es-CL\",\"potentialAction\":[{\"@type\":\"ReadAction\",\"target\":[\"https:\/\/dev.explora.cl\/aysen\/realizaran-mateada-cientifica-con-el-dr-pablo-mata\/\"]}]},{\"@type\":\"ImageObject\",\"inLanguage\":\"es-CL\",\"@id\":\"https:\/\/dev.explora.cl\/aysen\/realizaran-mateada-cientifica-con-el-dr-pablo-mata\/#primaryimage\",\"url\":\"https:\/\/dev.explora.cl\/aysen\/wp-content\/uploads\/sites\/18\/2018\/06\/cf34c8dbe011e905c8a8ce523aa3a7c2.jpg\",\"contentUrl\":\"https:\/\/dev.explora.cl\/aysen\/wp-content\/uploads\/sites\/18\/2018\/06\/cf34c8dbe011e905c8a8ce523aa3a7c2.jpg\",\"width\":2262,\"height\":2793},{\"@type\":\"BreadcrumbList\",\"@id\":\"https:\/\/dev.explora.cl\/aysen\/realizaran-mateada-cientifica-con-el-dr-pablo-mata\/#breadcrumb\",\"itemListElement\":[{\"@type\":\"ListItem\",\"position\":1,\"name\":\"Portada\",\"item\":\"https:\/\/dev.explora.cl\/aysen\/\"},{\"@type\":\"ListItem\",\"position\":2,\"name\":\"Realizar\u00e1n mateada cient\u00edfica con el Dr. Pablo Mata\"}]},{\"@type\":\"WebSite\",\"@id\":\"https:\/\/dev.explora.cl\/aysen\/#website\",\"url\":\"https:\/\/dev.explora.cl\/aysen\/\",\"name\":\"Aysen\",\"description\":\"Otro sitio m\u00e1s de dev.explora.cl\",\"potentialAction\":[{\"@type\":\"SearchAction\",\"target\":{\"@type\":\"EntryPoint\",\"urlTemplate\":\"https:\/\/dev.explora.cl\/aysen\/?s={search_term_string}\"},\"query-input\":{\"@type\":\"PropertyValueSpecification\",\"valueRequired\":true,\"valueName\":\"search_term_string\"}}],\"inLanguage\":\"es-CL\"},{\"@type\":\"Person\",\"@id\":\"https:\/\/dev.explora.cl\/aysen\/#\/schema\/person\/cb8349c13ea2d324080adf8480d7ba5d\",\"name\":\"webman\",\"image\":{\"@type\":\"ImageObject\",\"inLanguage\":\"es-CL\",\"@id\":\"https:\/\/dev.explora.cl\/aysen\/#\/schema\/person\/image\/\",\"url\":\"https:\/\/secure.gravatar.com\/avatar\/eeff3c82f2c02f7177d13663b7e6f890e9a6a0647ce9bb29cae02dcb094c7312?s=96&d=mm&r=g\",\"contentUrl\":\"https:\/\/secure.gravatar.com\/avatar\/eeff3c82f2c02f7177d13663b7e6f890e9a6a0647ce9bb29cae02dcb094c7312?s=96&d=mm&r=g\",\"caption\":\"webman\"},\"url\":\"https:\/\/dev.explora.cl\/aysen\/author\/webman\/\"}]}<\/script>\n<!-- \/ Yoast SEO plugin. -->","yoast_head_json":{"title":"Realizar\u00e1n mateada cient\u00edfica con el Dr. Pablo Mata - Aysen","robots":{"index":"index","follow":"follow","max-snippet":"max-snippet:-1","max-image-preview":"max-image-preview:large","max-video-preview":"max-video-preview:-1"},"canonical":"https:\/\/dev.explora.cl\/aysen\/realizaran-mateada-cientifica-con-el-dr-pablo-mata\/","og_locale":"es_ES","og_type":"article","og_title":"Realizar\u00e1n mateada cient\u00edfica con el Dr. Pablo Mata - Aysen","og_description":"La cita es el martes 18 de agosto a las 18:30 hrs. en el restaurant Lo B\u00f3rquez (ex Ricer), con entrada gratuita y abierta a todo p\u00fablico. El centro de Investigaciones en Ecosistemas de la Patagonia \u2013 CIEP, junto a PAR Explora Regi\u00f3n de Ays\u00e9n, ejecutado por el Campus Patagonia la Universidad Austral de Chile, [&hellip;]","og_url":"https:\/\/dev.explora.cl\/aysen\/realizaran-mateada-cientifica-con-el-dr-pablo-mata\/","og_site_name":"Aysen","article_published_time":"2015-08-11T04:00:00+00:00","article_modified_time":"2019-05-20T21:21:34+00:00","og_image":[{"width":829,"height":1024,"url":"https:\/\/dev.explora.cl\/aysen\/wp-content\/uploads\/sites\/18\/2018\/06\/cf34c8dbe011e905c8a8ce523aa3a7c2-829x1024.jpg","type":"image\/jpeg"}],"author":"webman","twitter_card":"summary_large_image","twitter_misc":{"Escrito por":"webman","Tiempo estimado de lectura":"2 minutos"},"schema":{"@context":"https:\/\/schema.org","@graph":[{"@type":"Article","@id":"https:\/\/dev.explora.cl\/aysen\/realizaran-mateada-cientifica-con-el-dr-pablo-mata\/#article","isPartOf":{"@id":"https:\/\/dev.explora.cl\/aysen\/realizaran-mateada-cientifica-con-el-dr-pablo-mata\/"},"author":{"name":"webman","@id":"https:\/\/dev.explora.cl\/aysen\/#\/schema\/person\/cb8349c13ea2d324080adf8480d7ba5d"},"headline":"Realizar\u00e1n mateada cient\u00edfica con el Dr. Pablo Mata","datePublished":"2015-08-11T04:00:00+00:00","dateModified":"2019-05-20T21:21:34+00:00","mainEntityOfPage":{"@id":"https:\/\/dev.explora.cl\/aysen\/realizaran-mateada-cientifica-con-el-dr-pablo-mata\/"},"wordCount":409,"commentCount":0,"image":{"@id":"https:\/\/dev.explora.cl\/aysen\/realizaran-mateada-cientifica-con-el-dr-pablo-mata\/#primaryimage"},"thumbnailUrl":"https:\/\/dev.explora.cl\/aysen\/wp-content\/uploads\/sites\/18\/2018\/06\/cf34c8dbe011e905c8a8ce523aa3a7c2.jpg","articleSection":["Noticias"],"inLanguage":"es-CL","potentialAction":[{"@type":"CommentAction","name":"Comment","target":["https:\/\/dev.explora.cl\/aysen\/realizaran-mateada-cientifica-con-el-dr-pablo-mata\/#respond"]}]},{"@type":"WebPage","@id":"https:\/\/dev.explora.cl\/aysen\/realizaran-mateada-cientifica-con-el-dr-pablo-mata\/","url":"https:\/\/dev.explora.cl\/aysen\/realizaran-mateada-cientifica-con-el-dr-pablo-mata\/","name":"Realizar\u00e1n mateada cient\u00edfica con el Dr. Pablo Mata - Aysen","isPartOf":{"@id":"https:\/\/dev.explora.cl\/aysen\/#website"},"primaryImageOfPage":{"@id":"https:\/\/dev.explora.cl\/aysen\/realizaran-mateada-cientifica-con-el-dr-pablo-mata\/#primaryimage"},"image":{"@id":"https:\/\/dev.explora.cl\/aysen\/realizaran-mateada-cientifica-con-el-dr-pablo-mata\/#primaryimage"},"thumbnailUrl":"https:\/\/dev.explora.cl\/aysen\/wp-content\/uploads\/sites\/18\/2018\/06\/cf34c8dbe011e905c8a8ce523aa3a7c2.jpg","datePublished":"2015-08-11T04:00:00+00:00","dateModified":"2019-05-20T21:21:34+00:00","author":{"@id":"https:\/\/dev.explora.cl\/aysen\/#\/schema\/person\/cb8349c13ea2d324080adf8480d7ba5d"},"breadcrumb":{"@id":"https:\/\/dev.explora.cl\/aysen\/realizaran-mateada-cientifica-con-el-dr-pablo-mata\/#breadcrumb"},"inLanguage":"es-CL","potentialAction":[{"@type":"ReadAction","target":["https:\/\/dev.explora.cl\/aysen\/realizaran-mateada-cientifica-con-el-dr-pablo-mata\/"]}]},{"@type":"ImageObject","inLanguage":"es-CL","@id":"https:\/\/dev.explora.cl\/aysen\/realizaran-mateada-cientifica-con-el-dr-pablo-mata\/#primaryimage","url":"https:\/\/dev.explora.cl\/aysen\/wp-content\/uploads\/sites\/18\/2018\/06\/cf34c8dbe011e905c8a8ce523aa3a7c2.jpg","contentUrl":"https:\/\/dev.explora.cl\/aysen\/wp-content\/uploads\/sites\/18\/2018\/06\/cf34c8dbe011e905c8a8ce523aa3a7c2.jpg","width":2262,"height":2793},{"@type":"BreadcrumbList","@id":"https:\/\/dev.explora.cl\/aysen\/realizaran-mateada-cientifica-con-el-dr-pablo-mata\/#breadcrumb","itemListElement":[{"@type":"ListItem","position":1,"name":"Portada","item":"https:\/\/dev.explora.cl\/aysen\/"},{"@type":"ListItem","position":2,"name":"Realizar\u00e1n mateada cient\u00edfica con el Dr. Pablo Mata"}]},{"@type":"WebSite","@id":"https:\/\/dev.explora.cl\/aysen\/#website","url":"https:\/\/dev.explora.cl\/aysen\/","name":"Aysen","description":"Otro sitio m\u00e1s de dev.explora.cl","potentialAction":[{"@type":"SearchAction","target":{"@type":"EntryPoint","urlTemplate":"https:\/\/dev.explora.cl\/aysen\/?s={search_term_string}"},"query-input":{"@type":"PropertyValueSpecification","valueRequired":true,"valueName":"search_term_string"}}],"inLanguage":"es-CL"},{"@type":"Person","@id":"https:\/\/dev.explora.cl\/aysen\/#\/schema\/person\/cb8349c13ea2d324080adf8480d7ba5d","name":"webman","image":{"@type":"ImageObject","inLanguage":"es-CL","@id":"https:\/\/dev.explora.cl\/aysen\/#\/schema\/person\/image\/","url":"https:\/\/secure.gravatar.com\/avatar\/eeff3c82f2c02f7177d13663b7e6f890e9a6a0647ce9bb29cae02dcb094c7312?s=96&d=mm&r=g","contentUrl":"https:\/\/secure.gravatar.com\/avatar\/eeff3c82f2c02f7177d13663b7e6f890e9a6a0647ce9bb29cae02dcb094c7312?s=96&d=mm&r=g","caption":"webman"},"url":"https:\/\/dev.explora.cl\/aysen\/author\/webman\/"}]}},"_links":{"self":[{"href":"https:\/\/dev.explora.cl\/aysen\/wp-json\/wp\/v2\/posts\/260","targetHints":{"allow":["GET"]}}],"collection":[{"href":"https:\/\/dev.explora.cl\/aysen\/wp-json\/wp\/v2\/posts"}],"about":[{"href":"https:\/\/dev.explora.cl\/aysen\/wp-json\/wp\/v2\/types\/post"}],"author":[{"embeddable":true,"href":"https:\/\/dev.explora.cl\/aysen\/wp-json\/wp\/v2\/users\/2"}],"replies":[{"embeddable":true,"href":"https:\/\/dev.explora.cl\/aysen\/wp-json\/wp\/v2\/comments?post=260"}],"version-history":[{"count":1,"href":"https:\/\/dev.explora.cl\/aysen\/wp-json\/wp\/v2\/posts\/260\/revisions"}],"predecessor-version":[{"id":37287,"href":"https:\/\/dev.explora.cl\/aysen\/wp-json\/wp\/v2\/posts\/260\/revisions\/37287"}],"wp:featuredmedia":[{"embeddable":true,"href":"https:\/\/dev.explora.cl\/aysen\/wp-json\/wp\/v2\/media\/261"}],"wp:attachment":[{"href":"https:\/\/dev.explora.cl\/aysen\/wp-json\/wp\/v2\/media?parent=260"}],"wp:term":[{"taxonomy":"category","embeddable":true,"href":"https:\/\/dev.explora.cl\/aysen\/wp-json\/wp\/v2\/categories?post=260"},{"taxonomy":"post_tag","embeddable":true,"href":"https:\/\/dev.explora.cl\/aysen\/wp-json\/wp\/v2\/tags?post=260"}],"curies":[{"name":"wp","href":"https:\/\/api.w.org\/{rel}","templated":true}]}}