{"id":258,"date":"2015-08-11T00:00:00","date_gmt":"2015-08-11T04:00:00","guid":{"rendered":"https:\/\/dev.explora.cl\/aysen\/blog\/2015\/08\/11\/ciep-invita-a-participar-de-tercer-encuentro-de-turismo-y-ciencias\/"},"modified":"2019-05-20T21:21:33","modified_gmt":"2019-05-20T21:21:33","slug":"ciep-invita-a-participar-de-tercer-encuentro-de-turismo-y-ciencias","status":"publish","type":"post","link":"https:\/\/dev.explora.cl\/aysen\/ciep-invita-a-participar-de-tercer-encuentro-de-turismo-y-ciencias\/","title":{"rendered":"CIEP invita a participar de Tercer Encuentro de Turismo y Ciencias"},"content":{"rendered":"<p><img loading=\"lazy\" decoding=\"async\" class=\" size-full wp-image-13738\" src=\"http:\/\/ec2-34-218-253-251.us-west-2.compute.amazonaws.com\/wp-content\/uploads\/2015\/08\/4d6554e5949c63eba8f295980c99eb33.jpg\" alt=\"\" width=\"3225\" height=\"2150\" \/><\/p>\n<p><strong>Este 14 y 15 de Agosto en el Centro Cultural de Coyhaique se realizar\u00e1 este encuentro que contar\u00e1 con la presencia de importantes expositores de distintas universidades y centros de investigaci\u00f3n del pa\u00eds, adem\u00e1s de la participaci\u00f3n del destacado acad\u00e9mico de la Victoria University of Wellington, Dr. Douglas Pearce.<\/strong><\/p>\n<p><strong>Por tercer a\u00f1o consecutivo se realizar\u00e1 este encuentro que en sus versiones anteriores (2013-2014) centr\u00f3 su mirada en explorar los Archipi\u00e9lagos Patag\u00f3nicos. En esta ocasi\u00f3n sus esfuerzos han cambiado y se dirigen a afianzar y visibilizar su Red de Actores del Turismo Cientifico, que actualmente suman casi 90, desde Ra\u00fal Mar\u00edn Balmaceda hasta Villa O\u2019Higgins.<\/strong><\/p>\n<p><strong>El \u201cTercer Encuentro de Turismo y Ciencias: Sostenibilidad y Calidad para el Turismo en Ays\u00e9n, Encuentro de la Red de los Archipi\u00e9lagos Patag\u00f3nicos 2015\u201d es organizado por el Departamento de Turismo Sustentable del Centro de Investigaci\u00f3n en Ecosistemas de la Patagonia (CIEP), en el marco de su Proyecto Archipi\u00e9lagos Patag\u00f3nicos, Destino Internacional para el Turismo Cient\u00edfico que financia el Fondo Multilateral de Inversiones (FOMIN) del Banco Interamericano de Desarrollo (BID).<\/strong><\/p>\n<p><strong>\u201cEl enfoque principal del encuentro es poder debatir de la Sostenibilidad en el desarrollo de actividades tur\u00edsticas. Por ello se han invitado a diferentes instituciones, centro y universidades que trabajan en el \u00e1mbito de la investigaci\u00f3n y la actividad tur\u00edstica. Destacados expositores como, Douglas Pearce de Nueva Zelandia, o empresas innovadoras, como Campo Alto que opera con la NASA ser\u00e1n parte del taller, donde los actores de la red de los Archipi\u00e9lagos Patag\u00f3nicos podr\u00e1n nutrirse de estas experiencias para un desarrollo correcto de sus emprendimientos tur\u00edsticos en la Regi\u00f3n de Ays\u00e9n\u201d, destac\u00f3 el investigador y director del proyecto Archipi\u00e9lagos Patag\u00f3nicos, Fabien Bourlon.<\/strong><\/p>\n<p><strong>Por su parte el Director regional de Sernatur, Gabriel Inostroza enfatiz\u00f3 &#8220;el turismo es un espacio de aprendizaje, y a trav\u00e9s del turismo cient\u00edfico, tenemos la posibilidad de entregar contenido a los visitantes que llegan a la regi\u00f3n de Ays\u00e9n. Nosotros consideramos que la regi\u00f3n de Ays\u00e9n brinda la posibilidad de dar a conocer al mundo la importancia de los ecosistemas, de la historia, del poblamiento y la cultura local. Es por eso que como Sernatur estamos apoyando fuertemente este componente de desarrollo tur\u00edstico y por cierto que se manifiesta con el apoyo a este evento.&#8221;<\/strong><\/p>\n<p><strong>\u201cOtro punto importante es la generaci\u00f3n de una feria dentro del evento donde los actores de la Red podr\u00e1n mostrar sus productos de Turismo Cient\u00edfico los ya cuentan con un cat\u00e1logo para promocionar su oferta. Dentro del mismo evento tambi\u00e9n habr\u00e1 mesas de trabajo tem\u00e1ticas donde los asistentes podr\u00e1n inscribirse e interactuar directamente con especialistas en las \u00e1reas de: Flora, ecosistemas, fauna y din\u00e1micas poblacionales; Poblamiento, historia y cultura; Din\u00e1micas de la tierra y los oc\u00e9anos y Sustentabilidad y Certificaci\u00f3n (territorio y actividades productivas)\u201dcoment\u00f3 la coordinadora del proyecto, Josefina Ruiz.<\/strong><\/p>\n<p><strong>Incrementar la diversidad, la calidad y competitividad de los servicios provistos por los operadores de turismo que participen en las redes de turismo cient\u00edfico y Archipi\u00e9lagos Patag\u00f3nicos, es el objetivo principal de este evento el cual se dirige principalmente a los miembros de su Red, adem\u00e1s de otras instituciones p\u00fablicas y con injerencia en el turismo regional. La invitaci\u00f3n es abierta operadores de turismo y gu\u00edas en general, y a todo quien desee participar, inscribi\u00e9ndose previamente al mail <a href=\"mailto:ctcp.comunicaciones@ciep.cl\">ctcp.comunicaciones@ciep.cl<\/a><\/strong><\/p>\n<p>&nbsp;<\/p>\n<p>&nbsp;<\/p>\n<p>Dinelly Soto<\/p>\n<p>&nbsp;<\/p>\n","protected":false},"excerpt":{"rendered":"<p>Este 14 y 15 de Agosto en el Centro Cultural de Coyhaique se realizar\u00e1 este encuentro que contar\u00e1 con la presencia de importantes expositores de distintas universidades y centros de investigaci\u00f3n del pa\u00eds, adem\u00e1s de la participaci\u00f3n del destacado acad\u00e9mico de la Victoria University of Wellington, Dr. Douglas Pearce. Por tercer a\u00f1o consecutivo se realizar\u00e1 [&hellip;]<\/p>\n","protected":false},"author":2,"featured_media":259,"comment_status":"open","ping_status":"open","sticky":false,"template":"","format":"standard","meta":{"_acf_changed":false,"_exactmetrics_skip_tracking":false,"_exactmetrics_sitenote_active":false,"_exactmetrics_sitenote_note":"","_exactmetrics_sitenote_category":0,"footnotes":"","_links_to":"","_links_to_target":""},"categories":[4],"tags":[],"class_list":["post-258","post","type-post","status-publish","format-standard","has-post-thumbnail","hentry","category-noticias"],"acf":[],"yoast_head":"<!-- This site is optimized with the Yoast SEO plugin v26.7 - https:\/\/yoast.com\/wordpress\/plugins\/seo\/ -->\n<title>CIEP invita a participar de Tercer Encuentro de Turismo y Ciencias - Aysen<\/title>\n<meta name=\"robots\" content=\"index, follow, max-snippet:-1, max-image-preview:large, max-video-preview:-1\" \/>\n<link rel=\"canonical\" href=\"https:\/\/dev.explora.cl\/aysen\/ciep-invita-a-participar-de-tercer-encuentro-de-turismo-y-ciencias\/\" class=\"yoast-seo-meta-tag\" \/>\n<meta property=\"og:locale\" content=\"es_ES\" class=\"yoast-seo-meta-tag\" \/>\n<meta property=\"og:type\" content=\"article\" class=\"yoast-seo-meta-tag\" \/>\n<meta property=\"og:title\" content=\"CIEP invita a participar de Tercer Encuentro de Turismo y Ciencias - Aysen\" class=\"yoast-seo-meta-tag\" \/>\n<meta property=\"og:description\" content=\"Este 14 y 15 de Agosto en el Centro Cultural de Coyhaique se realizar\u00e1 este encuentro que contar\u00e1 con la presencia de importantes expositores de distintas universidades y centros de investigaci\u00f3n del pa\u00eds, adem\u00e1s de la participaci\u00f3n del destacado acad\u00e9mico de la Victoria University of Wellington, Dr. Douglas Pearce. Por tercer a\u00f1o consecutivo se realizar\u00e1 [&hellip;]\" class=\"yoast-seo-meta-tag\" \/>\n<meta property=\"og:url\" content=\"https:\/\/dev.explora.cl\/aysen\/ciep-invita-a-participar-de-tercer-encuentro-de-turismo-y-ciencias\/\" class=\"yoast-seo-meta-tag\" \/>\n<meta property=\"og:site_name\" content=\"Aysen\" class=\"yoast-seo-meta-tag\" \/>\n<meta property=\"article:published_time\" content=\"2015-08-11T04:00:00+00:00\" class=\"yoast-seo-meta-tag\" \/>\n<meta property=\"article:modified_time\" content=\"2019-05-20T21:21:33+00:00\" class=\"yoast-seo-meta-tag\" \/>\n<meta property=\"og:image\" content=\"https:\/\/dev.explora.cl\/aysen\/wp-content\/uploads\/sites\/18\/2018\/06\/4d6554e5949c63eba8f295980c99eb33-1024x683.jpg\" class=\"yoast-seo-meta-tag\" \/>\n\t<meta property=\"og:image:width\" content=\"1024\" class=\"yoast-seo-meta-tag\" \/>\n\t<meta property=\"og:image:height\" content=\"683\" class=\"yoast-seo-meta-tag\" \/>\n\t<meta property=\"og:image:type\" content=\"image\/jpeg\" class=\"yoast-seo-meta-tag\" \/>\n<meta name=\"author\" content=\"webman\" class=\"yoast-seo-meta-tag\" \/>\n<meta name=\"twitter:card\" content=\"summary_large_image\" class=\"yoast-seo-meta-tag\" \/>\n<meta name=\"twitter:label1\" content=\"Escrito por\" class=\"yoast-seo-meta-tag\" \/>\n\t<meta name=\"twitter:data1\" content=\"webman\" class=\"yoast-seo-meta-tag\" \/>\n\t<meta name=\"twitter:label2\" content=\"Tiempo estimado de lectura\" class=\"yoast-seo-meta-tag\" \/>\n\t<meta name=\"twitter:data2\" content=\"3 minutos\" class=\"yoast-seo-meta-tag\" \/>\n<script type=\"application\/ld+json\" class=\"yoast-schema-graph\">{\"@context\":\"https:\/\/schema.org\",\"@graph\":[{\"@type\":\"Article\",\"@id\":\"https:\/\/dev.explora.cl\/aysen\/ciep-invita-a-participar-de-tercer-encuentro-de-turismo-y-ciencias\/#article\",\"isPartOf\":{\"@id\":\"https:\/\/dev.explora.cl\/aysen\/ciep-invita-a-participar-de-tercer-encuentro-de-turismo-y-ciencias\/\"},\"author\":{\"name\":\"webman\",\"@id\":\"https:\/\/dev.explora.cl\/aysen\/#\/schema\/person\/cb8349c13ea2d324080adf8480d7ba5d\"},\"headline\":\"CIEP invita a participar de Tercer Encuentro de Turismo y Ciencias\",\"datePublished\":\"2015-08-11T04:00:00+00:00\",\"dateModified\":\"2019-05-20T21:21:33+00:00\",\"mainEntityOfPage\":{\"@id\":\"https:\/\/dev.explora.cl\/aysen\/ciep-invita-a-participar-de-tercer-encuentro-de-turismo-y-ciencias\/\"},\"wordCount\":614,\"commentCount\":0,\"image\":{\"@id\":\"https:\/\/dev.explora.cl\/aysen\/ciep-invita-a-participar-de-tercer-encuentro-de-turismo-y-ciencias\/#primaryimage\"},\"thumbnailUrl\":\"https:\/\/dev.explora.cl\/aysen\/wp-content\/uploads\/sites\/18\/2018\/06\/4d6554e5949c63eba8f295980c99eb33.jpg\",\"articleSection\":[\"Noticias\"],\"inLanguage\":\"es-CL\",\"potentialAction\":[{\"@type\":\"CommentAction\",\"name\":\"Comment\",\"target\":[\"https:\/\/dev.explora.cl\/aysen\/ciep-invita-a-participar-de-tercer-encuentro-de-turismo-y-ciencias\/#respond\"]}]},{\"@type\":\"WebPage\",\"@id\":\"https:\/\/dev.explora.cl\/aysen\/ciep-invita-a-participar-de-tercer-encuentro-de-turismo-y-ciencias\/\",\"url\":\"https:\/\/dev.explora.cl\/aysen\/ciep-invita-a-participar-de-tercer-encuentro-de-turismo-y-ciencias\/\",\"name\":\"CIEP invita a participar de Tercer Encuentro de Turismo y Ciencias - Aysen\",\"isPartOf\":{\"@id\":\"https:\/\/dev.explora.cl\/aysen\/#website\"},\"primaryImageOfPage\":{\"@id\":\"https:\/\/dev.explora.cl\/aysen\/ciep-invita-a-participar-de-tercer-encuentro-de-turismo-y-ciencias\/#primaryimage\"},\"image\":{\"@id\":\"https:\/\/dev.explora.cl\/aysen\/ciep-invita-a-participar-de-tercer-encuentro-de-turismo-y-ciencias\/#primaryimage\"},\"thumbnailUrl\":\"https:\/\/dev.explora.cl\/aysen\/wp-content\/uploads\/sites\/18\/2018\/06\/4d6554e5949c63eba8f295980c99eb33.jpg\",\"datePublished\":\"2015-08-11T04:00:00+00:00\",\"dateModified\":\"2019-05-20T21:21:33+00:00\",\"author\":{\"@id\":\"https:\/\/dev.explora.cl\/aysen\/#\/schema\/person\/cb8349c13ea2d324080adf8480d7ba5d\"},\"breadcrumb\":{\"@id\":\"https:\/\/dev.explora.cl\/aysen\/ciep-invita-a-participar-de-tercer-encuentro-de-turismo-y-ciencias\/#breadcrumb\"},\"inLanguage\":\"es-CL\",\"potentialAction\":[{\"@type\":\"ReadAction\",\"target\":[\"https:\/\/dev.explora.cl\/aysen\/ciep-invita-a-participar-de-tercer-encuentro-de-turismo-y-ciencias\/\"]}]},{\"@type\":\"ImageObject\",\"inLanguage\":\"es-CL\",\"@id\":\"https:\/\/dev.explora.cl\/aysen\/ciep-invita-a-participar-de-tercer-encuentro-de-turismo-y-ciencias\/#primaryimage\",\"url\":\"https:\/\/dev.explora.cl\/aysen\/wp-content\/uploads\/sites\/18\/2018\/06\/4d6554e5949c63eba8f295980c99eb33.jpg\",\"contentUrl\":\"https:\/\/dev.explora.cl\/aysen\/wp-content\/uploads\/sites\/18\/2018\/06\/4d6554e5949c63eba8f295980c99eb33.jpg\",\"width\":3225,\"height\":2150},{\"@type\":\"BreadcrumbList\",\"@id\":\"https:\/\/dev.explora.cl\/aysen\/ciep-invita-a-participar-de-tercer-encuentro-de-turismo-y-ciencias\/#breadcrumb\",\"itemListElement\":[{\"@type\":\"ListItem\",\"position\":1,\"name\":\"Portada\",\"item\":\"https:\/\/dev.explora.cl\/aysen\/\"},{\"@type\":\"ListItem\",\"position\":2,\"name\":\"CIEP invita a participar de Tercer Encuentro de Turismo y Ciencias\"}]},{\"@type\":\"WebSite\",\"@id\":\"https:\/\/dev.explora.cl\/aysen\/#website\",\"url\":\"https:\/\/dev.explora.cl\/aysen\/\",\"name\":\"Aysen\",\"description\":\"Otro sitio m\u00e1s de dev.explora.cl\",\"potentialAction\":[{\"@type\":\"SearchAction\",\"target\":{\"@type\":\"EntryPoint\",\"urlTemplate\":\"https:\/\/dev.explora.cl\/aysen\/?s={search_term_string}\"},\"query-input\":{\"@type\":\"PropertyValueSpecification\",\"valueRequired\":true,\"valueName\":\"search_term_string\"}}],\"inLanguage\":\"es-CL\"},{\"@type\":\"Person\",\"@id\":\"https:\/\/dev.explora.cl\/aysen\/#\/schema\/person\/cb8349c13ea2d324080adf8480d7ba5d\",\"name\":\"webman\",\"image\":{\"@type\":\"ImageObject\",\"inLanguage\":\"es-CL\",\"@id\":\"https:\/\/dev.explora.cl\/aysen\/#\/schema\/person\/image\/\",\"url\":\"https:\/\/secure.gravatar.com\/avatar\/eeff3c82f2c02f7177d13663b7e6f890e9a6a0647ce9bb29cae02dcb094c7312?s=96&d=mm&r=g\",\"contentUrl\":\"https:\/\/secure.gravatar.com\/avatar\/eeff3c82f2c02f7177d13663b7e6f890e9a6a0647ce9bb29cae02dcb094c7312?s=96&d=mm&r=g\",\"caption\":\"webman\"},\"url\":\"https:\/\/dev.explora.cl\/aysen\/author\/webman\/\"}]}<\/script>\n<!-- \/ Yoast SEO plugin. -->","yoast_head_json":{"title":"CIEP invita a participar de Tercer Encuentro de Turismo y Ciencias - Aysen","robots":{"index":"index","follow":"follow","max-snippet":"max-snippet:-1","max-image-preview":"max-image-preview:large","max-video-preview":"max-video-preview:-1"},"canonical":"https:\/\/dev.explora.cl\/aysen\/ciep-invita-a-participar-de-tercer-encuentro-de-turismo-y-ciencias\/","og_locale":"es_ES","og_type":"article","og_title":"CIEP invita a participar de Tercer Encuentro de Turismo y Ciencias - Aysen","og_description":"Este 14 y 15 de Agosto en el Centro Cultural de Coyhaique se realizar\u00e1 este encuentro que contar\u00e1 con la presencia de importantes expositores de distintas universidades y centros de investigaci\u00f3n del pa\u00eds, adem\u00e1s de la participaci\u00f3n del destacado acad\u00e9mico de la Victoria University of Wellington, Dr. Douglas Pearce. Por tercer a\u00f1o consecutivo se realizar\u00e1 [&hellip;]","og_url":"https:\/\/dev.explora.cl\/aysen\/ciep-invita-a-participar-de-tercer-encuentro-de-turismo-y-ciencias\/","og_site_name":"Aysen","article_published_time":"2015-08-11T04:00:00+00:00","article_modified_time":"2019-05-20T21:21:33+00:00","og_image":[{"width":1024,"height":683,"url":"https:\/\/dev.explora.cl\/aysen\/wp-content\/uploads\/sites\/18\/2018\/06\/4d6554e5949c63eba8f295980c99eb33-1024x683.jpg","type":"image\/jpeg"}],"author":"webman","twitter_card":"summary_large_image","twitter_misc":{"Escrito por":"webman","Tiempo estimado de lectura":"3 minutos"},"schema":{"@context":"https:\/\/schema.org","@graph":[{"@type":"Article","@id":"https:\/\/dev.explora.cl\/aysen\/ciep-invita-a-participar-de-tercer-encuentro-de-turismo-y-ciencias\/#article","isPartOf":{"@id":"https:\/\/dev.explora.cl\/aysen\/ciep-invita-a-participar-de-tercer-encuentro-de-turismo-y-ciencias\/"},"author":{"name":"webman","@id":"https:\/\/dev.explora.cl\/aysen\/#\/schema\/person\/cb8349c13ea2d324080adf8480d7ba5d"},"headline":"CIEP invita a participar de Tercer Encuentro de Turismo y Ciencias","datePublished":"2015-08-11T04:00:00+00:00","dateModified":"2019-05-20T21:21:33+00:00","mainEntityOfPage":{"@id":"https:\/\/dev.explora.cl\/aysen\/ciep-invita-a-participar-de-tercer-encuentro-de-turismo-y-ciencias\/"},"wordCount":614,"commentCount":0,"image":{"@id":"https:\/\/dev.explora.cl\/aysen\/ciep-invita-a-participar-de-tercer-encuentro-de-turismo-y-ciencias\/#primaryimage"},"thumbnailUrl":"https:\/\/dev.explora.cl\/aysen\/wp-content\/uploads\/sites\/18\/2018\/06\/4d6554e5949c63eba8f295980c99eb33.jpg","articleSection":["Noticias"],"inLanguage":"es-CL","potentialAction":[{"@type":"CommentAction","name":"Comment","target":["https:\/\/dev.explora.cl\/aysen\/ciep-invita-a-participar-de-tercer-encuentro-de-turismo-y-ciencias\/#respond"]}]},{"@type":"WebPage","@id":"https:\/\/dev.explora.cl\/aysen\/ciep-invita-a-participar-de-tercer-encuentro-de-turismo-y-ciencias\/","url":"https:\/\/dev.explora.cl\/aysen\/ciep-invita-a-participar-de-tercer-encuentro-de-turismo-y-ciencias\/","name":"CIEP invita a participar de Tercer Encuentro de Turismo y Ciencias - Aysen","isPartOf":{"@id":"https:\/\/dev.explora.cl\/aysen\/#website"},"primaryImageOfPage":{"@id":"https:\/\/dev.explora.cl\/aysen\/ciep-invita-a-participar-de-tercer-encuentro-de-turismo-y-ciencias\/#primaryimage"},"image":{"@id":"https:\/\/dev.explora.cl\/aysen\/ciep-invita-a-participar-de-tercer-encuentro-de-turismo-y-ciencias\/#primaryimage"},"thumbnailUrl":"https:\/\/dev.explora.cl\/aysen\/wp-content\/uploads\/sites\/18\/2018\/06\/4d6554e5949c63eba8f295980c99eb33.jpg","datePublished":"2015-08-11T04:00:00+00:00","dateModified":"2019-05-20T21:21:33+00:00","author":{"@id":"https:\/\/dev.explora.cl\/aysen\/#\/schema\/person\/cb8349c13ea2d324080adf8480d7ba5d"},"breadcrumb":{"@id":"https:\/\/dev.explora.cl\/aysen\/ciep-invita-a-participar-de-tercer-encuentro-de-turismo-y-ciencias\/#breadcrumb"},"inLanguage":"es-CL","potentialAction":[{"@type":"ReadAction","target":["https:\/\/dev.explora.cl\/aysen\/ciep-invita-a-participar-de-tercer-encuentro-de-turismo-y-ciencias\/"]}]},{"@type":"ImageObject","inLanguage":"es-CL","@id":"https:\/\/dev.explora.cl\/aysen\/ciep-invita-a-participar-de-tercer-encuentro-de-turismo-y-ciencias\/#primaryimage","url":"https:\/\/dev.explora.cl\/aysen\/wp-content\/uploads\/sites\/18\/2018\/06\/4d6554e5949c63eba8f295980c99eb33.jpg","contentUrl":"https:\/\/dev.explora.cl\/aysen\/wp-content\/uploads\/sites\/18\/2018\/06\/4d6554e5949c63eba8f295980c99eb33.jpg","width":3225,"height":2150},{"@type":"BreadcrumbList","@id":"https:\/\/dev.explora.cl\/aysen\/ciep-invita-a-participar-de-tercer-encuentro-de-turismo-y-ciencias\/#breadcrumb","itemListElement":[{"@type":"ListItem","position":1,"name":"Portada","item":"https:\/\/dev.explora.cl\/aysen\/"},{"@type":"ListItem","position":2,"name":"CIEP invita a participar de Tercer Encuentro de Turismo y Ciencias"}]},{"@type":"WebSite","@id":"https:\/\/dev.explora.cl\/aysen\/#website","url":"https:\/\/dev.explora.cl\/aysen\/","name":"Aysen","description":"Otro sitio m\u00e1s de dev.explora.cl","potentialAction":[{"@type":"SearchAction","target":{"@type":"EntryPoint","urlTemplate":"https:\/\/dev.explora.cl\/aysen\/?s={search_term_string}"},"query-input":{"@type":"PropertyValueSpecification","valueRequired":true,"valueName":"search_term_string"}}],"inLanguage":"es-CL"},{"@type":"Person","@id":"https:\/\/dev.explora.cl\/aysen\/#\/schema\/person\/cb8349c13ea2d324080adf8480d7ba5d","name":"webman","image":{"@type":"ImageObject","inLanguage":"es-CL","@id":"https:\/\/dev.explora.cl\/aysen\/#\/schema\/person\/image\/","url":"https:\/\/secure.gravatar.com\/avatar\/eeff3c82f2c02f7177d13663b7e6f890e9a6a0647ce9bb29cae02dcb094c7312?s=96&d=mm&r=g","contentUrl":"https:\/\/secure.gravatar.com\/avatar\/eeff3c82f2c02f7177d13663b7e6f890e9a6a0647ce9bb29cae02dcb094c7312?s=96&d=mm&r=g","caption":"webman"},"url":"https:\/\/dev.explora.cl\/aysen\/author\/webman\/"}]}},"_links":{"self":[{"href":"https:\/\/dev.explora.cl\/aysen\/wp-json\/wp\/v2\/posts\/258","targetHints":{"allow":["GET"]}}],"collection":[{"href":"https:\/\/dev.explora.cl\/aysen\/wp-json\/wp\/v2\/posts"}],"about":[{"href":"https:\/\/dev.explora.cl\/aysen\/wp-json\/wp\/v2\/types\/post"}],"author":[{"embeddable":true,"href":"https:\/\/dev.explora.cl\/aysen\/wp-json\/wp\/v2\/users\/2"}],"replies":[{"embeddable":true,"href":"https:\/\/dev.explora.cl\/aysen\/wp-json\/wp\/v2\/comments?post=258"}],"version-history":[{"count":1,"href":"https:\/\/dev.explora.cl\/aysen\/wp-json\/wp\/v2\/posts\/258\/revisions"}],"predecessor-version":[{"id":37286,"href":"https:\/\/dev.explora.cl\/aysen\/wp-json\/wp\/v2\/posts\/258\/revisions\/37286"}],"wp:featuredmedia":[{"embeddable":true,"href":"https:\/\/dev.explora.cl\/aysen\/wp-json\/wp\/v2\/media\/259"}],"wp:attachment":[{"href":"https:\/\/dev.explora.cl\/aysen\/wp-json\/wp\/v2\/media?parent=258"}],"wp:term":[{"taxonomy":"category","embeddable":true,"href":"https:\/\/dev.explora.cl\/aysen\/wp-json\/wp\/v2\/categories?post=258"},{"taxonomy":"post_tag","embeddable":true,"href":"https:\/\/dev.explora.cl\/aysen\/wp-json\/wp\/v2\/tags?post=258"}],"curies":[{"name":"wp","href":"https:\/\/api.w.org\/{rel}","templated":true}]}}