{"id":254,"date":"2015-08-06T00:00:00","date_gmt":"2015-08-06T04:00:00","guid":{"rendered":"https:\/\/dev.explora.cl\/aysen\/blog\/2015\/08\/06\/par-explora-aysen-realizara-capacitacion-para-educadoras-y-profesoras-de-la-region-de-aysen\/"},"modified":"2019-05-20T21:21:35","modified_gmt":"2019-05-20T21:21:35","slug":"par-explora-aysen-realizara-capacitacion-para-educadoras-y-profesoras-de-la-region-de-aysen","status":"publish","type":"post","link":"https:\/\/dev.explora.cl\/aysen\/par-explora-aysen-realizara-capacitacion-para-educadoras-y-profesoras-de-la-region-de-aysen\/","title":{"rendered":"PAR EXPLORA Ays\u00e9n realizar\u00e1 capacitaci\u00f3n para educadoras y profesoras de la regi\u00f3n de Ays\u00e9n"},"content":{"rendered":"<p><img loading=\"lazy\" decoding=\"async\" class=\" size-full wp-image-13610\" src=\"http:\/\/ec2-34-218-253-251.us-west-2.compute.amazonaws.com\/wp-content\/uploads\/2015\/08\/744e1e404010ae23dadca1f6bc78b1aa.jpg\" alt=\"\" width=\"900\" height=\"595\" \/><\/p>\n<p>El PAR EXPLORA Regi\u00f3n de Ays\u00e9n, ejecutado por el Campus Patagonia de la Universidad Austral de Chile junto al CIEP, llevar\u00e1 a cabo esta iniciativa denominada Tus Competencias en Ciencias (TCC) que se realiza por sexto a\u00f1o consecutivo en la regi\u00f3n de Ays\u00e9n pero por primera vez en la localidad de Puerto Guadal.&nbsp;Esta actividad donde se espera la participaci\u00f3n de 24 educadoras, profesoras y asistentes se realizar\u00e1 los d\u00edas jueves 13, viernes 14 y s\u00e1bado 15 de agosto en el Lodge Terra Luna.<\/p>\n<p>TCC es una propuesta metodol\u00f3gica para la valoraci\u00f3n de la ciencia, tecnolog\u00eda e innovaci\u00f3n basada en el modelo de competencias para la ciencia que se concreta en talleres cient\u00edficos para ni\u00f1os, ni\u00f1as y j\u00f3venes, guiados por profesores\/as y educadoras\/es de p\u00e1rvulos especialmente capacitados.<\/p>\n<p>Los profesores, educadores y asistentes de educaci\u00f3n beneficiados por TCC recibir\u00e1n esta capacitaci\u00f3n para implementar y desarrollar talleres cient\u00edficos en sus establecimientos. Junto con esto, se les har\u00e1 entrega de un kit de materiales, una carpeta metodol\u00f3gica para llevar a cabo las actividades y la oportunidad de participar de la comunidad virtual de TCC, espacio donde podr\u00e1n compartir experiencias con otros docentes y recibir la asesor\u00eda de un tutor.<\/p>\n<p>Tus Competencias en Ciencia es una apuesta metodol\u00f3gica dise\u00f1ada por EXPLORA CONICYT que vincula el desarrollo de las competencias con el acercamiento a esta \u00e1rea del saber. A trav\u00e9s de esta iniciativa ni\u00f1as y ni\u00f1os tienen la oportunidad de participar en un proceso que les ense\u00f1a el valor de la ciencia y les permite desarrollar competencias para enfrentar los desaf\u00edos en ciencia, tecnolog\u00eda e innovaci\u00f3n.<\/p>\n<p>&nbsp;<\/p>\n","protected":false},"excerpt":{"rendered":"<p>El PAR EXPLORA Regi\u00f3n de Ays\u00e9n, ejecutado por el Campus Patagonia de la Universidad Austral de Chile junto al CIEP, llevar\u00e1 a cabo esta iniciativa denominada Tus Competencias en Ciencias (TCC) que se realiza por sexto a\u00f1o consecutivo en la regi\u00f3n de Ays\u00e9n pero por primera vez en la localidad de Puerto Guadal.&nbsp;Esta actividad donde [&hellip;]<\/p>\n","protected":false},"author":2,"featured_media":255,"comment_status":"open","ping_status":"open","sticky":false,"template":"","format":"standard","meta":{"_acf_changed":false,"_exactmetrics_skip_tracking":false,"_exactmetrics_sitenote_active":false,"_exactmetrics_sitenote_note":"","_exactmetrics_sitenote_category":0,"footnotes":"","_links_to":"","_links_to_target":""},"categories":[4],"tags":[],"class_list":["post-254","post","type-post","status-publish","format-standard","has-post-thumbnail","hentry","category-noticias"],"acf":[],"yoast_head":"<!-- This site is optimized with the Yoast SEO plugin v26.7 - https:\/\/yoast.com\/wordpress\/plugins\/seo\/ -->\n<title>PAR EXPLORA Ays\u00e9n realizar\u00e1 capacitaci\u00f3n para educadoras y profesoras de la regi\u00f3n de Ays\u00e9n - Aysen<\/title>\n<meta name=\"robots\" content=\"index, follow, max-snippet:-1, max-image-preview:large, max-video-preview:-1\" \/>\n<link rel=\"canonical\" href=\"https:\/\/dev.explora.cl\/aysen\/par-explora-aysen-realizara-capacitacion-para-educadoras-y-profesoras-de-la-region-de-aysen\/\" class=\"yoast-seo-meta-tag\" \/>\n<meta property=\"og:locale\" content=\"es_ES\" class=\"yoast-seo-meta-tag\" \/>\n<meta property=\"og:type\" content=\"article\" class=\"yoast-seo-meta-tag\" \/>\n<meta property=\"og:title\" content=\"PAR EXPLORA Ays\u00e9n realizar\u00e1 capacitaci\u00f3n para educadoras y profesoras de la regi\u00f3n de Ays\u00e9n - Aysen\" class=\"yoast-seo-meta-tag\" \/>\n<meta property=\"og:description\" content=\"El PAR EXPLORA Regi\u00f3n de Ays\u00e9n, ejecutado por el Campus Patagonia de la Universidad Austral de Chile junto al CIEP, llevar\u00e1 a cabo esta iniciativa denominada Tus Competencias en Ciencias (TCC) que se realiza por sexto a\u00f1o consecutivo en la regi\u00f3n de Ays\u00e9n pero por primera vez en la localidad de Puerto Guadal.&nbsp;Esta actividad donde [&hellip;]\" class=\"yoast-seo-meta-tag\" \/>\n<meta property=\"og:url\" content=\"https:\/\/dev.explora.cl\/aysen\/par-explora-aysen-realizara-capacitacion-para-educadoras-y-profesoras-de-la-region-de-aysen\/\" class=\"yoast-seo-meta-tag\" \/>\n<meta property=\"og:site_name\" content=\"Aysen\" class=\"yoast-seo-meta-tag\" \/>\n<meta property=\"article:published_time\" content=\"2015-08-06T04:00:00+00:00\" class=\"yoast-seo-meta-tag\" \/>\n<meta property=\"article:modified_time\" content=\"2019-05-20T21:21:35+00:00\" class=\"yoast-seo-meta-tag\" \/>\n<meta property=\"og:image\" content=\"https:\/\/dev.explora.cl\/aysen\/wp-content\/uploads\/sites\/18\/2018\/06\/744e1e404010ae23dadca1f6bc78b1aa.jpg\" class=\"yoast-seo-meta-tag\" \/>\n\t<meta property=\"og:image:width\" content=\"900\" class=\"yoast-seo-meta-tag\" \/>\n\t<meta property=\"og:image:height\" content=\"595\" class=\"yoast-seo-meta-tag\" \/>\n\t<meta property=\"og:image:type\" content=\"image\/jpeg\" class=\"yoast-seo-meta-tag\" \/>\n<meta name=\"author\" content=\"webman\" class=\"yoast-seo-meta-tag\" \/>\n<meta name=\"twitter:card\" content=\"summary_large_image\" class=\"yoast-seo-meta-tag\" \/>\n<meta name=\"twitter:label1\" content=\"Escrito por\" class=\"yoast-seo-meta-tag\" \/>\n\t<meta name=\"twitter:data1\" content=\"webman\" class=\"yoast-seo-meta-tag\" \/>\n\t<meta name=\"twitter:label2\" content=\"Tiempo estimado de lectura\" class=\"yoast-seo-meta-tag\" \/>\n\t<meta name=\"twitter:data2\" content=\"1 minuto\" class=\"yoast-seo-meta-tag\" \/>\n<script type=\"application\/ld+json\" class=\"yoast-schema-graph\">{\"@context\":\"https:\/\/schema.org\",\"@graph\":[{\"@type\":\"Article\",\"@id\":\"https:\/\/dev.explora.cl\/aysen\/par-explora-aysen-realizara-capacitacion-para-educadoras-y-profesoras-de-la-region-de-aysen\/#article\",\"isPartOf\":{\"@id\":\"https:\/\/dev.explora.cl\/aysen\/par-explora-aysen-realizara-capacitacion-para-educadoras-y-profesoras-de-la-region-de-aysen\/\"},\"author\":{\"name\":\"webman\",\"@id\":\"https:\/\/dev.explora.cl\/aysen\/#\/schema\/person\/cb8349c13ea2d324080adf8480d7ba5d\"},\"headline\":\"PAR EXPLORA Ays\u00e9n realizar\u00e1 capacitaci\u00f3n para educadoras y profesoras de la regi\u00f3n de Ays\u00e9n\",\"datePublished\":\"2015-08-06T04:00:00+00:00\",\"dateModified\":\"2019-05-20T21:21:35+00:00\",\"mainEntityOfPage\":{\"@id\":\"https:\/\/dev.explora.cl\/aysen\/par-explora-aysen-realizara-capacitacion-para-educadoras-y-profesoras-de-la-region-de-aysen\/\"},\"wordCount\":312,\"commentCount\":0,\"image\":{\"@id\":\"https:\/\/dev.explora.cl\/aysen\/par-explora-aysen-realizara-capacitacion-para-educadoras-y-profesoras-de-la-region-de-aysen\/#primaryimage\"},\"thumbnailUrl\":\"https:\/\/dev.explora.cl\/aysen\/wp-content\/uploads\/sites\/18\/2018\/06\/744e1e404010ae23dadca1f6bc78b1aa.jpg\",\"articleSection\":[\"Noticias\"],\"inLanguage\":\"es-CL\",\"potentialAction\":[{\"@type\":\"CommentAction\",\"name\":\"Comment\",\"target\":[\"https:\/\/dev.explora.cl\/aysen\/par-explora-aysen-realizara-capacitacion-para-educadoras-y-profesoras-de-la-region-de-aysen\/#respond\"]}]},{\"@type\":\"WebPage\",\"@id\":\"https:\/\/dev.explora.cl\/aysen\/par-explora-aysen-realizara-capacitacion-para-educadoras-y-profesoras-de-la-region-de-aysen\/\",\"url\":\"https:\/\/dev.explora.cl\/aysen\/par-explora-aysen-realizara-capacitacion-para-educadoras-y-profesoras-de-la-region-de-aysen\/\",\"name\":\"PAR EXPLORA Ays\u00e9n realizar\u00e1 capacitaci\u00f3n para educadoras y profesoras de la regi\u00f3n de Ays\u00e9n - Aysen\",\"isPartOf\":{\"@id\":\"https:\/\/dev.explora.cl\/aysen\/#website\"},\"primaryImageOfPage\":{\"@id\":\"https:\/\/dev.explora.cl\/aysen\/par-explora-aysen-realizara-capacitacion-para-educadoras-y-profesoras-de-la-region-de-aysen\/#primaryimage\"},\"image\":{\"@id\":\"https:\/\/dev.explora.cl\/aysen\/par-explora-aysen-realizara-capacitacion-para-educadoras-y-profesoras-de-la-region-de-aysen\/#primaryimage\"},\"thumbnailUrl\":\"https:\/\/dev.explora.cl\/aysen\/wp-content\/uploads\/sites\/18\/2018\/06\/744e1e404010ae23dadca1f6bc78b1aa.jpg\",\"datePublished\":\"2015-08-06T04:00:00+00:00\",\"dateModified\":\"2019-05-20T21:21:35+00:00\",\"author\":{\"@id\":\"https:\/\/dev.explora.cl\/aysen\/#\/schema\/person\/cb8349c13ea2d324080adf8480d7ba5d\"},\"breadcrumb\":{\"@id\":\"https:\/\/dev.explora.cl\/aysen\/par-explora-aysen-realizara-capacitacion-para-educadoras-y-profesoras-de-la-region-de-aysen\/#breadcrumb\"},\"inLanguage\":\"es-CL\",\"potentialAction\":[{\"@type\":\"ReadAction\",\"target\":[\"https:\/\/dev.explora.cl\/aysen\/par-explora-aysen-realizara-capacitacion-para-educadoras-y-profesoras-de-la-region-de-aysen\/\"]}]},{\"@type\":\"ImageObject\",\"inLanguage\":\"es-CL\",\"@id\":\"https:\/\/dev.explora.cl\/aysen\/par-explora-aysen-realizara-capacitacion-para-educadoras-y-profesoras-de-la-region-de-aysen\/#primaryimage\",\"url\":\"https:\/\/dev.explora.cl\/aysen\/wp-content\/uploads\/sites\/18\/2018\/06\/744e1e404010ae23dadca1f6bc78b1aa.jpg\",\"contentUrl\":\"https:\/\/dev.explora.cl\/aysen\/wp-content\/uploads\/sites\/18\/2018\/06\/744e1e404010ae23dadca1f6bc78b1aa.jpg\",\"width\":900,\"height\":595},{\"@type\":\"BreadcrumbList\",\"@id\":\"https:\/\/dev.explora.cl\/aysen\/par-explora-aysen-realizara-capacitacion-para-educadoras-y-profesoras-de-la-region-de-aysen\/#breadcrumb\",\"itemListElement\":[{\"@type\":\"ListItem\",\"position\":1,\"name\":\"Portada\",\"item\":\"https:\/\/dev.explora.cl\/aysen\/\"},{\"@type\":\"ListItem\",\"position\":2,\"name\":\"PAR EXPLORA Ays\u00e9n realizar\u00e1 capacitaci\u00f3n para educadoras y profesoras de la regi\u00f3n de Ays\u00e9n\"}]},{\"@type\":\"WebSite\",\"@id\":\"https:\/\/dev.explora.cl\/aysen\/#website\",\"url\":\"https:\/\/dev.explora.cl\/aysen\/\",\"name\":\"Aysen\",\"description\":\"Otro sitio m\u00e1s de dev.explora.cl\",\"potentialAction\":[{\"@type\":\"SearchAction\",\"target\":{\"@type\":\"EntryPoint\",\"urlTemplate\":\"https:\/\/dev.explora.cl\/aysen\/?s={search_term_string}\"},\"query-input\":{\"@type\":\"PropertyValueSpecification\",\"valueRequired\":true,\"valueName\":\"search_term_string\"}}],\"inLanguage\":\"es-CL\"},{\"@type\":\"Person\",\"@id\":\"https:\/\/dev.explora.cl\/aysen\/#\/schema\/person\/cb8349c13ea2d324080adf8480d7ba5d\",\"name\":\"webman\",\"image\":{\"@type\":\"ImageObject\",\"inLanguage\":\"es-CL\",\"@id\":\"https:\/\/dev.explora.cl\/aysen\/#\/schema\/person\/image\/\",\"url\":\"https:\/\/secure.gravatar.com\/avatar\/eeff3c82f2c02f7177d13663b7e6f890e9a6a0647ce9bb29cae02dcb094c7312?s=96&d=mm&r=g\",\"contentUrl\":\"https:\/\/secure.gravatar.com\/avatar\/eeff3c82f2c02f7177d13663b7e6f890e9a6a0647ce9bb29cae02dcb094c7312?s=96&d=mm&r=g\",\"caption\":\"webman\"},\"url\":\"https:\/\/dev.explora.cl\/aysen\/author\/webman\/\"}]}<\/script>\n<!-- \/ Yoast SEO plugin. -->","yoast_head_json":{"title":"PAR EXPLORA Ays\u00e9n realizar\u00e1 capacitaci\u00f3n para educadoras y profesoras de la regi\u00f3n de Ays\u00e9n - Aysen","robots":{"index":"index","follow":"follow","max-snippet":"max-snippet:-1","max-image-preview":"max-image-preview:large","max-video-preview":"max-video-preview:-1"},"canonical":"https:\/\/dev.explora.cl\/aysen\/par-explora-aysen-realizara-capacitacion-para-educadoras-y-profesoras-de-la-region-de-aysen\/","og_locale":"es_ES","og_type":"article","og_title":"PAR EXPLORA Ays\u00e9n realizar\u00e1 capacitaci\u00f3n para educadoras y profesoras de la regi\u00f3n de Ays\u00e9n - Aysen","og_description":"El PAR EXPLORA Regi\u00f3n de Ays\u00e9n, ejecutado por el Campus Patagonia de la Universidad Austral de Chile junto al CIEP, llevar\u00e1 a cabo esta iniciativa denominada Tus Competencias en Ciencias (TCC) que se realiza por sexto a\u00f1o consecutivo en la regi\u00f3n de Ays\u00e9n pero por primera vez en la localidad de Puerto Guadal.&nbsp;Esta actividad donde [&hellip;]","og_url":"https:\/\/dev.explora.cl\/aysen\/par-explora-aysen-realizara-capacitacion-para-educadoras-y-profesoras-de-la-region-de-aysen\/","og_site_name":"Aysen","article_published_time":"2015-08-06T04:00:00+00:00","article_modified_time":"2019-05-20T21:21:35+00:00","og_image":[{"width":900,"height":595,"url":"https:\/\/dev.explora.cl\/aysen\/wp-content\/uploads\/sites\/18\/2018\/06\/744e1e404010ae23dadca1f6bc78b1aa.jpg","type":"image\/jpeg"}],"author":"webman","twitter_card":"summary_large_image","twitter_misc":{"Escrito por":"webman","Tiempo estimado de lectura":"1 minuto"},"schema":{"@context":"https:\/\/schema.org","@graph":[{"@type":"Article","@id":"https:\/\/dev.explora.cl\/aysen\/par-explora-aysen-realizara-capacitacion-para-educadoras-y-profesoras-de-la-region-de-aysen\/#article","isPartOf":{"@id":"https:\/\/dev.explora.cl\/aysen\/par-explora-aysen-realizara-capacitacion-para-educadoras-y-profesoras-de-la-region-de-aysen\/"},"author":{"name":"webman","@id":"https:\/\/dev.explora.cl\/aysen\/#\/schema\/person\/cb8349c13ea2d324080adf8480d7ba5d"},"headline":"PAR EXPLORA Ays\u00e9n realizar\u00e1 capacitaci\u00f3n para educadoras y profesoras de la regi\u00f3n de Ays\u00e9n","datePublished":"2015-08-06T04:00:00+00:00","dateModified":"2019-05-20T21:21:35+00:00","mainEntityOfPage":{"@id":"https:\/\/dev.explora.cl\/aysen\/par-explora-aysen-realizara-capacitacion-para-educadoras-y-profesoras-de-la-region-de-aysen\/"},"wordCount":312,"commentCount":0,"image":{"@id":"https:\/\/dev.explora.cl\/aysen\/par-explora-aysen-realizara-capacitacion-para-educadoras-y-profesoras-de-la-region-de-aysen\/#primaryimage"},"thumbnailUrl":"https:\/\/dev.explora.cl\/aysen\/wp-content\/uploads\/sites\/18\/2018\/06\/744e1e404010ae23dadca1f6bc78b1aa.jpg","articleSection":["Noticias"],"inLanguage":"es-CL","potentialAction":[{"@type":"CommentAction","name":"Comment","target":["https:\/\/dev.explora.cl\/aysen\/par-explora-aysen-realizara-capacitacion-para-educadoras-y-profesoras-de-la-region-de-aysen\/#respond"]}]},{"@type":"WebPage","@id":"https:\/\/dev.explora.cl\/aysen\/par-explora-aysen-realizara-capacitacion-para-educadoras-y-profesoras-de-la-region-de-aysen\/","url":"https:\/\/dev.explora.cl\/aysen\/par-explora-aysen-realizara-capacitacion-para-educadoras-y-profesoras-de-la-region-de-aysen\/","name":"PAR EXPLORA Ays\u00e9n realizar\u00e1 capacitaci\u00f3n para educadoras y profesoras de la regi\u00f3n de Ays\u00e9n - Aysen","isPartOf":{"@id":"https:\/\/dev.explora.cl\/aysen\/#website"},"primaryImageOfPage":{"@id":"https:\/\/dev.explora.cl\/aysen\/par-explora-aysen-realizara-capacitacion-para-educadoras-y-profesoras-de-la-region-de-aysen\/#primaryimage"},"image":{"@id":"https:\/\/dev.explora.cl\/aysen\/par-explora-aysen-realizara-capacitacion-para-educadoras-y-profesoras-de-la-region-de-aysen\/#primaryimage"},"thumbnailUrl":"https:\/\/dev.explora.cl\/aysen\/wp-content\/uploads\/sites\/18\/2018\/06\/744e1e404010ae23dadca1f6bc78b1aa.jpg","datePublished":"2015-08-06T04:00:00+00:00","dateModified":"2019-05-20T21:21:35+00:00","author":{"@id":"https:\/\/dev.explora.cl\/aysen\/#\/schema\/person\/cb8349c13ea2d324080adf8480d7ba5d"},"breadcrumb":{"@id":"https:\/\/dev.explora.cl\/aysen\/par-explora-aysen-realizara-capacitacion-para-educadoras-y-profesoras-de-la-region-de-aysen\/#breadcrumb"},"inLanguage":"es-CL","potentialAction":[{"@type":"ReadAction","target":["https:\/\/dev.explora.cl\/aysen\/par-explora-aysen-realizara-capacitacion-para-educadoras-y-profesoras-de-la-region-de-aysen\/"]}]},{"@type":"ImageObject","inLanguage":"es-CL","@id":"https:\/\/dev.explora.cl\/aysen\/par-explora-aysen-realizara-capacitacion-para-educadoras-y-profesoras-de-la-region-de-aysen\/#primaryimage","url":"https:\/\/dev.explora.cl\/aysen\/wp-content\/uploads\/sites\/18\/2018\/06\/744e1e404010ae23dadca1f6bc78b1aa.jpg","contentUrl":"https:\/\/dev.explora.cl\/aysen\/wp-content\/uploads\/sites\/18\/2018\/06\/744e1e404010ae23dadca1f6bc78b1aa.jpg","width":900,"height":595},{"@type":"BreadcrumbList","@id":"https:\/\/dev.explora.cl\/aysen\/par-explora-aysen-realizara-capacitacion-para-educadoras-y-profesoras-de-la-region-de-aysen\/#breadcrumb","itemListElement":[{"@type":"ListItem","position":1,"name":"Portada","item":"https:\/\/dev.explora.cl\/aysen\/"},{"@type":"ListItem","position":2,"name":"PAR EXPLORA Ays\u00e9n realizar\u00e1 capacitaci\u00f3n para educadoras y profesoras de la regi\u00f3n de Ays\u00e9n"}]},{"@type":"WebSite","@id":"https:\/\/dev.explora.cl\/aysen\/#website","url":"https:\/\/dev.explora.cl\/aysen\/","name":"Aysen","description":"Otro sitio m\u00e1s de dev.explora.cl","potentialAction":[{"@type":"SearchAction","target":{"@type":"EntryPoint","urlTemplate":"https:\/\/dev.explora.cl\/aysen\/?s={search_term_string}"},"query-input":{"@type":"PropertyValueSpecification","valueRequired":true,"valueName":"search_term_string"}}],"inLanguage":"es-CL"},{"@type":"Person","@id":"https:\/\/dev.explora.cl\/aysen\/#\/schema\/person\/cb8349c13ea2d324080adf8480d7ba5d","name":"webman","image":{"@type":"ImageObject","inLanguage":"es-CL","@id":"https:\/\/dev.explora.cl\/aysen\/#\/schema\/person\/image\/","url":"https:\/\/secure.gravatar.com\/avatar\/eeff3c82f2c02f7177d13663b7e6f890e9a6a0647ce9bb29cae02dcb094c7312?s=96&d=mm&r=g","contentUrl":"https:\/\/secure.gravatar.com\/avatar\/eeff3c82f2c02f7177d13663b7e6f890e9a6a0647ce9bb29cae02dcb094c7312?s=96&d=mm&r=g","caption":"webman"},"url":"https:\/\/dev.explora.cl\/aysen\/author\/webman\/"}]}},"_links":{"self":[{"href":"https:\/\/dev.explora.cl\/aysen\/wp-json\/wp\/v2\/posts\/254","targetHints":{"allow":["GET"]}}],"collection":[{"href":"https:\/\/dev.explora.cl\/aysen\/wp-json\/wp\/v2\/posts"}],"about":[{"href":"https:\/\/dev.explora.cl\/aysen\/wp-json\/wp\/v2\/types\/post"}],"author":[{"embeddable":true,"href":"https:\/\/dev.explora.cl\/aysen\/wp-json\/wp\/v2\/users\/2"}],"replies":[{"embeddable":true,"href":"https:\/\/dev.explora.cl\/aysen\/wp-json\/wp\/v2\/comments?post=254"}],"version-history":[{"count":1,"href":"https:\/\/dev.explora.cl\/aysen\/wp-json\/wp\/v2\/posts\/254\/revisions"}],"predecessor-version":[{"id":37289,"href":"https:\/\/dev.explora.cl\/aysen\/wp-json\/wp\/v2\/posts\/254\/revisions\/37289"}],"wp:featuredmedia":[{"embeddable":true,"href":"https:\/\/dev.explora.cl\/aysen\/wp-json\/wp\/v2\/media\/255"}],"wp:attachment":[{"href":"https:\/\/dev.explora.cl\/aysen\/wp-json\/wp\/v2\/media?parent=254"}],"wp:term":[{"taxonomy":"category","embeddable":true,"href":"https:\/\/dev.explora.cl\/aysen\/wp-json\/wp\/v2\/categories?post=254"},{"taxonomy":"post_tag","embeddable":true,"href":"https:\/\/dev.explora.cl\/aysen\/wp-json\/wp\/v2\/tags?post=254"}],"curies":[{"name":"wp","href":"https:\/\/api.w.org\/{rel}","templated":true}]}}