{"id":248,"date":"2015-07-21T00:00:00","date_gmt":"2015-07-21T04:00:00","guid":{"rendered":"https:\/\/dev.explora.cl\/aysen\/blog\/2015\/07\/21\/campamento-familiar-para-valorar-biodiversidad-y-promover-sustentabilidad-en-la-region-de-aysen\/"},"modified":"2019-05-20T21:21:36","modified_gmt":"2019-05-20T21:21:36","slug":"campamento-familiar-para-valorar-biodiversidad-y-promover-sustentabilidad-en-la-region-de-aysen","status":"publish","type":"post","link":"https:\/\/dev.explora.cl\/aysen\/campamento-familiar-para-valorar-biodiversidad-y-promover-sustentabilidad-en-la-region-de-aysen\/","title":{"rendered":"Campamento familiar para valorar biodiversidad y promover sustentabilidad en la Regi\u00f3n de Ays\u00e9n"},"content":{"rendered":"<p><img loading=\"lazy\" decoding=\"async\" class=\" size-full wp-image-13176\" src=\"http:\/\/ec2-34-218-253-251.us-west-2.compute.amazonaws.com\/wp-content\/uploads\/2015\/07\/ada0c478b45d5e5c7b6e3e231ae8ab7d.jpg\" alt=\"\" width=\"1650\" height=\"1299\" \/><\/p>\n<p>&nbsp;<\/p>\n<p>Esta iniciativa postulada por el Club Deportivo de Gimnasia Art\u00edstica de Coyhaique es ejecutada por el Campus Patagonia de la Universidad Austral de Chile con la colaboraci\u00f3n del PAR EXPLORA de Ays\u00e9n y gracias al XVIII Concurso del Fondo de Protecci\u00f3n Ambiental 2015: Gesti\u00f3n Ambiental Local.<\/p>\n<p>\u201cAcampando descubro la biodiversidad de mi regi\u00f3n para un uso sustentable\u201d tiene como objetivo principal aumentar el conocimiento, valoraci\u00f3n e importancia de la diversidad biol\u00f3gica espec\u00edficamente en \u00e1reas silvestres protegidas del Estado en la regi\u00f3n de Ays\u00e9n a trav\u00e9s de este campamento que se realizar\u00e1&nbsp;el s\u00e1bado 26 y domingo 27 de julio en la&nbsp;Reserva Nacional R\u00edo Simpson. Durante la jornada, se realizar\u00e1n m\u00faltiples actividades de aprendizaje pr\u00e1ctica, bajo la premisa de \u201caprender haciendo\u201d.<\/p>\n<p>Durante la ejecuci\u00f3n del campamento se realizar\u00e1n m\u00faltiples actividades de educaci\u00f3n ambiental no formal, l\u00fadicas y colectivas tales como: visita guiada al Sendero El Pescador, limpieza ribera R\u00edo Simpson, cuentacuentos, gymkana de la biodiversidad, construcci\u00f3n de una cocina parab\u00f3lica con energ\u00edas renovables y fogata de reflexi\u00f3n, entre otras, de forma de propiciar en los participantes un cambio en el enfoque al medioambiente, conciliando la viabilidad ecol\u00f3gica con la factibilidad econ\u00f3mica y la equidad social.<\/p>\n<p>Paula Marin, Directora de esta iniciativa, destac\u00f3 la importancia de aumentar el conocimiento, valoraci\u00f3n e importancia de la diversidad biol\u00f3gica local. \u201cLos contenidos a trabajar estar\u00e1n orientados a la biodiversidad, sustentabilidad y conservaci\u00f3n del patrimonio natural, por lo anterior, este proyecto de educaci\u00f3n no formal, propone una nueva aproximaci\u00f3n integral de educaci\u00f3n ambiental y participaci\u00f3n ciudadana. La invitaci\u00f3n es para la familia, para que padres e hijos puedan disfrutar la vida al aire libre, contribuyendo a la valoraci\u00f3n y respeto de nuestro patrimonio natural adem\u00e1s de tomar conciencia de la importancia de la conservaci\u00f3n de la biodiversidad.\u201d<\/p>\n<p>&nbsp;<\/p>\n","protected":false},"excerpt":{"rendered":"<p>&nbsp; Esta iniciativa postulada por el Club Deportivo de Gimnasia Art\u00edstica de Coyhaique es ejecutada por el Campus Patagonia de la Universidad Austral de Chile con la colaboraci\u00f3n del PAR EXPLORA de Ays\u00e9n y gracias al XVIII Concurso del Fondo de Protecci\u00f3n Ambiental 2015: Gesti\u00f3n Ambiental Local. \u201cAcampando descubro la biodiversidad de mi regi\u00f3n para [&hellip;]<\/p>\n","protected":false},"author":2,"featured_media":249,"comment_status":"open","ping_status":"open","sticky":false,"template":"","format":"standard","meta":{"_acf_changed":false,"_exactmetrics_skip_tracking":false,"_exactmetrics_sitenote_active":false,"_exactmetrics_sitenote_note":"","_exactmetrics_sitenote_category":0,"footnotes":"","_links_to":"","_links_to_target":""},"categories":[4],"tags":[],"class_list":["post-248","post","type-post","status-publish","format-standard","has-post-thumbnail","hentry","category-noticias"],"acf":[],"yoast_head":"<!-- This site is optimized with the Yoast SEO plugin v26.7 - https:\/\/yoast.com\/wordpress\/plugins\/seo\/ -->\n<title>Campamento familiar para valorar biodiversidad y promover sustentabilidad en la Regi\u00f3n de Ays\u00e9n - Aysen<\/title>\n<meta name=\"robots\" content=\"index, follow, max-snippet:-1, max-image-preview:large, max-video-preview:-1\" \/>\n<link rel=\"canonical\" href=\"https:\/\/dev.explora.cl\/aysen\/campamento-familiar-para-valorar-biodiversidad-y-promover-sustentabilidad-en-la-region-de-aysen\/\" class=\"yoast-seo-meta-tag\" \/>\n<meta property=\"og:locale\" content=\"es_ES\" class=\"yoast-seo-meta-tag\" \/>\n<meta property=\"og:type\" content=\"article\" class=\"yoast-seo-meta-tag\" \/>\n<meta property=\"og:title\" content=\"Campamento familiar para valorar biodiversidad y promover sustentabilidad en la Regi\u00f3n de Ays\u00e9n - Aysen\" class=\"yoast-seo-meta-tag\" \/>\n<meta property=\"og:description\" content=\"&nbsp; Esta iniciativa postulada por el Club Deportivo de Gimnasia Art\u00edstica de Coyhaique es ejecutada por el Campus Patagonia de la Universidad Austral de Chile con la colaboraci\u00f3n del PAR EXPLORA de Ays\u00e9n y gracias al XVIII Concurso del Fondo de Protecci\u00f3n Ambiental 2015: Gesti\u00f3n Ambiental Local. \u201cAcampando descubro la biodiversidad de mi regi\u00f3n para [&hellip;]\" class=\"yoast-seo-meta-tag\" \/>\n<meta property=\"og:url\" content=\"https:\/\/dev.explora.cl\/aysen\/campamento-familiar-para-valorar-biodiversidad-y-promover-sustentabilidad-en-la-region-de-aysen\/\" class=\"yoast-seo-meta-tag\" \/>\n<meta property=\"og:site_name\" content=\"Aysen\" class=\"yoast-seo-meta-tag\" \/>\n<meta property=\"article:published_time\" content=\"2015-07-21T04:00:00+00:00\" class=\"yoast-seo-meta-tag\" \/>\n<meta property=\"article:modified_time\" content=\"2019-05-20T21:21:36+00:00\" class=\"yoast-seo-meta-tag\" \/>\n<meta property=\"og:image\" content=\"https:\/\/dev.explora.cl\/aysen\/wp-content\/uploads\/sites\/18\/2018\/06\/ada0c478b45d5e5c7b6e3e231ae8ab7d.jpg\" class=\"yoast-seo-meta-tag\" \/>\n\t<meta property=\"og:image:width\" content=\"1650\" class=\"yoast-seo-meta-tag\" \/>\n\t<meta property=\"og:image:height\" content=\"1299\" class=\"yoast-seo-meta-tag\" \/>\n\t<meta property=\"og:image:type\" content=\"image\/jpeg\" class=\"yoast-seo-meta-tag\" \/>\n<meta name=\"author\" content=\"webman\" class=\"yoast-seo-meta-tag\" \/>\n<meta name=\"twitter:card\" content=\"summary_large_image\" class=\"yoast-seo-meta-tag\" \/>\n<meta name=\"twitter:label1\" content=\"Escrito por\" class=\"yoast-seo-meta-tag\" \/>\n\t<meta name=\"twitter:data1\" content=\"webman\" class=\"yoast-seo-meta-tag\" \/>\n\t<meta name=\"twitter:label2\" content=\"Tiempo estimado de lectura\" class=\"yoast-seo-meta-tag\" \/>\n\t<meta name=\"twitter:data2\" content=\"2 minutos\" class=\"yoast-seo-meta-tag\" \/>\n<script type=\"application\/ld+json\" class=\"yoast-schema-graph\">{\"@context\":\"https:\/\/schema.org\",\"@graph\":[{\"@type\":\"Article\",\"@id\":\"https:\/\/dev.explora.cl\/aysen\/campamento-familiar-para-valorar-biodiversidad-y-promover-sustentabilidad-en-la-region-de-aysen\/#article\",\"isPartOf\":{\"@id\":\"https:\/\/dev.explora.cl\/aysen\/campamento-familiar-para-valorar-biodiversidad-y-promover-sustentabilidad-en-la-region-de-aysen\/\"},\"author\":{\"name\":\"webman\",\"@id\":\"https:\/\/dev.explora.cl\/aysen\/#\/schema\/person\/cb8349c13ea2d324080adf8480d7ba5d\"},\"headline\":\"Campamento familiar para valorar biodiversidad y promover sustentabilidad en la Regi\u00f3n de Ays\u00e9n\",\"datePublished\":\"2015-07-21T04:00:00+00:00\",\"dateModified\":\"2019-05-20T21:21:36+00:00\",\"mainEntityOfPage\":{\"@id\":\"https:\/\/dev.explora.cl\/aysen\/campamento-familiar-para-valorar-biodiversidad-y-promover-sustentabilidad-en-la-region-de-aysen\/\"},\"wordCount\":349,\"commentCount\":0,\"image\":{\"@id\":\"https:\/\/dev.explora.cl\/aysen\/campamento-familiar-para-valorar-biodiversidad-y-promover-sustentabilidad-en-la-region-de-aysen\/#primaryimage\"},\"thumbnailUrl\":\"https:\/\/dev.explora.cl\/aysen\/wp-content\/uploads\/sites\/18\/2018\/06\/ada0c478b45d5e5c7b6e3e231ae8ab7d.jpg\",\"articleSection\":[\"Noticias\"],\"inLanguage\":\"es-CL\",\"potentialAction\":[{\"@type\":\"CommentAction\",\"name\":\"Comment\",\"target\":[\"https:\/\/dev.explora.cl\/aysen\/campamento-familiar-para-valorar-biodiversidad-y-promover-sustentabilidad-en-la-region-de-aysen\/#respond\"]}]},{\"@type\":\"WebPage\",\"@id\":\"https:\/\/dev.explora.cl\/aysen\/campamento-familiar-para-valorar-biodiversidad-y-promover-sustentabilidad-en-la-region-de-aysen\/\",\"url\":\"https:\/\/dev.explora.cl\/aysen\/campamento-familiar-para-valorar-biodiversidad-y-promover-sustentabilidad-en-la-region-de-aysen\/\",\"name\":\"Campamento familiar para valorar biodiversidad y promover sustentabilidad en la Regi\u00f3n de Ays\u00e9n - Aysen\",\"isPartOf\":{\"@id\":\"https:\/\/dev.explora.cl\/aysen\/#website\"},\"primaryImageOfPage\":{\"@id\":\"https:\/\/dev.explora.cl\/aysen\/campamento-familiar-para-valorar-biodiversidad-y-promover-sustentabilidad-en-la-region-de-aysen\/#primaryimage\"},\"image\":{\"@id\":\"https:\/\/dev.explora.cl\/aysen\/campamento-familiar-para-valorar-biodiversidad-y-promover-sustentabilidad-en-la-region-de-aysen\/#primaryimage\"},\"thumbnailUrl\":\"https:\/\/dev.explora.cl\/aysen\/wp-content\/uploads\/sites\/18\/2018\/06\/ada0c478b45d5e5c7b6e3e231ae8ab7d.jpg\",\"datePublished\":\"2015-07-21T04:00:00+00:00\",\"dateModified\":\"2019-05-20T21:21:36+00:00\",\"author\":{\"@id\":\"https:\/\/dev.explora.cl\/aysen\/#\/schema\/person\/cb8349c13ea2d324080adf8480d7ba5d\"},\"breadcrumb\":{\"@id\":\"https:\/\/dev.explora.cl\/aysen\/campamento-familiar-para-valorar-biodiversidad-y-promover-sustentabilidad-en-la-region-de-aysen\/#breadcrumb\"},\"inLanguage\":\"es-CL\",\"potentialAction\":[{\"@type\":\"ReadAction\",\"target\":[\"https:\/\/dev.explora.cl\/aysen\/campamento-familiar-para-valorar-biodiversidad-y-promover-sustentabilidad-en-la-region-de-aysen\/\"]}]},{\"@type\":\"ImageObject\",\"inLanguage\":\"es-CL\",\"@id\":\"https:\/\/dev.explora.cl\/aysen\/campamento-familiar-para-valorar-biodiversidad-y-promover-sustentabilidad-en-la-region-de-aysen\/#primaryimage\",\"url\":\"https:\/\/dev.explora.cl\/aysen\/wp-content\/uploads\/sites\/18\/2018\/06\/ada0c478b45d5e5c7b6e3e231ae8ab7d.jpg\",\"contentUrl\":\"https:\/\/dev.explora.cl\/aysen\/wp-content\/uploads\/sites\/18\/2018\/06\/ada0c478b45d5e5c7b6e3e231ae8ab7d.jpg\",\"width\":1650,\"height\":1299},{\"@type\":\"BreadcrumbList\",\"@id\":\"https:\/\/dev.explora.cl\/aysen\/campamento-familiar-para-valorar-biodiversidad-y-promover-sustentabilidad-en-la-region-de-aysen\/#breadcrumb\",\"itemListElement\":[{\"@type\":\"ListItem\",\"position\":1,\"name\":\"Portada\",\"item\":\"https:\/\/dev.explora.cl\/aysen\/\"},{\"@type\":\"ListItem\",\"position\":2,\"name\":\"Campamento familiar para valorar biodiversidad y promover sustentabilidad en la Regi\u00f3n de Ays\u00e9n\"}]},{\"@type\":\"WebSite\",\"@id\":\"https:\/\/dev.explora.cl\/aysen\/#website\",\"url\":\"https:\/\/dev.explora.cl\/aysen\/\",\"name\":\"Aysen\",\"description\":\"Otro sitio m\u00e1s de dev.explora.cl\",\"potentialAction\":[{\"@type\":\"SearchAction\",\"target\":{\"@type\":\"EntryPoint\",\"urlTemplate\":\"https:\/\/dev.explora.cl\/aysen\/?s={search_term_string}\"},\"query-input\":{\"@type\":\"PropertyValueSpecification\",\"valueRequired\":true,\"valueName\":\"search_term_string\"}}],\"inLanguage\":\"es-CL\"},{\"@type\":\"Person\",\"@id\":\"https:\/\/dev.explora.cl\/aysen\/#\/schema\/person\/cb8349c13ea2d324080adf8480d7ba5d\",\"name\":\"webman\",\"image\":{\"@type\":\"ImageObject\",\"inLanguage\":\"es-CL\",\"@id\":\"https:\/\/dev.explora.cl\/aysen\/#\/schema\/person\/image\/\",\"url\":\"https:\/\/secure.gravatar.com\/avatar\/eeff3c82f2c02f7177d13663b7e6f890e9a6a0647ce9bb29cae02dcb094c7312?s=96&d=mm&r=g\",\"contentUrl\":\"https:\/\/secure.gravatar.com\/avatar\/eeff3c82f2c02f7177d13663b7e6f890e9a6a0647ce9bb29cae02dcb094c7312?s=96&d=mm&r=g\",\"caption\":\"webman\"},\"url\":\"https:\/\/dev.explora.cl\/aysen\/author\/webman\/\"}]}<\/script>\n<!-- \/ Yoast SEO plugin. -->","yoast_head_json":{"title":"Campamento familiar para valorar biodiversidad y promover sustentabilidad en la Regi\u00f3n de Ays\u00e9n - Aysen","robots":{"index":"index","follow":"follow","max-snippet":"max-snippet:-1","max-image-preview":"max-image-preview:large","max-video-preview":"max-video-preview:-1"},"canonical":"https:\/\/dev.explora.cl\/aysen\/campamento-familiar-para-valorar-biodiversidad-y-promover-sustentabilidad-en-la-region-de-aysen\/","og_locale":"es_ES","og_type":"article","og_title":"Campamento familiar para valorar biodiversidad y promover sustentabilidad en la Regi\u00f3n de Ays\u00e9n - Aysen","og_description":"&nbsp; Esta iniciativa postulada por el Club Deportivo de Gimnasia Art\u00edstica de Coyhaique es ejecutada por el Campus Patagonia de la Universidad Austral de Chile con la colaboraci\u00f3n del PAR EXPLORA de Ays\u00e9n y gracias al XVIII Concurso del Fondo de Protecci\u00f3n Ambiental 2015: Gesti\u00f3n Ambiental Local. \u201cAcampando descubro la biodiversidad de mi regi\u00f3n para [&hellip;]","og_url":"https:\/\/dev.explora.cl\/aysen\/campamento-familiar-para-valorar-biodiversidad-y-promover-sustentabilidad-en-la-region-de-aysen\/","og_site_name":"Aysen","article_published_time":"2015-07-21T04:00:00+00:00","article_modified_time":"2019-05-20T21:21:36+00:00","og_image":[{"width":1650,"height":1299,"url":"https:\/\/dev.explora.cl\/aysen\/wp-content\/uploads\/sites\/18\/2018\/06\/ada0c478b45d5e5c7b6e3e231ae8ab7d.jpg","type":"image\/jpeg"}],"author":"webman","twitter_card":"summary_large_image","twitter_misc":{"Escrito por":"webman","Tiempo estimado de lectura":"2 minutos"},"schema":{"@context":"https:\/\/schema.org","@graph":[{"@type":"Article","@id":"https:\/\/dev.explora.cl\/aysen\/campamento-familiar-para-valorar-biodiversidad-y-promover-sustentabilidad-en-la-region-de-aysen\/#article","isPartOf":{"@id":"https:\/\/dev.explora.cl\/aysen\/campamento-familiar-para-valorar-biodiversidad-y-promover-sustentabilidad-en-la-region-de-aysen\/"},"author":{"name":"webman","@id":"https:\/\/dev.explora.cl\/aysen\/#\/schema\/person\/cb8349c13ea2d324080adf8480d7ba5d"},"headline":"Campamento familiar para valorar biodiversidad y promover sustentabilidad en la Regi\u00f3n de Ays\u00e9n","datePublished":"2015-07-21T04:00:00+00:00","dateModified":"2019-05-20T21:21:36+00:00","mainEntityOfPage":{"@id":"https:\/\/dev.explora.cl\/aysen\/campamento-familiar-para-valorar-biodiversidad-y-promover-sustentabilidad-en-la-region-de-aysen\/"},"wordCount":349,"commentCount":0,"image":{"@id":"https:\/\/dev.explora.cl\/aysen\/campamento-familiar-para-valorar-biodiversidad-y-promover-sustentabilidad-en-la-region-de-aysen\/#primaryimage"},"thumbnailUrl":"https:\/\/dev.explora.cl\/aysen\/wp-content\/uploads\/sites\/18\/2018\/06\/ada0c478b45d5e5c7b6e3e231ae8ab7d.jpg","articleSection":["Noticias"],"inLanguage":"es-CL","potentialAction":[{"@type":"CommentAction","name":"Comment","target":["https:\/\/dev.explora.cl\/aysen\/campamento-familiar-para-valorar-biodiversidad-y-promover-sustentabilidad-en-la-region-de-aysen\/#respond"]}]},{"@type":"WebPage","@id":"https:\/\/dev.explora.cl\/aysen\/campamento-familiar-para-valorar-biodiversidad-y-promover-sustentabilidad-en-la-region-de-aysen\/","url":"https:\/\/dev.explora.cl\/aysen\/campamento-familiar-para-valorar-biodiversidad-y-promover-sustentabilidad-en-la-region-de-aysen\/","name":"Campamento familiar para valorar biodiversidad y promover sustentabilidad en la Regi\u00f3n de Ays\u00e9n - Aysen","isPartOf":{"@id":"https:\/\/dev.explora.cl\/aysen\/#website"},"primaryImageOfPage":{"@id":"https:\/\/dev.explora.cl\/aysen\/campamento-familiar-para-valorar-biodiversidad-y-promover-sustentabilidad-en-la-region-de-aysen\/#primaryimage"},"image":{"@id":"https:\/\/dev.explora.cl\/aysen\/campamento-familiar-para-valorar-biodiversidad-y-promover-sustentabilidad-en-la-region-de-aysen\/#primaryimage"},"thumbnailUrl":"https:\/\/dev.explora.cl\/aysen\/wp-content\/uploads\/sites\/18\/2018\/06\/ada0c478b45d5e5c7b6e3e231ae8ab7d.jpg","datePublished":"2015-07-21T04:00:00+00:00","dateModified":"2019-05-20T21:21:36+00:00","author":{"@id":"https:\/\/dev.explora.cl\/aysen\/#\/schema\/person\/cb8349c13ea2d324080adf8480d7ba5d"},"breadcrumb":{"@id":"https:\/\/dev.explora.cl\/aysen\/campamento-familiar-para-valorar-biodiversidad-y-promover-sustentabilidad-en-la-region-de-aysen\/#breadcrumb"},"inLanguage":"es-CL","potentialAction":[{"@type":"ReadAction","target":["https:\/\/dev.explora.cl\/aysen\/campamento-familiar-para-valorar-biodiversidad-y-promover-sustentabilidad-en-la-region-de-aysen\/"]}]},{"@type":"ImageObject","inLanguage":"es-CL","@id":"https:\/\/dev.explora.cl\/aysen\/campamento-familiar-para-valorar-biodiversidad-y-promover-sustentabilidad-en-la-region-de-aysen\/#primaryimage","url":"https:\/\/dev.explora.cl\/aysen\/wp-content\/uploads\/sites\/18\/2018\/06\/ada0c478b45d5e5c7b6e3e231ae8ab7d.jpg","contentUrl":"https:\/\/dev.explora.cl\/aysen\/wp-content\/uploads\/sites\/18\/2018\/06\/ada0c478b45d5e5c7b6e3e231ae8ab7d.jpg","width":1650,"height":1299},{"@type":"BreadcrumbList","@id":"https:\/\/dev.explora.cl\/aysen\/campamento-familiar-para-valorar-biodiversidad-y-promover-sustentabilidad-en-la-region-de-aysen\/#breadcrumb","itemListElement":[{"@type":"ListItem","position":1,"name":"Portada","item":"https:\/\/dev.explora.cl\/aysen\/"},{"@type":"ListItem","position":2,"name":"Campamento familiar para valorar biodiversidad y promover sustentabilidad en la Regi\u00f3n de Ays\u00e9n"}]},{"@type":"WebSite","@id":"https:\/\/dev.explora.cl\/aysen\/#website","url":"https:\/\/dev.explora.cl\/aysen\/","name":"Aysen","description":"Otro sitio m\u00e1s de dev.explora.cl","potentialAction":[{"@type":"SearchAction","target":{"@type":"EntryPoint","urlTemplate":"https:\/\/dev.explora.cl\/aysen\/?s={search_term_string}"},"query-input":{"@type":"PropertyValueSpecification","valueRequired":true,"valueName":"search_term_string"}}],"inLanguage":"es-CL"},{"@type":"Person","@id":"https:\/\/dev.explora.cl\/aysen\/#\/schema\/person\/cb8349c13ea2d324080adf8480d7ba5d","name":"webman","image":{"@type":"ImageObject","inLanguage":"es-CL","@id":"https:\/\/dev.explora.cl\/aysen\/#\/schema\/person\/image\/","url":"https:\/\/secure.gravatar.com\/avatar\/eeff3c82f2c02f7177d13663b7e6f890e9a6a0647ce9bb29cae02dcb094c7312?s=96&d=mm&r=g","contentUrl":"https:\/\/secure.gravatar.com\/avatar\/eeff3c82f2c02f7177d13663b7e6f890e9a6a0647ce9bb29cae02dcb094c7312?s=96&d=mm&r=g","caption":"webman"},"url":"https:\/\/dev.explora.cl\/aysen\/author\/webman\/"}]}},"_links":{"self":[{"href":"https:\/\/dev.explora.cl\/aysen\/wp-json\/wp\/v2\/posts\/248","targetHints":{"allow":["GET"]}}],"collection":[{"href":"https:\/\/dev.explora.cl\/aysen\/wp-json\/wp\/v2\/posts"}],"about":[{"href":"https:\/\/dev.explora.cl\/aysen\/wp-json\/wp\/v2\/types\/post"}],"author":[{"embeddable":true,"href":"https:\/\/dev.explora.cl\/aysen\/wp-json\/wp\/v2\/users\/2"}],"replies":[{"embeddable":true,"href":"https:\/\/dev.explora.cl\/aysen\/wp-json\/wp\/v2\/comments?post=248"}],"version-history":[{"count":1,"href":"https:\/\/dev.explora.cl\/aysen\/wp-json\/wp\/v2\/posts\/248\/revisions"}],"predecessor-version":[{"id":37292,"href":"https:\/\/dev.explora.cl\/aysen\/wp-json\/wp\/v2\/posts\/248\/revisions\/37292"}],"wp:featuredmedia":[{"embeddable":true,"href":"https:\/\/dev.explora.cl\/aysen\/wp-json\/wp\/v2\/media\/249"}],"wp:attachment":[{"href":"https:\/\/dev.explora.cl\/aysen\/wp-json\/wp\/v2\/media?parent=248"}],"wp:term":[{"taxonomy":"category","embeddable":true,"href":"https:\/\/dev.explora.cl\/aysen\/wp-json\/wp\/v2\/categories?post=248"},{"taxonomy":"post_tag","embeddable":true,"href":"https:\/\/dev.explora.cl\/aysen\/wp-json\/wp\/v2\/tags?post=248"}],"curies":[{"name":"wp","href":"https:\/\/api.w.org\/{rel}","templated":true}]}}