{"id":246,"date":"2015-07-15T00:00:00","date_gmt":"2015-07-15T04:00:00","guid":{"rendered":"https:\/\/dev.explora.cl\/aysen\/blog\/2015\/07\/15\/entrevista-a-dra-frida-piper-la-economia-regional-se-sustenta-en-el-bosque-nativo-entender-hasta-cuando-vamos-a-tener-este-recurso-es-sumamente-relevante\/"},"modified":"2019-05-20T21:21:37","modified_gmt":"2019-05-20T21:21:37","slug":"entrevista-a-dra-frida-piper-la-economia-regional-se-sustenta-en-el-bosque-nativo-entender-hasta-cuando-vamos-a-tener-este-recurso-es-sumamente-relevante","status":"publish","type":"post","link":"https:\/\/dev.explora.cl\/aysen\/entrevista-a-dra-frida-piper-la-economia-regional-se-sustenta-en-el-bosque-nativo-entender-hasta-cuando-vamos-a-tener-este-recurso-es-sumamente-relevante\/","title":{"rendered":"Entrevista a Dra. Frida Piper: \u201cLa econom\u00eda regional se sustenta en el bosque nativo, entender hasta cu\u00e1ndo vamos a tener este recurso es sumamente relevante\u201d."},"content":{"rendered":"<p><img loading=\"lazy\" decoding=\"async\" class=\" size-full wp-image-13087\" src=\"http:\/\/ec2-34-218-253-251.us-west-2.compute.amazonaws.com\/wp-content\/uploads\/2015\/07\/860e5593094d9159abbef32418f83def.jpg\" alt=\"\" width=\"800\" height=\"533\" \/><\/p>\n<p>&nbsp;<\/p>\n<p><p>Frida Piper, Dra. en Ciencias Biol\u00f3gicas y especialista en eco fisiolog\u00eda de bosques, est\u00e1 desde el 2007 en la regi\u00f3n de Ays\u00e9n donde comenz\u00f3 con un proyecto de post doctorado que trataba sobre cambio clim\u00e1tico en lenga y despu\u00e9s fue contratada por el CIEP y sigui\u00f3 muy interesada investigando el efecto del cambio clim\u00e1tico sobre las especies arb\u00f3reas nativas, el estr\u00e9s con que lidian las especies frente a temperaturas extremas y las defoliaciones o p\u00e9rdida de hojas en los \u00e1rboles.<\/p>\n<p>Frida actualmente es una de las investigadoras cient\u00edficas m\u00e1s destacadas que reside en la regi\u00f3n de Ays\u00e9n por la importancia y alcance de sus estudios e investigaciones y por la sistematicidad de las publicaciones que produce anualmente.<\/p>\n<p><strong>\u00bfCu\u00e1l es la causa de estas defoliaciones que se producen en los bosques de Ays\u00e9n?<\/strong><\/p>\n<p>\u201cLas defoliaciones pueden ser causadas por agentes internos y externos. Tenemos defoliaciones causadas por factores bi\u00f3ticos o abi\u00f3ticos. Los bi\u00f3ticos son los herb\u00edvoros y factores internos que se relacionan a la misma fenolog\u00eda de la planta o el ataque de pat\u00f3genos; los abi\u00f3ticos pueden ser el viento, una ca\u00edda de granizo, un producto qu\u00edmico como un herbicida. Los modelos de cambio clim\u00e1tico predicen que las defoliaciones por herb\u00edvoros van a aumentar con el incremento de temperatura y esto es algo que ya se est\u00e1 viendo en la regi\u00f3n de una manera particularmente intensa.\u201d<\/p>\n<p><strong>\u00bfCu\u00e1l es el efecto que est\u00e1n produciendo estas defoliaciones en el crecimiento de especies nativas y sus repercusiones a nivel regional?<\/strong><\/p>\n<p>\u201cLas defoliaciones de Ormiscodes amphimone (cuncuna espinuda) en las lengas causa un 60% de reducci\u00f3n en el crecimiento en comparaci\u00f3n con las lengas que no sufren la defoliaci\u00f3n de la cuncuna, este hecho es preocupante porque no sabemos c\u00f3mo ser\u00e1 la reacci\u00f3n del \u00e1rbol a defoliaciones m\u00e1s intensas y frecuentes con las cuales no evolucion\u00f3. Es un dato adem\u00e1s importante para la econom\u00eda regional (extracci\u00f3n de le\u00f1a, uso ganadero del suelo) y para el turismo; qui\u00e9n se imagina el Cerro Castillo sin las lengas, quien se imagina esta regi\u00f3n solamente con la estepa y los coirones, la foto de la Patagonia chilena en el mundo son los glaciares y los bosques.\u201d<\/p>\n<p><strong>\u00bfC\u00f3mo las especies de bosque nativo pueden defenderse y sobrevivir a trav\u00e9s del tiempo frente a estas condiciones clim\u00e1ticas tan extremas?<\/strong><\/p>\n<p>\u201cLas especies tienen herramientas para hacerle frente a esas condiciones tan extremas y esas herramientas no las conocemos para el caso de nuestras especies, yo estoy trabajando en eso, en indagar en la adaptaci\u00f3n a disturbios con particular enfoque en el almacenamiento de reservas. Estas especies ganan carbono por fotos\u00edntesis como todas las plantas pero crecen muy lento, la pregunta es qu\u00e9 hacen con ese carbono. Lo que estamos viendo, que coincide con lo que se est\u00e1 viendo en otros lugares del mundo en zonas inh\u00f3spitas, es que lo guardan como reserva para cuando tienen estos disturbios tan fuertes. La reservas de carbono son algo as\u00ed como una caja de ahorro que tienen las plantas, lo que les permite sobrevivir en tiempos de \u201cbajos salarios\u201d.<\/p>\n<p><strong>\u00bfC\u00f3mo se puede describir o entender particularmente esta relaci\u00f3n entre condiciones clim\u00e1ticas y las especies nativas predominantes en la Regi\u00f3n?<\/strong><\/p>\n<p>\u201cEsta es una regi\u00f3n que se caracteriza por el estr\u00e9s, con temperaturas muy extremas, no s\u00f3lo en el invierno. De hecho el invierno es la estaci\u00f3n menos preocupante para las plantas porque est\u00e1n en latencia, incluso las que tienen hojas en invierno. Cuando llega el verano, a diferencia de lo que sucede de Puerto Montt hacia el norte, las temperaturas siguen siendo bastante bajas (el verano es muy frio aqu\u00ed). En Ays\u00e9n caen frecuentemente heladas en primavera o incluso en verano cuando las plantas tienen todos sus brotecitos, sus yemas y sus tejidos nuevos m\u00e1s expuestos. Me interesa entender c\u00f3mo este estr\u00e9s estructura a las comunidades, como el estr\u00e9s est\u00e1 determinando que tengamos ciertas formaciones vegetales hacia el litoral, que tengamos muchas menos especies arb\u00f3reas hacia el l\u00edmite con Argentina en la estepa, que la lenga sea reina junto al \u00f1ire en gradientes de temperatura y precipitaci\u00f3n. La escala desde donde abordo estas preguntas es de respuesta al estr\u00e9s es la fisiolog\u00eda, es decir qu\u00e9 le pasa al \u00e1rbol adentro, c\u00f3mo maneja sus nutrientes, c\u00f3mo maneja el carbono que gana por fotos\u00edntesis, adonde lo invierte, si lo guarda o lo usa para crecer.\u201d<\/p>\n<p><strong>\u00bfCu\u00e1l es el aporte que implican tus investigaciones para el desarrollo en la regi\u00f3n de Ays\u00e9n?<\/strong><\/p>\n<p>\u201cLa econom\u00eda regional se sustenta, en lo que refiere a especies arb\u00f3reas, en el bosque nativo; las plantaciones de especies ex\u00f3ticas se han realizado para fijar las pendientes y evitar la erosi\u00f3n, luego hay plantaciones que las han realizado empresas privadas con fines productivos pero que actualmente no se sabe claramente el destino. La realidad, nos guste o no, es que esta regi\u00f3n se calefacciona a le\u00f1a casi todo el a\u00f1o (mantenemos la estufa prendida hasta en enero). Adem\u00e1s debido al mal aislamiento de las casas, tenemos un consumo muy alto de le\u00f1a y el combustible de toda esa le\u00f1a es el bosque nativo, entonces entender hasta cu\u00e1ndo vamos a tener bosque nativo tal como lo tenemos ahora es sumamente relevante.\u201d<\/p>\n<p>&#8220;La importancia regional de mis investigaciones es que permitan saber hasta cu\u00e1ndo tendremos un bosque nativo con la misma productividad actual, si est\u00e1 o no en peligro este bosque por estresores como la cuncuna o el aumento de la temperatura. Me contaba varios colegas que han empezado a ver sequias en los veranos de Ays\u00e9n y \u00e1rboles muertos por sequ\u00eda, sino adelantarnos a los hechos para poder planificar el manejo o tener ciertas herramientas (aplicaci\u00f3n de fertilizantes, riego).\u201d<\/p>\n<p><strong>\u00bfCu\u00e1les son los desaf\u00edos a futuro en esta l\u00ednea investigativa que se viene trabajando?<\/strong><\/p>\n<p>\u201cMe quiero meter un poco m\u00e1s en los tipos funcionales, especies deciduas (o caducas), especies siempre-verdes, especies con\u00edferas y especies que se llaman de \u201choja ancha\u201d, entender cu\u00e1les son las ventajas ecol\u00f3gicas de perder la hoja o quedarse con la hoja en invierno. Hay algunas teor\u00edas que se han hecho a\u00f1os atr\u00e1s en otros lugares del mundo, neozelandeses y norteamericanos han escrito del tema. Cuando tu lees esos trabajos est\u00e1n escritos b\u00e1sicamente para sistemas donde tienen esos bosque separados, entonces dicen las con\u00edferas siempre verdes crecen en lugares donde hace mucho frio en la alta monta\u00f1a y resulta que aqu\u00ed en los bosque de alta monta\u00f1a tenemos lenga, especia decidua. Despu\u00e9s hay otras teor\u00edas que tienen que ver con fertilidad del suelo que dicen que el \u00e1rbol-siempre verde retiene la hoja porque botarla es arriesgarse a perder el nutriente en un suelo que como es tan pobre me lo puede quitar el vecino, entonces una manera de tener el nutriente conmigo es tener la hoja y reciclar el nutriente antes de perder la hoja. Sin embargo, resulta que ac\u00e1 en suelos muy pobres de la regi\u00f3n tenemos el coig\u00fce que es una especie siempre verde frecuentemente asociado con la lenga. Entonces todas esas teor\u00edas escritas desde el hemisferio norte no cierran en Patagonia. Adem\u00e1s, aqu\u00ed tenemos el modelo perfecto para comparar especies deciduas con siempreverdes, porque ese rasgos de botar o no la hoja se da dentro del mismo g\u00e9nero Nothofagus\u201d.<\/p>\n<\/p>\n<p>&nbsp;<\/p>\n","protected":false},"excerpt":{"rendered":"<p>&nbsp; Frida Piper, Dra. en Ciencias Biol\u00f3gicas y especialista en eco fisiolog\u00eda de bosques, est\u00e1 desde el 2007 en la regi\u00f3n de Ays\u00e9n donde comenz\u00f3 con un proyecto de post doctorado que trataba sobre cambio clim\u00e1tico en lenga y despu\u00e9s fue contratada por el CIEP y sigui\u00f3 muy interesada investigando el efecto del cambio clim\u00e1tico [&hellip;]<\/p>\n","protected":false},"author":2,"featured_media":247,"comment_status":"open","ping_status":"open","sticky":false,"template":"","format":"standard","meta":{"_acf_changed":false,"_exactmetrics_skip_tracking":false,"_exactmetrics_sitenote_active":false,"_exactmetrics_sitenote_note":"","_exactmetrics_sitenote_category":0,"footnotes":"","_links_to":"","_links_to_target":""},"categories":[4],"tags":[],"class_list":["post-246","post","type-post","status-publish","format-standard","has-post-thumbnail","hentry","category-noticias"],"acf":[],"yoast_head":"<!-- This site is optimized with the Yoast SEO plugin v26.7 - https:\/\/yoast.com\/wordpress\/plugins\/seo\/ -->\n<title>Entrevista a Dra. Frida Piper: \u201cLa econom\u00eda regional se sustenta en el bosque nativo, entender hasta cu\u00e1ndo vamos a tener este recurso es sumamente relevante\u201d. - Aysen<\/title>\n<meta name=\"robots\" content=\"index, follow, max-snippet:-1, max-image-preview:large, max-video-preview:-1\" \/>\n<link rel=\"canonical\" href=\"https:\/\/dev.explora.cl\/aysen\/entrevista-a-dra-frida-piper-la-economia-regional-se-sustenta-en-el-bosque-nativo-entender-hasta-cuando-vamos-a-tener-este-recurso-es-sumamente-relevante\/\" class=\"yoast-seo-meta-tag\" \/>\n<meta property=\"og:locale\" content=\"es_ES\" class=\"yoast-seo-meta-tag\" \/>\n<meta property=\"og:type\" content=\"article\" class=\"yoast-seo-meta-tag\" \/>\n<meta property=\"og:title\" content=\"Entrevista a Dra. Frida Piper: \u201cLa econom\u00eda regional se sustenta en el bosque nativo, entender hasta cu\u00e1ndo vamos a tener este recurso es sumamente relevante\u201d. - Aysen\" class=\"yoast-seo-meta-tag\" \/>\n<meta property=\"og:description\" content=\"&nbsp; Frida Piper, Dra. en Ciencias Biol\u00f3gicas y especialista en eco fisiolog\u00eda de bosques, est\u00e1 desde el 2007 en la regi\u00f3n de Ays\u00e9n donde comenz\u00f3 con un proyecto de post doctorado que trataba sobre cambio clim\u00e1tico en lenga y despu\u00e9s fue contratada por el CIEP y sigui\u00f3 muy interesada investigando el efecto del cambio clim\u00e1tico [&hellip;]\" class=\"yoast-seo-meta-tag\" \/>\n<meta property=\"og:url\" content=\"https:\/\/dev.explora.cl\/aysen\/entrevista-a-dra-frida-piper-la-economia-regional-se-sustenta-en-el-bosque-nativo-entender-hasta-cuando-vamos-a-tener-este-recurso-es-sumamente-relevante\/\" class=\"yoast-seo-meta-tag\" \/>\n<meta property=\"og:site_name\" content=\"Aysen\" class=\"yoast-seo-meta-tag\" \/>\n<meta property=\"article:published_time\" content=\"2015-07-15T04:00:00+00:00\" class=\"yoast-seo-meta-tag\" \/>\n<meta property=\"article:modified_time\" content=\"2019-05-20T21:21:37+00:00\" class=\"yoast-seo-meta-tag\" \/>\n<meta property=\"og:image\" content=\"https:\/\/dev.explora.cl\/aysen\/wp-content\/uploads\/sites\/18\/2018\/06\/860e5593094d9159abbef32418f83def.jpg\" class=\"yoast-seo-meta-tag\" \/>\n\t<meta property=\"og:image:width\" content=\"800\" class=\"yoast-seo-meta-tag\" \/>\n\t<meta property=\"og:image:height\" content=\"533\" class=\"yoast-seo-meta-tag\" \/>\n\t<meta property=\"og:image:type\" content=\"image\/jpeg\" class=\"yoast-seo-meta-tag\" \/>\n<meta name=\"author\" content=\"webman\" class=\"yoast-seo-meta-tag\" \/>\n<meta name=\"twitter:card\" content=\"summary_large_image\" class=\"yoast-seo-meta-tag\" \/>\n<meta name=\"twitter:label1\" content=\"Escrito por\" class=\"yoast-seo-meta-tag\" \/>\n\t<meta name=\"twitter:data1\" content=\"webman\" class=\"yoast-seo-meta-tag\" \/>\n\t<meta name=\"twitter:label2\" content=\"Tiempo estimado de lectura\" class=\"yoast-seo-meta-tag\" \/>\n\t<meta name=\"twitter:data2\" content=\"6 minutos\" class=\"yoast-seo-meta-tag\" \/>\n<script type=\"application\/ld+json\" class=\"yoast-schema-graph\">{\"@context\":\"https:\/\/schema.org\",\"@graph\":[{\"@type\":\"Article\",\"@id\":\"https:\/\/dev.explora.cl\/aysen\/entrevista-a-dra-frida-piper-la-economia-regional-se-sustenta-en-el-bosque-nativo-entender-hasta-cuando-vamos-a-tener-este-recurso-es-sumamente-relevante\/#article\",\"isPartOf\":{\"@id\":\"https:\/\/dev.explora.cl\/aysen\/entrevista-a-dra-frida-piper-la-economia-regional-se-sustenta-en-el-bosque-nativo-entender-hasta-cuando-vamos-a-tener-este-recurso-es-sumamente-relevante\/\"},\"author\":{\"name\":\"webman\",\"@id\":\"https:\/\/dev.explora.cl\/aysen\/#\/schema\/person\/cb8349c13ea2d324080adf8480d7ba5d\"},\"headline\":\"Entrevista a Dra. Frida Piper: \u201cLa econom\u00eda regional se sustenta en el bosque nativo, entender hasta cu\u00e1ndo vamos a tener este recurso es sumamente relevante\u201d.\",\"datePublished\":\"2015-07-15T04:00:00+00:00\",\"dateModified\":\"2019-05-20T21:21:37+00:00\",\"mainEntityOfPage\":{\"@id\":\"https:\/\/dev.explora.cl\/aysen\/entrevista-a-dra-frida-piper-la-economia-regional-se-sustenta-en-el-bosque-nativo-entender-hasta-cuando-vamos-a-tener-este-recurso-es-sumamente-relevante\/\"},\"wordCount\":1323,\"commentCount\":0,\"image\":{\"@id\":\"https:\/\/dev.explora.cl\/aysen\/entrevista-a-dra-frida-piper-la-economia-regional-se-sustenta-en-el-bosque-nativo-entender-hasta-cuando-vamos-a-tener-este-recurso-es-sumamente-relevante\/#primaryimage\"},\"thumbnailUrl\":\"https:\/\/dev.explora.cl\/aysen\/wp-content\/uploads\/sites\/18\/2018\/06\/860e5593094d9159abbef32418f83def.jpg\",\"articleSection\":[\"Noticias\"],\"inLanguage\":\"es-CL\",\"potentialAction\":[{\"@type\":\"CommentAction\",\"name\":\"Comment\",\"target\":[\"https:\/\/dev.explora.cl\/aysen\/entrevista-a-dra-frida-piper-la-economia-regional-se-sustenta-en-el-bosque-nativo-entender-hasta-cuando-vamos-a-tener-este-recurso-es-sumamente-relevante\/#respond\"]}]},{\"@type\":\"WebPage\",\"@id\":\"https:\/\/dev.explora.cl\/aysen\/entrevista-a-dra-frida-piper-la-economia-regional-se-sustenta-en-el-bosque-nativo-entender-hasta-cuando-vamos-a-tener-este-recurso-es-sumamente-relevante\/\",\"url\":\"https:\/\/dev.explora.cl\/aysen\/entrevista-a-dra-frida-piper-la-economia-regional-se-sustenta-en-el-bosque-nativo-entender-hasta-cuando-vamos-a-tener-este-recurso-es-sumamente-relevante\/\",\"name\":\"Entrevista a Dra. Frida Piper: \u201cLa econom\u00eda regional se sustenta en el bosque nativo, entender hasta cu\u00e1ndo vamos a tener este recurso es sumamente relevante\u201d. - Aysen\",\"isPartOf\":{\"@id\":\"https:\/\/dev.explora.cl\/aysen\/#website\"},\"primaryImageOfPage\":{\"@id\":\"https:\/\/dev.explora.cl\/aysen\/entrevista-a-dra-frida-piper-la-economia-regional-se-sustenta-en-el-bosque-nativo-entender-hasta-cuando-vamos-a-tener-este-recurso-es-sumamente-relevante\/#primaryimage\"},\"image\":{\"@id\":\"https:\/\/dev.explora.cl\/aysen\/entrevista-a-dra-frida-piper-la-economia-regional-se-sustenta-en-el-bosque-nativo-entender-hasta-cuando-vamos-a-tener-este-recurso-es-sumamente-relevante\/#primaryimage\"},\"thumbnailUrl\":\"https:\/\/dev.explora.cl\/aysen\/wp-content\/uploads\/sites\/18\/2018\/06\/860e5593094d9159abbef32418f83def.jpg\",\"datePublished\":\"2015-07-15T04:00:00+00:00\",\"dateModified\":\"2019-05-20T21:21:37+00:00\",\"author\":{\"@id\":\"https:\/\/dev.explora.cl\/aysen\/#\/schema\/person\/cb8349c13ea2d324080adf8480d7ba5d\"},\"breadcrumb\":{\"@id\":\"https:\/\/dev.explora.cl\/aysen\/entrevista-a-dra-frida-piper-la-economia-regional-se-sustenta-en-el-bosque-nativo-entender-hasta-cuando-vamos-a-tener-este-recurso-es-sumamente-relevante\/#breadcrumb\"},\"inLanguage\":\"es-CL\",\"potentialAction\":[{\"@type\":\"ReadAction\",\"target\":[\"https:\/\/dev.explora.cl\/aysen\/entrevista-a-dra-frida-piper-la-economia-regional-se-sustenta-en-el-bosque-nativo-entender-hasta-cuando-vamos-a-tener-este-recurso-es-sumamente-relevante\/\"]}]},{\"@type\":\"ImageObject\",\"inLanguage\":\"es-CL\",\"@id\":\"https:\/\/dev.explora.cl\/aysen\/entrevista-a-dra-frida-piper-la-economia-regional-se-sustenta-en-el-bosque-nativo-entender-hasta-cuando-vamos-a-tener-este-recurso-es-sumamente-relevante\/#primaryimage\",\"url\":\"https:\/\/dev.explora.cl\/aysen\/wp-content\/uploads\/sites\/18\/2018\/06\/860e5593094d9159abbef32418f83def.jpg\",\"contentUrl\":\"https:\/\/dev.explora.cl\/aysen\/wp-content\/uploads\/sites\/18\/2018\/06\/860e5593094d9159abbef32418f83def.jpg\",\"width\":800,\"height\":533},{\"@type\":\"BreadcrumbList\",\"@id\":\"https:\/\/dev.explora.cl\/aysen\/entrevista-a-dra-frida-piper-la-economia-regional-se-sustenta-en-el-bosque-nativo-entender-hasta-cuando-vamos-a-tener-este-recurso-es-sumamente-relevante\/#breadcrumb\",\"itemListElement\":[{\"@type\":\"ListItem\",\"position\":1,\"name\":\"Portada\",\"item\":\"https:\/\/dev.explora.cl\/aysen\/\"},{\"@type\":\"ListItem\",\"position\":2,\"name\":\"Entrevista a Dra. Frida Piper: \u201cLa econom\u00eda regional se sustenta en el bosque nativo, entender hasta cu\u00e1ndo vamos a tener este recurso es sumamente relevante\u201d.\"}]},{\"@type\":\"WebSite\",\"@id\":\"https:\/\/dev.explora.cl\/aysen\/#website\",\"url\":\"https:\/\/dev.explora.cl\/aysen\/\",\"name\":\"Aysen\",\"description\":\"Otro sitio m\u00e1s de dev.explora.cl\",\"potentialAction\":[{\"@type\":\"SearchAction\",\"target\":{\"@type\":\"EntryPoint\",\"urlTemplate\":\"https:\/\/dev.explora.cl\/aysen\/?s={search_term_string}\"},\"query-input\":{\"@type\":\"PropertyValueSpecification\",\"valueRequired\":true,\"valueName\":\"search_term_string\"}}],\"inLanguage\":\"es-CL\"},{\"@type\":\"Person\",\"@id\":\"https:\/\/dev.explora.cl\/aysen\/#\/schema\/person\/cb8349c13ea2d324080adf8480d7ba5d\",\"name\":\"webman\",\"image\":{\"@type\":\"ImageObject\",\"inLanguage\":\"es-CL\",\"@id\":\"https:\/\/dev.explora.cl\/aysen\/#\/schema\/person\/image\/\",\"url\":\"https:\/\/secure.gravatar.com\/avatar\/eeff3c82f2c02f7177d13663b7e6f890e9a6a0647ce9bb29cae02dcb094c7312?s=96&d=mm&r=g\",\"contentUrl\":\"https:\/\/secure.gravatar.com\/avatar\/eeff3c82f2c02f7177d13663b7e6f890e9a6a0647ce9bb29cae02dcb094c7312?s=96&d=mm&r=g\",\"caption\":\"webman\"},\"url\":\"https:\/\/dev.explora.cl\/aysen\/author\/webman\/\"}]}<\/script>\n<!-- \/ Yoast SEO plugin. -->","yoast_head_json":{"title":"Entrevista a Dra. Frida Piper: \u201cLa econom\u00eda regional se sustenta en el bosque nativo, entender hasta cu\u00e1ndo vamos a tener este recurso es sumamente relevante\u201d. - Aysen","robots":{"index":"index","follow":"follow","max-snippet":"max-snippet:-1","max-image-preview":"max-image-preview:large","max-video-preview":"max-video-preview:-1"},"canonical":"https:\/\/dev.explora.cl\/aysen\/entrevista-a-dra-frida-piper-la-economia-regional-se-sustenta-en-el-bosque-nativo-entender-hasta-cuando-vamos-a-tener-este-recurso-es-sumamente-relevante\/","og_locale":"es_ES","og_type":"article","og_title":"Entrevista a Dra. Frida Piper: \u201cLa econom\u00eda regional se sustenta en el bosque nativo, entender hasta cu\u00e1ndo vamos a tener este recurso es sumamente relevante\u201d. - Aysen","og_description":"&nbsp; Frida Piper, Dra. en Ciencias Biol\u00f3gicas y especialista en eco fisiolog\u00eda de bosques, est\u00e1 desde el 2007 en la regi\u00f3n de Ays\u00e9n donde comenz\u00f3 con un proyecto de post doctorado que trataba sobre cambio clim\u00e1tico en lenga y despu\u00e9s fue contratada por el CIEP y sigui\u00f3 muy interesada investigando el efecto del cambio clim\u00e1tico [&hellip;]","og_url":"https:\/\/dev.explora.cl\/aysen\/entrevista-a-dra-frida-piper-la-economia-regional-se-sustenta-en-el-bosque-nativo-entender-hasta-cuando-vamos-a-tener-este-recurso-es-sumamente-relevante\/","og_site_name":"Aysen","article_published_time":"2015-07-15T04:00:00+00:00","article_modified_time":"2019-05-20T21:21:37+00:00","og_image":[{"width":800,"height":533,"url":"https:\/\/dev.explora.cl\/aysen\/wp-content\/uploads\/sites\/18\/2018\/06\/860e5593094d9159abbef32418f83def.jpg","type":"image\/jpeg"}],"author":"webman","twitter_card":"summary_large_image","twitter_misc":{"Escrito por":"webman","Tiempo estimado de lectura":"6 minutos"},"schema":{"@context":"https:\/\/schema.org","@graph":[{"@type":"Article","@id":"https:\/\/dev.explora.cl\/aysen\/entrevista-a-dra-frida-piper-la-economia-regional-se-sustenta-en-el-bosque-nativo-entender-hasta-cuando-vamos-a-tener-este-recurso-es-sumamente-relevante\/#article","isPartOf":{"@id":"https:\/\/dev.explora.cl\/aysen\/entrevista-a-dra-frida-piper-la-economia-regional-se-sustenta-en-el-bosque-nativo-entender-hasta-cuando-vamos-a-tener-este-recurso-es-sumamente-relevante\/"},"author":{"name":"webman","@id":"https:\/\/dev.explora.cl\/aysen\/#\/schema\/person\/cb8349c13ea2d324080adf8480d7ba5d"},"headline":"Entrevista a Dra. Frida Piper: \u201cLa econom\u00eda regional se sustenta en el bosque nativo, entender hasta cu\u00e1ndo vamos a tener este recurso es sumamente relevante\u201d.","datePublished":"2015-07-15T04:00:00+00:00","dateModified":"2019-05-20T21:21:37+00:00","mainEntityOfPage":{"@id":"https:\/\/dev.explora.cl\/aysen\/entrevista-a-dra-frida-piper-la-economia-regional-se-sustenta-en-el-bosque-nativo-entender-hasta-cuando-vamos-a-tener-este-recurso-es-sumamente-relevante\/"},"wordCount":1323,"commentCount":0,"image":{"@id":"https:\/\/dev.explora.cl\/aysen\/entrevista-a-dra-frida-piper-la-economia-regional-se-sustenta-en-el-bosque-nativo-entender-hasta-cuando-vamos-a-tener-este-recurso-es-sumamente-relevante\/#primaryimage"},"thumbnailUrl":"https:\/\/dev.explora.cl\/aysen\/wp-content\/uploads\/sites\/18\/2018\/06\/860e5593094d9159abbef32418f83def.jpg","articleSection":["Noticias"],"inLanguage":"es-CL","potentialAction":[{"@type":"CommentAction","name":"Comment","target":["https:\/\/dev.explora.cl\/aysen\/entrevista-a-dra-frida-piper-la-economia-regional-se-sustenta-en-el-bosque-nativo-entender-hasta-cuando-vamos-a-tener-este-recurso-es-sumamente-relevante\/#respond"]}]},{"@type":"WebPage","@id":"https:\/\/dev.explora.cl\/aysen\/entrevista-a-dra-frida-piper-la-economia-regional-se-sustenta-en-el-bosque-nativo-entender-hasta-cuando-vamos-a-tener-este-recurso-es-sumamente-relevante\/","url":"https:\/\/dev.explora.cl\/aysen\/entrevista-a-dra-frida-piper-la-economia-regional-se-sustenta-en-el-bosque-nativo-entender-hasta-cuando-vamos-a-tener-este-recurso-es-sumamente-relevante\/","name":"Entrevista a Dra. Frida Piper: \u201cLa econom\u00eda regional se sustenta en el bosque nativo, entender hasta cu\u00e1ndo vamos a tener este recurso es sumamente relevante\u201d. - Aysen","isPartOf":{"@id":"https:\/\/dev.explora.cl\/aysen\/#website"},"primaryImageOfPage":{"@id":"https:\/\/dev.explora.cl\/aysen\/entrevista-a-dra-frida-piper-la-economia-regional-se-sustenta-en-el-bosque-nativo-entender-hasta-cuando-vamos-a-tener-este-recurso-es-sumamente-relevante\/#primaryimage"},"image":{"@id":"https:\/\/dev.explora.cl\/aysen\/entrevista-a-dra-frida-piper-la-economia-regional-se-sustenta-en-el-bosque-nativo-entender-hasta-cuando-vamos-a-tener-este-recurso-es-sumamente-relevante\/#primaryimage"},"thumbnailUrl":"https:\/\/dev.explora.cl\/aysen\/wp-content\/uploads\/sites\/18\/2018\/06\/860e5593094d9159abbef32418f83def.jpg","datePublished":"2015-07-15T04:00:00+00:00","dateModified":"2019-05-20T21:21:37+00:00","author":{"@id":"https:\/\/dev.explora.cl\/aysen\/#\/schema\/person\/cb8349c13ea2d324080adf8480d7ba5d"},"breadcrumb":{"@id":"https:\/\/dev.explora.cl\/aysen\/entrevista-a-dra-frida-piper-la-economia-regional-se-sustenta-en-el-bosque-nativo-entender-hasta-cuando-vamos-a-tener-este-recurso-es-sumamente-relevante\/#breadcrumb"},"inLanguage":"es-CL","potentialAction":[{"@type":"ReadAction","target":["https:\/\/dev.explora.cl\/aysen\/entrevista-a-dra-frida-piper-la-economia-regional-se-sustenta-en-el-bosque-nativo-entender-hasta-cuando-vamos-a-tener-este-recurso-es-sumamente-relevante\/"]}]},{"@type":"ImageObject","inLanguage":"es-CL","@id":"https:\/\/dev.explora.cl\/aysen\/entrevista-a-dra-frida-piper-la-economia-regional-se-sustenta-en-el-bosque-nativo-entender-hasta-cuando-vamos-a-tener-este-recurso-es-sumamente-relevante\/#primaryimage","url":"https:\/\/dev.explora.cl\/aysen\/wp-content\/uploads\/sites\/18\/2018\/06\/860e5593094d9159abbef32418f83def.jpg","contentUrl":"https:\/\/dev.explora.cl\/aysen\/wp-content\/uploads\/sites\/18\/2018\/06\/860e5593094d9159abbef32418f83def.jpg","width":800,"height":533},{"@type":"BreadcrumbList","@id":"https:\/\/dev.explora.cl\/aysen\/entrevista-a-dra-frida-piper-la-economia-regional-se-sustenta-en-el-bosque-nativo-entender-hasta-cuando-vamos-a-tener-este-recurso-es-sumamente-relevante\/#breadcrumb","itemListElement":[{"@type":"ListItem","position":1,"name":"Portada","item":"https:\/\/dev.explora.cl\/aysen\/"},{"@type":"ListItem","position":2,"name":"Entrevista a Dra. Frida Piper: \u201cLa econom\u00eda regional se sustenta en el bosque nativo, entender hasta cu\u00e1ndo vamos a tener este recurso es sumamente relevante\u201d."}]},{"@type":"WebSite","@id":"https:\/\/dev.explora.cl\/aysen\/#website","url":"https:\/\/dev.explora.cl\/aysen\/","name":"Aysen","description":"Otro sitio m\u00e1s de dev.explora.cl","potentialAction":[{"@type":"SearchAction","target":{"@type":"EntryPoint","urlTemplate":"https:\/\/dev.explora.cl\/aysen\/?s={search_term_string}"},"query-input":{"@type":"PropertyValueSpecification","valueRequired":true,"valueName":"search_term_string"}}],"inLanguage":"es-CL"},{"@type":"Person","@id":"https:\/\/dev.explora.cl\/aysen\/#\/schema\/person\/cb8349c13ea2d324080adf8480d7ba5d","name":"webman","image":{"@type":"ImageObject","inLanguage":"es-CL","@id":"https:\/\/dev.explora.cl\/aysen\/#\/schema\/person\/image\/","url":"https:\/\/secure.gravatar.com\/avatar\/eeff3c82f2c02f7177d13663b7e6f890e9a6a0647ce9bb29cae02dcb094c7312?s=96&d=mm&r=g","contentUrl":"https:\/\/secure.gravatar.com\/avatar\/eeff3c82f2c02f7177d13663b7e6f890e9a6a0647ce9bb29cae02dcb094c7312?s=96&d=mm&r=g","caption":"webman"},"url":"https:\/\/dev.explora.cl\/aysen\/author\/webman\/"}]}},"_links":{"self":[{"href":"https:\/\/dev.explora.cl\/aysen\/wp-json\/wp\/v2\/posts\/246","targetHints":{"allow":["GET"]}}],"collection":[{"href":"https:\/\/dev.explora.cl\/aysen\/wp-json\/wp\/v2\/posts"}],"about":[{"href":"https:\/\/dev.explora.cl\/aysen\/wp-json\/wp\/v2\/types\/post"}],"author":[{"embeddable":true,"href":"https:\/\/dev.explora.cl\/aysen\/wp-json\/wp\/v2\/users\/2"}],"replies":[{"embeddable":true,"href":"https:\/\/dev.explora.cl\/aysen\/wp-json\/wp\/v2\/comments?post=246"}],"version-history":[{"count":1,"href":"https:\/\/dev.explora.cl\/aysen\/wp-json\/wp\/v2\/posts\/246\/revisions"}],"predecessor-version":[{"id":37293,"href":"https:\/\/dev.explora.cl\/aysen\/wp-json\/wp\/v2\/posts\/246\/revisions\/37293"}],"wp:featuredmedia":[{"embeddable":true,"href":"https:\/\/dev.explora.cl\/aysen\/wp-json\/wp\/v2\/media\/247"}],"wp:attachment":[{"href":"https:\/\/dev.explora.cl\/aysen\/wp-json\/wp\/v2\/media?parent=246"}],"wp:term":[{"taxonomy":"category","embeddable":true,"href":"https:\/\/dev.explora.cl\/aysen\/wp-json\/wp\/v2\/categories?post=246"},{"taxonomy":"post_tag","embeddable":true,"href":"https:\/\/dev.explora.cl\/aysen\/wp-json\/wp\/v2\/tags?post=246"}],"curies":[{"name":"wp","href":"https:\/\/api.w.org\/{rel}","templated":true}]}}