{"id":244,"date":"2015-07-08T00:00:00","date_gmt":"2015-07-08T04:00:00","guid":{"rendered":"https:\/\/dev.explora.cl\/aysen\/blog\/2015\/07\/08\/par-explora-aysen-colabora-en-proyecto-que-valora-experiencia-de-adultos-mayores\/"},"modified":"2019-05-20T21:21:37","modified_gmt":"2019-05-20T21:21:37","slug":"par-explora-aysen-colabora-en-proyecto-que-valora-experiencia-de-adultos-mayores","status":"publish","type":"post","link":"https:\/\/dev.explora.cl\/aysen\/par-explora-aysen-colabora-en-proyecto-que-valora-experiencia-de-adultos-mayores\/","title":{"rendered":"PAR EXPLORA Ays\u00e9n colabora en proyecto que valora experiencia de adultos mayores"},"content":{"rendered":"<p><img loading=\"lazy\" decoding=\"async\" class=\" size-full wp-image-12917\" src=\"http:\/\/ec2-34-218-253-251.us-west-2.compute.amazonaws.com\/wp-content\/uploads\/2015\/07\/e8f1288d67c65deb76e39fa33b78fc98.jpg\" alt=\"\" width=\"800\" height=\"533\" \/><\/p>\n<p>&nbsp;<\/p>\n<p>La iniciativa denominada \u201cExperciencia, la experiencia al servicio de la ciencia y el medio ambiente\u201d se llevar\u00e1 a cabo en conjunto con el Campus Patagonia de la Universidad Austral de Chile y el SENAMA.<\/p>\n<p>Este proyecto busca fortalecer los v\u00ednculos de la comunidad universitaria con adultos mayores y la comunidad escolar, mediante un programa de formaci\u00f3n de monitores senior, en torno a un eje conductor de ciencia y medio ambiente, para la realizaci\u00f3n de actividades educativas en escuelas de la regi\u00f3n de Ays\u00e9n, promoviendo el reconocimiento a la experiencia, capital social y protagonismo activo de los adultos mayores.<\/p>\n<p>Norma Araya, beneficiaria del proyecto Experciencia, se mostr\u00f3 muy entusiasmada por ser parte de este proyecto y coment\u00f3: \u201cme parece sumamente interesante pensar de que nosotros tenemos tantas experiencias que podemos compartir y entregar, porque el hecho de ser jubilada no significa quedarse en la casa y tenemos tanto que entregar, incluso materiales, y por qu\u00e9 tenerlo guardado si ustedes nos dan la oportunidad para compartirlo.\u201d<\/p>\n<p>&nbsp;<\/p>\n","protected":false},"excerpt":{"rendered":"<p>&nbsp; La iniciativa denominada \u201cExperciencia, la experiencia al servicio de la ciencia y el medio ambiente\u201d se llevar\u00e1 a cabo en conjunto con el Campus Patagonia de la Universidad Austral de Chile y el SENAMA. Este proyecto busca fortalecer los v\u00ednculos de la comunidad universitaria con adultos mayores y la comunidad escolar, mediante un programa [&hellip;]<\/p>\n","protected":false},"author":2,"featured_media":245,"comment_status":"open","ping_status":"open","sticky":false,"template":"","format":"standard","meta":{"_acf_changed":false,"_exactmetrics_skip_tracking":false,"_exactmetrics_sitenote_active":false,"_exactmetrics_sitenote_note":"","_exactmetrics_sitenote_category":0,"footnotes":"","_links_to":"","_links_to_target":""},"categories":[4],"tags":[],"class_list":["post-244","post","type-post","status-publish","format-standard","has-post-thumbnail","hentry","category-noticias"],"acf":[],"yoast_head":"<!-- This site is optimized with the Yoast SEO plugin v26.7 - https:\/\/yoast.com\/wordpress\/plugins\/seo\/ -->\n<title>PAR EXPLORA Ays\u00e9n colabora en proyecto que valora experiencia de adultos mayores - Aysen<\/title>\n<meta name=\"robots\" content=\"index, follow, max-snippet:-1, max-image-preview:large, max-video-preview:-1\" \/>\n<link rel=\"canonical\" href=\"https:\/\/dev.explora.cl\/aysen\/par-explora-aysen-colabora-en-proyecto-que-valora-experiencia-de-adultos-mayores\/\" class=\"yoast-seo-meta-tag\" \/>\n<meta property=\"og:locale\" content=\"es_ES\" class=\"yoast-seo-meta-tag\" \/>\n<meta property=\"og:type\" content=\"article\" class=\"yoast-seo-meta-tag\" \/>\n<meta property=\"og:title\" content=\"PAR EXPLORA Ays\u00e9n colabora en proyecto que valora experiencia de adultos mayores - Aysen\" class=\"yoast-seo-meta-tag\" \/>\n<meta property=\"og:description\" content=\"&nbsp; La iniciativa denominada \u201cExperciencia, la experiencia al servicio de la ciencia y el medio ambiente\u201d se llevar\u00e1 a cabo en conjunto con el Campus Patagonia de la Universidad Austral de Chile y el SENAMA. Este proyecto busca fortalecer los v\u00ednculos de la comunidad universitaria con adultos mayores y la comunidad escolar, mediante un programa [&hellip;]\" class=\"yoast-seo-meta-tag\" \/>\n<meta property=\"og:url\" content=\"https:\/\/dev.explora.cl\/aysen\/par-explora-aysen-colabora-en-proyecto-que-valora-experiencia-de-adultos-mayores\/\" class=\"yoast-seo-meta-tag\" \/>\n<meta property=\"og:site_name\" content=\"Aysen\" class=\"yoast-seo-meta-tag\" \/>\n<meta property=\"article:published_time\" content=\"2015-07-08T04:00:00+00:00\" class=\"yoast-seo-meta-tag\" \/>\n<meta property=\"article:modified_time\" content=\"2019-05-20T21:21:37+00:00\" class=\"yoast-seo-meta-tag\" \/>\n<meta property=\"og:image\" content=\"https:\/\/dev.explora.cl\/aysen\/wp-content\/uploads\/sites\/18\/2018\/06\/e8f1288d67c65deb76e39fa33b78fc98.jpg\" class=\"yoast-seo-meta-tag\" \/>\n\t<meta property=\"og:image:width\" content=\"800\" class=\"yoast-seo-meta-tag\" \/>\n\t<meta property=\"og:image:height\" content=\"533\" class=\"yoast-seo-meta-tag\" \/>\n\t<meta property=\"og:image:type\" content=\"image\/jpeg\" class=\"yoast-seo-meta-tag\" \/>\n<meta name=\"author\" content=\"webman\" class=\"yoast-seo-meta-tag\" \/>\n<meta name=\"twitter:card\" content=\"summary_large_image\" class=\"yoast-seo-meta-tag\" \/>\n<meta name=\"twitter:label1\" content=\"Escrito por\" class=\"yoast-seo-meta-tag\" \/>\n\t<meta name=\"twitter:data1\" content=\"webman\" class=\"yoast-seo-meta-tag\" \/>\n\t<meta name=\"twitter:label2\" content=\"Tiempo estimado de lectura\" class=\"yoast-seo-meta-tag\" \/>\n\t<meta name=\"twitter:data2\" content=\"1 minuto\" class=\"yoast-seo-meta-tag\" \/>\n<script type=\"application\/ld+json\" class=\"yoast-schema-graph\">{\"@context\":\"https:\/\/schema.org\",\"@graph\":[{\"@type\":\"Article\",\"@id\":\"https:\/\/dev.explora.cl\/aysen\/par-explora-aysen-colabora-en-proyecto-que-valora-experiencia-de-adultos-mayores\/#article\",\"isPartOf\":{\"@id\":\"https:\/\/dev.explora.cl\/aysen\/par-explora-aysen-colabora-en-proyecto-que-valora-experiencia-de-adultos-mayores\/\"},\"author\":{\"name\":\"webman\",\"@id\":\"https:\/\/dev.explora.cl\/aysen\/#\/schema\/person\/cb8349c13ea2d324080adf8480d7ba5d\"},\"headline\":\"PAR EXPLORA Ays\u00e9n colabora en proyecto que valora experiencia de adultos mayores\",\"datePublished\":\"2015-07-08T04:00:00+00:00\",\"dateModified\":\"2019-05-20T21:21:37+00:00\",\"mainEntityOfPage\":{\"@id\":\"https:\/\/dev.explora.cl\/aysen\/par-explora-aysen-colabora-en-proyecto-que-valora-experiencia-de-adultos-mayores\/\"},\"wordCount\":184,\"commentCount\":0,\"image\":{\"@id\":\"https:\/\/dev.explora.cl\/aysen\/par-explora-aysen-colabora-en-proyecto-que-valora-experiencia-de-adultos-mayores\/#primaryimage\"},\"thumbnailUrl\":\"https:\/\/dev.explora.cl\/aysen\/wp-content\/uploads\/sites\/18\/2018\/06\/e8f1288d67c65deb76e39fa33b78fc98.jpg\",\"articleSection\":[\"Noticias\"],\"inLanguage\":\"es-CL\",\"potentialAction\":[{\"@type\":\"CommentAction\",\"name\":\"Comment\",\"target\":[\"https:\/\/dev.explora.cl\/aysen\/par-explora-aysen-colabora-en-proyecto-que-valora-experiencia-de-adultos-mayores\/#respond\"]}]},{\"@type\":\"WebPage\",\"@id\":\"https:\/\/dev.explora.cl\/aysen\/par-explora-aysen-colabora-en-proyecto-que-valora-experiencia-de-adultos-mayores\/\",\"url\":\"https:\/\/dev.explora.cl\/aysen\/par-explora-aysen-colabora-en-proyecto-que-valora-experiencia-de-adultos-mayores\/\",\"name\":\"PAR EXPLORA Ays\u00e9n colabora en proyecto que valora experiencia de adultos mayores - Aysen\",\"isPartOf\":{\"@id\":\"https:\/\/dev.explora.cl\/aysen\/#website\"},\"primaryImageOfPage\":{\"@id\":\"https:\/\/dev.explora.cl\/aysen\/par-explora-aysen-colabora-en-proyecto-que-valora-experiencia-de-adultos-mayores\/#primaryimage\"},\"image\":{\"@id\":\"https:\/\/dev.explora.cl\/aysen\/par-explora-aysen-colabora-en-proyecto-que-valora-experiencia-de-adultos-mayores\/#primaryimage\"},\"thumbnailUrl\":\"https:\/\/dev.explora.cl\/aysen\/wp-content\/uploads\/sites\/18\/2018\/06\/e8f1288d67c65deb76e39fa33b78fc98.jpg\",\"datePublished\":\"2015-07-08T04:00:00+00:00\",\"dateModified\":\"2019-05-20T21:21:37+00:00\",\"author\":{\"@id\":\"https:\/\/dev.explora.cl\/aysen\/#\/schema\/person\/cb8349c13ea2d324080adf8480d7ba5d\"},\"breadcrumb\":{\"@id\":\"https:\/\/dev.explora.cl\/aysen\/par-explora-aysen-colabora-en-proyecto-que-valora-experiencia-de-adultos-mayores\/#breadcrumb\"},\"inLanguage\":\"es-CL\",\"potentialAction\":[{\"@type\":\"ReadAction\",\"target\":[\"https:\/\/dev.explora.cl\/aysen\/par-explora-aysen-colabora-en-proyecto-que-valora-experiencia-de-adultos-mayores\/\"]}]},{\"@type\":\"ImageObject\",\"inLanguage\":\"es-CL\",\"@id\":\"https:\/\/dev.explora.cl\/aysen\/par-explora-aysen-colabora-en-proyecto-que-valora-experiencia-de-adultos-mayores\/#primaryimage\",\"url\":\"https:\/\/dev.explora.cl\/aysen\/wp-content\/uploads\/sites\/18\/2018\/06\/e8f1288d67c65deb76e39fa33b78fc98.jpg\",\"contentUrl\":\"https:\/\/dev.explora.cl\/aysen\/wp-content\/uploads\/sites\/18\/2018\/06\/e8f1288d67c65deb76e39fa33b78fc98.jpg\",\"width\":800,\"height\":533},{\"@type\":\"BreadcrumbList\",\"@id\":\"https:\/\/dev.explora.cl\/aysen\/par-explora-aysen-colabora-en-proyecto-que-valora-experiencia-de-adultos-mayores\/#breadcrumb\",\"itemListElement\":[{\"@type\":\"ListItem\",\"position\":1,\"name\":\"Portada\",\"item\":\"https:\/\/dev.explora.cl\/aysen\/\"},{\"@type\":\"ListItem\",\"position\":2,\"name\":\"PAR EXPLORA Ays\u00e9n colabora en proyecto que valora experiencia de adultos mayores\"}]},{\"@type\":\"WebSite\",\"@id\":\"https:\/\/dev.explora.cl\/aysen\/#website\",\"url\":\"https:\/\/dev.explora.cl\/aysen\/\",\"name\":\"Aysen\",\"description\":\"Otro sitio m\u00e1s de dev.explora.cl\",\"potentialAction\":[{\"@type\":\"SearchAction\",\"target\":{\"@type\":\"EntryPoint\",\"urlTemplate\":\"https:\/\/dev.explora.cl\/aysen\/?s={search_term_string}\"},\"query-input\":{\"@type\":\"PropertyValueSpecification\",\"valueRequired\":true,\"valueName\":\"search_term_string\"}}],\"inLanguage\":\"es-CL\"},{\"@type\":\"Person\",\"@id\":\"https:\/\/dev.explora.cl\/aysen\/#\/schema\/person\/cb8349c13ea2d324080adf8480d7ba5d\",\"name\":\"webman\",\"image\":{\"@type\":\"ImageObject\",\"inLanguage\":\"es-CL\",\"@id\":\"https:\/\/dev.explora.cl\/aysen\/#\/schema\/person\/image\/\",\"url\":\"https:\/\/secure.gravatar.com\/avatar\/eeff3c82f2c02f7177d13663b7e6f890e9a6a0647ce9bb29cae02dcb094c7312?s=96&d=mm&r=g\",\"contentUrl\":\"https:\/\/secure.gravatar.com\/avatar\/eeff3c82f2c02f7177d13663b7e6f890e9a6a0647ce9bb29cae02dcb094c7312?s=96&d=mm&r=g\",\"caption\":\"webman\"},\"url\":\"https:\/\/dev.explora.cl\/aysen\/author\/webman\/\"}]}<\/script>\n<!-- \/ Yoast SEO plugin. -->","yoast_head_json":{"title":"PAR EXPLORA Ays\u00e9n colabora en proyecto que valora experiencia de adultos mayores - Aysen","robots":{"index":"index","follow":"follow","max-snippet":"max-snippet:-1","max-image-preview":"max-image-preview:large","max-video-preview":"max-video-preview:-1"},"canonical":"https:\/\/dev.explora.cl\/aysen\/par-explora-aysen-colabora-en-proyecto-que-valora-experiencia-de-adultos-mayores\/","og_locale":"es_ES","og_type":"article","og_title":"PAR EXPLORA Ays\u00e9n colabora en proyecto que valora experiencia de adultos mayores - Aysen","og_description":"&nbsp; La iniciativa denominada \u201cExperciencia, la experiencia al servicio de la ciencia y el medio ambiente\u201d se llevar\u00e1 a cabo en conjunto con el Campus Patagonia de la Universidad Austral de Chile y el SENAMA. Este proyecto busca fortalecer los v\u00ednculos de la comunidad universitaria con adultos mayores y la comunidad escolar, mediante un programa [&hellip;]","og_url":"https:\/\/dev.explora.cl\/aysen\/par-explora-aysen-colabora-en-proyecto-que-valora-experiencia-de-adultos-mayores\/","og_site_name":"Aysen","article_published_time":"2015-07-08T04:00:00+00:00","article_modified_time":"2019-05-20T21:21:37+00:00","og_image":[{"width":800,"height":533,"url":"https:\/\/dev.explora.cl\/aysen\/wp-content\/uploads\/sites\/18\/2018\/06\/e8f1288d67c65deb76e39fa33b78fc98.jpg","type":"image\/jpeg"}],"author":"webman","twitter_card":"summary_large_image","twitter_misc":{"Escrito por":"webman","Tiempo estimado de lectura":"1 minuto"},"schema":{"@context":"https:\/\/schema.org","@graph":[{"@type":"Article","@id":"https:\/\/dev.explora.cl\/aysen\/par-explora-aysen-colabora-en-proyecto-que-valora-experiencia-de-adultos-mayores\/#article","isPartOf":{"@id":"https:\/\/dev.explora.cl\/aysen\/par-explora-aysen-colabora-en-proyecto-que-valora-experiencia-de-adultos-mayores\/"},"author":{"name":"webman","@id":"https:\/\/dev.explora.cl\/aysen\/#\/schema\/person\/cb8349c13ea2d324080adf8480d7ba5d"},"headline":"PAR EXPLORA Ays\u00e9n colabora en proyecto que valora experiencia de adultos mayores","datePublished":"2015-07-08T04:00:00+00:00","dateModified":"2019-05-20T21:21:37+00:00","mainEntityOfPage":{"@id":"https:\/\/dev.explora.cl\/aysen\/par-explora-aysen-colabora-en-proyecto-que-valora-experiencia-de-adultos-mayores\/"},"wordCount":184,"commentCount":0,"image":{"@id":"https:\/\/dev.explora.cl\/aysen\/par-explora-aysen-colabora-en-proyecto-que-valora-experiencia-de-adultos-mayores\/#primaryimage"},"thumbnailUrl":"https:\/\/dev.explora.cl\/aysen\/wp-content\/uploads\/sites\/18\/2018\/06\/e8f1288d67c65deb76e39fa33b78fc98.jpg","articleSection":["Noticias"],"inLanguage":"es-CL","potentialAction":[{"@type":"CommentAction","name":"Comment","target":["https:\/\/dev.explora.cl\/aysen\/par-explora-aysen-colabora-en-proyecto-que-valora-experiencia-de-adultos-mayores\/#respond"]}]},{"@type":"WebPage","@id":"https:\/\/dev.explora.cl\/aysen\/par-explora-aysen-colabora-en-proyecto-que-valora-experiencia-de-adultos-mayores\/","url":"https:\/\/dev.explora.cl\/aysen\/par-explora-aysen-colabora-en-proyecto-que-valora-experiencia-de-adultos-mayores\/","name":"PAR EXPLORA Ays\u00e9n colabora en proyecto que valora experiencia de adultos mayores - Aysen","isPartOf":{"@id":"https:\/\/dev.explora.cl\/aysen\/#website"},"primaryImageOfPage":{"@id":"https:\/\/dev.explora.cl\/aysen\/par-explora-aysen-colabora-en-proyecto-que-valora-experiencia-de-adultos-mayores\/#primaryimage"},"image":{"@id":"https:\/\/dev.explora.cl\/aysen\/par-explora-aysen-colabora-en-proyecto-que-valora-experiencia-de-adultos-mayores\/#primaryimage"},"thumbnailUrl":"https:\/\/dev.explora.cl\/aysen\/wp-content\/uploads\/sites\/18\/2018\/06\/e8f1288d67c65deb76e39fa33b78fc98.jpg","datePublished":"2015-07-08T04:00:00+00:00","dateModified":"2019-05-20T21:21:37+00:00","author":{"@id":"https:\/\/dev.explora.cl\/aysen\/#\/schema\/person\/cb8349c13ea2d324080adf8480d7ba5d"},"breadcrumb":{"@id":"https:\/\/dev.explora.cl\/aysen\/par-explora-aysen-colabora-en-proyecto-que-valora-experiencia-de-adultos-mayores\/#breadcrumb"},"inLanguage":"es-CL","potentialAction":[{"@type":"ReadAction","target":["https:\/\/dev.explora.cl\/aysen\/par-explora-aysen-colabora-en-proyecto-que-valora-experiencia-de-adultos-mayores\/"]}]},{"@type":"ImageObject","inLanguage":"es-CL","@id":"https:\/\/dev.explora.cl\/aysen\/par-explora-aysen-colabora-en-proyecto-que-valora-experiencia-de-adultos-mayores\/#primaryimage","url":"https:\/\/dev.explora.cl\/aysen\/wp-content\/uploads\/sites\/18\/2018\/06\/e8f1288d67c65deb76e39fa33b78fc98.jpg","contentUrl":"https:\/\/dev.explora.cl\/aysen\/wp-content\/uploads\/sites\/18\/2018\/06\/e8f1288d67c65deb76e39fa33b78fc98.jpg","width":800,"height":533},{"@type":"BreadcrumbList","@id":"https:\/\/dev.explora.cl\/aysen\/par-explora-aysen-colabora-en-proyecto-que-valora-experiencia-de-adultos-mayores\/#breadcrumb","itemListElement":[{"@type":"ListItem","position":1,"name":"Portada","item":"https:\/\/dev.explora.cl\/aysen\/"},{"@type":"ListItem","position":2,"name":"PAR EXPLORA Ays\u00e9n colabora en proyecto que valora experiencia de adultos mayores"}]},{"@type":"WebSite","@id":"https:\/\/dev.explora.cl\/aysen\/#website","url":"https:\/\/dev.explora.cl\/aysen\/","name":"Aysen","description":"Otro sitio m\u00e1s de dev.explora.cl","potentialAction":[{"@type":"SearchAction","target":{"@type":"EntryPoint","urlTemplate":"https:\/\/dev.explora.cl\/aysen\/?s={search_term_string}"},"query-input":{"@type":"PropertyValueSpecification","valueRequired":true,"valueName":"search_term_string"}}],"inLanguage":"es-CL"},{"@type":"Person","@id":"https:\/\/dev.explora.cl\/aysen\/#\/schema\/person\/cb8349c13ea2d324080adf8480d7ba5d","name":"webman","image":{"@type":"ImageObject","inLanguage":"es-CL","@id":"https:\/\/dev.explora.cl\/aysen\/#\/schema\/person\/image\/","url":"https:\/\/secure.gravatar.com\/avatar\/eeff3c82f2c02f7177d13663b7e6f890e9a6a0647ce9bb29cae02dcb094c7312?s=96&d=mm&r=g","contentUrl":"https:\/\/secure.gravatar.com\/avatar\/eeff3c82f2c02f7177d13663b7e6f890e9a6a0647ce9bb29cae02dcb094c7312?s=96&d=mm&r=g","caption":"webman"},"url":"https:\/\/dev.explora.cl\/aysen\/author\/webman\/"}]}},"_links":{"self":[{"href":"https:\/\/dev.explora.cl\/aysen\/wp-json\/wp\/v2\/posts\/244","targetHints":{"allow":["GET"]}}],"collection":[{"href":"https:\/\/dev.explora.cl\/aysen\/wp-json\/wp\/v2\/posts"}],"about":[{"href":"https:\/\/dev.explora.cl\/aysen\/wp-json\/wp\/v2\/types\/post"}],"author":[{"embeddable":true,"href":"https:\/\/dev.explora.cl\/aysen\/wp-json\/wp\/v2\/users\/2"}],"replies":[{"embeddable":true,"href":"https:\/\/dev.explora.cl\/aysen\/wp-json\/wp\/v2\/comments?post=244"}],"version-history":[{"count":1,"href":"https:\/\/dev.explora.cl\/aysen\/wp-json\/wp\/v2\/posts\/244\/revisions"}],"predecessor-version":[{"id":37294,"href":"https:\/\/dev.explora.cl\/aysen\/wp-json\/wp\/v2\/posts\/244\/revisions\/37294"}],"wp:featuredmedia":[{"embeddable":true,"href":"https:\/\/dev.explora.cl\/aysen\/wp-json\/wp\/v2\/media\/245"}],"wp:attachment":[{"href":"https:\/\/dev.explora.cl\/aysen\/wp-json\/wp\/v2\/media?parent=244"}],"wp:term":[{"taxonomy":"category","embeddable":true,"href":"https:\/\/dev.explora.cl\/aysen\/wp-json\/wp\/v2\/categories?post=244"},{"taxonomy":"post_tag","embeddable":true,"href":"https:\/\/dev.explora.cl\/aysen\/wp-json\/wp\/v2\/tags?post=244"}],"curies":[{"name":"wp","href":"https:\/\/api.w.org\/{rel}","templated":true}]}}