{"id":242,"date":"2015-06-30T00:00:00","date_gmt":"2015-06-30T04:00:00","guid":{"rendered":"https:\/\/dev.explora.cl\/aysen\/blog\/2015\/06\/30\/par-explora-aysen-realizara-nuevo-cafe-con-ciencia-en-coyhaique\/"},"modified":"2019-05-20T21:21:38","modified_gmt":"2019-05-20T21:21:38","slug":"par-explora-aysen-realizara-nuevo-cafe-con-ciencia-en-coyhaique","status":"publish","type":"post","link":"https:\/\/dev.explora.cl\/aysen\/par-explora-aysen-realizara-nuevo-cafe-con-ciencia-en-coyhaique\/","title":{"rendered":"PAR EXPLORA Ays\u00e9n realizar\u00e1 nuevo caf\u00e9 con ciencia en Coyhaique"},"content":{"rendered":"<p><img loading=\"lazy\" decoding=\"async\" class=\" size-full wp-image-12659\" src=\"http:\/\/ec2-34-218-253-251.us-west-2.compute.amazonaws.com\/wp-content\/uploads\/2015\/06\/ca86c725838176cf88b130a671d19669.jpg\" alt=\"\" width=\"854\" height=\"1280\" \/><\/p>\n<p><p>Con el t\u00edtulo de \u201cAnfibios de la regi\u00f3n de Ays\u00e9n: desaf\u00edos y avances para su conservaci\u00f3n.&#8221; Aumen ONG, Campus Patagonia de la Universidad Austral de Chile y Par Explora invitan, en el caf\u00e9 \u201cArte &amp; Caf\u00e9\u201d ubicado en Av. Baquedano N\u00ba 454 a las 19:00 hrs, el Caf\u00e9 con Ciencia a conversar de anfibios.<\/p>\n<p>Aumen ONG (Eco de los Montes) en conjunto con el Campus Patagonia de la Universidad Austral de Chile y el PAR EXPLORA Regi\u00f3n de Ays\u00e9n invitan a la ciudadan\u00eda a compartir con el Bi\u00f3logo en Gesti\u00f3n de Recursos Naturales (U. Cat\u00f3lica de Temuco), egresado del Mag\u00edster en Ciencias (Universidad de Los Lagos) y actualmente investigador de Aumen: V\u00edctor Raimilla, quien ha trabajado en el manejo de anfibios en el Parque Nacional Queulat y en otras \u00e1reas de la regi\u00f3n de Ays\u00e9n y Magallanes. En esta oportunidad participar\u00e1 Catalina Silva, estudiante de 1\u00ba Medio del Liceo Altos del Mackay para hablar de los anfibios regionales.<\/p>\n<p>Dentro de la fauna vertebrada terrestre, los anfibios son los menos perceptibles dado sus h\u00e1bitos nocturnos-crepusculares y por vivir principalmente bajo refugios como rocas, troncos, lodo y de la vegetaci\u00f3n de los cuerpos de agua. \u201cEs posible que al hablarles de anfibios (sapitos) conozcan y se les venga a la mente una de ellas, la Ranita de Darwin. Sin embargo, la regi\u00f3n de Ays\u00e9n posee otras 15 especies, dos de ellas end\u00e9micas (es decir viven ac\u00e1) de las cuales se conoce muy poco. Actualmente son los vertebrados m\u00e1s amenazados a nivel mundial, por lo que se requiere aumentar los esfuerzos de conservaci\u00f3n ahora m\u00e1s que nunca. As\u00ed, proporcionar estos antecedentes a la comunidad es vital para tomar conciencia sobre sus amenazas. \u201ccoment\u00f3 V\u00edctor Raimilla.<\/p>\n<p>Catalina Silva, quien trabaj\u00f3 en el proyecto sobre anfibios en Villa O\u00b4Higgins, en la \u201cEscuela Pioneros del Sur\u201d y que la actualidad est\u00e1 en Coyhaique estudiando, nos cont\u00f3: \u201cEl estudio de Anfibios en Chile, como en todo el mundo, es escaso, es incre\u00edble lo poco que se sabe de estos asombrosos animales. Lo que me motiva a seguir estudi\u00e1ndolos, es dar nuevos aportes y divulgaci\u00f3n a lo que la batracolog\u00eda significa, siempre con el objetivo de preservar estas tan llamativas y desconocidas especies.\u201d<\/p>\n<p>Para todos los interesados que quieran conversar y conocer m\u00e1s sobre los anfibios que se encuentran en la Regi\u00f3n de Ays\u00e9n, quedan invitados a concurrir al Caf\u00e9 \u201cArte &amp; Caf\u00e9\u201d el 02 de julio a las 19:00 hrs.<\/p>\n<p><strong>AUMEN ONG y el estudio de los anfibios<\/strong><\/p>\n<p>Por su parte la candidata a Doctor (PhD) Javiera Cisternas, de la Universidad de Otago en Nueva Zelanda, miembro e investigadora de AUMEN ONG y encargada del proyecto de anfibios en la Escuela de Villa O\u00b4Higgins, programa donde un grupo de habitantes de la localidad, en conjunto con dos cient\u00edficos especialistas en anuros, han realizado valiosos aportes al conocimiento de la biolog\u00eda y ecolog\u00eda de estos animales explic\u00f3 el rol de la conservaci\u00f3n y difusi\u00f3n de diversos proyectos acerca del estudio de ranas y sapos ha desarrollado Aumen ONG. Dentro de los proyectos m\u00e1s exitosos est\u00e1 el \u201cEstudio de los anfibios de Villa O\u00b4Higgins\u201d donde un grupo de habitantes de la localidad, en conjunto con dos cient\u00edficos especialistas en anuros, han realizado valiosos aportes al conocimiento de la biolog\u00eda y ecolog\u00eda de estos animales.<\/p>\n<p>La positiva experiencia en O\u2019Higgins fue replicada por AUMEN en Cochrane y Caleta Tortel donde involucraron a la comunidad local, en especial a los ni\u00f1os para inculcarles el aprecio y conservaci\u00f3n de los anfibios.<\/p><\/p>\n","protected":false},"excerpt":{"rendered":"<p>Con el t\u00edtulo de \u201cAnfibios de la regi\u00f3n de Ays\u00e9n: desaf\u00edos y avances para su conservaci\u00f3n.&#8221; Aumen ONG, Campus Patagonia de la Universidad Austral de Chile y Par Explora invitan, en el caf\u00e9 \u201cArte &amp; Caf\u00e9\u201d ubicado en Av. Baquedano N\u00ba 454 a las 19:00 hrs, el Caf\u00e9 con Ciencia a conversar de anfibios. Aumen [&hellip;]<\/p>\n","protected":false},"author":2,"featured_media":243,"comment_status":"open","ping_status":"open","sticky":false,"template":"","format":"standard","meta":{"_acf_changed":false,"_exactmetrics_skip_tracking":false,"_exactmetrics_sitenote_active":false,"_exactmetrics_sitenote_note":"","_exactmetrics_sitenote_category":0,"footnotes":"","_links_to":"","_links_to_target":""},"categories":[4],"tags":[],"class_list":["post-242","post","type-post","status-publish","format-standard","has-post-thumbnail","hentry","category-noticias"],"acf":[],"yoast_head":"<!-- This site is optimized with the Yoast SEO plugin v26.7 - https:\/\/yoast.com\/wordpress\/plugins\/seo\/ -->\n<title>PAR EXPLORA Ays\u00e9n realizar\u00e1 nuevo caf\u00e9 con ciencia en Coyhaique - Aysen<\/title>\n<meta name=\"robots\" content=\"index, follow, max-snippet:-1, max-image-preview:large, max-video-preview:-1\" \/>\n<link rel=\"canonical\" href=\"https:\/\/dev.explora.cl\/aysen\/par-explora-aysen-realizara-nuevo-cafe-con-ciencia-en-coyhaique\/\" class=\"yoast-seo-meta-tag\" \/>\n<meta property=\"og:locale\" content=\"es_ES\" class=\"yoast-seo-meta-tag\" \/>\n<meta property=\"og:type\" content=\"article\" class=\"yoast-seo-meta-tag\" \/>\n<meta property=\"og:title\" content=\"PAR EXPLORA Ays\u00e9n realizar\u00e1 nuevo caf\u00e9 con ciencia en Coyhaique - Aysen\" class=\"yoast-seo-meta-tag\" \/>\n<meta property=\"og:description\" content=\"Con el t\u00edtulo de \u201cAnfibios de la regi\u00f3n de Ays\u00e9n: desaf\u00edos y avances para su conservaci\u00f3n.&#8221; Aumen ONG, Campus Patagonia de la Universidad Austral de Chile y Par Explora invitan, en el caf\u00e9 \u201cArte &amp; Caf\u00e9\u201d ubicado en Av. Baquedano N\u00ba 454 a las 19:00 hrs, el Caf\u00e9 con Ciencia a conversar de anfibios. Aumen [&hellip;]\" class=\"yoast-seo-meta-tag\" \/>\n<meta property=\"og:url\" content=\"https:\/\/dev.explora.cl\/aysen\/par-explora-aysen-realizara-nuevo-cafe-con-ciencia-en-coyhaique\/\" class=\"yoast-seo-meta-tag\" \/>\n<meta property=\"og:site_name\" content=\"Aysen\" class=\"yoast-seo-meta-tag\" \/>\n<meta property=\"article:published_time\" content=\"2015-06-30T04:00:00+00:00\" class=\"yoast-seo-meta-tag\" \/>\n<meta property=\"article:modified_time\" content=\"2019-05-20T21:21:38+00:00\" class=\"yoast-seo-meta-tag\" \/>\n<meta property=\"og:image\" content=\"https:\/\/dev.explora.cl\/aysen\/wp-content\/uploads\/sites\/18\/2018\/06\/ca86c725838176cf88b130a671d19669.jpg\" class=\"yoast-seo-meta-tag\" \/>\n\t<meta property=\"og:image:width\" content=\"854\" class=\"yoast-seo-meta-tag\" \/>\n\t<meta property=\"og:image:height\" content=\"1280\" class=\"yoast-seo-meta-tag\" \/>\n\t<meta property=\"og:image:type\" content=\"image\/jpeg\" class=\"yoast-seo-meta-tag\" \/>\n<meta name=\"author\" content=\"webman\" class=\"yoast-seo-meta-tag\" \/>\n<meta name=\"twitter:card\" content=\"summary_large_image\" class=\"yoast-seo-meta-tag\" \/>\n<meta name=\"twitter:label1\" content=\"Escrito por\" class=\"yoast-seo-meta-tag\" \/>\n\t<meta name=\"twitter:data1\" content=\"webman\" class=\"yoast-seo-meta-tag\" \/>\n\t<meta name=\"twitter:label2\" content=\"Tiempo estimado de lectura\" class=\"yoast-seo-meta-tag\" \/>\n\t<meta name=\"twitter:data2\" content=\"3 minutos\" class=\"yoast-seo-meta-tag\" \/>\n<script type=\"application\/ld+json\" class=\"yoast-schema-graph\">{\"@context\":\"https:\/\/schema.org\",\"@graph\":[{\"@type\":\"Article\",\"@id\":\"https:\/\/dev.explora.cl\/aysen\/par-explora-aysen-realizara-nuevo-cafe-con-ciencia-en-coyhaique\/#article\",\"isPartOf\":{\"@id\":\"https:\/\/dev.explora.cl\/aysen\/par-explora-aysen-realizara-nuevo-cafe-con-ciencia-en-coyhaique\/\"},\"author\":{\"name\":\"webman\",\"@id\":\"https:\/\/dev.explora.cl\/aysen\/#\/schema\/person\/cb8349c13ea2d324080adf8480d7ba5d\"},\"headline\":\"PAR EXPLORA Ays\u00e9n realizar\u00e1 nuevo caf\u00e9 con ciencia en Coyhaique\",\"datePublished\":\"2015-06-30T04:00:00+00:00\",\"dateModified\":\"2019-05-20T21:21:38+00:00\",\"mainEntityOfPage\":{\"@id\":\"https:\/\/dev.explora.cl\/aysen\/par-explora-aysen-realizara-nuevo-cafe-con-ciencia-en-coyhaique\/\"},\"wordCount\":630,\"commentCount\":0,\"image\":{\"@id\":\"https:\/\/dev.explora.cl\/aysen\/par-explora-aysen-realizara-nuevo-cafe-con-ciencia-en-coyhaique\/#primaryimage\"},\"thumbnailUrl\":\"https:\/\/dev.explora.cl\/aysen\/wp-content\/uploads\/sites\/18\/2018\/06\/ca86c725838176cf88b130a671d19669.jpg\",\"articleSection\":[\"Noticias\"],\"inLanguage\":\"es-CL\",\"potentialAction\":[{\"@type\":\"CommentAction\",\"name\":\"Comment\",\"target\":[\"https:\/\/dev.explora.cl\/aysen\/par-explora-aysen-realizara-nuevo-cafe-con-ciencia-en-coyhaique\/#respond\"]}]},{\"@type\":\"WebPage\",\"@id\":\"https:\/\/dev.explora.cl\/aysen\/par-explora-aysen-realizara-nuevo-cafe-con-ciencia-en-coyhaique\/\",\"url\":\"https:\/\/dev.explora.cl\/aysen\/par-explora-aysen-realizara-nuevo-cafe-con-ciencia-en-coyhaique\/\",\"name\":\"PAR EXPLORA Ays\u00e9n realizar\u00e1 nuevo caf\u00e9 con ciencia en Coyhaique - Aysen\",\"isPartOf\":{\"@id\":\"https:\/\/dev.explora.cl\/aysen\/#website\"},\"primaryImageOfPage\":{\"@id\":\"https:\/\/dev.explora.cl\/aysen\/par-explora-aysen-realizara-nuevo-cafe-con-ciencia-en-coyhaique\/#primaryimage\"},\"image\":{\"@id\":\"https:\/\/dev.explora.cl\/aysen\/par-explora-aysen-realizara-nuevo-cafe-con-ciencia-en-coyhaique\/#primaryimage\"},\"thumbnailUrl\":\"https:\/\/dev.explora.cl\/aysen\/wp-content\/uploads\/sites\/18\/2018\/06\/ca86c725838176cf88b130a671d19669.jpg\",\"datePublished\":\"2015-06-30T04:00:00+00:00\",\"dateModified\":\"2019-05-20T21:21:38+00:00\",\"author\":{\"@id\":\"https:\/\/dev.explora.cl\/aysen\/#\/schema\/person\/cb8349c13ea2d324080adf8480d7ba5d\"},\"breadcrumb\":{\"@id\":\"https:\/\/dev.explora.cl\/aysen\/par-explora-aysen-realizara-nuevo-cafe-con-ciencia-en-coyhaique\/#breadcrumb\"},\"inLanguage\":\"es-CL\",\"potentialAction\":[{\"@type\":\"ReadAction\",\"target\":[\"https:\/\/dev.explora.cl\/aysen\/par-explora-aysen-realizara-nuevo-cafe-con-ciencia-en-coyhaique\/\"]}]},{\"@type\":\"ImageObject\",\"inLanguage\":\"es-CL\",\"@id\":\"https:\/\/dev.explora.cl\/aysen\/par-explora-aysen-realizara-nuevo-cafe-con-ciencia-en-coyhaique\/#primaryimage\",\"url\":\"https:\/\/dev.explora.cl\/aysen\/wp-content\/uploads\/sites\/18\/2018\/06\/ca86c725838176cf88b130a671d19669.jpg\",\"contentUrl\":\"https:\/\/dev.explora.cl\/aysen\/wp-content\/uploads\/sites\/18\/2018\/06\/ca86c725838176cf88b130a671d19669.jpg\",\"width\":854,\"height\":1280},{\"@type\":\"BreadcrumbList\",\"@id\":\"https:\/\/dev.explora.cl\/aysen\/par-explora-aysen-realizara-nuevo-cafe-con-ciencia-en-coyhaique\/#breadcrumb\",\"itemListElement\":[{\"@type\":\"ListItem\",\"position\":1,\"name\":\"Portada\",\"item\":\"https:\/\/dev.explora.cl\/aysen\/\"},{\"@type\":\"ListItem\",\"position\":2,\"name\":\"PAR EXPLORA Ays\u00e9n realizar\u00e1 nuevo caf\u00e9 con ciencia en Coyhaique\"}]},{\"@type\":\"WebSite\",\"@id\":\"https:\/\/dev.explora.cl\/aysen\/#website\",\"url\":\"https:\/\/dev.explora.cl\/aysen\/\",\"name\":\"Aysen\",\"description\":\"Otro sitio m\u00e1s de dev.explora.cl\",\"potentialAction\":[{\"@type\":\"SearchAction\",\"target\":{\"@type\":\"EntryPoint\",\"urlTemplate\":\"https:\/\/dev.explora.cl\/aysen\/?s={search_term_string}\"},\"query-input\":{\"@type\":\"PropertyValueSpecification\",\"valueRequired\":true,\"valueName\":\"search_term_string\"}}],\"inLanguage\":\"es-CL\"},{\"@type\":\"Person\",\"@id\":\"https:\/\/dev.explora.cl\/aysen\/#\/schema\/person\/cb8349c13ea2d324080adf8480d7ba5d\",\"name\":\"webman\",\"image\":{\"@type\":\"ImageObject\",\"inLanguage\":\"es-CL\",\"@id\":\"https:\/\/dev.explora.cl\/aysen\/#\/schema\/person\/image\/\",\"url\":\"https:\/\/secure.gravatar.com\/avatar\/eeff3c82f2c02f7177d13663b7e6f890e9a6a0647ce9bb29cae02dcb094c7312?s=96&d=mm&r=g\",\"contentUrl\":\"https:\/\/secure.gravatar.com\/avatar\/eeff3c82f2c02f7177d13663b7e6f890e9a6a0647ce9bb29cae02dcb094c7312?s=96&d=mm&r=g\",\"caption\":\"webman\"},\"url\":\"https:\/\/dev.explora.cl\/aysen\/author\/webman\/\"}]}<\/script>\n<!-- \/ Yoast SEO plugin. -->","yoast_head_json":{"title":"PAR EXPLORA Ays\u00e9n realizar\u00e1 nuevo caf\u00e9 con ciencia en Coyhaique - Aysen","robots":{"index":"index","follow":"follow","max-snippet":"max-snippet:-1","max-image-preview":"max-image-preview:large","max-video-preview":"max-video-preview:-1"},"canonical":"https:\/\/dev.explora.cl\/aysen\/par-explora-aysen-realizara-nuevo-cafe-con-ciencia-en-coyhaique\/","og_locale":"es_ES","og_type":"article","og_title":"PAR EXPLORA Ays\u00e9n realizar\u00e1 nuevo caf\u00e9 con ciencia en Coyhaique - Aysen","og_description":"Con el t\u00edtulo de \u201cAnfibios de la regi\u00f3n de Ays\u00e9n: desaf\u00edos y avances para su conservaci\u00f3n.&#8221; Aumen ONG, Campus Patagonia de la Universidad Austral de Chile y Par Explora invitan, en el caf\u00e9 \u201cArte &amp; Caf\u00e9\u201d ubicado en Av. Baquedano N\u00ba 454 a las 19:00 hrs, el Caf\u00e9 con Ciencia a conversar de anfibios. Aumen [&hellip;]","og_url":"https:\/\/dev.explora.cl\/aysen\/par-explora-aysen-realizara-nuevo-cafe-con-ciencia-en-coyhaique\/","og_site_name":"Aysen","article_published_time":"2015-06-30T04:00:00+00:00","article_modified_time":"2019-05-20T21:21:38+00:00","og_image":[{"width":854,"height":1280,"url":"https:\/\/dev.explora.cl\/aysen\/wp-content\/uploads\/sites\/18\/2018\/06\/ca86c725838176cf88b130a671d19669.jpg","type":"image\/jpeg"}],"author":"webman","twitter_card":"summary_large_image","twitter_misc":{"Escrito por":"webman","Tiempo estimado de lectura":"3 minutos"},"schema":{"@context":"https:\/\/schema.org","@graph":[{"@type":"Article","@id":"https:\/\/dev.explora.cl\/aysen\/par-explora-aysen-realizara-nuevo-cafe-con-ciencia-en-coyhaique\/#article","isPartOf":{"@id":"https:\/\/dev.explora.cl\/aysen\/par-explora-aysen-realizara-nuevo-cafe-con-ciencia-en-coyhaique\/"},"author":{"name":"webman","@id":"https:\/\/dev.explora.cl\/aysen\/#\/schema\/person\/cb8349c13ea2d324080adf8480d7ba5d"},"headline":"PAR EXPLORA Ays\u00e9n realizar\u00e1 nuevo caf\u00e9 con ciencia en Coyhaique","datePublished":"2015-06-30T04:00:00+00:00","dateModified":"2019-05-20T21:21:38+00:00","mainEntityOfPage":{"@id":"https:\/\/dev.explora.cl\/aysen\/par-explora-aysen-realizara-nuevo-cafe-con-ciencia-en-coyhaique\/"},"wordCount":630,"commentCount":0,"image":{"@id":"https:\/\/dev.explora.cl\/aysen\/par-explora-aysen-realizara-nuevo-cafe-con-ciencia-en-coyhaique\/#primaryimage"},"thumbnailUrl":"https:\/\/dev.explora.cl\/aysen\/wp-content\/uploads\/sites\/18\/2018\/06\/ca86c725838176cf88b130a671d19669.jpg","articleSection":["Noticias"],"inLanguage":"es-CL","potentialAction":[{"@type":"CommentAction","name":"Comment","target":["https:\/\/dev.explora.cl\/aysen\/par-explora-aysen-realizara-nuevo-cafe-con-ciencia-en-coyhaique\/#respond"]}]},{"@type":"WebPage","@id":"https:\/\/dev.explora.cl\/aysen\/par-explora-aysen-realizara-nuevo-cafe-con-ciencia-en-coyhaique\/","url":"https:\/\/dev.explora.cl\/aysen\/par-explora-aysen-realizara-nuevo-cafe-con-ciencia-en-coyhaique\/","name":"PAR EXPLORA Ays\u00e9n realizar\u00e1 nuevo caf\u00e9 con ciencia en Coyhaique - Aysen","isPartOf":{"@id":"https:\/\/dev.explora.cl\/aysen\/#website"},"primaryImageOfPage":{"@id":"https:\/\/dev.explora.cl\/aysen\/par-explora-aysen-realizara-nuevo-cafe-con-ciencia-en-coyhaique\/#primaryimage"},"image":{"@id":"https:\/\/dev.explora.cl\/aysen\/par-explora-aysen-realizara-nuevo-cafe-con-ciencia-en-coyhaique\/#primaryimage"},"thumbnailUrl":"https:\/\/dev.explora.cl\/aysen\/wp-content\/uploads\/sites\/18\/2018\/06\/ca86c725838176cf88b130a671d19669.jpg","datePublished":"2015-06-30T04:00:00+00:00","dateModified":"2019-05-20T21:21:38+00:00","author":{"@id":"https:\/\/dev.explora.cl\/aysen\/#\/schema\/person\/cb8349c13ea2d324080adf8480d7ba5d"},"breadcrumb":{"@id":"https:\/\/dev.explora.cl\/aysen\/par-explora-aysen-realizara-nuevo-cafe-con-ciencia-en-coyhaique\/#breadcrumb"},"inLanguage":"es-CL","potentialAction":[{"@type":"ReadAction","target":["https:\/\/dev.explora.cl\/aysen\/par-explora-aysen-realizara-nuevo-cafe-con-ciencia-en-coyhaique\/"]}]},{"@type":"ImageObject","inLanguage":"es-CL","@id":"https:\/\/dev.explora.cl\/aysen\/par-explora-aysen-realizara-nuevo-cafe-con-ciencia-en-coyhaique\/#primaryimage","url":"https:\/\/dev.explora.cl\/aysen\/wp-content\/uploads\/sites\/18\/2018\/06\/ca86c725838176cf88b130a671d19669.jpg","contentUrl":"https:\/\/dev.explora.cl\/aysen\/wp-content\/uploads\/sites\/18\/2018\/06\/ca86c725838176cf88b130a671d19669.jpg","width":854,"height":1280},{"@type":"BreadcrumbList","@id":"https:\/\/dev.explora.cl\/aysen\/par-explora-aysen-realizara-nuevo-cafe-con-ciencia-en-coyhaique\/#breadcrumb","itemListElement":[{"@type":"ListItem","position":1,"name":"Portada","item":"https:\/\/dev.explora.cl\/aysen\/"},{"@type":"ListItem","position":2,"name":"PAR EXPLORA Ays\u00e9n realizar\u00e1 nuevo caf\u00e9 con ciencia en Coyhaique"}]},{"@type":"WebSite","@id":"https:\/\/dev.explora.cl\/aysen\/#website","url":"https:\/\/dev.explora.cl\/aysen\/","name":"Aysen","description":"Otro sitio m\u00e1s de dev.explora.cl","potentialAction":[{"@type":"SearchAction","target":{"@type":"EntryPoint","urlTemplate":"https:\/\/dev.explora.cl\/aysen\/?s={search_term_string}"},"query-input":{"@type":"PropertyValueSpecification","valueRequired":true,"valueName":"search_term_string"}}],"inLanguage":"es-CL"},{"@type":"Person","@id":"https:\/\/dev.explora.cl\/aysen\/#\/schema\/person\/cb8349c13ea2d324080adf8480d7ba5d","name":"webman","image":{"@type":"ImageObject","inLanguage":"es-CL","@id":"https:\/\/dev.explora.cl\/aysen\/#\/schema\/person\/image\/","url":"https:\/\/secure.gravatar.com\/avatar\/eeff3c82f2c02f7177d13663b7e6f890e9a6a0647ce9bb29cae02dcb094c7312?s=96&d=mm&r=g","contentUrl":"https:\/\/secure.gravatar.com\/avatar\/eeff3c82f2c02f7177d13663b7e6f890e9a6a0647ce9bb29cae02dcb094c7312?s=96&d=mm&r=g","caption":"webman"},"url":"https:\/\/dev.explora.cl\/aysen\/author\/webman\/"}]}},"_links":{"self":[{"href":"https:\/\/dev.explora.cl\/aysen\/wp-json\/wp\/v2\/posts\/242","targetHints":{"allow":["GET"]}}],"collection":[{"href":"https:\/\/dev.explora.cl\/aysen\/wp-json\/wp\/v2\/posts"}],"about":[{"href":"https:\/\/dev.explora.cl\/aysen\/wp-json\/wp\/v2\/types\/post"}],"author":[{"embeddable":true,"href":"https:\/\/dev.explora.cl\/aysen\/wp-json\/wp\/v2\/users\/2"}],"replies":[{"embeddable":true,"href":"https:\/\/dev.explora.cl\/aysen\/wp-json\/wp\/v2\/comments?post=242"}],"version-history":[{"count":1,"href":"https:\/\/dev.explora.cl\/aysen\/wp-json\/wp\/v2\/posts\/242\/revisions"}],"predecessor-version":[{"id":37295,"href":"https:\/\/dev.explora.cl\/aysen\/wp-json\/wp\/v2\/posts\/242\/revisions\/37295"}],"wp:featuredmedia":[{"embeddable":true,"href":"https:\/\/dev.explora.cl\/aysen\/wp-json\/wp\/v2\/media\/243"}],"wp:attachment":[{"href":"https:\/\/dev.explora.cl\/aysen\/wp-json\/wp\/v2\/media?parent=242"}],"wp:term":[{"taxonomy":"category","embeddable":true,"href":"https:\/\/dev.explora.cl\/aysen\/wp-json\/wp\/v2\/categories?post=242"},{"taxonomy":"post_tag","embeddable":true,"href":"https:\/\/dev.explora.cl\/aysen\/wp-json\/wp\/v2\/tags?post=242"}],"curies":[{"name":"wp","href":"https:\/\/api.w.org\/{rel}","templated":true}]}}