{"id":236,"date":"2015-06-12T00:00:00","date_gmt":"2015-06-12T04:00:00","guid":{"rendered":"https:\/\/dev.explora.cl\/aysen\/blog\/2015\/06\/12\/par-explora-aysen-realizara-taller-orientado-a-ninos-y-ninas-con-necesidades-educativas-especiales\/"},"modified":"2019-05-20T21:21:42","modified_gmt":"2019-05-20T21:21:42","slug":"par-explora-aysen-realizara-taller-orientado-a-ninos-y-ninas-con-necesidades-educativas-especiales","status":"publish","type":"post","link":"https:\/\/dev.explora.cl\/aysen\/par-explora-aysen-realizara-taller-orientado-a-ninos-y-ninas-con-necesidades-educativas-especiales\/","title":{"rendered":"PAR EXPLORA Ays\u00e9n realizar\u00e1 taller orientado a ni\u00f1os y ni\u00f1as con necesidades educativas especiales."},"content":{"rendered":"<p><img loading=\"lazy\" decoding=\"async\" class=\" size-full wp-image-12152\" src=\"http:\/\/ec2-34-218-253-251.us-west-2.compute.amazonaws.com\/wp-content\/uploads\/2015\/06\/c8dc88d636b01c8bbad9bc695659b1eb.jpg\" alt=\"\" width=\"800\" height=\"530\" \/><\/p>\n<p>El PAR EXPLORA, Regi\u00f3n de Ays\u00e9n, ejecutado por el Campus Patagonia de la Universidad Austral de Chile junto al Centro de Investigaci\u00f3n en Ecosistemas de la Patagonia (CIEP), con la colaboraci\u00f3n de la SEREMI de Educaci\u00f3n, realizar\u00e1n el Taller de Ciencia Especial orientado a fomentar el desarrollo de actividades cient\u00edficas en ni\u00f1os y ni\u00f1as con necesidades educativas especiales en Coyhaique y Puerto Ays\u00e9n.<\/p>\n<p>H\u00e9ctor Altamirano, de la unidad de Centro de inform\u00e1tica Social del Departamento de inform\u00e1tica de la Universidad Federico Santa Mar\u00eda, viajar\u00e1 hasta la regi\u00f3n de Ays\u00e9n para compartir la experiencia pedag\u00f3gica en ciencias que desarrollan hace cuatro a\u00f1os para ni\u00f1os y ni\u00f1as con discapacidades cognitivas o motoras en distintas escuelas de la quinta regi\u00f3n.<\/p>\n<p>En esta oportunidad se realizar\u00e1n actividades en 3 establecimientos distintos junto con una capacitaci\u00f3n en m\u00e9todo cient\u00edfico enfocado a resolver los problemas que enfrentan los profesores, despu\u00e9s se realizar\u00e1 un taller de elaboraci\u00f3n de un switch o pulsador para utilizar posteriormente en una actividad con los ni\u00f1os y ni\u00f1as.<\/p>\n","protected":false},"excerpt":{"rendered":"<p>El PAR EXPLORA, Regi\u00f3n de Ays\u00e9n, ejecutado por el Campus Patagonia de la Universidad Austral de Chile junto al Centro de Investigaci\u00f3n en Ecosistemas de la Patagonia (CIEP), con la colaboraci\u00f3n de la SEREMI de Educaci\u00f3n, realizar\u00e1n el Taller de Ciencia Especial orientado a fomentar el desarrollo de actividades cient\u00edficas en ni\u00f1os y ni\u00f1as con [&hellip;]<\/p>\n","protected":false},"author":2,"featured_media":237,"comment_status":"open","ping_status":"open","sticky":false,"template":"","format":"standard","meta":{"_acf_changed":false,"_exactmetrics_skip_tracking":false,"_exactmetrics_sitenote_active":false,"_exactmetrics_sitenote_note":"","_exactmetrics_sitenote_category":0,"footnotes":"","_links_to":"","_links_to_target":""},"categories":[4],"tags":[],"class_list":["post-236","post","type-post","status-publish","format-standard","has-post-thumbnail","hentry","category-noticias"],"acf":[],"yoast_head":"<!-- This site is optimized with the Yoast SEO plugin v26.7 - https:\/\/yoast.com\/wordpress\/plugins\/seo\/ -->\n<title>PAR EXPLORA Ays\u00e9n realizar\u00e1 taller orientado a ni\u00f1os y ni\u00f1as con necesidades educativas especiales. - Aysen<\/title>\n<meta name=\"robots\" content=\"index, follow, max-snippet:-1, max-image-preview:large, max-video-preview:-1\" \/>\n<link rel=\"canonical\" href=\"https:\/\/dev.explora.cl\/aysen\/par-explora-aysen-realizara-taller-orientado-a-ninos-y-ninas-con-necesidades-educativas-especiales\/\" class=\"yoast-seo-meta-tag\" \/>\n<meta property=\"og:locale\" content=\"es_ES\" class=\"yoast-seo-meta-tag\" \/>\n<meta property=\"og:type\" content=\"article\" class=\"yoast-seo-meta-tag\" \/>\n<meta property=\"og:title\" content=\"PAR EXPLORA Ays\u00e9n realizar\u00e1 taller orientado a ni\u00f1os y ni\u00f1as con necesidades educativas especiales. - Aysen\" class=\"yoast-seo-meta-tag\" \/>\n<meta property=\"og:description\" content=\"El PAR EXPLORA, Regi\u00f3n de Ays\u00e9n, ejecutado por el Campus Patagonia de la Universidad Austral de Chile junto al Centro de Investigaci\u00f3n en Ecosistemas de la Patagonia (CIEP), con la colaboraci\u00f3n de la SEREMI de Educaci\u00f3n, realizar\u00e1n el Taller de Ciencia Especial orientado a fomentar el desarrollo de actividades cient\u00edficas en ni\u00f1os y ni\u00f1as con [&hellip;]\" class=\"yoast-seo-meta-tag\" \/>\n<meta property=\"og:url\" content=\"https:\/\/dev.explora.cl\/aysen\/par-explora-aysen-realizara-taller-orientado-a-ninos-y-ninas-con-necesidades-educativas-especiales\/\" class=\"yoast-seo-meta-tag\" \/>\n<meta property=\"og:site_name\" content=\"Aysen\" class=\"yoast-seo-meta-tag\" \/>\n<meta property=\"article:published_time\" content=\"2015-06-12T04:00:00+00:00\" class=\"yoast-seo-meta-tag\" \/>\n<meta property=\"article:modified_time\" content=\"2019-05-20T21:21:42+00:00\" class=\"yoast-seo-meta-tag\" \/>\n<meta property=\"og:image\" content=\"https:\/\/dev.explora.cl\/aysen\/wp-content\/uploads\/sites\/18\/2018\/06\/c8dc88d636b01c8bbad9bc695659b1eb.jpg\" class=\"yoast-seo-meta-tag\" \/>\n\t<meta property=\"og:image:width\" content=\"800\" class=\"yoast-seo-meta-tag\" \/>\n\t<meta property=\"og:image:height\" content=\"530\" class=\"yoast-seo-meta-tag\" \/>\n\t<meta property=\"og:image:type\" content=\"image\/jpeg\" class=\"yoast-seo-meta-tag\" \/>\n<meta name=\"author\" content=\"webman\" class=\"yoast-seo-meta-tag\" \/>\n<meta name=\"twitter:card\" content=\"summary_large_image\" class=\"yoast-seo-meta-tag\" \/>\n<meta name=\"twitter:label1\" content=\"Escrito por\" class=\"yoast-seo-meta-tag\" \/>\n\t<meta name=\"twitter:data1\" content=\"webman\" class=\"yoast-seo-meta-tag\" \/>\n\t<meta name=\"twitter:label2\" content=\"Tiempo estimado de lectura\" class=\"yoast-seo-meta-tag\" \/>\n\t<meta name=\"twitter:data2\" content=\"1 minuto\" class=\"yoast-seo-meta-tag\" \/>\n<script type=\"application\/ld+json\" class=\"yoast-schema-graph\">{\"@context\":\"https:\/\/schema.org\",\"@graph\":[{\"@type\":\"Article\",\"@id\":\"https:\/\/dev.explora.cl\/aysen\/par-explora-aysen-realizara-taller-orientado-a-ninos-y-ninas-con-necesidades-educativas-especiales\/#article\",\"isPartOf\":{\"@id\":\"https:\/\/dev.explora.cl\/aysen\/par-explora-aysen-realizara-taller-orientado-a-ninos-y-ninas-con-necesidades-educativas-especiales\/\"},\"author\":{\"name\":\"webman\",\"@id\":\"https:\/\/dev.explora.cl\/aysen\/#\/schema\/person\/cb8349c13ea2d324080adf8480d7ba5d\"},\"headline\":\"PAR EXPLORA Ays\u00e9n realizar\u00e1 taller orientado a ni\u00f1os y ni\u00f1as con necesidades educativas especiales.\",\"datePublished\":\"2015-06-12T04:00:00+00:00\",\"dateModified\":\"2019-05-20T21:21:42+00:00\",\"mainEntityOfPage\":{\"@id\":\"https:\/\/dev.explora.cl\/aysen\/par-explora-aysen-realizara-taller-orientado-a-ninos-y-ninas-con-necesidades-educativas-especiales\/\"},\"wordCount\":211,\"commentCount\":0,\"image\":{\"@id\":\"https:\/\/dev.explora.cl\/aysen\/par-explora-aysen-realizara-taller-orientado-a-ninos-y-ninas-con-necesidades-educativas-especiales\/#primaryimage\"},\"thumbnailUrl\":\"https:\/\/dev.explora.cl\/aysen\/wp-content\/uploads\/sites\/18\/2018\/06\/c8dc88d636b01c8bbad9bc695659b1eb.jpg\",\"articleSection\":[\"Noticias\"],\"inLanguage\":\"es-CL\",\"potentialAction\":[{\"@type\":\"CommentAction\",\"name\":\"Comment\",\"target\":[\"https:\/\/dev.explora.cl\/aysen\/par-explora-aysen-realizara-taller-orientado-a-ninos-y-ninas-con-necesidades-educativas-especiales\/#respond\"]}]},{\"@type\":\"WebPage\",\"@id\":\"https:\/\/dev.explora.cl\/aysen\/par-explora-aysen-realizara-taller-orientado-a-ninos-y-ninas-con-necesidades-educativas-especiales\/\",\"url\":\"https:\/\/dev.explora.cl\/aysen\/par-explora-aysen-realizara-taller-orientado-a-ninos-y-ninas-con-necesidades-educativas-especiales\/\",\"name\":\"PAR EXPLORA Ays\u00e9n realizar\u00e1 taller orientado a ni\u00f1os y ni\u00f1as con necesidades educativas especiales. - Aysen\",\"isPartOf\":{\"@id\":\"https:\/\/dev.explora.cl\/aysen\/#website\"},\"primaryImageOfPage\":{\"@id\":\"https:\/\/dev.explora.cl\/aysen\/par-explora-aysen-realizara-taller-orientado-a-ninos-y-ninas-con-necesidades-educativas-especiales\/#primaryimage\"},\"image\":{\"@id\":\"https:\/\/dev.explora.cl\/aysen\/par-explora-aysen-realizara-taller-orientado-a-ninos-y-ninas-con-necesidades-educativas-especiales\/#primaryimage\"},\"thumbnailUrl\":\"https:\/\/dev.explora.cl\/aysen\/wp-content\/uploads\/sites\/18\/2018\/06\/c8dc88d636b01c8bbad9bc695659b1eb.jpg\",\"datePublished\":\"2015-06-12T04:00:00+00:00\",\"dateModified\":\"2019-05-20T21:21:42+00:00\",\"author\":{\"@id\":\"https:\/\/dev.explora.cl\/aysen\/#\/schema\/person\/cb8349c13ea2d324080adf8480d7ba5d\"},\"breadcrumb\":{\"@id\":\"https:\/\/dev.explora.cl\/aysen\/par-explora-aysen-realizara-taller-orientado-a-ninos-y-ninas-con-necesidades-educativas-especiales\/#breadcrumb\"},\"inLanguage\":\"es-CL\",\"potentialAction\":[{\"@type\":\"ReadAction\",\"target\":[\"https:\/\/dev.explora.cl\/aysen\/par-explora-aysen-realizara-taller-orientado-a-ninos-y-ninas-con-necesidades-educativas-especiales\/\"]}]},{\"@type\":\"ImageObject\",\"inLanguage\":\"es-CL\",\"@id\":\"https:\/\/dev.explora.cl\/aysen\/par-explora-aysen-realizara-taller-orientado-a-ninos-y-ninas-con-necesidades-educativas-especiales\/#primaryimage\",\"url\":\"https:\/\/dev.explora.cl\/aysen\/wp-content\/uploads\/sites\/18\/2018\/06\/c8dc88d636b01c8bbad9bc695659b1eb.jpg\",\"contentUrl\":\"https:\/\/dev.explora.cl\/aysen\/wp-content\/uploads\/sites\/18\/2018\/06\/c8dc88d636b01c8bbad9bc695659b1eb.jpg\",\"width\":800,\"height\":530},{\"@type\":\"BreadcrumbList\",\"@id\":\"https:\/\/dev.explora.cl\/aysen\/par-explora-aysen-realizara-taller-orientado-a-ninos-y-ninas-con-necesidades-educativas-especiales\/#breadcrumb\",\"itemListElement\":[{\"@type\":\"ListItem\",\"position\":1,\"name\":\"Portada\",\"item\":\"https:\/\/dev.explora.cl\/aysen\/\"},{\"@type\":\"ListItem\",\"position\":2,\"name\":\"PAR EXPLORA Ays\u00e9n realizar\u00e1 taller orientado a ni\u00f1os y ni\u00f1as con necesidades educativas especiales.\"}]},{\"@type\":\"WebSite\",\"@id\":\"https:\/\/dev.explora.cl\/aysen\/#website\",\"url\":\"https:\/\/dev.explora.cl\/aysen\/\",\"name\":\"Aysen\",\"description\":\"Otro sitio m\u00e1s de dev.explora.cl\",\"potentialAction\":[{\"@type\":\"SearchAction\",\"target\":{\"@type\":\"EntryPoint\",\"urlTemplate\":\"https:\/\/dev.explora.cl\/aysen\/?s={search_term_string}\"},\"query-input\":{\"@type\":\"PropertyValueSpecification\",\"valueRequired\":true,\"valueName\":\"search_term_string\"}}],\"inLanguage\":\"es-CL\"},{\"@type\":\"Person\",\"@id\":\"https:\/\/dev.explora.cl\/aysen\/#\/schema\/person\/cb8349c13ea2d324080adf8480d7ba5d\",\"name\":\"webman\",\"image\":{\"@type\":\"ImageObject\",\"inLanguage\":\"es-CL\",\"@id\":\"https:\/\/dev.explora.cl\/aysen\/#\/schema\/person\/image\/\",\"url\":\"https:\/\/secure.gravatar.com\/avatar\/eeff3c82f2c02f7177d13663b7e6f890e9a6a0647ce9bb29cae02dcb094c7312?s=96&d=mm&r=g\",\"contentUrl\":\"https:\/\/secure.gravatar.com\/avatar\/eeff3c82f2c02f7177d13663b7e6f890e9a6a0647ce9bb29cae02dcb094c7312?s=96&d=mm&r=g\",\"caption\":\"webman\"},\"url\":\"https:\/\/dev.explora.cl\/aysen\/author\/webman\/\"}]}<\/script>\n<!-- \/ Yoast SEO plugin. -->","yoast_head_json":{"title":"PAR EXPLORA Ays\u00e9n realizar\u00e1 taller orientado a ni\u00f1os y ni\u00f1as con necesidades educativas especiales. - Aysen","robots":{"index":"index","follow":"follow","max-snippet":"max-snippet:-1","max-image-preview":"max-image-preview:large","max-video-preview":"max-video-preview:-1"},"canonical":"https:\/\/dev.explora.cl\/aysen\/par-explora-aysen-realizara-taller-orientado-a-ninos-y-ninas-con-necesidades-educativas-especiales\/","og_locale":"es_ES","og_type":"article","og_title":"PAR EXPLORA Ays\u00e9n realizar\u00e1 taller orientado a ni\u00f1os y ni\u00f1as con necesidades educativas especiales. - Aysen","og_description":"El PAR EXPLORA, Regi\u00f3n de Ays\u00e9n, ejecutado por el Campus Patagonia de la Universidad Austral de Chile junto al Centro de Investigaci\u00f3n en Ecosistemas de la Patagonia (CIEP), con la colaboraci\u00f3n de la SEREMI de Educaci\u00f3n, realizar\u00e1n el Taller de Ciencia Especial orientado a fomentar el desarrollo de actividades cient\u00edficas en ni\u00f1os y ni\u00f1as con [&hellip;]","og_url":"https:\/\/dev.explora.cl\/aysen\/par-explora-aysen-realizara-taller-orientado-a-ninos-y-ninas-con-necesidades-educativas-especiales\/","og_site_name":"Aysen","article_published_time":"2015-06-12T04:00:00+00:00","article_modified_time":"2019-05-20T21:21:42+00:00","og_image":[{"width":800,"height":530,"url":"https:\/\/dev.explora.cl\/aysen\/wp-content\/uploads\/sites\/18\/2018\/06\/c8dc88d636b01c8bbad9bc695659b1eb.jpg","type":"image\/jpeg"}],"author":"webman","twitter_card":"summary_large_image","twitter_misc":{"Escrito por":"webman","Tiempo estimado de lectura":"1 minuto"},"schema":{"@context":"https:\/\/schema.org","@graph":[{"@type":"Article","@id":"https:\/\/dev.explora.cl\/aysen\/par-explora-aysen-realizara-taller-orientado-a-ninos-y-ninas-con-necesidades-educativas-especiales\/#article","isPartOf":{"@id":"https:\/\/dev.explora.cl\/aysen\/par-explora-aysen-realizara-taller-orientado-a-ninos-y-ninas-con-necesidades-educativas-especiales\/"},"author":{"name":"webman","@id":"https:\/\/dev.explora.cl\/aysen\/#\/schema\/person\/cb8349c13ea2d324080adf8480d7ba5d"},"headline":"PAR EXPLORA Ays\u00e9n realizar\u00e1 taller orientado a ni\u00f1os y ni\u00f1as con necesidades educativas especiales.","datePublished":"2015-06-12T04:00:00+00:00","dateModified":"2019-05-20T21:21:42+00:00","mainEntityOfPage":{"@id":"https:\/\/dev.explora.cl\/aysen\/par-explora-aysen-realizara-taller-orientado-a-ninos-y-ninas-con-necesidades-educativas-especiales\/"},"wordCount":211,"commentCount":0,"image":{"@id":"https:\/\/dev.explora.cl\/aysen\/par-explora-aysen-realizara-taller-orientado-a-ninos-y-ninas-con-necesidades-educativas-especiales\/#primaryimage"},"thumbnailUrl":"https:\/\/dev.explora.cl\/aysen\/wp-content\/uploads\/sites\/18\/2018\/06\/c8dc88d636b01c8bbad9bc695659b1eb.jpg","articleSection":["Noticias"],"inLanguage":"es-CL","potentialAction":[{"@type":"CommentAction","name":"Comment","target":["https:\/\/dev.explora.cl\/aysen\/par-explora-aysen-realizara-taller-orientado-a-ninos-y-ninas-con-necesidades-educativas-especiales\/#respond"]}]},{"@type":"WebPage","@id":"https:\/\/dev.explora.cl\/aysen\/par-explora-aysen-realizara-taller-orientado-a-ninos-y-ninas-con-necesidades-educativas-especiales\/","url":"https:\/\/dev.explora.cl\/aysen\/par-explora-aysen-realizara-taller-orientado-a-ninos-y-ninas-con-necesidades-educativas-especiales\/","name":"PAR EXPLORA Ays\u00e9n realizar\u00e1 taller orientado a ni\u00f1os y ni\u00f1as con necesidades educativas especiales. - Aysen","isPartOf":{"@id":"https:\/\/dev.explora.cl\/aysen\/#website"},"primaryImageOfPage":{"@id":"https:\/\/dev.explora.cl\/aysen\/par-explora-aysen-realizara-taller-orientado-a-ninos-y-ninas-con-necesidades-educativas-especiales\/#primaryimage"},"image":{"@id":"https:\/\/dev.explora.cl\/aysen\/par-explora-aysen-realizara-taller-orientado-a-ninos-y-ninas-con-necesidades-educativas-especiales\/#primaryimage"},"thumbnailUrl":"https:\/\/dev.explora.cl\/aysen\/wp-content\/uploads\/sites\/18\/2018\/06\/c8dc88d636b01c8bbad9bc695659b1eb.jpg","datePublished":"2015-06-12T04:00:00+00:00","dateModified":"2019-05-20T21:21:42+00:00","author":{"@id":"https:\/\/dev.explora.cl\/aysen\/#\/schema\/person\/cb8349c13ea2d324080adf8480d7ba5d"},"breadcrumb":{"@id":"https:\/\/dev.explora.cl\/aysen\/par-explora-aysen-realizara-taller-orientado-a-ninos-y-ninas-con-necesidades-educativas-especiales\/#breadcrumb"},"inLanguage":"es-CL","potentialAction":[{"@type":"ReadAction","target":["https:\/\/dev.explora.cl\/aysen\/par-explora-aysen-realizara-taller-orientado-a-ninos-y-ninas-con-necesidades-educativas-especiales\/"]}]},{"@type":"ImageObject","inLanguage":"es-CL","@id":"https:\/\/dev.explora.cl\/aysen\/par-explora-aysen-realizara-taller-orientado-a-ninos-y-ninas-con-necesidades-educativas-especiales\/#primaryimage","url":"https:\/\/dev.explora.cl\/aysen\/wp-content\/uploads\/sites\/18\/2018\/06\/c8dc88d636b01c8bbad9bc695659b1eb.jpg","contentUrl":"https:\/\/dev.explora.cl\/aysen\/wp-content\/uploads\/sites\/18\/2018\/06\/c8dc88d636b01c8bbad9bc695659b1eb.jpg","width":800,"height":530},{"@type":"BreadcrumbList","@id":"https:\/\/dev.explora.cl\/aysen\/par-explora-aysen-realizara-taller-orientado-a-ninos-y-ninas-con-necesidades-educativas-especiales\/#breadcrumb","itemListElement":[{"@type":"ListItem","position":1,"name":"Portada","item":"https:\/\/dev.explora.cl\/aysen\/"},{"@type":"ListItem","position":2,"name":"PAR EXPLORA Ays\u00e9n realizar\u00e1 taller orientado a ni\u00f1os y ni\u00f1as con necesidades educativas especiales."}]},{"@type":"WebSite","@id":"https:\/\/dev.explora.cl\/aysen\/#website","url":"https:\/\/dev.explora.cl\/aysen\/","name":"Aysen","description":"Otro sitio m\u00e1s de dev.explora.cl","potentialAction":[{"@type":"SearchAction","target":{"@type":"EntryPoint","urlTemplate":"https:\/\/dev.explora.cl\/aysen\/?s={search_term_string}"},"query-input":{"@type":"PropertyValueSpecification","valueRequired":true,"valueName":"search_term_string"}}],"inLanguage":"es-CL"},{"@type":"Person","@id":"https:\/\/dev.explora.cl\/aysen\/#\/schema\/person\/cb8349c13ea2d324080adf8480d7ba5d","name":"webman","image":{"@type":"ImageObject","inLanguage":"es-CL","@id":"https:\/\/dev.explora.cl\/aysen\/#\/schema\/person\/image\/","url":"https:\/\/secure.gravatar.com\/avatar\/eeff3c82f2c02f7177d13663b7e6f890e9a6a0647ce9bb29cae02dcb094c7312?s=96&d=mm&r=g","contentUrl":"https:\/\/secure.gravatar.com\/avatar\/eeff3c82f2c02f7177d13663b7e6f890e9a6a0647ce9bb29cae02dcb094c7312?s=96&d=mm&r=g","caption":"webman"},"url":"https:\/\/dev.explora.cl\/aysen\/author\/webman\/"}]}},"_links":{"self":[{"href":"https:\/\/dev.explora.cl\/aysen\/wp-json\/wp\/v2\/posts\/236","targetHints":{"allow":["GET"]}}],"collection":[{"href":"https:\/\/dev.explora.cl\/aysen\/wp-json\/wp\/v2\/posts"}],"about":[{"href":"https:\/\/dev.explora.cl\/aysen\/wp-json\/wp\/v2\/types\/post"}],"author":[{"embeddable":true,"href":"https:\/\/dev.explora.cl\/aysen\/wp-json\/wp\/v2\/users\/2"}],"replies":[{"embeddable":true,"href":"https:\/\/dev.explora.cl\/aysen\/wp-json\/wp\/v2\/comments?post=236"}],"version-history":[{"count":1,"href":"https:\/\/dev.explora.cl\/aysen\/wp-json\/wp\/v2\/posts\/236\/revisions"}],"predecessor-version":[{"id":37300,"href":"https:\/\/dev.explora.cl\/aysen\/wp-json\/wp\/v2\/posts\/236\/revisions\/37300"}],"wp:featuredmedia":[{"embeddable":true,"href":"https:\/\/dev.explora.cl\/aysen\/wp-json\/wp\/v2\/media\/237"}],"wp:attachment":[{"href":"https:\/\/dev.explora.cl\/aysen\/wp-json\/wp\/v2\/media?parent=236"}],"wp:term":[{"taxonomy":"category","embeddable":true,"href":"https:\/\/dev.explora.cl\/aysen\/wp-json\/wp\/v2\/categories?post=236"},{"taxonomy":"post_tag","embeddable":true,"href":"https:\/\/dev.explora.cl\/aysen\/wp-json\/wp\/v2\/tags?post=236"}],"curies":[{"name":"wp","href":"https:\/\/api.w.org\/{rel}","templated":true}]}}