{"id":230,"date":"2015-06-11T00:00:00","date_gmt":"2015-06-11T04:00:00","guid":{"rendered":"https:\/\/dev.explora.cl\/aysen\/blog\/2015\/06\/11\/alumnos-de-escuelas-rurales-participaron-en-torneo-de-biodiversidad\/"},"modified":"2019-05-20T21:21:43","modified_gmt":"2019-05-20T21:21:43","slug":"alumnos-de-escuelas-rurales-participaron-en-torneo-de-biodiversidad","status":"publish","type":"post","link":"https:\/\/dev.explora.cl\/aysen\/alumnos-de-escuelas-rurales-participaron-en-torneo-de-biodiversidad\/","title":{"rendered":"Alumnos de Escuelas Rurales participaron en Torneo de Biodiversidad"},"content":{"rendered":"<p><img loading=\"lazy\" decoding=\"async\" class=\" size-full wp-image-12106\" src=\"http:\/\/ec2-34-218-253-251.us-west-2.compute.amazonaws.com\/wp-content\/uploads\/2015\/06\/1a9e2eae9ce4c22c1c880bce4488041e.jpg\" alt=\"\" width=\"800\" height=\"533\" \/><\/p>\n<p>La iniciativa corresponde a un proyecto de Iniciativas Estudiantiles ejecutado por alumnas de la carrera de Pedagog\u00eda en Educaci\u00f3n B\u00e1sica del Campus Patagonia de la Universidad Austral de Chile con la colaboraci\u00f3n del PAR EXPLORA, Regi\u00f3n de Ays\u00e9n.<\/p>\n<p>Los alumnos de las escuelas rurales Municipales de Lago Atravesado, Balmaceda, Valle Simpson y El Blanco, se trasladaron hasta la capital regional para disputar la actividad final del proyecto \u201cAprende y biodivi\u00e9rte: Trayendo la escuela a la Universidad\u201d, actividad que busca poner en valor la diversidad biol\u00f3gica de la regi\u00f3n mediante un juego de ludo.<\/p>\n<p>El juego denominado \u201cLudo Tr\u00f3fico\u201d -y como explic\u00f3, Marisol Barr\u00eda, Directora del PAR EXPLORA Regi\u00f3n de Ays\u00e9n, busca que \u201clos ni\u00f1os se familiaricen, a las vez que puedan identificar, las distintas especies que viven en la Patagonia y conozcan c\u00f3mo \u00e9stas interact\u00faan entre s\u00ed, en redes o cadenas alimentarias tr\u00f3ficas\u201d.<\/p>\n<p>Mar\u00eda Catal\u00e1n, docente encargada de la escuela Jos\u00e9 Silva Orme\u00f1o de Balmaceda valor\u00f3 que sean alumnos de localidades apartadas quienes participen de estas actividades formativas. \u201cNuestra participaci\u00f3n viene en parte a emparejar el terreno, nosotros que venimos desde sectores rurales no tenemos muchas posibilidades de asistir a este tipo de eventos, que para los chicos son muy importante, especialmente en lo que tiene relaci\u00f3n con la crisis medioambiental que afecta nuestra sociedad hoy en d\u00eda\u201d.<\/p>\n<p>La profesora agreg\u00f3 que dado el contexto de vivir en el campo, para sus alumnos ha sido muy f\u00e1cil el proceso de aprendizaje. \u201cEllos tienen una relaci\u00f3n muy cercana con su entorno, yo tengo la experiencia de trabajar con alumnos de la ciudad y cuando deben ubicar, por ejemplo, geogr\u00e1ficamente distintas especies los ponen muy lejos de la ciudad, en cambio los ni\u00f1os de sectores rurales sienten que conviven con otros animales en el mismo lugar\u201d.\u00a0<\/p>\n<p>Participaron las escuelas, Pablo Cea V\u00e1squez de Lago Atravesado, Jos\u00e9 Silva Orme\u00f1o de Balmaceda, Escuela de Valle Simpson y la Escuela Rural con Internado de El Blanco. El torneo que tuvo como fase previa competencias internas, finaliz\u00f3 con 4 representantes de cada colegio.<\/p>\n","protected":false},"excerpt":{"rendered":"<p>La iniciativa corresponde a un proyecto de Iniciativas Estudiantiles ejecutado por alumnas de la carrera de Pedagog\u00eda en Educaci\u00f3n B\u00e1sica del Campus Patagonia de la Universidad Austral de Chile con la colaboraci\u00f3n del PAR EXPLORA, Regi\u00f3n de Ays\u00e9n. Los alumnos de las escuelas rurales Municipales de Lago Atravesado, Balmaceda, Valle Simpson y El Blanco, se [&hellip;]<\/p>\n","protected":false},"author":2,"featured_media":231,"comment_status":"open","ping_status":"open","sticky":false,"template":"","format":"standard","meta":{"_acf_changed":false,"_exactmetrics_skip_tracking":false,"_exactmetrics_sitenote_active":false,"_exactmetrics_sitenote_note":"","_exactmetrics_sitenote_category":0,"footnotes":"","_links_to":"","_links_to_target":""},"categories":[4],"tags":[],"class_list":["post-230","post","type-post","status-publish","format-standard","has-post-thumbnail","hentry","category-noticias"],"acf":[],"yoast_head":"<!-- This site is optimized with the Yoast SEO plugin v26.7 - https:\/\/yoast.com\/wordpress\/plugins\/seo\/ -->\n<title>Alumnos de Escuelas Rurales participaron en Torneo de Biodiversidad - Aysen<\/title>\n<meta name=\"robots\" content=\"index, follow, max-snippet:-1, max-image-preview:large, max-video-preview:-1\" \/>\n<link rel=\"canonical\" href=\"https:\/\/dev.explora.cl\/aysen\/alumnos-de-escuelas-rurales-participaron-en-torneo-de-biodiversidad\/\" class=\"yoast-seo-meta-tag\" \/>\n<meta property=\"og:locale\" content=\"es_ES\" class=\"yoast-seo-meta-tag\" \/>\n<meta property=\"og:type\" content=\"article\" class=\"yoast-seo-meta-tag\" \/>\n<meta property=\"og:title\" content=\"Alumnos de Escuelas Rurales participaron en Torneo de Biodiversidad - Aysen\" class=\"yoast-seo-meta-tag\" \/>\n<meta property=\"og:description\" content=\"La iniciativa corresponde a un proyecto de Iniciativas Estudiantiles ejecutado por alumnas de la carrera de Pedagog\u00eda en Educaci\u00f3n B\u00e1sica del Campus Patagonia de la Universidad Austral de Chile con la colaboraci\u00f3n del PAR EXPLORA, Regi\u00f3n de Ays\u00e9n. Los alumnos de las escuelas rurales Municipales de Lago Atravesado, Balmaceda, Valle Simpson y El Blanco, se [&hellip;]\" class=\"yoast-seo-meta-tag\" \/>\n<meta property=\"og:url\" content=\"https:\/\/dev.explora.cl\/aysen\/alumnos-de-escuelas-rurales-participaron-en-torneo-de-biodiversidad\/\" class=\"yoast-seo-meta-tag\" \/>\n<meta property=\"og:site_name\" content=\"Aysen\" class=\"yoast-seo-meta-tag\" \/>\n<meta property=\"article:published_time\" content=\"2015-06-11T04:00:00+00:00\" class=\"yoast-seo-meta-tag\" \/>\n<meta property=\"article:modified_time\" content=\"2019-05-20T21:21:43+00:00\" class=\"yoast-seo-meta-tag\" \/>\n<meta property=\"og:image\" content=\"https:\/\/dev.explora.cl\/aysen\/wp-content\/uploads\/sites\/18\/2018\/06\/1a9e2eae9ce4c22c1c880bce4488041e.jpg\" class=\"yoast-seo-meta-tag\" \/>\n\t<meta property=\"og:image:width\" content=\"800\" class=\"yoast-seo-meta-tag\" \/>\n\t<meta property=\"og:image:height\" content=\"533\" class=\"yoast-seo-meta-tag\" \/>\n\t<meta property=\"og:image:type\" content=\"image\/jpeg\" class=\"yoast-seo-meta-tag\" \/>\n<meta name=\"author\" content=\"webman\" class=\"yoast-seo-meta-tag\" \/>\n<meta name=\"twitter:card\" content=\"summary_large_image\" class=\"yoast-seo-meta-tag\" \/>\n<meta name=\"twitter:label1\" content=\"Escrito por\" class=\"yoast-seo-meta-tag\" \/>\n\t<meta name=\"twitter:data1\" content=\"webman\" class=\"yoast-seo-meta-tag\" \/>\n\t<meta name=\"twitter:label2\" content=\"Tiempo estimado de lectura\" class=\"yoast-seo-meta-tag\" \/>\n\t<meta name=\"twitter:data2\" content=\"2 minutos\" class=\"yoast-seo-meta-tag\" \/>\n<script type=\"application\/ld+json\" class=\"yoast-schema-graph\">{\"@context\":\"https:\/\/schema.org\",\"@graph\":[{\"@type\":\"Article\",\"@id\":\"https:\/\/dev.explora.cl\/aysen\/alumnos-de-escuelas-rurales-participaron-en-torneo-de-biodiversidad\/#article\",\"isPartOf\":{\"@id\":\"https:\/\/dev.explora.cl\/aysen\/alumnos-de-escuelas-rurales-participaron-en-torneo-de-biodiversidad\/\"},\"author\":{\"name\":\"webman\",\"@id\":\"https:\/\/dev.explora.cl\/aysen\/#\/schema\/person\/cb8349c13ea2d324080adf8480d7ba5d\"},\"headline\":\"Alumnos de Escuelas Rurales participaron en Torneo de Biodiversidad\",\"datePublished\":\"2015-06-11T04:00:00+00:00\",\"dateModified\":\"2019-05-20T21:21:43+00:00\",\"mainEntityOfPage\":{\"@id\":\"https:\/\/dev.explora.cl\/aysen\/alumnos-de-escuelas-rurales-participaron-en-torneo-de-biodiversidad\/\"},\"wordCount\":374,\"commentCount\":0,\"image\":{\"@id\":\"https:\/\/dev.explora.cl\/aysen\/alumnos-de-escuelas-rurales-participaron-en-torneo-de-biodiversidad\/#primaryimage\"},\"thumbnailUrl\":\"https:\/\/dev.explora.cl\/aysen\/wp-content\/uploads\/sites\/18\/2018\/06\/1a9e2eae9ce4c22c1c880bce4488041e.jpg\",\"articleSection\":[\"Noticias\"],\"inLanguage\":\"es-CL\",\"potentialAction\":[{\"@type\":\"CommentAction\",\"name\":\"Comment\",\"target\":[\"https:\/\/dev.explora.cl\/aysen\/alumnos-de-escuelas-rurales-participaron-en-torneo-de-biodiversidad\/#respond\"]}]},{\"@type\":\"WebPage\",\"@id\":\"https:\/\/dev.explora.cl\/aysen\/alumnos-de-escuelas-rurales-participaron-en-torneo-de-biodiversidad\/\",\"url\":\"https:\/\/dev.explora.cl\/aysen\/alumnos-de-escuelas-rurales-participaron-en-torneo-de-biodiversidad\/\",\"name\":\"Alumnos de Escuelas Rurales participaron en Torneo de Biodiversidad - Aysen\",\"isPartOf\":{\"@id\":\"https:\/\/dev.explora.cl\/aysen\/#website\"},\"primaryImageOfPage\":{\"@id\":\"https:\/\/dev.explora.cl\/aysen\/alumnos-de-escuelas-rurales-participaron-en-torneo-de-biodiversidad\/#primaryimage\"},\"image\":{\"@id\":\"https:\/\/dev.explora.cl\/aysen\/alumnos-de-escuelas-rurales-participaron-en-torneo-de-biodiversidad\/#primaryimage\"},\"thumbnailUrl\":\"https:\/\/dev.explora.cl\/aysen\/wp-content\/uploads\/sites\/18\/2018\/06\/1a9e2eae9ce4c22c1c880bce4488041e.jpg\",\"datePublished\":\"2015-06-11T04:00:00+00:00\",\"dateModified\":\"2019-05-20T21:21:43+00:00\",\"author\":{\"@id\":\"https:\/\/dev.explora.cl\/aysen\/#\/schema\/person\/cb8349c13ea2d324080adf8480d7ba5d\"},\"breadcrumb\":{\"@id\":\"https:\/\/dev.explora.cl\/aysen\/alumnos-de-escuelas-rurales-participaron-en-torneo-de-biodiversidad\/#breadcrumb\"},\"inLanguage\":\"es-CL\",\"potentialAction\":[{\"@type\":\"ReadAction\",\"target\":[\"https:\/\/dev.explora.cl\/aysen\/alumnos-de-escuelas-rurales-participaron-en-torneo-de-biodiversidad\/\"]}]},{\"@type\":\"ImageObject\",\"inLanguage\":\"es-CL\",\"@id\":\"https:\/\/dev.explora.cl\/aysen\/alumnos-de-escuelas-rurales-participaron-en-torneo-de-biodiversidad\/#primaryimage\",\"url\":\"https:\/\/dev.explora.cl\/aysen\/wp-content\/uploads\/sites\/18\/2018\/06\/1a9e2eae9ce4c22c1c880bce4488041e.jpg\",\"contentUrl\":\"https:\/\/dev.explora.cl\/aysen\/wp-content\/uploads\/sites\/18\/2018\/06\/1a9e2eae9ce4c22c1c880bce4488041e.jpg\",\"width\":800,\"height\":533},{\"@type\":\"BreadcrumbList\",\"@id\":\"https:\/\/dev.explora.cl\/aysen\/alumnos-de-escuelas-rurales-participaron-en-torneo-de-biodiversidad\/#breadcrumb\",\"itemListElement\":[{\"@type\":\"ListItem\",\"position\":1,\"name\":\"Portada\",\"item\":\"https:\/\/dev.explora.cl\/aysen\/\"},{\"@type\":\"ListItem\",\"position\":2,\"name\":\"Alumnos de Escuelas Rurales participaron en Torneo de Biodiversidad\"}]},{\"@type\":\"WebSite\",\"@id\":\"https:\/\/dev.explora.cl\/aysen\/#website\",\"url\":\"https:\/\/dev.explora.cl\/aysen\/\",\"name\":\"Aysen\",\"description\":\"Otro sitio m\u00e1s de dev.explora.cl\",\"potentialAction\":[{\"@type\":\"SearchAction\",\"target\":{\"@type\":\"EntryPoint\",\"urlTemplate\":\"https:\/\/dev.explora.cl\/aysen\/?s={search_term_string}\"},\"query-input\":{\"@type\":\"PropertyValueSpecification\",\"valueRequired\":true,\"valueName\":\"search_term_string\"}}],\"inLanguage\":\"es-CL\"},{\"@type\":\"Person\",\"@id\":\"https:\/\/dev.explora.cl\/aysen\/#\/schema\/person\/cb8349c13ea2d324080adf8480d7ba5d\",\"name\":\"webman\",\"image\":{\"@type\":\"ImageObject\",\"inLanguage\":\"es-CL\",\"@id\":\"https:\/\/dev.explora.cl\/aysen\/#\/schema\/person\/image\/\",\"url\":\"https:\/\/secure.gravatar.com\/avatar\/eeff3c82f2c02f7177d13663b7e6f890e9a6a0647ce9bb29cae02dcb094c7312?s=96&d=mm&r=g\",\"contentUrl\":\"https:\/\/secure.gravatar.com\/avatar\/eeff3c82f2c02f7177d13663b7e6f890e9a6a0647ce9bb29cae02dcb094c7312?s=96&d=mm&r=g\",\"caption\":\"webman\"},\"url\":\"https:\/\/dev.explora.cl\/aysen\/author\/webman\/\"}]}<\/script>\n<!-- \/ Yoast SEO plugin. -->","yoast_head_json":{"title":"Alumnos de Escuelas Rurales participaron en Torneo de Biodiversidad - Aysen","robots":{"index":"index","follow":"follow","max-snippet":"max-snippet:-1","max-image-preview":"max-image-preview:large","max-video-preview":"max-video-preview:-1"},"canonical":"https:\/\/dev.explora.cl\/aysen\/alumnos-de-escuelas-rurales-participaron-en-torneo-de-biodiversidad\/","og_locale":"es_ES","og_type":"article","og_title":"Alumnos de Escuelas Rurales participaron en Torneo de Biodiversidad - Aysen","og_description":"La iniciativa corresponde a un proyecto de Iniciativas Estudiantiles ejecutado por alumnas de la carrera de Pedagog\u00eda en Educaci\u00f3n B\u00e1sica del Campus Patagonia de la Universidad Austral de Chile con la colaboraci\u00f3n del PAR EXPLORA, Regi\u00f3n de Ays\u00e9n. Los alumnos de las escuelas rurales Municipales de Lago Atravesado, Balmaceda, Valle Simpson y El Blanco, se [&hellip;]","og_url":"https:\/\/dev.explora.cl\/aysen\/alumnos-de-escuelas-rurales-participaron-en-torneo-de-biodiversidad\/","og_site_name":"Aysen","article_published_time":"2015-06-11T04:00:00+00:00","article_modified_time":"2019-05-20T21:21:43+00:00","og_image":[{"width":800,"height":533,"url":"https:\/\/dev.explora.cl\/aysen\/wp-content\/uploads\/sites\/18\/2018\/06\/1a9e2eae9ce4c22c1c880bce4488041e.jpg","type":"image\/jpeg"}],"author":"webman","twitter_card":"summary_large_image","twitter_misc":{"Escrito por":"webman","Tiempo estimado de lectura":"2 minutos"},"schema":{"@context":"https:\/\/schema.org","@graph":[{"@type":"Article","@id":"https:\/\/dev.explora.cl\/aysen\/alumnos-de-escuelas-rurales-participaron-en-torneo-de-biodiversidad\/#article","isPartOf":{"@id":"https:\/\/dev.explora.cl\/aysen\/alumnos-de-escuelas-rurales-participaron-en-torneo-de-biodiversidad\/"},"author":{"name":"webman","@id":"https:\/\/dev.explora.cl\/aysen\/#\/schema\/person\/cb8349c13ea2d324080adf8480d7ba5d"},"headline":"Alumnos de Escuelas Rurales participaron en Torneo de Biodiversidad","datePublished":"2015-06-11T04:00:00+00:00","dateModified":"2019-05-20T21:21:43+00:00","mainEntityOfPage":{"@id":"https:\/\/dev.explora.cl\/aysen\/alumnos-de-escuelas-rurales-participaron-en-torneo-de-biodiversidad\/"},"wordCount":374,"commentCount":0,"image":{"@id":"https:\/\/dev.explora.cl\/aysen\/alumnos-de-escuelas-rurales-participaron-en-torneo-de-biodiversidad\/#primaryimage"},"thumbnailUrl":"https:\/\/dev.explora.cl\/aysen\/wp-content\/uploads\/sites\/18\/2018\/06\/1a9e2eae9ce4c22c1c880bce4488041e.jpg","articleSection":["Noticias"],"inLanguage":"es-CL","potentialAction":[{"@type":"CommentAction","name":"Comment","target":["https:\/\/dev.explora.cl\/aysen\/alumnos-de-escuelas-rurales-participaron-en-torneo-de-biodiversidad\/#respond"]}]},{"@type":"WebPage","@id":"https:\/\/dev.explora.cl\/aysen\/alumnos-de-escuelas-rurales-participaron-en-torneo-de-biodiversidad\/","url":"https:\/\/dev.explora.cl\/aysen\/alumnos-de-escuelas-rurales-participaron-en-torneo-de-biodiversidad\/","name":"Alumnos de Escuelas Rurales participaron en Torneo de Biodiversidad - Aysen","isPartOf":{"@id":"https:\/\/dev.explora.cl\/aysen\/#website"},"primaryImageOfPage":{"@id":"https:\/\/dev.explora.cl\/aysen\/alumnos-de-escuelas-rurales-participaron-en-torneo-de-biodiversidad\/#primaryimage"},"image":{"@id":"https:\/\/dev.explora.cl\/aysen\/alumnos-de-escuelas-rurales-participaron-en-torneo-de-biodiversidad\/#primaryimage"},"thumbnailUrl":"https:\/\/dev.explora.cl\/aysen\/wp-content\/uploads\/sites\/18\/2018\/06\/1a9e2eae9ce4c22c1c880bce4488041e.jpg","datePublished":"2015-06-11T04:00:00+00:00","dateModified":"2019-05-20T21:21:43+00:00","author":{"@id":"https:\/\/dev.explora.cl\/aysen\/#\/schema\/person\/cb8349c13ea2d324080adf8480d7ba5d"},"breadcrumb":{"@id":"https:\/\/dev.explora.cl\/aysen\/alumnos-de-escuelas-rurales-participaron-en-torneo-de-biodiversidad\/#breadcrumb"},"inLanguage":"es-CL","potentialAction":[{"@type":"ReadAction","target":["https:\/\/dev.explora.cl\/aysen\/alumnos-de-escuelas-rurales-participaron-en-torneo-de-biodiversidad\/"]}]},{"@type":"ImageObject","inLanguage":"es-CL","@id":"https:\/\/dev.explora.cl\/aysen\/alumnos-de-escuelas-rurales-participaron-en-torneo-de-biodiversidad\/#primaryimage","url":"https:\/\/dev.explora.cl\/aysen\/wp-content\/uploads\/sites\/18\/2018\/06\/1a9e2eae9ce4c22c1c880bce4488041e.jpg","contentUrl":"https:\/\/dev.explora.cl\/aysen\/wp-content\/uploads\/sites\/18\/2018\/06\/1a9e2eae9ce4c22c1c880bce4488041e.jpg","width":800,"height":533},{"@type":"BreadcrumbList","@id":"https:\/\/dev.explora.cl\/aysen\/alumnos-de-escuelas-rurales-participaron-en-torneo-de-biodiversidad\/#breadcrumb","itemListElement":[{"@type":"ListItem","position":1,"name":"Portada","item":"https:\/\/dev.explora.cl\/aysen\/"},{"@type":"ListItem","position":2,"name":"Alumnos de Escuelas Rurales participaron en Torneo de Biodiversidad"}]},{"@type":"WebSite","@id":"https:\/\/dev.explora.cl\/aysen\/#website","url":"https:\/\/dev.explora.cl\/aysen\/","name":"Aysen","description":"Otro sitio m\u00e1s de dev.explora.cl","potentialAction":[{"@type":"SearchAction","target":{"@type":"EntryPoint","urlTemplate":"https:\/\/dev.explora.cl\/aysen\/?s={search_term_string}"},"query-input":{"@type":"PropertyValueSpecification","valueRequired":true,"valueName":"search_term_string"}}],"inLanguage":"es-CL"},{"@type":"Person","@id":"https:\/\/dev.explora.cl\/aysen\/#\/schema\/person\/cb8349c13ea2d324080adf8480d7ba5d","name":"webman","image":{"@type":"ImageObject","inLanguage":"es-CL","@id":"https:\/\/dev.explora.cl\/aysen\/#\/schema\/person\/image\/","url":"https:\/\/secure.gravatar.com\/avatar\/eeff3c82f2c02f7177d13663b7e6f890e9a6a0647ce9bb29cae02dcb094c7312?s=96&d=mm&r=g","contentUrl":"https:\/\/secure.gravatar.com\/avatar\/eeff3c82f2c02f7177d13663b7e6f890e9a6a0647ce9bb29cae02dcb094c7312?s=96&d=mm&r=g","caption":"webman"},"url":"https:\/\/dev.explora.cl\/aysen\/author\/webman\/"}]}},"_links":{"self":[{"href":"https:\/\/dev.explora.cl\/aysen\/wp-json\/wp\/v2\/posts\/230","targetHints":{"allow":["GET"]}}],"collection":[{"href":"https:\/\/dev.explora.cl\/aysen\/wp-json\/wp\/v2\/posts"}],"about":[{"href":"https:\/\/dev.explora.cl\/aysen\/wp-json\/wp\/v2\/types\/post"}],"author":[{"embeddable":true,"href":"https:\/\/dev.explora.cl\/aysen\/wp-json\/wp\/v2\/users\/2"}],"replies":[{"embeddable":true,"href":"https:\/\/dev.explora.cl\/aysen\/wp-json\/wp\/v2\/comments?post=230"}],"version-history":[{"count":1,"href":"https:\/\/dev.explora.cl\/aysen\/wp-json\/wp\/v2\/posts\/230\/revisions"}],"predecessor-version":[{"id":37301,"href":"https:\/\/dev.explora.cl\/aysen\/wp-json\/wp\/v2\/posts\/230\/revisions\/37301"}],"wp:featuredmedia":[{"embeddable":true,"href":"https:\/\/dev.explora.cl\/aysen\/wp-json\/wp\/v2\/media\/231"}],"wp:attachment":[{"href":"https:\/\/dev.explora.cl\/aysen\/wp-json\/wp\/v2\/media?parent=230"}],"wp:term":[{"taxonomy":"category","embeddable":true,"href":"https:\/\/dev.explora.cl\/aysen\/wp-json\/wp\/v2\/categories?post=230"},{"taxonomy":"post_tag","embeddable":true,"href":"https:\/\/dev.explora.cl\/aysen\/wp-json\/wp\/v2\/tags?post=230"}],"curies":[{"name":"wp","href":"https:\/\/api.w.org\/{rel}","templated":true}]}}