{"id":228,"date":"2015-06-08T00:00:00","date_gmt":"2015-06-08T04:00:00","guid":{"rendered":"https:\/\/dev.explora.cl\/aysen\/blog\/2015\/06\/08\/par-explora-aysen-y-ciep-realizaron-mateada-cientifica-con-la-dra-frida-piper\/"},"modified":"2019-05-20T21:21:43","modified_gmt":"2019-05-20T21:21:43","slug":"par-explora-aysen-y-ciep-realizaron-mateada-cientifica-con-la-dra-frida-piper","status":"publish","type":"post","link":"https:\/\/dev.explora.cl\/aysen\/par-explora-aysen-y-ciep-realizaron-mateada-cientifica-con-la-dra-frida-piper\/","title":{"rendered":"PAR EXPLORA Ays\u00e9n y CIEP realizaron mateada cient\u00edfica con la Dra. Frida Piper."},"content":{"rendered":"<p><img loading=\"lazy\" decoding=\"async\" class=\" size-full wp-image-11788\" src=\"http:\/\/ec2-34-218-253-251.us-west-2.compute.amazonaws.com\/wp-content\/uploads\/2015\/06\/b2606b368457d75a985f51e6f1bfd35a.jpg\" alt=\"\" width=\"800\" height=\"533\" \/><\/p>\n<p>El PAR EXPLORA Regi\u00f3n de Ays\u00e9n, ejecutado por el Campus Patagonia de la Universidad Austral de Chile junto al Centro de Investigaci\u00f3n en Ecosistemas de la Patagonia (CIEP), realizaron esta actividad abierta a la comunidad denominada \u201cEntre mate y ciencia\u201d\u201d, donde estuvo presente la Dra. Frida Piper, quien expuso \u201cDefoliaciones extremas en bosques de lenga en Ays\u00e9n: \u00bfQu\u00e9 podemos esperar?\u201d.<\/p>\n<p>Cerca de 35 personas fueron parte de esta jornada de difusi\u00f3n cient\u00edfica y conversaci\u00f3n que se llev\u00f3 a cabo en el Caf\u00e9 de Mayo.<\/p>\n<p>En el contexto del cambio clim\u00e1tico global, se espera un aumento en la intensidad y frecuencia de herbivor\u00eda, relaci\u00f3n de depredaci\u00f3n que existe entre el organismo depredador y el depredado, que experimentan las plantas. Existen antecedentes que indican que las defoliaciones o perdida de las hojas en bosques de lenga (Nothofagus pumilio) causada por el insecto Ormiscodes amphimone est\u00e1n ocurriendo m\u00e1s intensa y frecuentemente respecto a per\u00edodos anteriores.<\/p>\n<p>En esta instancia se mostraron resultados de investigaciones sobre los impactos generales que tienen estas defoliaciones en la lenga y tambi\u00e9n otras especies acompa\u00f1antes, centr\u00e1ndose en aspectos fisiol\u00f3gicos que tienen importantes implicancias para el sector productivo y la conservaci\u00f3n de la biodiversidad.<\/p>\n<p>Frida Piper, Doctora en Ciencias Biol\u00f3gicas e investigadora del CIEP, calific\u00f3 la experiencia de compartir los resultados de su investigaci\u00f3n como una instancia linda, agradable y muy fruct\u00edfera para ambas partes. \u201cUno cuando expone aprende much\u00edsimo de la voz de la gente, de la voz del campesino, de quienes trabajan a otras escalas como la gente del SAG, de la CONAF. Lo que nos faltan son espacios de interacci\u00f3n y estas charlas son ese espacio de interacci\u00f3n. M\u00e1s que importante, es nuestra obligaci\u00f3n como cient\u00edficos mostrar lo que hacemos porque la ciencia se hace con platas p\u00fablicas y hay que mostrarle a la gente lo que estamos haciendo con ese dinero\u201d.<\/p>\n<p>Cristian Haro Weitra, T\u00e9cnico Agr\u00edcola de Villa Cerro Castillo, valor\u00f3 la charla expuesta y destac\u00f3 que con pocos recursos se puedan hacer estas investigaciones. \u201cA este tipo de personas las instituciones deber\u00eda apoyaras m\u00e1s para que sigan investigando y as\u00ed nosotros tengamos m\u00e1s conocimiento de los recursos que tenemos y de nuestras debilidades. Uno no sabe en qu\u00e9 forma afecta esta cuncuna a la lenga, ahora queda m\u00e1s claro lo que puede hacer, esa es la importancia de este trabajo. Es muy importante que esta investigadora junto a su equipo de trabajo diera a conocer lo que est\u00e1n haciendo, as\u00ed uno como ciudadano se siente m\u00e1s tranquilo de que alguien est\u00e1 preocupado por el tema\u201d.<\/p>\n","protected":false},"excerpt":{"rendered":"<p>El PAR EXPLORA Regi\u00f3n de Ays\u00e9n, ejecutado por el Campus Patagonia de la Universidad Austral de Chile junto al Centro de Investigaci\u00f3n en Ecosistemas de la Patagonia (CIEP), realizaron esta actividad abierta a la comunidad denominada \u201cEntre mate y ciencia\u201d\u201d, donde estuvo presente la Dra. Frida Piper, quien expuso \u201cDefoliaciones extremas en bosques de lenga [&hellip;]<\/p>\n","protected":false},"author":2,"featured_media":229,"comment_status":"open","ping_status":"open","sticky":false,"template":"","format":"standard","meta":{"_acf_changed":false,"_exactmetrics_skip_tracking":false,"_exactmetrics_sitenote_active":false,"_exactmetrics_sitenote_note":"","_exactmetrics_sitenote_category":0,"footnotes":"","_links_to":"","_links_to_target":""},"categories":[4],"tags":[],"class_list":["post-228","post","type-post","status-publish","format-standard","has-post-thumbnail","hentry","category-noticias"],"acf":[],"yoast_head":"<!-- This site is optimized with the Yoast SEO plugin v26.7 - https:\/\/yoast.com\/wordpress\/plugins\/seo\/ -->\n<title>PAR EXPLORA Ays\u00e9n y CIEP realizaron mateada cient\u00edfica con la Dra. Frida Piper. - Aysen<\/title>\n<meta name=\"robots\" content=\"index, follow, max-snippet:-1, max-image-preview:large, max-video-preview:-1\" \/>\n<link rel=\"canonical\" href=\"https:\/\/dev.explora.cl\/aysen\/par-explora-aysen-y-ciep-realizaron-mateada-cientifica-con-la-dra-frida-piper\/\" class=\"yoast-seo-meta-tag\" \/>\n<meta property=\"og:locale\" content=\"es_ES\" class=\"yoast-seo-meta-tag\" \/>\n<meta property=\"og:type\" content=\"article\" class=\"yoast-seo-meta-tag\" \/>\n<meta property=\"og:title\" content=\"PAR EXPLORA Ays\u00e9n y CIEP realizaron mateada cient\u00edfica con la Dra. Frida Piper. - Aysen\" class=\"yoast-seo-meta-tag\" \/>\n<meta property=\"og:description\" content=\"El PAR EXPLORA Regi\u00f3n de Ays\u00e9n, ejecutado por el Campus Patagonia de la Universidad Austral de Chile junto al Centro de Investigaci\u00f3n en Ecosistemas de la Patagonia (CIEP), realizaron esta actividad abierta a la comunidad denominada \u201cEntre mate y ciencia\u201d\u201d, donde estuvo presente la Dra. Frida Piper, quien expuso \u201cDefoliaciones extremas en bosques de lenga [&hellip;]\" class=\"yoast-seo-meta-tag\" \/>\n<meta property=\"og:url\" content=\"https:\/\/dev.explora.cl\/aysen\/par-explora-aysen-y-ciep-realizaron-mateada-cientifica-con-la-dra-frida-piper\/\" class=\"yoast-seo-meta-tag\" \/>\n<meta property=\"og:site_name\" content=\"Aysen\" class=\"yoast-seo-meta-tag\" \/>\n<meta property=\"article:published_time\" content=\"2015-06-08T04:00:00+00:00\" class=\"yoast-seo-meta-tag\" \/>\n<meta property=\"article:modified_time\" content=\"2019-05-20T21:21:43+00:00\" class=\"yoast-seo-meta-tag\" \/>\n<meta property=\"og:image\" content=\"https:\/\/dev.explora.cl\/aysen\/wp-content\/uploads\/sites\/18\/2018\/06\/b2606b368457d75a985f51e6f1bfd35a.jpg\" class=\"yoast-seo-meta-tag\" \/>\n\t<meta property=\"og:image:width\" content=\"800\" class=\"yoast-seo-meta-tag\" \/>\n\t<meta property=\"og:image:height\" content=\"533\" class=\"yoast-seo-meta-tag\" \/>\n\t<meta property=\"og:image:type\" content=\"image\/jpeg\" class=\"yoast-seo-meta-tag\" \/>\n<meta name=\"author\" content=\"webman\" class=\"yoast-seo-meta-tag\" \/>\n<meta name=\"twitter:card\" content=\"summary_large_image\" class=\"yoast-seo-meta-tag\" \/>\n<meta name=\"twitter:label1\" content=\"Escrito por\" class=\"yoast-seo-meta-tag\" \/>\n\t<meta name=\"twitter:data1\" content=\"webman\" class=\"yoast-seo-meta-tag\" \/>\n\t<meta name=\"twitter:label2\" content=\"Tiempo estimado de lectura\" class=\"yoast-seo-meta-tag\" \/>\n\t<meta name=\"twitter:data2\" content=\"2 minutos\" class=\"yoast-seo-meta-tag\" \/>\n<script type=\"application\/ld+json\" class=\"yoast-schema-graph\">{\"@context\":\"https:\/\/schema.org\",\"@graph\":[{\"@type\":\"Article\",\"@id\":\"https:\/\/dev.explora.cl\/aysen\/par-explora-aysen-y-ciep-realizaron-mateada-cientifica-con-la-dra-frida-piper\/#article\",\"isPartOf\":{\"@id\":\"https:\/\/dev.explora.cl\/aysen\/par-explora-aysen-y-ciep-realizaron-mateada-cientifica-con-la-dra-frida-piper\/\"},\"author\":{\"name\":\"webman\",\"@id\":\"https:\/\/dev.explora.cl\/aysen\/#\/schema\/person\/cb8349c13ea2d324080adf8480d7ba5d\"},\"headline\":\"PAR EXPLORA Ays\u00e9n y CIEP realizaron mateada cient\u00edfica con la Dra. Frida Piper.\",\"datePublished\":\"2015-06-08T04:00:00+00:00\",\"dateModified\":\"2019-05-20T21:21:43+00:00\",\"mainEntityOfPage\":{\"@id\":\"https:\/\/dev.explora.cl\/aysen\/par-explora-aysen-y-ciep-realizaron-mateada-cientifica-con-la-dra-frida-piper\/\"},\"wordCount\":471,\"commentCount\":0,\"image\":{\"@id\":\"https:\/\/dev.explora.cl\/aysen\/par-explora-aysen-y-ciep-realizaron-mateada-cientifica-con-la-dra-frida-piper\/#primaryimage\"},\"thumbnailUrl\":\"https:\/\/dev.explora.cl\/aysen\/wp-content\/uploads\/sites\/18\/2018\/06\/b2606b368457d75a985f51e6f1bfd35a.jpg\",\"articleSection\":[\"Noticias\"],\"inLanguage\":\"es-CL\",\"potentialAction\":[{\"@type\":\"CommentAction\",\"name\":\"Comment\",\"target\":[\"https:\/\/dev.explora.cl\/aysen\/par-explora-aysen-y-ciep-realizaron-mateada-cientifica-con-la-dra-frida-piper\/#respond\"]}]},{\"@type\":\"WebPage\",\"@id\":\"https:\/\/dev.explora.cl\/aysen\/par-explora-aysen-y-ciep-realizaron-mateada-cientifica-con-la-dra-frida-piper\/\",\"url\":\"https:\/\/dev.explora.cl\/aysen\/par-explora-aysen-y-ciep-realizaron-mateada-cientifica-con-la-dra-frida-piper\/\",\"name\":\"PAR EXPLORA Ays\u00e9n y CIEP realizaron mateada cient\u00edfica con la Dra. Frida Piper. - Aysen\",\"isPartOf\":{\"@id\":\"https:\/\/dev.explora.cl\/aysen\/#website\"},\"primaryImageOfPage\":{\"@id\":\"https:\/\/dev.explora.cl\/aysen\/par-explora-aysen-y-ciep-realizaron-mateada-cientifica-con-la-dra-frida-piper\/#primaryimage\"},\"image\":{\"@id\":\"https:\/\/dev.explora.cl\/aysen\/par-explora-aysen-y-ciep-realizaron-mateada-cientifica-con-la-dra-frida-piper\/#primaryimage\"},\"thumbnailUrl\":\"https:\/\/dev.explora.cl\/aysen\/wp-content\/uploads\/sites\/18\/2018\/06\/b2606b368457d75a985f51e6f1bfd35a.jpg\",\"datePublished\":\"2015-06-08T04:00:00+00:00\",\"dateModified\":\"2019-05-20T21:21:43+00:00\",\"author\":{\"@id\":\"https:\/\/dev.explora.cl\/aysen\/#\/schema\/person\/cb8349c13ea2d324080adf8480d7ba5d\"},\"breadcrumb\":{\"@id\":\"https:\/\/dev.explora.cl\/aysen\/par-explora-aysen-y-ciep-realizaron-mateada-cientifica-con-la-dra-frida-piper\/#breadcrumb\"},\"inLanguage\":\"es-CL\",\"potentialAction\":[{\"@type\":\"ReadAction\",\"target\":[\"https:\/\/dev.explora.cl\/aysen\/par-explora-aysen-y-ciep-realizaron-mateada-cientifica-con-la-dra-frida-piper\/\"]}]},{\"@type\":\"ImageObject\",\"inLanguage\":\"es-CL\",\"@id\":\"https:\/\/dev.explora.cl\/aysen\/par-explora-aysen-y-ciep-realizaron-mateada-cientifica-con-la-dra-frida-piper\/#primaryimage\",\"url\":\"https:\/\/dev.explora.cl\/aysen\/wp-content\/uploads\/sites\/18\/2018\/06\/b2606b368457d75a985f51e6f1bfd35a.jpg\",\"contentUrl\":\"https:\/\/dev.explora.cl\/aysen\/wp-content\/uploads\/sites\/18\/2018\/06\/b2606b368457d75a985f51e6f1bfd35a.jpg\",\"width\":800,\"height\":533},{\"@type\":\"BreadcrumbList\",\"@id\":\"https:\/\/dev.explora.cl\/aysen\/par-explora-aysen-y-ciep-realizaron-mateada-cientifica-con-la-dra-frida-piper\/#breadcrumb\",\"itemListElement\":[{\"@type\":\"ListItem\",\"position\":1,\"name\":\"Portada\",\"item\":\"https:\/\/dev.explora.cl\/aysen\/\"},{\"@type\":\"ListItem\",\"position\":2,\"name\":\"PAR EXPLORA Ays\u00e9n y CIEP realizaron mateada cient\u00edfica con la Dra. Frida Piper.\"}]},{\"@type\":\"WebSite\",\"@id\":\"https:\/\/dev.explora.cl\/aysen\/#website\",\"url\":\"https:\/\/dev.explora.cl\/aysen\/\",\"name\":\"Aysen\",\"description\":\"Otro sitio m\u00e1s de dev.explora.cl\",\"potentialAction\":[{\"@type\":\"SearchAction\",\"target\":{\"@type\":\"EntryPoint\",\"urlTemplate\":\"https:\/\/dev.explora.cl\/aysen\/?s={search_term_string}\"},\"query-input\":{\"@type\":\"PropertyValueSpecification\",\"valueRequired\":true,\"valueName\":\"search_term_string\"}}],\"inLanguage\":\"es-CL\"},{\"@type\":\"Person\",\"@id\":\"https:\/\/dev.explora.cl\/aysen\/#\/schema\/person\/cb8349c13ea2d324080adf8480d7ba5d\",\"name\":\"webman\",\"image\":{\"@type\":\"ImageObject\",\"inLanguage\":\"es-CL\",\"@id\":\"https:\/\/dev.explora.cl\/aysen\/#\/schema\/person\/image\/\",\"url\":\"https:\/\/secure.gravatar.com\/avatar\/eeff3c82f2c02f7177d13663b7e6f890e9a6a0647ce9bb29cae02dcb094c7312?s=96&d=mm&r=g\",\"contentUrl\":\"https:\/\/secure.gravatar.com\/avatar\/eeff3c82f2c02f7177d13663b7e6f890e9a6a0647ce9bb29cae02dcb094c7312?s=96&d=mm&r=g\",\"caption\":\"webman\"},\"url\":\"https:\/\/dev.explora.cl\/aysen\/author\/webman\/\"}]}<\/script>\n<!-- \/ Yoast SEO plugin. -->","yoast_head_json":{"title":"PAR EXPLORA Ays\u00e9n y CIEP realizaron mateada cient\u00edfica con la Dra. Frida Piper. - Aysen","robots":{"index":"index","follow":"follow","max-snippet":"max-snippet:-1","max-image-preview":"max-image-preview:large","max-video-preview":"max-video-preview:-1"},"canonical":"https:\/\/dev.explora.cl\/aysen\/par-explora-aysen-y-ciep-realizaron-mateada-cientifica-con-la-dra-frida-piper\/","og_locale":"es_ES","og_type":"article","og_title":"PAR EXPLORA Ays\u00e9n y CIEP realizaron mateada cient\u00edfica con la Dra. Frida Piper. - Aysen","og_description":"El PAR EXPLORA Regi\u00f3n de Ays\u00e9n, ejecutado por el Campus Patagonia de la Universidad Austral de Chile junto al Centro de Investigaci\u00f3n en Ecosistemas de la Patagonia (CIEP), realizaron esta actividad abierta a la comunidad denominada \u201cEntre mate y ciencia\u201d\u201d, donde estuvo presente la Dra. Frida Piper, quien expuso \u201cDefoliaciones extremas en bosques de lenga [&hellip;]","og_url":"https:\/\/dev.explora.cl\/aysen\/par-explora-aysen-y-ciep-realizaron-mateada-cientifica-con-la-dra-frida-piper\/","og_site_name":"Aysen","article_published_time":"2015-06-08T04:00:00+00:00","article_modified_time":"2019-05-20T21:21:43+00:00","og_image":[{"width":800,"height":533,"url":"https:\/\/dev.explora.cl\/aysen\/wp-content\/uploads\/sites\/18\/2018\/06\/b2606b368457d75a985f51e6f1bfd35a.jpg","type":"image\/jpeg"}],"author":"webman","twitter_card":"summary_large_image","twitter_misc":{"Escrito por":"webman","Tiempo estimado de lectura":"2 minutos"},"schema":{"@context":"https:\/\/schema.org","@graph":[{"@type":"Article","@id":"https:\/\/dev.explora.cl\/aysen\/par-explora-aysen-y-ciep-realizaron-mateada-cientifica-con-la-dra-frida-piper\/#article","isPartOf":{"@id":"https:\/\/dev.explora.cl\/aysen\/par-explora-aysen-y-ciep-realizaron-mateada-cientifica-con-la-dra-frida-piper\/"},"author":{"name":"webman","@id":"https:\/\/dev.explora.cl\/aysen\/#\/schema\/person\/cb8349c13ea2d324080adf8480d7ba5d"},"headline":"PAR EXPLORA Ays\u00e9n y CIEP realizaron mateada cient\u00edfica con la Dra. Frida Piper.","datePublished":"2015-06-08T04:00:00+00:00","dateModified":"2019-05-20T21:21:43+00:00","mainEntityOfPage":{"@id":"https:\/\/dev.explora.cl\/aysen\/par-explora-aysen-y-ciep-realizaron-mateada-cientifica-con-la-dra-frida-piper\/"},"wordCount":471,"commentCount":0,"image":{"@id":"https:\/\/dev.explora.cl\/aysen\/par-explora-aysen-y-ciep-realizaron-mateada-cientifica-con-la-dra-frida-piper\/#primaryimage"},"thumbnailUrl":"https:\/\/dev.explora.cl\/aysen\/wp-content\/uploads\/sites\/18\/2018\/06\/b2606b368457d75a985f51e6f1bfd35a.jpg","articleSection":["Noticias"],"inLanguage":"es-CL","potentialAction":[{"@type":"CommentAction","name":"Comment","target":["https:\/\/dev.explora.cl\/aysen\/par-explora-aysen-y-ciep-realizaron-mateada-cientifica-con-la-dra-frida-piper\/#respond"]}]},{"@type":"WebPage","@id":"https:\/\/dev.explora.cl\/aysen\/par-explora-aysen-y-ciep-realizaron-mateada-cientifica-con-la-dra-frida-piper\/","url":"https:\/\/dev.explora.cl\/aysen\/par-explora-aysen-y-ciep-realizaron-mateada-cientifica-con-la-dra-frida-piper\/","name":"PAR EXPLORA Ays\u00e9n y CIEP realizaron mateada cient\u00edfica con la Dra. Frida Piper. - Aysen","isPartOf":{"@id":"https:\/\/dev.explora.cl\/aysen\/#website"},"primaryImageOfPage":{"@id":"https:\/\/dev.explora.cl\/aysen\/par-explora-aysen-y-ciep-realizaron-mateada-cientifica-con-la-dra-frida-piper\/#primaryimage"},"image":{"@id":"https:\/\/dev.explora.cl\/aysen\/par-explora-aysen-y-ciep-realizaron-mateada-cientifica-con-la-dra-frida-piper\/#primaryimage"},"thumbnailUrl":"https:\/\/dev.explora.cl\/aysen\/wp-content\/uploads\/sites\/18\/2018\/06\/b2606b368457d75a985f51e6f1bfd35a.jpg","datePublished":"2015-06-08T04:00:00+00:00","dateModified":"2019-05-20T21:21:43+00:00","author":{"@id":"https:\/\/dev.explora.cl\/aysen\/#\/schema\/person\/cb8349c13ea2d324080adf8480d7ba5d"},"breadcrumb":{"@id":"https:\/\/dev.explora.cl\/aysen\/par-explora-aysen-y-ciep-realizaron-mateada-cientifica-con-la-dra-frida-piper\/#breadcrumb"},"inLanguage":"es-CL","potentialAction":[{"@type":"ReadAction","target":["https:\/\/dev.explora.cl\/aysen\/par-explora-aysen-y-ciep-realizaron-mateada-cientifica-con-la-dra-frida-piper\/"]}]},{"@type":"ImageObject","inLanguage":"es-CL","@id":"https:\/\/dev.explora.cl\/aysen\/par-explora-aysen-y-ciep-realizaron-mateada-cientifica-con-la-dra-frida-piper\/#primaryimage","url":"https:\/\/dev.explora.cl\/aysen\/wp-content\/uploads\/sites\/18\/2018\/06\/b2606b368457d75a985f51e6f1bfd35a.jpg","contentUrl":"https:\/\/dev.explora.cl\/aysen\/wp-content\/uploads\/sites\/18\/2018\/06\/b2606b368457d75a985f51e6f1bfd35a.jpg","width":800,"height":533},{"@type":"BreadcrumbList","@id":"https:\/\/dev.explora.cl\/aysen\/par-explora-aysen-y-ciep-realizaron-mateada-cientifica-con-la-dra-frida-piper\/#breadcrumb","itemListElement":[{"@type":"ListItem","position":1,"name":"Portada","item":"https:\/\/dev.explora.cl\/aysen\/"},{"@type":"ListItem","position":2,"name":"PAR EXPLORA Ays\u00e9n y CIEP realizaron mateada cient\u00edfica con la Dra. Frida Piper."}]},{"@type":"WebSite","@id":"https:\/\/dev.explora.cl\/aysen\/#website","url":"https:\/\/dev.explora.cl\/aysen\/","name":"Aysen","description":"Otro sitio m\u00e1s de dev.explora.cl","potentialAction":[{"@type":"SearchAction","target":{"@type":"EntryPoint","urlTemplate":"https:\/\/dev.explora.cl\/aysen\/?s={search_term_string}"},"query-input":{"@type":"PropertyValueSpecification","valueRequired":true,"valueName":"search_term_string"}}],"inLanguage":"es-CL"},{"@type":"Person","@id":"https:\/\/dev.explora.cl\/aysen\/#\/schema\/person\/cb8349c13ea2d324080adf8480d7ba5d","name":"webman","image":{"@type":"ImageObject","inLanguage":"es-CL","@id":"https:\/\/dev.explora.cl\/aysen\/#\/schema\/person\/image\/","url":"https:\/\/secure.gravatar.com\/avatar\/eeff3c82f2c02f7177d13663b7e6f890e9a6a0647ce9bb29cae02dcb094c7312?s=96&d=mm&r=g","contentUrl":"https:\/\/secure.gravatar.com\/avatar\/eeff3c82f2c02f7177d13663b7e6f890e9a6a0647ce9bb29cae02dcb094c7312?s=96&d=mm&r=g","caption":"webman"},"url":"https:\/\/dev.explora.cl\/aysen\/author\/webman\/"}]}},"_links":{"self":[{"href":"https:\/\/dev.explora.cl\/aysen\/wp-json\/wp\/v2\/posts\/228","targetHints":{"allow":["GET"]}}],"collection":[{"href":"https:\/\/dev.explora.cl\/aysen\/wp-json\/wp\/v2\/posts"}],"about":[{"href":"https:\/\/dev.explora.cl\/aysen\/wp-json\/wp\/v2\/types\/post"}],"author":[{"embeddable":true,"href":"https:\/\/dev.explora.cl\/aysen\/wp-json\/wp\/v2\/users\/2"}],"replies":[{"embeddable":true,"href":"https:\/\/dev.explora.cl\/aysen\/wp-json\/wp\/v2\/comments?post=228"}],"version-history":[{"count":1,"href":"https:\/\/dev.explora.cl\/aysen\/wp-json\/wp\/v2\/posts\/228\/revisions"}],"predecessor-version":[{"id":37302,"href":"https:\/\/dev.explora.cl\/aysen\/wp-json\/wp\/v2\/posts\/228\/revisions\/37302"}],"wp:featuredmedia":[{"embeddable":true,"href":"https:\/\/dev.explora.cl\/aysen\/wp-json\/wp\/v2\/media\/229"}],"wp:attachment":[{"href":"https:\/\/dev.explora.cl\/aysen\/wp-json\/wp\/v2\/media?parent=228"}],"wp:term":[{"taxonomy":"category","embeddable":true,"href":"https:\/\/dev.explora.cl\/aysen\/wp-json\/wp\/v2\/categories?post=228"},{"taxonomy":"post_tag","embeddable":true,"href":"https:\/\/dev.explora.cl\/aysen\/wp-json\/wp\/v2\/tags?post=228"}],"curies":[{"name":"wp","href":"https:\/\/api.w.org\/{rel}","templated":true}]}}