{"id":226,"date":"2015-06-04T00:00:00","date_gmt":"2015-06-04T04:00:00","guid":{"rendered":"https:\/\/dev.explora.cl\/aysen\/blog\/2015\/06\/04\/tercer-cafe-con-ciencia-detallo-experiencia-sobre-practica-patrimonial-y-museologia\/"},"modified":"2019-05-20T21:21:43","modified_gmt":"2019-05-20T21:21:43","slug":"tercer-cafe-con-ciencia-detallo-experiencia-sobre-practica-patrimonial-y-museologia","status":"publish","type":"post","link":"https:\/\/dev.explora.cl\/aysen\/tercer-cafe-con-ciencia-detallo-experiencia-sobre-practica-patrimonial-y-museologia\/","title":{"rendered":"Tercer Caf\u00e9 con Ciencia detall\u00f3 experiencia sobre pr\u00e1ctica patrimonial y museolog\u00eda"},"content":{"rendered":"<p><img loading=\"lazy\" decoding=\"async\" class=\" size-full wp-image-11735\" src=\"http:\/\/ec2-34-218-253-251.us-west-2.compute.amazonaws.com\/wp-content\/uploads\/2015\/06\/7a83b907c82359f21852667e5e106017.jpg\" alt=\"\" width=\"800\" height=\"533\" \/><\/p>\n<p>La ONG Aumen junto al Campus Patagonia de la Universidad Austral de Chile y el PAR EXPLORA Ays\u00e9n llevaron a cabo esta actividad en el Restaurant \u201cLo B\u00f3rquez\u201d donde llegaron cerca de 40 personas a participar de la tercera sesi\u00f3n de Caf\u00e9 con Ciencia titulada: \u201cMuseolog\u00eda y pr\u00e1ctica patrimonial situada&#8221;<\/p>\n<p>La Arque\u00f3loga y Directora de la Direcci\u00f3n de Vinculaci\u00f3n con el Medio de la UACh, Leonor Ad\u00e1n Alfaro, fue la encargada de exponer en esta jornada donde se pudo conocer las experiencias de gesti\u00f3n, investigaci\u00f3n, interpretaci\u00f3n y educaci\u00f3n patrimonial desarrolladas desde los diferentes museos hist\u00f3ricos que administra la Universidad Austral de Chile en las regiones de Los R\u00edos y Los Lagos, enfoc\u00e1ndose en la experiencia de esta investigadora en proyectos (Fondecyt, Fondart, Fondef, FNDR de Cultura), publicaciones, propuestas de educaci\u00f3n patrimonial e interpretaci\u00f3n y gesti\u00f3n de colecciones y bienes inmuebles para la apropiaci\u00f3n y participaci\u00f3n amplia en patrimonio cultural.<\/p>\n<p>La expositora manifest\u00f3 su gratitud por presentar su charla en este formato de actividad y destac\u00f3 la importancia de compartir pr\u00e1cticas de valorizaci\u00f3n del patrimonio. \u201cEl Caf\u00e9 Con Ciencia es interesante porque permite generar interacci\u00f3n en un ambiente m\u00e1s agradable, que es la base para poder coordinar y trabajar el tema. Siempre es bueno conocer de otras experiencias, para m\u00ed es muy interesante conocer las experiencias de ac\u00e1, creo que hay un enriquecimiento mutuo. El patrimonio cultural es una deuda donde como chilenos y chilenas tenemos mucho que hacer, de tal manera que lo que hay que pensar siempre es en estrategias de colaboraci\u00f3n\u201d, concluy\u00f3 Ad\u00e1n.<\/p>\n<p>\u00c1ngela Morales, Profesional de apoyo en el Proyecto Museo Regional de Ays\u00e9n de DIBAM, valor\u00f3 positivamente la jornada, destacando la necesidad de conocer experiencias para el fortalecimiento del patrimonio. \u201cLa actividad de hoy permite, en cierta forma, poner en valor la amplia trayectoria que tiene la UACh en estos temas en Valdivia. Sin lugar a dudas es posible pensar en replicar parte de los programas que ellos tienen en difusi\u00f3n patrimonial, reconociendo la realidad de esta Regi\u00f3n, me parece pr\u00e1ctico y \u00fatil que podamos conocer el trabajo de investigadores de la Universidad\u201d.<\/p>\n","protected":false},"excerpt":{"rendered":"<p>La ONG Aumen junto al Campus Patagonia de la Universidad Austral de Chile y el PAR EXPLORA Ays\u00e9n llevaron a cabo esta actividad en el Restaurant \u201cLo B\u00f3rquez\u201d donde llegaron cerca de 40 personas a participar de la tercera sesi\u00f3n de Caf\u00e9 con Ciencia titulada: \u201cMuseolog\u00eda y pr\u00e1ctica patrimonial situada&#8221; La Arque\u00f3loga y Directora de [&hellip;]<\/p>\n","protected":false},"author":2,"featured_media":227,"comment_status":"open","ping_status":"open","sticky":false,"template":"","format":"standard","meta":{"_acf_changed":false,"_exactmetrics_skip_tracking":false,"_exactmetrics_sitenote_active":false,"_exactmetrics_sitenote_note":"","_exactmetrics_sitenote_category":0,"footnotes":"","_links_to":"","_links_to_target":""},"categories":[4],"tags":[],"class_list":["post-226","post","type-post","status-publish","format-standard","has-post-thumbnail","hentry","category-noticias"],"acf":[],"yoast_head":"<!-- This site is optimized with the Yoast SEO plugin v26.7 - https:\/\/yoast.com\/wordpress\/plugins\/seo\/ -->\n<title>Tercer Caf\u00e9 con Ciencia detall\u00f3 experiencia sobre pr\u00e1ctica patrimonial y museolog\u00eda - Aysen<\/title>\n<meta name=\"robots\" content=\"index, follow, max-snippet:-1, max-image-preview:large, max-video-preview:-1\" \/>\n<link rel=\"canonical\" href=\"https:\/\/dev.explora.cl\/aysen\/tercer-cafe-con-ciencia-detallo-experiencia-sobre-practica-patrimonial-y-museologia\/\" class=\"yoast-seo-meta-tag\" \/>\n<meta property=\"og:locale\" content=\"es_ES\" class=\"yoast-seo-meta-tag\" \/>\n<meta property=\"og:type\" content=\"article\" class=\"yoast-seo-meta-tag\" \/>\n<meta property=\"og:title\" content=\"Tercer Caf\u00e9 con Ciencia detall\u00f3 experiencia sobre pr\u00e1ctica patrimonial y museolog\u00eda - Aysen\" class=\"yoast-seo-meta-tag\" \/>\n<meta property=\"og:description\" content=\"La ONG Aumen junto al Campus Patagonia de la Universidad Austral de Chile y el PAR EXPLORA Ays\u00e9n llevaron a cabo esta actividad en el Restaurant \u201cLo B\u00f3rquez\u201d donde llegaron cerca de 40 personas a participar de la tercera sesi\u00f3n de Caf\u00e9 con Ciencia titulada: \u201cMuseolog\u00eda y pr\u00e1ctica patrimonial situada&#8221; La Arque\u00f3loga y Directora de [&hellip;]\" class=\"yoast-seo-meta-tag\" \/>\n<meta property=\"og:url\" content=\"https:\/\/dev.explora.cl\/aysen\/tercer-cafe-con-ciencia-detallo-experiencia-sobre-practica-patrimonial-y-museologia\/\" class=\"yoast-seo-meta-tag\" \/>\n<meta property=\"og:site_name\" content=\"Aysen\" class=\"yoast-seo-meta-tag\" \/>\n<meta property=\"article:published_time\" content=\"2015-06-04T04:00:00+00:00\" class=\"yoast-seo-meta-tag\" \/>\n<meta property=\"article:modified_time\" content=\"2019-05-20T21:21:43+00:00\" class=\"yoast-seo-meta-tag\" \/>\n<meta property=\"og:image\" content=\"https:\/\/dev.explora.cl\/aysen\/wp-content\/uploads\/sites\/18\/2018\/06\/7a83b907c82359f21852667e5e106017.jpg\" class=\"yoast-seo-meta-tag\" \/>\n\t<meta property=\"og:image:width\" content=\"800\" class=\"yoast-seo-meta-tag\" \/>\n\t<meta property=\"og:image:height\" content=\"533\" class=\"yoast-seo-meta-tag\" \/>\n\t<meta property=\"og:image:type\" content=\"image\/jpeg\" class=\"yoast-seo-meta-tag\" \/>\n<meta name=\"author\" content=\"webman\" class=\"yoast-seo-meta-tag\" \/>\n<meta name=\"twitter:card\" content=\"summary_large_image\" class=\"yoast-seo-meta-tag\" \/>\n<meta name=\"twitter:label1\" content=\"Escrito por\" class=\"yoast-seo-meta-tag\" \/>\n\t<meta name=\"twitter:data1\" content=\"webman\" class=\"yoast-seo-meta-tag\" \/>\n\t<meta name=\"twitter:label2\" content=\"Tiempo estimado de lectura\" class=\"yoast-seo-meta-tag\" \/>\n\t<meta name=\"twitter:data2\" content=\"2 minutos\" class=\"yoast-seo-meta-tag\" \/>\n<script type=\"application\/ld+json\" class=\"yoast-schema-graph\">{\"@context\":\"https:\/\/schema.org\",\"@graph\":[{\"@type\":\"Article\",\"@id\":\"https:\/\/dev.explora.cl\/aysen\/tercer-cafe-con-ciencia-detallo-experiencia-sobre-practica-patrimonial-y-museologia\/#article\",\"isPartOf\":{\"@id\":\"https:\/\/dev.explora.cl\/aysen\/tercer-cafe-con-ciencia-detallo-experiencia-sobre-practica-patrimonial-y-museologia\/\"},\"author\":{\"name\":\"webman\",\"@id\":\"https:\/\/dev.explora.cl\/aysen\/#\/schema\/person\/cb8349c13ea2d324080adf8480d7ba5d\"},\"headline\":\"Tercer Caf\u00e9 con Ciencia detall\u00f3 experiencia sobre pr\u00e1ctica patrimonial y museolog\u00eda\",\"datePublished\":\"2015-06-04T04:00:00+00:00\",\"dateModified\":\"2019-05-20T21:21:43+00:00\",\"mainEntityOfPage\":{\"@id\":\"https:\/\/dev.explora.cl\/aysen\/tercer-cafe-con-ciencia-detallo-experiencia-sobre-practica-patrimonial-y-museologia\/\"},\"wordCount\":390,\"commentCount\":0,\"image\":{\"@id\":\"https:\/\/dev.explora.cl\/aysen\/tercer-cafe-con-ciencia-detallo-experiencia-sobre-practica-patrimonial-y-museologia\/#primaryimage\"},\"thumbnailUrl\":\"https:\/\/dev.explora.cl\/aysen\/wp-content\/uploads\/sites\/18\/2018\/06\/7a83b907c82359f21852667e5e106017.jpg\",\"articleSection\":[\"Noticias\"],\"inLanguage\":\"es-CL\",\"potentialAction\":[{\"@type\":\"CommentAction\",\"name\":\"Comment\",\"target\":[\"https:\/\/dev.explora.cl\/aysen\/tercer-cafe-con-ciencia-detallo-experiencia-sobre-practica-patrimonial-y-museologia\/#respond\"]}]},{\"@type\":\"WebPage\",\"@id\":\"https:\/\/dev.explora.cl\/aysen\/tercer-cafe-con-ciencia-detallo-experiencia-sobre-practica-patrimonial-y-museologia\/\",\"url\":\"https:\/\/dev.explora.cl\/aysen\/tercer-cafe-con-ciencia-detallo-experiencia-sobre-practica-patrimonial-y-museologia\/\",\"name\":\"Tercer Caf\u00e9 con Ciencia detall\u00f3 experiencia sobre pr\u00e1ctica patrimonial y museolog\u00eda - Aysen\",\"isPartOf\":{\"@id\":\"https:\/\/dev.explora.cl\/aysen\/#website\"},\"primaryImageOfPage\":{\"@id\":\"https:\/\/dev.explora.cl\/aysen\/tercer-cafe-con-ciencia-detallo-experiencia-sobre-practica-patrimonial-y-museologia\/#primaryimage\"},\"image\":{\"@id\":\"https:\/\/dev.explora.cl\/aysen\/tercer-cafe-con-ciencia-detallo-experiencia-sobre-practica-patrimonial-y-museologia\/#primaryimage\"},\"thumbnailUrl\":\"https:\/\/dev.explora.cl\/aysen\/wp-content\/uploads\/sites\/18\/2018\/06\/7a83b907c82359f21852667e5e106017.jpg\",\"datePublished\":\"2015-06-04T04:00:00+00:00\",\"dateModified\":\"2019-05-20T21:21:43+00:00\",\"author\":{\"@id\":\"https:\/\/dev.explora.cl\/aysen\/#\/schema\/person\/cb8349c13ea2d324080adf8480d7ba5d\"},\"breadcrumb\":{\"@id\":\"https:\/\/dev.explora.cl\/aysen\/tercer-cafe-con-ciencia-detallo-experiencia-sobre-practica-patrimonial-y-museologia\/#breadcrumb\"},\"inLanguage\":\"es-CL\",\"potentialAction\":[{\"@type\":\"ReadAction\",\"target\":[\"https:\/\/dev.explora.cl\/aysen\/tercer-cafe-con-ciencia-detallo-experiencia-sobre-practica-patrimonial-y-museologia\/\"]}]},{\"@type\":\"ImageObject\",\"inLanguage\":\"es-CL\",\"@id\":\"https:\/\/dev.explora.cl\/aysen\/tercer-cafe-con-ciencia-detallo-experiencia-sobre-practica-patrimonial-y-museologia\/#primaryimage\",\"url\":\"https:\/\/dev.explora.cl\/aysen\/wp-content\/uploads\/sites\/18\/2018\/06\/7a83b907c82359f21852667e5e106017.jpg\",\"contentUrl\":\"https:\/\/dev.explora.cl\/aysen\/wp-content\/uploads\/sites\/18\/2018\/06\/7a83b907c82359f21852667e5e106017.jpg\",\"width\":800,\"height\":533},{\"@type\":\"BreadcrumbList\",\"@id\":\"https:\/\/dev.explora.cl\/aysen\/tercer-cafe-con-ciencia-detallo-experiencia-sobre-practica-patrimonial-y-museologia\/#breadcrumb\",\"itemListElement\":[{\"@type\":\"ListItem\",\"position\":1,\"name\":\"Portada\",\"item\":\"https:\/\/dev.explora.cl\/aysen\/\"},{\"@type\":\"ListItem\",\"position\":2,\"name\":\"Tercer Caf\u00e9 con Ciencia detall\u00f3 experiencia sobre pr\u00e1ctica patrimonial y museolog\u00eda\"}]},{\"@type\":\"WebSite\",\"@id\":\"https:\/\/dev.explora.cl\/aysen\/#website\",\"url\":\"https:\/\/dev.explora.cl\/aysen\/\",\"name\":\"Aysen\",\"description\":\"Otro sitio m\u00e1s de dev.explora.cl\",\"potentialAction\":[{\"@type\":\"SearchAction\",\"target\":{\"@type\":\"EntryPoint\",\"urlTemplate\":\"https:\/\/dev.explora.cl\/aysen\/?s={search_term_string}\"},\"query-input\":{\"@type\":\"PropertyValueSpecification\",\"valueRequired\":true,\"valueName\":\"search_term_string\"}}],\"inLanguage\":\"es-CL\"},{\"@type\":\"Person\",\"@id\":\"https:\/\/dev.explora.cl\/aysen\/#\/schema\/person\/cb8349c13ea2d324080adf8480d7ba5d\",\"name\":\"webman\",\"image\":{\"@type\":\"ImageObject\",\"inLanguage\":\"es-CL\",\"@id\":\"https:\/\/dev.explora.cl\/aysen\/#\/schema\/person\/image\/\",\"url\":\"https:\/\/secure.gravatar.com\/avatar\/eeff3c82f2c02f7177d13663b7e6f890e9a6a0647ce9bb29cae02dcb094c7312?s=96&d=mm&r=g\",\"contentUrl\":\"https:\/\/secure.gravatar.com\/avatar\/eeff3c82f2c02f7177d13663b7e6f890e9a6a0647ce9bb29cae02dcb094c7312?s=96&d=mm&r=g\",\"caption\":\"webman\"},\"url\":\"https:\/\/dev.explora.cl\/aysen\/author\/webman\/\"}]}<\/script>\n<!-- \/ Yoast SEO plugin. -->","yoast_head_json":{"title":"Tercer Caf\u00e9 con Ciencia detall\u00f3 experiencia sobre pr\u00e1ctica patrimonial y museolog\u00eda - Aysen","robots":{"index":"index","follow":"follow","max-snippet":"max-snippet:-1","max-image-preview":"max-image-preview:large","max-video-preview":"max-video-preview:-1"},"canonical":"https:\/\/dev.explora.cl\/aysen\/tercer-cafe-con-ciencia-detallo-experiencia-sobre-practica-patrimonial-y-museologia\/","og_locale":"es_ES","og_type":"article","og_title":"Tercer Caf\u00e9 con Ciencia detall\u00f3 experiencia sobre pr\u00e1ctica patrimonial y museolog\u00eda - Aysen","og_description":"La ONG Aumen junto al Campus Patagonia de la Universidad Austral de Chile y el PAR EXPLORA Ays\u00e9n llevaron a cabo esta actividad en el Restaurant \u201cLo B\u00f3rquez\u201d donde llegaron cerca de 40 personas a participar de la tercera sesi\u00f3n de Caf\u00e9 con Ciencia titulada: \u201cMuseolog\u00eda y pr\u00e1ctica patrimonial situada&#8221; La Arque\u00f3loga y Directora de [&hellip;]","og_url":"https:\/\/dev.explora.cl\/aysen\/tercer-cafe-con-ciencia-detallo-experiencia-sobre-practica-patrimonial-y-museologia\/","og_site_name":"Aysen","article_published_time":"2015-06-04T04:00:00+00:00","article_modified_time":"2019-05-20T21:21:43+00:00","og_image":[{"width":800,"height":533,"url":"https:\/\/dev.explora.cl\/aysen\/wp-content\/uploads\/sites\/18\/2018\/06\/7a83b907c82359f21852667e5e106017.jpg","type":"image\/jpeg"}],"author":"webman","twitter_card":"summary_large_image","twitter_misc":{"Escrito por":"webman","Tiempo estimado de lectura":"2 minutos"},"schema":{"@context":"https:\/\/schema.org","@graph":[{"@type":"Article","@id":"https:\/\/dev.explora.cl\/aysen\/tercer-cafe-con-ciencia-detallo-experiencia-sobre-practica-patrimonial-y-museologia\/#article","isPartOf":{"@id":"https:\/\/dev.explora.cl\/aysen\/tercer-cafe-con-ciencia-detallo-experiencia-sobre-practica-patrimonial-y-museologia\/"},"author":{"name":"webman","@id":"https:\/\/dev.explora.cl\/aysen\/#\/schema\/person\/cb8349c13ea2d324080adf8480d7ba5d"},"headline":"Tercer Caf\u00e9 con Ciencia detall\u00f3 experiencia sobre pr\u00e1ctica patrimonial y museolog\u00eda","datePublished":"2015-06-04T04:00:00+00:00","dateModified":"2019-05-20T21:21:43+00:00","mainEntityOfPage":{"@id":"https:\/\/dev.explora.cl\/aysen\/tercer-cafe-con-ciencia-detallo-experiencia-sobre-practica-patrimonial-y-museologia\/"},"wordCount":390,"commentCount":0,"image":{"@id":"https:\/\/dev.explora.cl\/aysen\/tercer-cafe-con-ciencia-detallo-experiencia-sobre-practica-patrimonial-y-museologia\/#primaryimage"},"thumbnailUrl":"https:\/\/dev.explora.cl\/aysen\/wp-content\/uploads\/sites\/18\/2018\/06\/7a83b907c82359f21852667e5e106017.jpg","articleSection":["Noticias"],"inLanguage":"es-CL","potentialAction":[{"@type":"CommentAction","name":"Comment","target":["https:\/\/dev.explora.cl\/aysen\/tercer-cafe-con-ciencia-detallo-experiencia-sobre-practica-patrimonial-y-museologia\/#respond"]}]},{"@type":"WebPage","@id":"https:\/\/dev.explora.cl\/aysen\/tercer-cafe-con-ciencia-detallo-experiencia-sobre-practica-patrimonial-y-museologia\/","url":"https:\/\/dev.explora.cl\/aysen\/tercer-cafe-con-ciencia-detallo-experiencia-sobre-practica-patrimonial-y-museologia\/","name":"Tercer Caf\u00e9 con Ciencia detall\u00f3 experiencia sobre pr\u00e1ctica patrimonial y museolog\u00eda - Aysen","isPartOf":{"@id":"https:\/\/dev.explora.cl\/aysen\/#website"},"primaryImageOfPage":{"@id":"https:\/\/dev.explora.cl\/aysen\/tercer-cafe-con-ciencia-detallo-experiencia-sobre-practica-patrimonial-y-museologia\/#primaryimage"},"image":{"@id":"https:\/\/dev.explora.cl\/aysen\/tercer-cafe-con-ciencia-detallo-experiencia-sobre-practica-patrimonial-y-museologia\/#primaryimage"},"thumbnailUrl":"https:\/\/dev.explora.cl\/aysen\/wp-content\/uploads\/sites\/18\/2018\/06\/7a83b907c82359f21852667e5e106017.jpg","datePublished":"2015-06-04T04:00:00+00:00","dateModified":"2019-05-20T21:21:43+00:00","author":{"@id":"https:\/\/dev.explora.cl\/aysen\/#\/schema\/person\/cb8349c13ea2d324080adf8480d7ba5d"},"breadcrumb":{"@id":"https:\/\/dev.explora.cl\/aysen\/tercer-cafe-con-ciencia-detallo-experiencia-sobre-practica-patrimonial-y-museologia\/#breadcrumb"},"inLanguage":"es-CL","potentialAction":[{"@type":"ReadAction","target":["https:\/\/dev.explora.cl\/aysen\/tercer-cafe-con-ciencia-detallo-experiencia-sobre-practica-patrimonial-y-museologia\/"]}]},{"@type":"ImageObject","inLanguage":"es-CL","@id":"https:\/\/dev.explora.cl\/aysen\/tercer-cafe-con-ciencia-detallo-experiencia-sobre-practica-patrimonial-y-museologia\/#primaryimage","url":"https:\/\/dev.explora.cl\/aysen\/wp-content\/uploads\/sites\/18\/2018\/06\/7a83b907c82359f21852667e5e106017.jpg","contentUrl":"https:\/\/dev.explora.cl\/aysen\/wp-content\/uploads\/sites\/18\/2018\/06\/7a83b907c82359f21852667e5e106017.jpg","width":800,"height":533},{"@type":"BreadcrumbList","@id":"https:\/\/dev.explora.cl\/aysen\/tercer-cafe-con-ciencia-detallo-experiencia-sobre-practica-patrimonial-y-museologia\/#breadcrumb","itemListElement":[{"@type":"ListItem","position":1,"name":"Portada","item":"https:\/\/dev.explora.cl\/aysen\/"},{"@type":"ListItem","position":2,"name":"Tercer Caf\u00e9 con Ciencia detall\u00f3 experiencia sobre pr\u00e1ctica patrimonial y museolog\u00eda"}]},{"@type":"WebSite","@id":"https:\/\/dev.explora.cl\/aysen\/#website","url":"https:\/\/dev.explora.cl\/aysen\/","name":"Aysen","description":"Otro sitio m\u00e1s de dev.explora.cl","potentialAction":[{"@type":"SearchAction","target":{"@type":"EntryPoint","urlTemplate":"https:\/\/dev.explora.cl\/aysen\/?s={search_term_string}"},"query-input":{"@type":"PropertyValueSpecification","valueRequired":true,"valueName":"search_term_string"}}],"inLanguage":"es-CL"},{"@type":"Person","@id":"https:\/\/dev.explora.cl\/aysen\/#\/schema\/person\/cb8349c13ea2d324080adf8480d7ba5d","name":"webman","image":{"@type":"ImageObject","inLanguage":"es-CL","@id":"https:\/\/dev.explora.cl\/aysen\/#\/schema\/person\/image\/","url":"https:\/\/secure.gravatar.com\/avatar\/eeff3c82f2c02f7177d13663b7e6f890e9a6a0647ce9bb29cae02dcb094c7312?s=96&d=mm&r=g","contentUrl":"https:\/\/secure.gravatar.com\/avatar\/eeff3c82f2c02f7177d13663b7e6f890e9a6a0647ce9bb29cae02dcb094c7312?s=96&d=mm&r=g","caption":"webman"},"url":"https:\/\/dev.explora.cl\/aysen\/author\/webman\/"}]}},"_links":{"self":[{"href":"https:\/\/dev.explora.cl\/aysen\/wp-json\/wp\/v2\/posts\/226","targetHints":{"allow":["GET"]}}],"collection":[{"href":"https:\/\/dev.explora.cl\/aysen\/wp-json\/wp\/v2\/posts"}],"about":[{"href":"https:\/\/dev.explora.cl\/aysen\/wp-json\/wp\/v2\/types\/post"}],"author":[{"embeddable":true,"href":"https:\/\/dev.explora.cl\/aysen\/wp-json\/wp\/v2\/users\/2"}],"replies":[{"embeddable":true,"href":"https:\/\/dev.explora.cl\/aysen\/wp-json\/wp\/v2\/comments?post=226"}],"version-history":[{"count":1,"href":"https:\/\/dev.explora.cl\/aysen\/wp-json\/wp\/v2\/posts\/226\/revisions"}],"predecessor-version":[{"id":37303,"href":"https:\/\/dev.explora.cl\/aysen\/wp-json\/wp\/v2\/posts\/226\/revisions\/37303"}],"wp:featuredmedia":[{"embeddable":true,"href":"https:\/\/dev.explora.cl\/aysen\/wp-json\/wp\/v2\/media\/227"}],"wp:attachment":[{"href":"https:\/\/dev.explora.cl\/aysen\/wp-json\/wp\/v2\/media?parent=226"}],"wp:term":[{"taxonomy":"category","embeddable":true,"href":"https:\/\/dev.explora.cl\/aysen\/wp-json\/wp\/v2\/categories?post=226"},{"taxonomy":"post_tag","embeddable":true,"href":"https:\/\/dev.explora.cl\/aysen\/wp-json\/wp\/v2\/tags?post=226"}],"curies":[{"name":"wp","href":"https:\/\/api.w.org\/{rel}","templated":true}]}}