{"id":218,"date":"2015-05-25T00:00:00","date_gmt":"2015-05-25T04:00:00","guid":{"rendered":"https:\/\/dev.explora.cl\/aysen\/blog\/2015\/05\/25\/exitosa-segunda-jornada-seminario-calidad-del-aire-para-estudiantes-de-educacion-superior\/"},"modified":"2019-05-20T21:21:44","modified_gmt":"2019-05-20T21:21:44","slug":"exitosa-segunda-jornada-seminario-calidad-del-aire-para-estudiantes-de-educacion-superior","status":"publish","type":"post","link":"https:\/\/dev.explora.cl\/aysen\/exitosa-segunda-jornada-seminario-calidad-del-aire-para-estudiantes-de-educacion-superior\/","title":{"rendered":"Exitosa segunda jornada seminario calidad del aire para estudiantes de educaci\u00f3n superior"},"content":{"rendered":"<p><img loading=\"lazy\" decoding=\"async\" class=\" size-full wp-image-11256\" src=\"http:\/\/ec2-34-218-253-251.us-west-2.compute.amazonaws.com\/wp-content\/uploads\/2015\/05\/e68c78a399df6078939291e450bacfa0.jpg\" alt=\"\" width=\"800\" height=\"533\" \/><\/p>\n<p>El PAR EXPLORA Regi\u00f3n de Ays\u00e9n, ejecutado por el Campus Patagonia de la Universidad Austral de Chile junto con el CIEP, con la colaboraci\u00f3n de la Seremi de Medio Ambiente realiz\u00f3 la segunda parte del Seminario Calidad del Aire, orientado a estudiantes de educaci\u00f3n superior.<\/p>\n<p>Para esta instancia se cont\u00f3 con la presencia de Ximena Silva, Profesional de la Seremi de Medio Ambiente qui\u00e9n expuso el Anteproyecto \u201cPlan de descontaminaci\u00f3n de la comuna de Coyhaique\u201d. Tambi\u00e9n estuvo presente en esta instancia Luis Alberto G\u00f3mez, Docente de la UACh, quien explic\u00f3 el problema de contaminaci\u00f3n en Coyhaique, presentando posibles soluciones.<\/p>\n<p>En esta segunda jornada del seminario, asistieron cerca de 40 estudiantes de distintas carreras de Campus Patagonia de la Universidad Austral de Chile, quienes se interesaron en conocer a fondo sobre este Anteproyecto que busca solucionar uno de los grandes problemas que afecta a Coyhaique, posicion\u00e1ndola como una de las ciudades m\u00e1s contaminadas del mundo.<\/p>\n<p>Dentro de la actividad se inst\u00f3 a los estudiantes asistentes a ser parte de la iniciativa de participaci\u00f3n ciudadana que impulsa la Seremi de Medio Ambiente de la Regi\u00f3n de Ays\u00e9n para validar el anteproyecto del Plan de Descontaminaci\u00f3n Atmosf\u00e9rica (PDA) que se pretende instaurar para el 2016.<\/p>\n<p>Ximena Silva, Profesional de la Seremi de Medio Ambiente de la Regi\u00f3n de Ays\u00e9n, contextualiz\u00f3 esta actividad y destac\u00f3 la importancia de la participaci\u00f3n ciudadana. \u201cEsta iniciativa forma parte de la consulta p\u00fabica del anteproyecto del plan, donde nosotros estamos en esta etapa difundiendo cuales son las medidas propuestas para la descontaminaci\u00f3n de la ciudad, con la idea de abarcar todos los grupos objetivos posibles\u201d.<\/p>\n<p>Esteban Cort\u00e9s, Estudiante de Bachillerato en Ciencias y Recursos Naturales del Campus Patagonia UACh, destac\u00f3 la realizaci\u00f3n de la actividad. \u201cEs interesante, se trata de un tema muy importante y est\u00e1 bien que hagan seminarios con estos temas para concientizar a la gente. Quiz\u00e1s el tiempo para hacer preguntas se hizo un poco corto en relaci\u00f3n a la cantidad de dudas y comentarios. Como comunidad es importante que tengamos estos espacios abiertos para actividades de esta \u00edndole\u201d.<\/p>\n","protected":false},"excerpt":{"rendered":"<p>El PAR EXPLORA Regi\u00f3n de Ays\u00e9n, ejecutado por el Campus Patagonia de la Universidad Austral de Chile junto con el CIEP, con la colaboraci\u00f3n de la Seremi de Medio Ambiente realiz\u00f3 la segunda parte del Seminario Calidad del Aire, orientado a estudiantes de educaci\u00f3n superior. Para esta instancia se cont\u00f3 con la presencia de Ximena [&hellip;]<\/p>\n","protected":false},"author":2,"featured_media":219,"comment_status":"open","ping_status":"open","sticky":false,"template":"","format":"standard","meta":{"_acf_changed":false,"_exactmetrics_skip_tracking":false,"_exactmetrics_sitenote_active":false,"_exactmetrics_sitenote_note":"","_exactmetrics_sitenote_category":0,"footnotes":"","_links_to":"","_links_to_target":""},"categories":[4],"tags":[],"class_list":["post-218","post","type-post","status-publish","format-standard","has-post-thumbnail","hentry","category-noticias"],"acf":[],"yoast_head":"<!-- This site is optimized with the Yoast SEO plugin v26.7 - https:\/\/yoast.com\/wordpress\/plugins\/seo\/ -->\n<title>Exitosa segunda jornada seminario calidad del aire para estudiantes de educaci\u00f3n superior - Aysen<\/title>\n<meta name=\"robots\" content=\"index, follow, max-snippet:-1, max-image-preview:large, max-video-preview:-1\" \/>\n<link rel=\"canonical\" href=\"https:\/\/dev.explora.cl\/aysen\/exitosa-segunda-jornada-seminario-calidad-del-aire-para-estudiantes-de-educacion-superior\/\" class=\"yoast-seo-meta-tag\" \/>\n<meta property=\"og:locale\" content=\"es_ES\" class=\"yoast-seo-meta-tag\" \/>\n<meta property=\"og:type\" content=\"article\" class=\"yoast-seo-meta-tag\" \/>\n<meta property=\"og:title\" content=\"Exitosa segunda jornada seminario calidad del aire para estudiantes de educaci\u00f3n superior - Aysen\" class=\"yoast-seo-meta-tag\" \/>\n<meta property=\"og:description\" content=\"El PAR EXPLORA Regi\u00f3n de Ays\u00e9n, ejecutado por el Campus Patagonia de la Universidad Austral de Chile junto con el CIEP, con la colaboraci\u00f3n de la Seremi de Medio Ambiente realiz\u00f3 la segunda parte del Seminario Calidad del Aire, orientado a estudiantes de educaci\u00f3n superior. Para esta instancia se cont\u00f3 con la presencia de Ximena [&hellip;]\" class=\"yoast-seo-meta-tag\" \/>\n<meta property=\"og:url\" content=\"https:\/\/dev.explora.cl\/aysen\/exitosa-segunda-jornada-seminario-calidad-del-aire-para-estudiantes-de-educacion-superior\/\" class=\"yoast-seo-meta-tag\" \/>\n<meta property=\"og:site_name\" content=\"Aysen\" class=\"yoast-seo-meta-tag\" \/>\n<meta property=\"article:published_time\" content=\"2015-05-25T04:00:00+00:00\" class=\"yoast-seo-meta-tag\" \/>\n<meta property=\"article:modified_time\" content=\"2019-05-20T21:21:44+00:00\" class=\"yoast-seo-meta-tag\" \/>\n<meta property=\"og:image\" content=\"https:\/\/dev.explora.cl\/aysen\/wp-content\/uploads\/sites\/18\/2018\/06\/e68c78a399df6078939291e450bacfa0.jpg\" class=\"yoast-seo-meta-tag\" \/>\n\t<meta property=\"og:image:width\" content=\"800\" class=\"yoast-seo-meta-tag\" \/>\n\t<meta property=\"og:image:height\" content=\"533\" class=\"yoast-seo-meta-tag\" \/>\n\t<meta property=\"og:image:type\" content=\"image\/jpeg\" class=\"yoast-seo-meta-tag\" \/>\n<meta name=\"author\" content=\"webman\" class=\"yoast-seo-meta-tag\" \/>\n<meta name=\"twitter:card\" content=\"summary_large_image\" class=\"yoast-seo-meta-tag\" \/>\n<meta name=\"twitter:label1\" content=\"Escrito por\" class=\"yoast-seo-meta-tag\" \/>\n\t<meta name=\"twitter:data1\" content=\"webman\" class=\"yoast-seo-meta-tag\" \/>\n\t<meta name=\"twitter:label2\" content=\"Tiempo estimado de lectura\" class=\"yoast-seo-meta-tag\" \/>\n\t<meta name=\"twitter:data2\" content=\"2 minutos\" class=\"yoast-seo-meta-tag\" \/>\n<script type=\"application\/ld+json\" class=\"yoast-schema-graph\">{\"@context\":\"https:\/\/schema.org\",\"@graph\":[{\"@type\":\"Article\",\"@id\":\"https:\/\/dev.explora.cl\/aysen\/exitosa-segunda-jornada-seminario-calidad-del-aire-para-estudiantes-de-educacion-superior\/#article\",\"isPartOf\":{\"@id\":\"https:\/\/dev.explora.cl\/aysen\/exitosa-segunda-jornada-seminario-calidad-del-aire-para-estudiantes-de-educacion-superior\/\"},\"author\":{\"name\":\"webman\",\"@id\":\"https:\/\/dev.explora.cl\/aysen\/#\/schema\/person\/cb8349c13ea2d324080adf8480d7ba5d\"},\"headline\":\"Exitosa segunda jornada seminario calidad del aire para estudiantes de educaci\u00f3n superior\",\"datePublished\":\"2015-05-25T04:00:00+00:00\",\"dateModified\":\"2019-05-20T21:21:44+00:00\",\"mainEntityOfPage\":{\"@id\":\"https:\/\/dev.explora.cl\/aysen\/exitosa-segunda-jornada-seminario-calidad-del-aire-para-estudiantes-de-educacion-superior\/\"},\"wordCount\":380,\"commentCount\":0,\"image\":{\"@id\":\"https:\/\/dev.explora.cl\/aysen\/exitosa-segunda-jornada-seminario-calidad-del-aire-para-estudiantes-de-educacion-superior\/#primaryimage\"},\"thumbnailUrl\":\"https:\/\/dev.explora.cl\/aysen\/wp-content\/uploads\/sites\/18\/2018\/06\/e68c78a399df6078939291e450bacfa0.jpg\",\"articleSection\":[\"Noticias\"],\"inLanguage\":\"es-CL\",\"potentialAction\":[{\"@type\":\"CommentAction\",\"name\":\"Comment\",\"target\":[\"https:\/\/dev.explora.cl\/aysen\/exitosa-segunda-jornada-seminario-calidad-del-aire-para-estudiantes-de-educacion-superior\/#respond\"]}]},{\"@type\":\"WebPage\",\"@id\":\"https:\/\/dev.explora.cl\/aysen\/exitosa-segunda-jornada-seminario-calidad-del-aire-para-estudiantes-de-educacion-superior\/\",\"url\":\"https:\/\/dev.explora.cl\/aysen\/exitosa-segunda-jornada-seminario-calidad-del-aire-para-estudiantes-de-educacion-superior\/\",\"name\":\"Exitosa segunda jornada seminario calidad del aire para estudiantes de educaci\u00f3n superior - Aysen\",\"isPartOf\":{\"@id\":\"https:\/\/dev.explora.cl\/aysen\/#website\"},\"primaryImageOfPage\":{\"@id\":\"https:\/\/dev.explora.cl\/aysen\/exitosa-segunda-jornada-seminario-calidad-del-aire-para-estudiantes-de-educacion-superior\/#primaryimage\"},\"image\":{\"@id\":\"https:\/\/dev.explora.cl\/aysen\/exitosa-segunda-jornada-seminario-calidad-del-aire-para-estudiantes-de-educacion-superior\/#primaryimage\"},\"thumbnailUrl\":\"https:\/\/dev.explora.cl\/aysen\/wp-content\/uploads\/sites\/18\/2018\/06\/e68c78a399df6078939291e450bacfa0.jpg\",\"datePublished\":\"2015-05-25T04:00:00+00:00\",\"dateModified\":\"2019-05-20T21:21:44+00:00\",\"author\":{\"@id\":\"https:\/\/dev.explora.cl\/aysen\/#\/schema\/person\/cb8349c13ea2d324080adf8480d7ba5d\"},\"breadcrumb\":{\"@id\":\"https:\/\/dev.explora.cl\/aysen\/exitosa-segunda-jornada-seminario-calidad-del-aire-para-estudiantes-de-educacion-superior\/#breadcrumb\"},\"inLanguage\":\"es-CL\",\"potentialAction\":[{\"@type\":\"ReadAction\",\"target\":[\"https:\/\/dev.explora.cl\/aysen\/exitosa-segunda-jornada-seminario-calidad-del-aire-para-estudiantes-de-educacion-superior\/\"]}]},{\"@type\":\"ImageObject\",\"inLanguage\":\"es-CL\",\"@id\":\"https:\/\/dev.explora.cl\/aysen\/exitosa-segunda-jornada-seminario-calidad-del-aire-para-estudiantes-de-educacion-superior\/#primaryimage\",\"url\":\"https:\/\/dev.explora.cl\/aysen\/wp-content\/uploads\/sites\/18\/2018\/06\/e68c78a399df6078939291e450bacfa0.jpg\",\"contentUrl\":\"https:\/\/dev.explora.cl\/aysen\/wp-content\/uploads\/sites\/18\/2018\/06\/e68c78a399df6078939291e450bacfa0.jpg\",\"width\":800,\"height\":533},{\"@type\":\"BreadcrumbList\",\"@id\":\"https:\/\/dev.explora.cl\/aysen\/exitosa-segunda-jornada-seminario-calidad-del-aire-para-estudiantes-de-educacion-superior\/#breadcrumb\",\"itemListElement\":[{\"@type\":\"ListItem\",\"position\":1,\"name\":\"Portada\",\"item\":\"https:\/\/dev.explora.cl\/aysen\/\"},{\"@type\":\"ListItem\",\"position\":2,\"name\":\"Exitosa segunda jornada seminario calidad del aire para estudiantes de educaci\u00f3n superior\"}]},{\"@type\":\"WebSite\",\"@id\":\"https:\/\/dev.explora.cl\/aysen\/#website\",\"url\":\"https:\/\/dev.explora.cl\/aysen\/\",\"name\":\"Aysen\",\"description\":\"Otro sitio m\u00e1s de dev.explora.cl\",\"potentialAction\":[{\"@type\":\"SearchAction\",\"target\":{\"@type\":\"EntryPoint\",\"urlTemplate\":\"https:\/\/dev.explora.cl\/aysen\/?s={search_term_string}\"},\"query-input\":{\"@type\":\"PropertyValueSpecification\",\"valueRequired\":true,\"valueName\":\"search_term_string\"}}],\"inLanguage\":\"es-CL\"},{\"@type\":\"Person\",\"@id\":\"https:\/\/dev.explora.cl\/aysen\/#\/schema\/person\/cb8349c13ea2d324080adf8480d7ba5d\",\"name\":\"webman\",\"image\":{\"@type\":\"ImageObject\",\"inLanguage\":\"es-CL\",\"@id\":\"https:\/\/dev.explora.cl\/aysen\/#\/schema\/person\/image\/\",\"url\":\"https:\/\/secure.gravatar.com\/avatar\/eeff3c82f2c02f7177d13663b7e6f890e9a6a0647ce9bb29cae02dcb094c7312?s=96&d=mm&r=g\",\"contentUrl\":\"https:\/\/secure.gravatar.com\/avatar\/eeff3c82f2c02f7177d13663b7e6f890e9a6a0647ce9bb29cae02dcb094c7312?s=96&d=mm&r=g\",\"caption\":\"webman\"},\"url\":\"https:\/\/dev.explora.cl\/aysen\/author\/webman\/\"}]}<\/script>\n<!-- \/ Yoast SEO plugin. -->","yoast_head_json":{"title":"Exitosa segunda jornada seminario calidad del aire para estudiantes de educaci\u00f3n superior - Aysen","robots":{"index":"index","follow":"follow","max-snippet":"max-snippet:-1","max-image-preview":"max-image-preview:large","max-video-preview":"max-video-preview:-1"},"canonical":"https:\/\/dev.explora.cl\/aysen\/exitosa-segunda-jornada-seminario-calidad-del-aire-para-estudiantes-de-educacion-superior\/","og_locale":"es_ES","og_type":"article","og_title":"Exitosa segunda jornada seminario calidad del aire para estudiantes de educaci\u00f3n superior - Aysen","og_description":"El PAR EXPLORA Regi\u00f3n de Ays\u00e9n, ejecutado por el Campus Patagonia de la Universidad Austral de Chile junto con el CIEP, con la colaboraci\u00f3n de la Seremi de Medio Ambiente realiz\u00f3 la segunda parte del Seminario Calidad del Aire, orientado a estudiantes de educaci\u00f3n superior. Para esta instancia se cont\u00f3 con la presencia de Ximena [&hellip;]","og_url":"https:\/\/dev.explora.cl\/aysen\/exitosa-segunda-jornada-seminario-calidad-del-aire-para-estudiantes-de-educacion-superior\/","og_site_name":"Aysen","article_published_time":"2015-05-25T04:00:00+00:00","article_modified_time":"2019-05-20T21:21:44+00:00","og_image":[{"width":800,"height":533,"url":"https:\/\/dev.explora.cl\/aysen\/wp-content\/uploads\/sites\/18\/2018\/06\/e68c78a399df6078939291e450bacfa0.jpg","type":"image\/jpeg"}],"author":"webman","twitter_card":"summary_large_image","twitter_misc":{"Escrito por":"webman","Tiempo estimado de lectura":"2 minutos"},"schema":{"@context":"https:\/\/schema.org","@graph":[{"@type":"Article","@id":"https:\/\/dev.explora.cl\/aysen\/exitosa-segunda-jornada-seminario-calidad-del-aire-para-estudiantes-de-educacion-superior\/#article","isPartOf":{"@id":"https:\/\/dev.explora.cl\/aysen\/exitosa-segunda-jornada-seminario-calidad-del-aire-para-estudiantes-de-educacion-superior\/"},"author":{"name":"webman","@id":"https:\/\/dev.explora.cl\/aysen\/#\/schema\/person\/cb8349c13ea2d324080adf8480d7ba5d"},"headline":"Exitosa segunda jornada seminario calidad del aire para estudiantes de educaci\u00f3n superior","datePublished":"2015-05-25T04:00:00+00:00","dateModified":"2019-05-20T21:21:44+00:00","mainEntityOfPage":{"@id":"https:\/\/dev.explora.cl\/aysen\/exitosa-segunda-jornada-seminario-calidad-del-aire-para-estudiantes-de-educacion-superior\/"},"wordCount":380,"commentCount":0,"image":{"@id":"https:\/\/dev.explora.cl\/aysen\/exitosa-segunda-jornada-seminario-calidad-del-aire-para-estudiantes-de-educacion-superior\/#primaryimage"},"thumbnailUrl":"https:\/\/dev.explora.cl\/aysen\/wp-content\/uploads\/sites\/18\/2018\/06\/e68c78a399df6078939291e450bacfa0.jpg","articleSection":["Noticias"],"inLanguage":"es-CL","potentialAction":[{"@type":"CommentAction","name":"Comment","target":["https:\/\/dev.explora.cl\/aysen\/exitosa-segunda-jornada-seminario-calidad-del-aire-para-estudiantes-de-educacion-superior\/#respond"]}]},{"@type":"WebPage","@id":"https:\/\/dev.explora.cl\/aysen\/exitosa-segunda-jornada-seminario-calidad-del-aire-para-estudiantes-de-educacion-superior\/","url":"https:\/\/dev.explora.cl\/aysen\/exitosa-segunda-jornada-seminario-calidad-del-aire-para-estudiantes-de-educacion-superior\/","name":"Exitosa segunda jornada seminario calidad del aire para estudiantes de educaci\u00f3n superior - Aysen","isPartOf":{"@id":"https:\/\/dev.explora.cl\/aysen\/#website"},"primaryImageOfPage":{"@id":"https:\/\/dev.explora.cl\/aysen\/exitosa-segunda-jornada-seminario-calidad-del-aire-para-estudiantes-de-educacion-superior\/#primaryimage"},"image":{"@id":"https:\/\/dev.explora.cl\/aysen\/exitosa-segunda-jornada-seminario-calidad-del-aire-para-estudiantes-de-educacion-superior\/#primaryimage"},"thumbnailUrl":"https:\/\/dev.explora.cl\/aysen\/wp-content\/uploads\/sites\/18\/2018\/06\/e68c78a399df6078939291e450bacfa0.jpg","datePublished":"2015-05-25T04:00:00+00:00","dateModified":"2019-05-20T21:21:44+00:00","author":{"@id":"https:\/\/dev.explora.cl\/aysen\/#\/schema\/person\/cb8349c13ea2d324080adf8480d7ba5d"},"breadcrumb":{"@id":"https:\/\/dev.explora.cl\/aysen\/exitosa-segunda-jornada-seminario-calidad-del-aire-para-estudiantes-de-educacion-superior\/#breadcrumb"},"inLanguage":"es-CL","potentialAction":[{"@type":"ReadAction","target":["https:\/\/dev.explora.cl\/aysen\/exitosa-segunda-jornada-seminario-calidad-del-aire-para-estudiantes-de-educacion-superior\/"]}]},{"@type":"ImageObject","inLanguage":"es-CL","@id":"https:\/\/dev.explora.cl\/aysen\/exitosa-segunda-jornada-seminario-calidad-del-aire-para-estudiantes-de-educacion-superior\/#primaryimage","url":"https:\/\/dev.explora.cl\/aysen\/wp-content\/uploads\/sites\/18\/2018\/06\/e68c78a399df6078939291e450bacfa0.jpg","contentUrl":"https:\/\/dev.explora.cl\/aysen\/wp-content\/uploads\/sites\/18\/2018\/06\/e68c78a399df6078939291e450bacfa0.jpg","width":800,"height":533},{"@type":"BreadcrumbList","@id":"https:\/\/dev.explora.cl\/aysen\/exitosa-segunda-jornada-seminario-calidad-del-aire-para-estudiantes-de-educacion-superior\/#breadcrumb","itemListElement":[{"@type":"ListItem","position":1,"name":"Portada","item":"https:\/\/dev.explora.cl\/aysen\/"},{"@type":"ListItem","position":2,"name":"Exitosa segunda jornada seminario calidad del aire para estudiantes de educaci\u00f3n superior"}]},{"@type":"WebSite","@id":"https:\/\/dev.explora.cl\/aysen\/#website","url":"https:\/\/dev.explora.cl\/aysen\/","name":"Aysen","description":"Otro sitio m\u00e1s de dev.explora.cl","potentialAction":[{"@type":"SearchAction","target":{"@type":"EntryPoint","urlTemplate":"https:\/\/dev.explora.cl\/aysen\/?s={search_term_string}"},"query-input":{"@type":"PropertyValueSpecification","valueRequired":true,"valueName":"search_term_string"}}],"inLanguage":"es-CL"},{"@type":"Person","@id":"https:\/\/dev.explora.cl\/aysen\/#\/schema\/person\/cb8349c13ea2d324080adf8480d7ba5d","name":"webman","image":{"@type":"ImageObject","inLanguage":"es-CL","@id":"https:\/\/dev.explora.cl\/aysen\/#\/schema\/person\/image\/","url":"https:\/\/secure.gravatar.com\/avatar\/eeff3c82f2c02f7177d13663b7e6f890e9a6a0647ce9bb29cae02dcb094c7312?s=96&d=mm&r=g","contentUrl":"https:\/\/secure.gravatar.com\/avatar\/eeff3c82f2c02f7177d13663b7e6f890e9a6a0647ce9bb29cae02dcb094c7312?s=96&d=mm&r=g","caption":"webman"},"url":"https:\/\/dev.explora.cl\/aysen\/author\/webman\/"}]}},"_links":{"self":[{"href":"https:\/\/dev.explora.cl\/aysen\/wp-json\/wp\/v2\/posts\/218","targetHints":{"allow":["GET"]}}],"collection":[{"href":"https:\/\/dev.explora.cl\/aysen\/wp-json\/wp\/v2\/posts"}],"about":[{"href":"https:\/\/dev.explora.cl\/aysen\/wp-json\/wp\/v2\/types\/post"}],"author":[{"embeddable":true,"href":"https:\/\/dev.explora.cl\/aysen\/wp-json\/wp\/v2\/users\/2"}],"replies":[{"embeddable":true,"href":"https:\/\/dev.explora.cl\/aysen\/wp-json\/wp\/v2\/comments?post=218"}],"version-history":[{"count":1,"href":"https:\/\/dev.explora.cl\/aysen\/wp-json\/wp\/v2\/posts\/218\/revisions"}],"predecessor-version":[{"id":37306,"href":"https:\/\/dev.explora.cl\/aysen\/wp-json\/wp\/v2\/posts\/218\/revisions\/37306"}],"wp:featuredmedia":[{"embeddable":true,"href":"https:\/\/dev.explora.cl\/aysen\/wp-json\/wp\/v2\/media\/219"}],"wp:attachment":[{"href":"https:\/\/dev.explora.cl\/aysen\/wp-json\/wp\/v2\/media?parent=218"}],"wp:term":[{"taxonomy":"category","embeddable":true,"href":"https:\/\/dev.explora.cl\/aysen\/wp-json\/wp\/v2\/categories?post=218"},{"taxonomy":"post_tag","embeddable":true,"href":"https:\/\/dev.explora.cl\/aysen\/wp-json\/wp\/v2\/tags?post=218"}],"curies":[{"name":"wp","href":"https:\/\/api.w.org\/{rel}","templated":true}]}}