{"id":208,"date":"2015-05-11T00:00:00","date_gmt":"2015-05-11T04:00:00","guid":{"rendered":"https:\/\/dev.explora.cl\/aysen\/blog\/2015\/05\/11\/par-explora-aysen-realizo-exitosa-reunion-de-lideres-relevantes-en-divulgacion-de-ciencia-y-tecnologia\/"},"modified":"2019-05-20T21:21:47","modified_gmt":"2019-05-20T21:21:47","slug":"par-explora-aysen-realizo-exitosa-reunion-de-lideres-relevantes-en-divulgacion-de-ciencia-y-tecnologia","status":"publish","type":"post","link":"https:\/\/dev.explora.cl\/aysen\/par-explora-aysen-realizo-exitosa-reunion-de-lideres-relevantes-en-divulgacion-de-ciencia-y-tecnologia\/","title":{"rendered":"PAR EXPLORA Ays\u00e9n realiz\u00f3 exitosa reuni\u00f3n de l\u00edderes relevantes en divulgaci\u00f3n de ciencia y tecnolog\u00eda."},"content":{"rendered":"<p><img loading=\"lazy\" decoding=\"async\" class=\" size-full wp-image-10852\" src=\"http:\/\/ec2-34-218-253-251.us-west-2.compute.amazonaws.com\/wp-content\/uploads\/2015\/05\/949791c8aad2059e01a78a9744780fac.jpg\" alt=\"\" width=\"800\" height=\"533\" \/><\/p>\n<p>Esta actividad, realizada en el Hotel El Reloj, tuvo como objetivo exponer y dialogar sobre el plan de trabajo y calendario anual de actividades que realiza el PAR EXPLORA Ays\u00e9n, afianzando el compromiso con la red de instituciones educativas p\u00fablicas y privadas que aportan en la misi\u00f3n de acercar la ciencia y tecnolog\u00eda a la comunidad educativa de la regi\u00f3n de Ays\u00e9n.<\/p>\n<p>El PAR EXPLORA Regi\u00f3n de Ays\u00e9n, ejecutado por el Campus Patagonia de la Universidad Austral de Chile junto al CIEP, llev\u00f3 a cabo la reuni\u00f3n con cerca de 30 l\u00edderes y actores relevantes en lo que refiere a la misi\u00f3n de acercar la ciencia y tecnolog\u00eda a la comunidad escolar en la Regi\u00f3n.<\/p>\n<p>Participaron en esta actividad CIEP, INIA Tamel Aike, INFOR, Aguas Patagonia, DIBAM, INCAR, DGA, JUNJI, Seremi de Educaci\u00f3n, Seremi de Medio Ambiente, Fundaci\u00f3n Integra, CNTV junto a docentes y directivos de distintos establecimientos educacionales de la regi\u00f3n de Ays\u00e9n.<\/p>\n<p>El PAR EXPLORA regi\u00f3n de Ays\u00e9n tiene como prop\u00f3sito ofrecer un espacio para que sus beneficiarios y beneficiarias desarrollen, desde el comienzo de su vida escolar, habilidades, conocimientos y destrezas cient\u00edficas fomentando el desarrollo de competencias para la valoraci\u00f3n de la ciencia y la tecnolog\u00eda a trav\u00e9s de una propuesta metodol\u00f3gica de talleres participativos en el contexto de la educaci\u00f3n no formal.<\/p>\n<p>Sebasti\u00e1n Steinmeyer, Director del Colegio Santa Teresa de los Andes de Puerto Ays\u00e9n, destac\u00f3 la importancia de este tipo de proyectos que fomentan le ciencia y tecnolog\u00eda en la regi\u00f3n de Ays\u00e9n. \u201cPara nosotros es muy importante establecer conexiones permanentes con los organismos que fomentan el desarrollo de nuestros estudiantes, EXPLORA presta un servicio extraordinario para la regi\u00f3n en el sentido que va engranando procesos, profundizando, presentando a los alumnos y profesores posibilidades de desarrollo en el \u00e1mbito de la ciencia que se van coronando con resultados positivos, como el caso de los alumnos que este pasado viernes se fueron a Pittsburgh representar al pa\u00eds en la feria Intel ISEF.<\/p>\n<p>Patricio B\u00f3rquez, Seremi de Educaci\u00f3n de la regi\u00f3n de Ays\u00e9n, destac\u00f3 positivamente la actividad, mencion\u00f3 la sinton\u00eda de este proyecto con la actual reforma y la importancia de fomentar la ciencia y tecnolog\u00eda en la Regi\u00f3n. \u201cDa gusto saber que antes de esta reforma hay instituciones que est\u00e1n ayud\u00e1ndonos a caminar en la regi\u00f3n de Ays\u00e9n en materia de integralidad. La posibilidad que tienen los alumnos de entender que el aprendizaje no s\u00f3lo ocurre dentro de las salas de clases sino que hay otros escenarios, que podemos aprovechar este laboratorio natural que nosotros tenemos es tremendamente relevante. Para nosotros es muy significativo poder acompa\u00f1ar a los profesores, a la gente del PAR EXPLORA, ya que este es el camino que tenemos que empezar a transitar y si hay instituciones como explora que nos lleva ventajas sin duda tenemos que hacer alianzas porque hacia all\u00e1 va la escuela del siglo XXI\u201d.<\/p>\n<p>Marisol Barr\u00eda, Directora del PAR EXPLORA Ays\u00e9n, se mostr\u00f3 con contenta y agradecida por la buena convocatoria que tuvo esta reuni\u00f3n. \u201cEste espacio de intercambio entre el PAR EXPLORA Ays\u00e9n y las instituciones que colaboran es muy importante para nosotros ya que permite dar cuenta de los avances del proyecto a los establecimientos e instituciones de la red, junto con transformarse en un espacio para agradecer el apoyo y motivarlos a seguir avanzando, ya que el desarrollo de cultura cient\u00edfica e innovaci\u00f3n en la regi\u00f3n de Ays\u00e9n es un trabajo de todos\u201d.<\/p>\n<p>El PAR EXPLORA Ays\u00e9n a trav\u00e9s de su sitio web dev.explora.cl\/aysen dispone para los docentes un calendario con las diferentes actividades que se realizar\u00e1n durante el a\u00f1o permitiendo que mayor cantidad de personas tengan acceso a estas actividades.<\/p>\n","protected":false},"excerpt":{"rendered":"<p>Esta actividad, realizada en el Hotel El Reloj, tuvo como objetivo exponer y dialogar sobre el plan de trabajo y calendario anual de actividades que realiza el PAR EXPLORA Ays\u00e9n, afianzando el compromiso con la red de instituciones educativas p\u00fablicas y privadas que aportan en la misi\u00f3n de acercar la ciencia y tecnolog\u00eda a la [&hellip;]<\/p>\n","protected":false},"author":2,"featured_media":209,"comment_status":"open","ping_status":"open","sticky":false,"template":"","format":"standard","meta":{"_acf_changed":false,"_exactmetrics_skip_tracking":false,"_exactmetrics_sitenote_active":false,"_exactmetrics_sitenote_note":"","_exactmetrics_sitenote_category":0,"footnotes":"","_links_to":"","_links_to_target":""},"categories":[4],"tags":[],"class_list":["post-208","post","type-post","status-publish","format-standard","has-post-thumbnail","hentry","category-noticias"],"acf":[],"yoast_head":"<!-- This site is optimized with the Yoast SEO plugin v26.7 - https:\/\/yoast.com\/wordpress\/plugins\/seo\/ -->\n<title>PAR EXPLORA Ays\u00e9n realiz\u00f3 exitosa reuni\u00f3n de l\u00edderes relevantes en divulgaci\u00f3n de ciencia y tecnolog\u00eda. - Aysen<\/title>\n<meta name=\"robots\" content=\"index, follow, max-snippet:-1, max-image-preview:large, max-video-preview:-1\" \/>\n<link rel=\"canonical\" href=\"https:\/\/dev.explora.cl\/aysen\/par-explora-aysen-realizo-exitosa-reunion-de-lideres-relevantes-en-divulgacion-de-ciencia-y-tecnologia\/\" class=\"yoast-seo-meta-tag\" \/>\n<meta property=\"og:locale\" content=\"es_ES\" class=\"yoast-seo-meta-tag\" \/>\n<meta property=\"og:type\" content=\"article\" class=\"yoast-seo-meta-tag\" \/>\n<meta property=\"og:title\" content=\"PAR EXPLORA Ays\u00e9n realiz\u00f3 exitosa reuni\u00f3n de l\u00edderes relevantes en divulgaci\u00f3n de ciencia y tecnolog\u00eda. - Aysen\" class=\"yoast-seo-meta-tag\" \/>\n<meta property=\"og:description\" content=\"Esta actividad, realizada en el Hotel El Reloj, tuvo como objetivo exponer y dialogar sobre el plan de trabajo y calendario anual de actividades que realiza el PAR EXPLORA Ays\u00e9n, afianzando el compromiso con la red de instituciones educativas p\u00fablicas y privadas que aportan en la misi\u00f3n de acercar la ciencia y tecnolog\u00eda a la [&hellip;]\" class=\"yoast-seo-meta-tag\" \/>\n<meta property=\"og:url\" content=\"https:\/\/dev.explora.cl\/aysen\/par-explora-aysen-realizo-exitosa-reunion-de-lideres-relevantes-en-divulgacion-de-ciencia-y-tecnologia\/\" class=\"yoast-seo-meta-tag\" \/>\n<meta property=\"og:site_name\" content=\"Aysen\" class=\"yoast-seo-meta-tag\" \/>\n<meta property=\"article:published_time\" content=\"2015-05-11T04:00:00+00:00\" class=\"yoast-seo-meta-tag\" \/>\n<meta property=\"article:modified_time\" content=\"2019-05-20T21:21:47+00:00\" class=\"yoast-seo-meta-tag\" \/>\n<meta property=\"og:image\" content=\"https:\/\/dev.explora.cl\/aysen\/wp-content\/uploads\/sites\/18\/2018\/06\/949791c8aad2059e01a78a9744780fac.jpg\" class=\"yoast-seo-meta-tag\" \/>\n\t<meta property=\"og:image:width\" content=\"800\" class=\"yoast-seo-meta-tag\" \/>\n\t<meta property=\"og:image:height\" content=\"533\" class=\"yoast-seo-meta-tag\" \/>\n\t<meta property=\"og:image:type\" content=\"image\/jpeg\" class=\"yoast-seo-meta-tag\" \/>\n<meta name=\"author\" content=\"webman\" class=\"yoast-seo-meta-tag\" \/>\n<meta name=\"twitter:card\" content=\"summary_large_image\" class=\"yoast-seo-meta-tag\" \/>\n<meta name=\"twitter:label1\" content=\"Escrito por\" class=\"yoast-seo-meta-tag\" \/>\n\t<meta name=\"twitter:data1\" content=\"webman\" class=\"yoast-seo-meta-tag\" \/>\n\t<meta name=\"twitter:label2\" content=\"Tiempo estimado de lectura\" class=\"yoast-seo-meta-tag\" \/>\n\t<meta name=\"twitter:data2\" content=\"3 minutos\" class=\"yoast-seo-meta-tag\" \/>\n<script type=\"application\/ld+json\" class=\"yoast-schema-graph\">{\"@context\":\"https:\/\/schema.org\",\"@graph\":[{\"@type\":\"Article\",\"@id\":\"https:\/\/dev.explora.cl\/aysen\/par-explora-aysen-realizo-exitosa-reunion-de-lideres-relevantes-en-divulgacion-de-ciencia-y-tecnologia\/#article\",\"isPartOf\":{\"@id\":\"https:\/\/dev.explora.cl\/aysen\/par-explora-aysen-realizo-exitosa-reunion-de-lideres-relevantes-en-divulgacion-de-ciencia-y-tecnologia\/\"},\"author\":{\"name\":\"webman\",\"@id\":\"https:\/\/dev.explora.cl\/aysen\/#\/schema\/person\/cb8349c13ea2d324080adf8480d7ba5d\"},\"headline\":\"PAR EXPLORA Ays\u00e9n realiz\u00f3 exitosa reuni\u00f3n de l\u00edderes relevantes en divulgaci\u00f3n de ciencia y tecnolog\u00eda.\",\"datePublished\":\"2015-05-11T04:00:00+00:00\",\"dateModified\":\"2019-05-20T21:21:47+00:00\",\"mainEntityOfPage\":{\"@id\":\"https:\/\/dev.explora.cl\/aysen\/par-explora-aysen-realizo-exitosa-reunion-de-lideres-relevantes-en-divulgacion-de-ciencia-y-tecnologia\/\"},\"wordCount\":686,\"commentCount\":0,\"image\":{\"@id\":\"https:\/\/dev.explora.cl\/aysen\/par-explora-aysen-realizo-exitosa-reunion-de-lideres-relevantes-en-divulgacion-de-ciencia-y-tecnologia\/#primaryimage\"},\"thumbnailUrl\":\"https:\/\/dev.explora.cl\/aysen\/wp-content\/uploads\/sites\/18\/2018\/06\/949791c8aad2059e01a78a9744780fac.jpg\",\"articleSection\":[\"Noticias\"],\"inLanguage\":\"es-CL\",\"potentialAction\":[{\"@type\":\"CommentAction\",\"name\":\"Comment\",\"target\":[\"https:\/\/dev.explora.cl\/aysen\/par-explora-aysen-realizo-exitosa-reunion-de-lideres-relevantes-en-divulgacion-de-ciencia-y-tecnologia\/#respond\"]}]},{\"@type\":\"WebPage\",\"@id\":\"https:\/\/dev.explora.cl\/aysen\/par-explora-aysen-realizo-exitosa-reunion-de-lideres-relevantes-en-divulgacion-de-ciencia-y-tecnologia\/\",\"url\":\"https:\/\/dev.explora.cl\/aysen\/par-explora-aysen-realizo-exitosa-reunion-de-lideres-relevantes-en-divulgacion-de-ciencia-y-tecnologia\/\",\"name\":\"PAR EXPLORA Ays\u00e9n realiz\u00f3 exitosa reuni\u00f3n de l\u00edderes relevantes en divulgaci\u00f3n de ciencia y tecnolog\u00eda. - Aysen\",\"isPartOf\":{\"@id\":\"https:\/\/dev.explora.cl\/aysen\/#website\"},\"primaryImageOfPage\":{\"@id\":\"https:\/\/dev.explora.cl\/aysen\/par-explora-aysen-realizo-exitosa-reunion-de-lideres-relevantes-en-divulgacion-de-ciencia-y-tecnologia\/#primaryimage\"},\"image\":{\"@id\":\"https:\/\/dev.explora.cl\/aysen\/par-explora-aysen-realizo-exitosa-reunion-de-lideres-relevantes-en-divulgacion-de-ciencia-y-tecnologia\/#primaryimage\"},\"thumbnailUrl\":\"https:\/\/dev.explora.cl\/aysen\/wp-content\/uploads\/sites\/18\/2018\/06\/949791c8aad2059e01a78a9744780fac.jpg\",\"datePublished\":\"2015-05-11T04:00:00+00:00\",\"dateModified\":\"2019-05-20T21:21:47+00:00\",\"author\":{\"@id\":\"https:\/\/dev.explora.cl\/aysen\/#\/schema\/person\/cb8349c13ea2d324080adf8480d7ba5d\"},\"breadcrumb\":{\"@id\":\"https:\/\/dev.explora.cl\/aysen\/par-explora-aysen-realizo-exitosa-reunion-de-lideres-relevantes-en-divulgacion-de-ciencia-y-tecnologia\/#breadcrumb\"},\"inLanguage\":\"es-CL\",\"potentialAction\":[{\"@type\":\"ReadAction\",\"target\":[\"https:\/\/dev.explora.cl\/aysen\/par-explora-aysen-realizo-exitosa-reunion-de-lideres-relevantes-en-divulgacion-de-ciencia-y-tecnologia\/\"]}]},{\"@type\":\"ImageObject\",\"inLanguage\":\"es-CL\",\"@id\":\"https:\/\/dev.explora.cl\/aysen\/par-explora-aysen-realizo-exitosa-reunion-de-lideres-relevantes-en-divulgacion-de-ciencia-y-tecnologia\/#primaryimage\",\"url\":\"https:\/\/dev.explora.cl\/aysen\/wp-content\/uploads\/sites\/18\/2018\/06\/949791c8aad2059e01a78a9744780fac.jpg\",\"contentUrl\":\"https:\/\/dev.explora.cl\/aysen\/wp-content\/uploads\/sites\/18\/2018\/06\/949791c8aad2059e01a78a9744780fac.jpg\",\"width\":800,\"height\":533},{\"@type\":\"BreadcrumbList\",\"@id\":\"https:\/\/dev.explora.cl\/aysen\/par-explora-aysen-realizo-exitosa-reunion-de-lideres-relevantes-en-divulgacion-de-ciencia-y-tecnologia\/#breadcrumb\",\"itemListElement\":[{\"@type\":\"ListItem\",\"position\":1,\"name\":\"Portada\",\"item\":\"https:\/\/dev.explora.cl\/aysen\/\"},{\"@type\":\"ListItem\",\"position\":2,\"name\":\"PAR EXPLORA Ays\u00e9n realiz\u00f3 exitosa reuni\u00f3n de l\u00edderes relevantes en divulgaci\u00f3n de ciencia y tecnolog\u00eda.\"}]},{\"@type\":\"WebSite\",\"@id\":\"https:\/\/dev.explora.cl\/aysen\/#website\",\"url\":\"https:\/\/dev.explora.cl\/aysen\/\",\"name\":\"Aysen\",\"description\":\"Otro sitio m\u00e1s de dev.explora.cl\",\"potentialAction\":[{\"@type\":\"SearchAction\",\"target\":{\"@type\":\"EntryPoint\",\"urlTemplate\":\"https:\/\/dev.explora.cl\/aysen\/?s={search_term_string}\"},\"query-input\":{\"@type\":\"PropertyValueSpecification\",\"valueRequired\":true,\"valueName\":\"search_term_string\"}}],\"inLanguage\":\"es-CL\"},{\"@type\":\"Person\",\"@id\":\"https:\/\/dev.explora.cl\/aysen\/#\/schema\/person\/cb8349c13ea2d324080adf8480d7ba5d\",\"name\":\"webman\",\"image\":{\"@type\":\"ImageObject\",\"inLanguage\":\"es-CL\",\"@id\":\"https:\/\/dev.explora.cl\/aysen\/#\/schema\/person\/image\/\",\"url\":\"https:\/\/secure.gravatar.com\/avatar\/eeff3c82f2c02f7177d13663b7e6f890e9a6a0647ce9bb29cae02dcb094c7312?s=96&d=mm&r=g\",\"contentUrl\":\"https:\/\/secure.gravatar.com\/avatar\/eeff3c82f2c02f7177d13663b7e6f890e9a6a0647ce9bb29cae02dcb094c7312?s=96&d=mm&r=g\",\"caption\":\"webman\"},\"url\":\"https:\/\/dev.explora.cl\/aysen\/author\/webman\/\"}]}<\/script>\n<!-- \/ Yoast SEO plugin. -->","yoast_head_json":{"title":"PAR EXPLORA Ays\u00e9n realiz\u00f3 exitosa reuni\u00f3n de l\u00edderes relevantes en divulgaci\u00f3n de ciencia y tecnolog\u00eda. - Aysen","robots":{"index":"index","follow":"follow","max-snippet":"max-snippet:-1","max-image-preview":"max-image-preview:large","max-video-preview":"max-video-preview:-1"},"canonical":"https:\/\/dev.explora.cl\/aysen\/par-explora-aysen-realizo-exitosa-reunion-de-lideres-relevantes-en-divulgacion-de-ciencia-y-tecnologia\/","og_locale":"es_ES","og_type":"article","og_title":"PAR EXPLORA Ays\u00e9n realiz\u00f3 exitosa reuni\u00f3n de l\u00edderes relevantes en divulgaci\u00f3n de ciencia y tecnolog\u00eda. - Aysen","og_description":"Esta actividad, realizada en el Hotel El Reloj, tuvo como objetivo exponer y dialogar sobre el plan de trabajo y calendario anual de actividades que realiza el PAR EXPLORA Ays\u00e9n, afianzando el compromiso con la red de instituciones educativas p\u00fablicas y privadas que aportan en la misi\u00f3n de acercar la ciencia y tecnolog\u00eda a la [&hellip;]","og_url":"https:\/\/dev.explora.cl\/aysen\/par-explora-aysen-realizo-exitosa-reunion-de-lideres-relevantes-en-divulgacion-de-ciencia-y-tecnologia\/","og_site_name":"Aysen","article_published_time":"2015-05-11T04:00:00+00:00","article_modified_time":"2019-05-20T21:21:47+00:00","og_image":[{"width":800,"height":533,"url":"https:\/\/dev.explora.cl\/aysen\/wp-content\/uploads\/sites\/18\/2018\/06\/949791c8aad2059e01a78a9744780fac.jpg","type":"image\/jpeg"}],"author":"webman","twitter_card":"summary_large_image","twitter_misc":{"Escrito por":"webman","Tiempo estimado de lectura":"3 minutos"},"schema":{"@context":"https:\/\/schema.org","@graph":[{"@type":"Article","@id":"https:\/\/dev.explora.cl\/aysen\/par-explora-aysen-realizo-exitosa-reunion-de-lideres-relevantes-en-divulgacion-de-ciencia-y-tecnologia\/#article","isPartOf":{"@id":"https:\/\/dev.explora.cl\/aysen\/par-explora-aysen-realizo-exitosa-reunion-de-lideres-relevantes-en-divulgacion-de-ciencia-y-tecnologia\/"},"author":{"name":"webman","@id":"https:\/\/dev.explora.cl\/aysen\/#\/schema\/person\/cb8349c13ea2d324080adf8480d7ba5d"},"headline":"PAR EXPLORA Ays\u00e9n realiz\u00f3 exitosa reuni\u00f3n de l\u00edderes relevantes en divulgaci\u00f3n de ciencia y tecnolog\u00eda.","datePublished":"2015-05-11T04:00:00+00:00","dateModified":"2019-05-20T21:21:47+00:00","mainEntityOfPage":{"@id":"https:\/\/dev.explora.cl\/aysen\/par-explora-aysen-realizo-exitosa-reunion-de-lideres-relevantes-en-divulgacion-de-ciencia-y-tecnologia\/"},"wordCount":686,"commentCount":0,"image":{"@id":"https:\/\/dev.explora.cl\/aysen\/par-explora-aysen-realizo-exitosa-reunion-de-lideres-relevantes-en-divulgacion-de-ciencia-y-tecnologia\/#primaryimage"},"thumbnailUrl":"https:\/\/dev.explora.cl\/aysen\/wp-content\/uploads\/sites\/18\/2018\/06\/949791c8aad2059e01a78a9744780fac.jpg","articleSection":["Noticias"],"inLanguage":"es-CL","potentialAction":[{"@type":"CommentAction","name":"Comment","target":["https:\/\/dev.explora.cl\/aysen\/par-explora-aysen-realizo-exitosa-reunion-de-lideres-relevantes-en-divulgacion-de-ciencia-y-tecnologia\/#respond"]}]},{"@type":"WebPage","@id":"https:\/\/dev.explora.cl\/aysen\/par-explora-aysen-realizo-exitosa-reunion-de-lideres-relevantes-en-divulgacion-de-ciencia-y-tecnologia\/","url":"https:\/\/dev.explora.cl\/aysen\/par-explora-aysen-realizo-exitosa-reunion-de-lideres-relevantes-en-divulgacion-de-ciencia-y-tecnologia\/","name":"PAR EXPLORA Ays\u00e9n realiz\u00f3 exitosa reuni\u00f3n de l\u00edderes relevantes en divulgaci\u00f3n de ciencia y tecnolog\u00eda. - Aysen","isPartOf":{"@id":"https:\/\/dev.explora.cl\/aysen\/#website"},"primaryImageOfPage":{"@id":"https:\/\/dev.explora.cl\/aysen\/par-explora-aysen-realizo-exitosa-reunion-de-lideres-relevantes-en-divulgacion-de-ciencia-y-tecnologia\/#primaryimage"},"image":{"@id":"https:\/\/dev.explora.cl\/aysen\/par-explora-aysen-realizo-exitosa-reunion-de-lideres-relevantes-en-divulgacion-de-ciencia-y-tecnologia\/#primaryimage"},"thumbnailUrl":"https:\/\/dev.explora.cl\/aysen\/wp-content\/uploads\/sites\/18\/2018\/06\/949791c8aad2059e01a78a9744780fac.jpg","datePublished":"2015-05-11T04:00:00+00:00","dateModified":"2019-05-20T21:21:47+00:00","author":{"@id":"https:\/\/dev.explora.cl\/aysen\/#\/schema\/person\/cb8349c13ea2d324080adf8480d7ba5d"},"breadcrumb":{"@id":"https:\/\/dev.explora.cl\/aysen\/par-explora-aysen-realizo-exitosa-reunion-de-lideres-relevantes-en-divulgacion-de-ciencia-y-tecnologia\/#breadcrumb"},"inLanguage":"es-CL","potentialAction":[{"@type":"ReadAction","target":["https:\/\/dev.explora.cl\/aysen\/par-explora-aysen-realizo-exitosa-reunion-de-lideres-relevantes-en-divulgacion-de-ciencia-y-tecnologia\/"]}]},{"@type":"ImageObject","inLanguage":"es-CL","@id":"https:\/\/dev.explora.cl\/aysen\/par-explora-aysen-realizo-exitosa-reunion-de-lideres-relevantes-en-divulgacion-de-ciencia-y-tecnologia\/#primaryimage","url":"https:\/\/dev.explora.cl\/aysen\/wp-content\/uploads\/sites\/18\/2018\/06\/949791c8aad2059e01a78a9744780fac.jpg","contentUrl":"https:\/\/dev.explora.cl\/aysen\/wp-content\/uploads\/sites\/18\/2018\/06\/949791c8aad2059e01a78a9744780fac.jpg","width":800,"height":533},{"@type":"BreadcrumbList","@id":"https:\/\/dev.explora.cl\/aysen\/par-explora-aysen-realizo-exitosa-reunion-de-lideres-relevantes-en-divulgacion-de-ciencia-y-tecnologia\/#breadcrumb","itemListElement":[{"@type":"ListItem","position":1,"name":"Portada","item":"https:\/\/dev.explora.cl\/aysen\/"},{"@type":"ListItem","position":2,"name":"PAR EXPLORA Ays\u00e9n realiz\u00f3 exitosa reuni\u00f3n de l\u00edderes relevantes en divulgaci\u00f3n de ciencia y tecnolog\u00eda."}]},{"@type":"WebSite","@id":"https:\/\/dev.explora.cl\/aysen\/#website","url":"https:\/\/dev.explora.cl\/aysen\/","name":"Aysen","description":"Otro sitio m\u00e1s de dev.explora.cl","potentialAction":[{"@type":"SearchAction","target":{"@type":"EntryPoint","urlTemplate":"https:\/\/dev.explora.cl\/aysen\/?s={search_term_string}"},"query-input":{"@type":"PropertyValueSpecification","valueRequired":true,"valueName":"search_term_string"}}],"inLanguage":"es-CL"},{"@type":"Person","@id":"https:\/\/dev.explora.cl\/aysen\/#\/schema\/person\/cb8349c13ea2d324080adf8480d7ba5d","name":"webman","image":{"@type":"ImageObject","inLanguage":"es-CL","@id":"https:\/\/dev.explora.cl\/aysen\/#\/schema\/person\/image\/","url":"https:\/\/secure.gravatar.com\/avatar\/eeff3c82f2c02f7177d13663b7e6f890e9a6a0647ce9bb29cae02dcb094c7312?s=96&d=mm&r=g","contentUrl":"https:\/\/secure.gravatar.com\/avatar\/eeff3c82f2c02f7177d13663b7e6f890e9a6a0647ce9bb29cae02dcb094c7312?s=96&d=mm&r=g","caption":"webman"},"url":"https:\/\/dev.explora.cl\/aysen\/author\/webman\/"}]}},"_links":{"self":[{"href":"https:\/\/dev.explora.cl\/aysen\/wp-json\/wp\/v2\/posts\/208","targetHints":{"allow":["GET"]}}],"collection":[{"href":"https:\/\/dev.explora.cl\/aysen\/wp-json\/wp\/v2\/posts"}],"about":[{"href":"https:\/\/dev.explora.cl\/aysen\/wp-json\/wp\/v2\/types\/post"}],"author":[{"embeddable":true,"href":"https:\/\/dev.explora.cl\/aysen\/wp-json\/wp\/v2\/users\/2"}],"replies":[{"embeddable":true,"href":"https:\/\/dev.explora.cl\/aysen\/wp-json\/wp\/v2\/comments?post=208"}],"version-history":[{"count":1,"href":"https:\/\/dev.explora.cl\/aysen\/wp-json\/wp\/v2\/posts\/208\/revisions"}],"predecessor-version":[{"id":37312,"href":"https:\/\/dev.explora.cl\/aysen\/wp-json\/wp\/v2\/posts\/208\/revisions\/37312"}],"wp:featuredmedia":[{"embeddable":true,"href":"https:\/\/dev.explora.cl\/aysen\/wp-json\/wp\/v2\/media\/209"}],"wp:attachment":[{"href":"https:\/\/dev.explora.cl\/aysen\/wp-json\/wp\/v2\/media?parent=208"}],"wp:term":[{"taxonomy":"category","embeddable":true,"href":"https:\/\/dev.explora.cl\/aysen\/wp-json\/wp\/v2\/categories?post=208"},{"taxonomy":"post_tag","embeddable":true,"href":"https:\/\/dev.explora.cl\/aysen\/wp-json\/wp\/v2\/tags?post=208"}],"curies":[{"name":"wp","href":"https:\/\/api.w.org\/{rel}","templated":true}]}}