{"id":206,"date":"2015-05-07T00:00:00","date_gmt":"2015-05-07T04:00:00","guid":{"rendered":"https:\/\/dev.explora.cl\/aysen\/blog\/2015\/05\/07\/par-explora-aysen-realiza-exitoso-seminario-sobre-calidad-del-aire\/"},"modified":"2019-05-20T21:21:47","modified_gmt":"2019-05-20T21:21:47","slug":"par-explora-aysen-realiza-exitoso-seminario-sobre-calidad-del-aire","status":"publish","type":"post","link":"https:\/\/dev.explora.cl\/aysen\/par-explora-aysen-realiza-exitoso-seminario-sobre-calidad-del-aire\/","title":{"rendered":"Exitoso seminario sobre calidad del aire para estudiantes de educaci\u00f3n superior"},"content":{"rendered":"<p><img loading=\"lazy\" decoding=\"async\" class=\" size-full wp-image-10746\" src=\"http:\/\/ec2-34-218-253-251.us-west-2.compute.amazonaws.com\/wp-content\/uploads\/2015\/05\/85fe60102d31d677a386909e1cdda4e1.jpg\" alt=\"\" width=\"800\" height=\"533\" \/><\/p>\n<p>El PAR EXPLORA Regi\u00f3n de Ays\u00e9n, ejecutado por el Campus Patagonia de la Universidad Austral de Chile junto con el CIEP, realiz\u00f3 el Seminario Calidad del Aire, orientado a estudiantes de educaci\u00f3n superior, donde se present\u00f3 la charla \u201cEfectos en la salud por la contaminaci\u00f3n ambiental\u201d.<\/p>\n<p>El encargado de exponer fue el Epidemi\u00f3logo de la Seremi de Salud de la regi\u00f3n de Ays\u00e9n, Marco Acu\u00f1a, quien expuso sobre los preocupantes niveles de material particulado en suspensi\u00f3n, generado por las combustiones, que actualmente afecta a los habitantes de Coyhaique y posiciona a esta ciudad como una de las m\u00e1s contaminadas a nivel nacional y mundial.<\/p>\n<p>Dentro de la actividad se inst\u00f3 a los estudiantes asistentes a ser parte de la iniciativa de participaci\u00f3n ciudadana que impulsa la Seremi de Medio Ambiente de la Regi\u00f3n de Ays\u00e9n para validar el anteproyecto del Plan de Descontaminaci\u00f3n Atmosf\u00e9rica (PDA) que se pretende instaurar para el 2016.<\/p>\n<p>Brian Alarc\u00f3n, Estudiante de Ingenier\u00eda, destac\u00f3 la actividad realizada por el PAR EXPLORA Ays\u00e9n como un aporte importante para generar conciencia sobre el problema de la contaminaci\u00f3n. \u201cMe pareci\u00f3 muy informativa y buena la charla, ten\u00eda alguna idea sobre la contaminaci\u00f3n de Coyhaique, hab\u00eda visto los encabezados de los diarios pero no conoc\u00eda los datos crudos sobre la realidad que se vive. Me parece incre\u00edble el tema de la participaci\u00f3n ciudadana y que nos est\u00e9n incentivando a participar, me parece bien que se genere este tipo de discusi\u00f3n en la cual todos podamos dar nuestra opini\u00f3n\u201d.<\/p>\n","protected":false},"excerpt":{"rendered":"<p>El PAR EXPLORA Regi\u00f3n de Ays\u00e9n, ejecutado por el Campus Patagonia de la Universidad Austral de Chile junto con el CIEP, realiz\u00f3 el Seminario Calidad del Aire, orientado a estudiantes de educaci\u00f3n superior, donde se present\u00f3 la charla \u201cEfectos en la salud por la contaminaci\u00f3n ambiental\u201d. El encargado de exponer fue el Epidemi\u00f3logo de la [&hellip;]<\/p>\n","protected":false},"author":2,"featured_media":207,"comment_status":"open","ping_status":"open","sticky":false,"template":"","format":"standard","meta":{"_acf_changed":false,"_exactmetrics_skip_tracking":false,"_exactmetrics_sitenote_active":false,"_exactmetrics_sitenote_note":"","_exactmetrics_sitenote_category":0,"footnotes":"","_links_to":"","_links_to_target":""},"categories":[4],"tags":[],"class_list":["post-206","post","type-post","status-publish","format-standard","has-post-thumbnail","hentry","category-noticias"],"acf":[],"yoast_head":"<!-- This site is optimized with the Yoast SEO plugin v26.7 - https:\/\/yoast.com\/wordpress\/plugins\/seo\/ -->\n<title>Exitoso seminario sobre calidad del aire para estudiantes de educaci\u00f3n superior - Aysen<\/title>\n<meta name=\"robots\" content=\"index, follow, max-snippet:-1, max-image-preview:large, max-video-preview:-1\" \/>\n<link rel=\"canonical\" href=\"https:\/\/dev.explora.cl\/aysen\/par-explora-aysen-realiza-exitoso-seminario-sobre-calidad-del-aire\/\" class=\"yoast-seo-meta-tag\" \/>\n<meta property=\"og:locale\" content=\"es_ES\" class=\"yoast-seo-meta-tag\" \/>\n<meta property=\"og:type\" content=\"article\" class=\"yoast-seo-meta-tag\" \/>\n<meta property=\"og:title\" content=\"Exitoso seminario sobre calidad del aire para estudiantes de educaci\u00f3n superior - Aysen\" class=\"yoast-seo-meta-tag\" \/>\n<meta property=\"og:description\" content=\"El PAR EXPLORA Regi\u00f3n de Ays\u00e9n, ejecutado por el Campus Patagonia de la Universidad Austral de Chile junto con el CIEP, realiz\u00f3 el Seminario Calidad del Aire, orientado a estudiantes de educaci\u00f3n superior, donde se present\u00f3 la charla \u201cEfectos en la salud por la contaminaci\u00f3n ambiental\u201d. El encargado de exponer fue el Epidemi\u00f3logo de la [&hellip;]\" class=\"yoast-seo-meta-tag\" \/>\n<meta property=\"og:url\" content=\"https:\/\/dev.explora.cl\/aysen\/par-explora-aysen-realiza-exitoso-seminario-sobre-calidad-del-aire\/\" class=\"yoast-seo-meta-tag\" \/>\n<meta property=\"og:site_name\" content=\"Aysen\" class=\"yoast-seo-meta-tag\" \/>\n<meta property=\"article:published_time\" content=\"2015-05-07T04:00:00+00:00\" class=\"yoast-seo-meta-tag\" \/>\n<meta property=\"article:modified_time\" content=\"2019-05-20T21:21:47+00:00\" class=\"yoast-seo-meta-tag\" \/>\n<meta property=\"og:image\" content=\"https:\/\/dev.explora.cl\/aysen\/wp-content\/uploads\/sites\/18\/2018\/06\/85fe60102d31d677a386909e1cdda4e1.jpg\" class=\"yoast-seo-meta-tag\" \/>\n\t<meta property=\"og:image:width\" content=\"800\" class=\"yoast-seo-meta-tag\" \/>\n\t<meta property=\"og:image:height\" content=\"533\" class=\"yoast-seo-meta-tag\" \/>\n\t<meta property=\"og:image:type\" content=\"image\/jpeg\" class=\"yoast-seo-meta-tag\" \/>\n<meta name=\"author\" content=\"webman\" class=\"yoast-seo-meta-tag\" \/>\n<meta name=\"twitter:card\" content=\"summary_large_image\" class=\"yoast-seo-meta-tag\" \/>\n<meta name=\"twitter:label1\" content=\"Escrito por\" class=\"yoast-seo-meta-tag\" \/>\n\t<meta name=\"twitter:data1\" content=\"webman\" class=\"yoast-seo-meta-tag\" \/>\n\t<meta name=\"twitter:label2\" content=\"Tiempo estimado de lectura\" class=\"yoast-seo-meta-tag\" \/>\n\t<meta name=\"twitter:data2\" content=\"1 minuto\" class=\"yoast-seo-meta-tag\" \/>\n<script type=\"application\/ld+json\" class=\"yoast-schema-graph\">{\"@context\":\"https:\/\/schema.org\",\"@graph\":[{\"@type\":\"Article\",\"@id\":\"https:\/\/dev.explora.cl\/aysen\/par-explora-aysen-realiza-exitoso-seminario-sobre-calidad-del-aire\/#article\",\"isPartOf\":{\"@id\":\"https:\/\/dev.explora.cl\/aysen\/par-explora-aysen-realiza-exitoso-seminario-sobre-calidad-del-aire\/\"},\"author\":{\"name\":\"webman\",\"@id\":\"https:\/\/dev.explora.cl\/aysen\/#\/schema\/person\/cb8349c13ea2d324080adf8480d7ba5d\"},\"headline\":\"Exitoso seminario sobre calidad del aire para estudiantes de educaci\u00f3n superior\",\"datePublished\":\"2015-05-07T04:00:00+00:00\",\"dateModified\":\"2019-05-20T21:21:47+00:00\",\"mainEntityOfPage\":{\"@id\":\"https:\/\/dev.explora.cl\/aysen\/par-explora-aysen-realiza-exitoso-seminario-sobre-calidad-del-aire\/\"},\"wordCount\":287,\"commentCount\":0,\"image\":{\"@id\":\"https:\/\/dev.explora.cl\/aysen\/par-explora-aysen-realiza-exitoso-seminario-sobre-calidad-del-aire\/#primaryimage\"},\"thumbnailUrl\":\"https:\/\/dev.explora.cl\/aysen\/wp-content\/uploads\/sites\/18\/2018\/06\/85fe60102d31d677a386909e1cdda4e1.jpg\",\"articleSection\":[\"Noticias\"],\"inLanguage\":\"es-CL\",\"potentialAction\":[{\"@type\":\"CommentAction\",\"name\":\"Comment\",\"target\":[\"https:\/\/dev.explora.cl\/aysen\/par-explora-aysen-realiza-exitoso-seminario-sobre-calidad-del-aire\/#respond\"]}]},{\"@type\":\"WebPage\",\"@id\":\"https:\/\/dev.explora.cl\/aysen\/par-explora-aysen-realiza-exitoso-seminario-sobre-calidad-del-aire\/\",\"url\":\"https:\/\/dev.explora.cl\/aysen\/par-explora-aysen-realiza-exitoso-seminario-sobre-calidad-del-aire\/\",\"name\":\"Exitoso seminario sobre calidad del aire para estudiantes de educaci\u00f3n superior - Aysen\",\"isPartOf\":{\"@id\":\"https:\/\/dev.explora.cl\/aysen\/#website\"},\"primaryImageOfPage\":{\"@id\":\"https:\/\/dev.explora.cl\/aysen\/par-explora-aysen-realiza-exitoso-seminario-sobre-calidad-del-aire\/#primaryimage\"},\"image\":{\"@id\":\"https:\/\/dev.explora.cl\/aysen\/par-explora-aysen-realiza-exitoso-seminario-sobre-calidad-del-aire\/#primaryimage\"},\"thumbnailUrl\":\"https:\/\/dev.explora.cl\/aysen\/wp-content\/uploads\/sites\/18\/2018\/06\/85fe60102d31d677a386909e1cdda4e1.jpg\",\"datePublished\":\"2015-05-07T04:00:00+00:00\",\"dateModified\":\"2019-05-20T21:21:47+00:00\",\"author\":{\"@id\":\"https:\/\/dev.explora.cl\/aysen\/#\/schema\/person\/cb8349c13ea2d324080adf8480d7ba5d\"},\"breadcrumb\":{\"@id\":\"https:\/\/dev.explora.cl\/aysen\/par-explora-aysen-realiza-exitoso-seminario-sobre-calidad-del-aire\/#breadcrumb\"},\"inLanguage\":\"es-CL\",\"potentialAction\":[{\"@type\":\"ReadAction\",\"target\":[\"https:\/\/dev.explora.cl\/aysen\/par-explora-aysen-realiza-exitoso-seminario-sobre-calidad-del-aire\/\"]}]},{\"@type\":\"ImageObject\",\"inLanguage\":\"es-CL\",\"@id\":\"https:\/\/dev.explora.cl\/aysen\/par-explora-aysen-realiza-exitoso-seminario-sobre-calidad-del-aire\/#primaryimage\",\"url\":\"https:\/\/dev.explora.cl\/aysen\/wp-content\/uploads\/sites\/18\/2018\/06\/85fe60102d31d677a386909e1cdda4e1.jpg\",\"contentUrl\":\"https:\/\/dev.explora.cl\/aysen\/wp-content\/uploads\/sites\/18\/2018\/06\/85fe60102d31d677a386909e1cdda4e1.jpg\",\"width\":800,\"height\":533},{\"@type\":\"BreadcrumbList\",\"@id\":\"https:\/\/dev.explora.cl\/aysen\/par-explora-aysen-realiza-exitoso-seminario-sobre-calidad-del-aire\/#breadcrumb\",\"itemListElement\":[{\"@type\":\"ListItem\",\"position\":1,\"name\":\"Portada\",\"item\":\"https:\/\/dev.explora.cl\/aysen\/\"},{\"@type\":\"ListItem\",\"position\":2,\"name\":\"Exitoso seminario sobre calidad del aire para estudiantes de educaci\u00f3n superior\"}]},{\"@type\":\"WebSite\",\"@id\":\"https:\/\/dev.explora.cl\/aysen\/#website\",\"url\":\"https:\/\/dev.explora.cl\/aysen\/\",\"name\":\"Aysen\",\"description\":\"Otro sitio m\u00e1s de dev.explora.cl\",\"potentialAction\":[{\"@type\":\"SearchAction\",\"target\":{\"@type\":\"EntryPoint\",\"urlTemplate\":\"https:\/\/dev.explora.cl\/aysen\/?s={search_term_string}\"},\"query-input\":{\"@type\":\"PropertyValueSpecification\",\"valueRequired\":true,\"valueName\":\"search_term_string\"}}],\"inLanguage\":\"es-CL\"},{\"@type\":\"Person\",\"@id\":\"https:\/\/dev.explora.cl\/aysen\/#\/schema\/person\/cb8349c13ea2d324080adf8480d7ba5d\",\"name\":\"webman\",\"image\":{\"@type\":\"ImageObject\",\"inLanguage\":\"es-CL\",\"@id\":\"https:\/\/dev.explora.cl\/aysen\/#\/schema\/person\/image\/\",\"url\":\"https:\/\/secure.gravatar.com\/avatar\/eeff3c82f2c02f7177d13663b7e6f890e9a6a0647ce9bb29cae02dcb094c7312?s=96&d=mm&r=g\",\"contentUrl\":\"https:\/\/secure.gravatar.com\/avatar\/eeff3c82f2c02f7177d13663b7e6f890e9a6a0647ce9bb29cae02dcb094c7312?s=96&d=mm&r=g\",\"caption\":\"webman\"},\"url\":\"https:\/\/dev.explora.cl\/aysen\/author\/webman\/\"}]}<\/script>\n<!-- \/ Yoast SEO plugin. -->","yoast_head_json":{"title":"Exitoso seminario sobre calidad del aire para estudiantes de educaci\u00f3n superior - Aysen","robots":{"index":"index","follow":"follow","max-snippet":"max-snippet:-1","max-image-preview":"max-image-preview:large","max-video-preview":"max-video-preview:-1"},"canonical":"https:\/\/dev.explora.cl\/aysen\/par-explora-aysen-realiza-exitoso-seminario-sobre-calidad-del-aire\/","og_locale":"es_ES","og_type":"article","og_title":"Exitoso seminario sobre calidad del aire para estudiantes de educaci\u00f3n superior - Aysen","og_description":"El PAR EXPLORA Regi\u00f3n de Ays\u00e9n, ejecutado por el Campus Patagonia de la Universidad Austral de Chile junto con el CIEP, realiz\u00f3 el Seminario Calidad del Aire, orientado a estudiantes de educaci\u00f3n superior, donde se present\u00f3 la charla \u201cEfectos en la salud por la contaminaci\u00f3n ambiental\u201d. El encargado de exponer fue el Epidemi\u00f3logo de la [&hellip;]","og_url":"https:\/\/dev.explora.cl\/aysen\/par-explora-aysen-realiza-exitoso-seminario-sobre-calidad-del-aire\/","og_site_name":"Aysen","article_published_time":"2015-05-07T04:00:00+00:00","article_modified_time":"2019-05-20T21:21:47+00:00","og_image":[{"width":800,"height":533,"url":"https:\/\/dev.explora.cl\/aysen\/wp-content\/uploads\/sites\/18\/2018\/06\/85fe60102d31d677a386909e1cdda4e1.jpg","type":"image\/jpeg"}],"author":"webman","twitter_card":"summary_large_image","twitter_misc":{"Escrito por":"webman","Tiempo estimado de lectura":"1 minuto"},"schema":{"@context":"https:\/\/schema.org","@graph":[{"@type":"Article","@id":"https:\/\/dev.explora.cl\/aysen\/par-explora-aysen-realiza-exitoso-seminario-sobre-calidad-del-aire\/#article","isPartOf":{"@id":"https:\/\/dev.explora.cl\/aysen\/par-explora-aysen-realiza-exitoso-seminario-sobre-calidad-del-aire\/"},"author":{"name":"webman","@id":"https:\/\/dev.explora.cl\/aysen\/#\/schema\/person\/cb8349c13ea2d324080adf8480d7ba5d"},"headline":"Exitoso seminario sobre calidad del aire para estudiantes de educaci\u00f3n superior","datePublished":"2015-05-07T04:00:00+00:00","dateModified":"2019-05-20T21:21:47+00:00","mainEntityOfPage":{"@id":"https:\/\/dev.explora.cl\/aysen\/par-explora-aysen-realiza-exitoso-seminario-sobre-calidad-del-aire\/"},"wordCount":287,"commentCount":0,"image":{"@id":"https:\/\/dev.explora.cl\/aysen\/par-explora-aysen-realiza-exitoso-seminario-sobre-calidad-del-aire\/#primaryimage"},"thumbnailUrl":"https:\/\/dev.explora.cl\/aysen\/wp-content\/uploads\/sites\/18\/2018\/06\/85fe60102d31d677a386909e1cdda4e1.jpg","articleSection":["Noticias"],"inLanguage":"es-CL","potentialAction":[{"@type":"CommentAction","name":"Comment","target":["https:\/\/dev.explora.cl\/aysen\/par-explora-aysen-realiza-exitoso-seminario-sobre-calidad-del-aire\/#respond"]}]},{"@type":"WebPage","@id":"https:\/\/dev.explora.cl\/aysen\/par-explora-aysen-realiza-exitoso-seminario-sobre-calidad-del-aire\/","url":"https:\/\/dev.explora.cl\/aysen\/par-explora-aysen-realiza-exitoso-seminario-sobre-calidad-del-aire\/","name":"Exitoso seminario sobre calidad del aire para estudiantes de educaci\u00f3n superior - Aysen","isPartOf":{"@id":"https:\/\/dev.explora.cl\/aysen\/#website"},"primaryImageOfPage":{"@id":"https:\/\/dev.explora.cl\/aysen\/par-explora-aysen-realiza-exitoso-seminario-sobre-calidad-del-aire\/#primaryimage"},"image":{"@id":"https:\/\/dev.explora.cl\/aysen\/par-explora-aysen-realiza-exitoso-seminario-sobre-calidad-del-aire\/#primaryimage"},"thumbnailUrl":"https:\/\/dev.explora.cl\/aysen\/wp-content\/uploads\/sites\/18\/2018\/06\/85fe60102d31d677a386909e1cdda4e1.jpg","datePublished":"2015-05-07T04:00:00+00:00","dateModified":"2019-05-20T21:21:47+00:00","author":{"@id":"https:\/\/dev.explora.cl\/aysen\/#\/schema\/person\/cb8349c13ea2d324080adf8480d7ba5d"},"breadcrumb":{"@id":"https:\/\/dev.explora.cl\/aysen\/par-explora-aysen-realiza-exitoso-seminario-sobre-calidad-del-aire\/#breadcrumb"},"inLanguage":"es-CL","potentialAction":[{"@type":"ReadAction","target":["https:\/\/dev.explora.cl\/aysen\/par-explora-aysen-realiza-exitoso-seminario-sobre-calidad-del-aire\/"]}]},{"@type":"ImageObject","inLanguage":"es-CL","@id":"https:\/\/dev.explora.cl\/aysen\/par-explora-aysen-realiza-exitoso-seminario-sobre-calidad-del-aire\/#primaryimage","url":"https:\/\/dev.explora.cl\/aysen\/wp-content\/uploads\/sites\/18\/2018\/06\/85fe60102d31d677a386909e1cdda4e1.jpg","contentUrl":"https:\/\/dev.explora.cl\/aysen\/wp-content\/uploads\/sites\/18\/2018\/06\/85fe60102d31d677a386909e1cdda4e1.jpg","width":800,"height":533},{"@type":"BreadcrumbList","@id":"https:\/\/dev.explora.cl\/aysen\/par-explora-aysen-realiza-exitoso-seminario-sobre-calidad-del-aire\/#breadcrumb","itemListElement":[{"@type":"ListItem","position":1,"name":"Portada","item":"https:\/\/dev.explora.cl\/aysen\/"},{"@type":"ListItem","position":2,"name":"Exitoso seminario sobre calidad del aire para estudiantes de educaci\u00f3n superior"}]},{"@type":"WebSite","@id":"https:\/\/dev.explora.cl\/aysen\/#website","url":"https:\/\/dev.explora.cl\/aysen\/","name":"Aysen","description":"Otro sitio m\u00e1s de dev.explora.cl","potentialAction":[{"@type":"SearchAction","target":{"@type":"EntryPoint","urlTemplate":"https:\/\/dev.explora.cl\/aysen\/?s={search_term_string}"},"query-input":{"@type":"PropertyValueSpecification","valueRequired":true,"valueName":"search_term_string"}}],"inLanguage":"es-CL"},{"@type":"Person","@id":"https:\/\/dev.explora.cl\/aysen\/#\/schema\/person\/cb8349c13ea2d324080adf8480d7ba5d","name":"webman","image":{"@type":"ImageObject","inLanguage":"es-CL","@id":"https:\/\/dev.explora.cl\/aysen\/#\/schema\/person\/image\/","url":"https:\/\/secure.gravatar.com\/avatar\/eeff3c82f2c02f7177d13663b7e6f890e9a6a0647ce9bb29cae02dcb094c7312?s=96&d=mm&r=g","contentUrl":"https:\/\/secure.gravatar.com\/avatar\/eeff3c82f2c02f7177d13663b7e6f890e9a6a0647ce9bb29cae02dcb094c7312?s=96&d=mm&r=g","caption":"webman"},"url":"https:\/\/dev.explora.cl\/aysen\/author\/webman\/"}]}},"_links":{"self":[{"href":"https:\/\/dev.explora.cl\/aysen\/wp-json\/wp\/v2\/posts\/206","targetHints":{"allow":["GET"]}}],"collection":[{"href":"https:\/\/dev.explora.cl\/aysen\/wp-json\/wp\/v2\/posts"}],"about":[{"href":"https:\/\/dev.explora.cl\/aysen\/wp-json\/wp\/v2\/types\/post"}],"author":[{"embeddable":true,"href":"https:\/\/dev.explora.cl\/aysen\/wp-json\/wp\/v2\/users\/2"}],"replies":[{"embeddable":true,"href":"https:\/\/dev.explora.cl\/aysen\/wp-json\/wp\/v2\/comments?post=206"}],"version-history":[{"count":1,"href":"https:\/\/dev.explora.cl\/aysen\/wp-json\/wp\/v2\/posts\/206\/revisions"}],"predecessor-version":[{"id":37313,"href":"https:\/\/dev.explora.cl\/aysen\/wp-json\/wp\/v2\/posts\/206\/revisions\/37313"}],"wp:featuredmedia":[{"embeddable":true,"href":"https:\/\/dev.explora.cl\/aysen\/wp-json\/wp\/v2\/media\/207"}],"wp:attachment":[{"href":"https:\/\/dev.explora.cl\/aysen\/wp-json\/wp\/v2\/media?parent=206"}],"wp:term":[{"taxonomy":"category","embeddable":true,"href":"https:\/\/dev.explora.cl\/aysen\/wp-json\/wp\/v2\/categories?post=206"},{"taxonomy":"post_tag","embeddable":true,"href":"https:\/\/dev.explora.cl\/aysen\/wp-json\/wp\/v2\/tags?post=206"}],"curies":[{"name":"wp","href":"https:\/\/api.w.org\/{rel}","templated":true}]}}