{"id":202,"date":"2015-05-05T00:00:00","date_gmt":"2015-05-05T04:00:00","guid":{"rendered":"https:\/\/dev.explora.cl\/aysen\/blog\/2015\/05\/05\/par-explora-aysen-realizo-exitoso-taller-de-eco-olla-con-adultos-mayores\/"},"modified":"2019-05-20T21:21:48","modified_gmt":"2019-05-20T21:21:48","slug":"par-explora-aysen-realizo-exitoso-taller-de-eco-olla-con-adultos-mayores","status":"publish","type":"post","link":"https:\/\/dev.explora.cl\/aysen\/par-explora-aysen-realizo-exitoso-taller-de-eco-olla-con-adultos-mayores\/","title":{"rendered":"PAR EXPLORA Ays\u00e9n realiz\u00f3 exitoso taller de Eco-Olla con adultos mayores"},"content":{"rendered":"<p><img loading=\"lazy\" decoding=\"async\" class=\" size-full wp-image-10669\" src=\"http:\/\/ec2-34-218-253-251.us-west-2.compute.amazonaws.com\/wp-content\/uploads\/2015\/05\/cac344d9e98185e7505d4caa63af5304.jpg\" alt=\"\" width=\"800\" height=\"600\" \/><\/p>\n<p>El PAR EXPLORA Regi\u00f3n de Ays\u00e9n, ejecutado por el Campus Patagonia de la Universidad Austral de Chile junto al CIEP, con la colaboraci\u00f3n de SENAMA realizaron el Taller Eco-Olla orientado a adultos mayores.<\/p>\n<p>La iniciativa fue liderada por los estudiantes Mat\u00edas Luengo y Javiera Aedo del Colegio Santa Teresa de Puerto Ays\u00e9n quienes resultaron ganadores del XV Congreso Nacional de Ciencia y Tecnolog\u00eda y preparan su viaje a Pittsburg en Estados Unidos para representar a Chile en la Feria Internacional de Ciencia y Tecnolog\u00eda INTEL ISEF 2015.<\/p>\n<p>La actividad consisti\u00f3 en exponer los resultados obtenidos por los estudiantes en su proyecto, \u201cECO-OLLA: Cocci\u00f3n de Alimentos por Aislaci\u00f3n T\u00e9rmica\u201d, tomando en cuenta las ventajas y beneficios, en t\u00e9rminos de eficiencia, que conlleva la utilizaci\u00f3n de este artefacto popularmente conocido como olla bruja.<\/p>\n<p>Mat\u00edas Luengo, alumno de tercero medio del Colegio Santa Teresa de Puerto Ays\u00e9n, manifest\u00f3 su satisfacci\u00f3n por participar en esta jornada junto al grupo de adultos mayores. \u201cEs una gran oportunidad dado que parte de nuestro trabajo es difundir nuestro proyecto a la comunidad para que cada uno pueda aprender a hacer una Eco-Olla en la casa. Los participantes se vieron muy interesados desde que comenzamos la exposici\u00f3n y trabajaron de manera muy en\u00e9rgica\u201d.<\/p>\n<p>Lucila Quintana, profesora jubilada y presidente del Club de adulto mayor Reminiscencia, destac\u00f3 positivamente la actividad. \u201cFue una maravillosa experiencia, yo hab\u00eda o\u00eddo hablar de la otra olla con aserr\u00edn o papel, esta me parece una idea genial que es de una simplicidad asombrosa, sin embargo los resultados son realmente espectaculares. Me parece una muy bonita experiencia que debiera ser difundida al m\u00e1ximo ya que es muy interesante por el ahorro de energ\u00eda y para evitar emisiones de anh\u00eddrido carb\u00f3nico\u201d. \u00a0<\/p>\n<p>Javiera Aedo, estudiante de segundo medio del Colegio Santa Teresa de Puerto Ays\u00e9n, coment\u00f3 de los preparativos para la exposici\u00f3n de su proyecto en el Congreso Internacional en EEUU. \u201cHemos estado practicando harto la presentaci\u00f3n porque es en ingl\u00e9s as\u00ed que es un reto aprender y manejar bien la situaci\u00f3n. Representar a Chile y particularmente a la regi\u00f3n de Ays\u00e9n es una gran oportunidad para nosotros y para el taller de ciencia que trabaj\u00f3 detr\u00e1s de la Eco-Olla, nuestras expectativas son poder difundir nuestro proyecto para que todos puedan utilizar la Eco-Olla\u201d.<\/p>\n<p>El PAR EXPLORA Regi\u00f3n de Ays\u00e9n cumple con la misi\u00f3n de divulgar, valorar y sociabilizar la ciencia; acercando y difundiendo sus resultados a trav\u00e9s de aprendizajes significativos que impacten positivamente en la comunidad.<\/p>\n","protected":false},"excerpt":{"rendered":"<p>El PAR EXPLORA Regi\u00f3n de Ays\u00e9n, ejecutado por el Campus Patagonia de la Universidad Austral de Chile junto al CIEP, con la colaboraci\u00f3n de SENAMA realizaron el Taller Eco-Olla orientado a adultos mayores. La iniciativa fue liderada por los estudiantes Mat\u00edas Luengo y Javiera Aedo del Colegio Santa Teresa de Puerto Ays\u00e9n quienes resultaron ganadores [&hellip;]<\/p>\n","protected":false},"author":2,"featured_media":203,"comment_status":"open","ping_status":"open","sticky":false,"template":"","format":"standard","meta":{"_acf_changed":false,"_exactmetrics_skip_tracking":false,"_exactmetrics_sitenote_active":false,"_exactmetrics_sitenote_note":"","_exactmetrics_sitenote_category":0,"footnotes":"","_links_to":"","_links_to_target":""},"categories":[4],"tags":[],"class_list":["post-202","post","type-post","status-publish","format-standard","has-post-thumbnail","hentry","category-noticias"],"acf":[],"yoast_head":"<!-- This site is optimized with the Yoast SEO plugin v26.7 - https:\/\/yoast.com\/wordpress\/plugins\/seo\/ -->\n<title>PAR EXPLORA Ays\u00e9n realiz\u00f3 exitoso taller de Eco-Olla con adultos mayores - Aysen<\/title>\n<meta name=\"robots\" content=\"index, follow, max-snippet:-1, max-image-preview:large, max-video-preview:-1\" \/>\n<link rel=\"canonical\" href=\"https:\/\/dev.explora.cl\/aysen\/par-explora-aysen-realizo-exitoso-taller-de-eco-olla-con-adultos-mayores\/\" class=\"yoast-seo-meta-tag\" \/>\n<meta property=\"og:locale\" content=\"es_ES\" class=\"yoast-seo-meta-tag\" \/>\n<meta property=\"og:type\" content=\"article\" class=\"yoast-seo-meta-tag\" \/>\n<meta property=\"og:title\" content=\"PAR EXPLORA Ays\u00e9n realiz\u00f3 exitoso taller de Eco-Olla con adultos mayores - Aysen\" class=\"yoast-seo-meta-tag\" \/>\n<meta property=\"og:description\" content=\"El PAR EXPLORA Regi\u00f3n de Ays\u00e9n, ejecutado por el Campus Patagonia de la Universidad Austral de Chile junto al CIEP, con la colaboraci\u00f3n de SENAMA realizaron el Taller Eco-Olla orientado a adultos mayores. La iniciativa fue liderada por los estudiantes Mat\u00edas Luengo y Javiera Aedo del Colegio Santa Teresa de Puerto Ays\u00e9n quienes resultaron ganadores [&hellip;]\" class=\"yoast-seo-meta-tag\" \/>\n<meta property=\"og:url\" content=\"https:\/\/dev.explora.cl\/aysen\/par-explora-aysen-realizo-exitoso-taller-de-eco-olla-con-adultos-mayores\/\" class=\"yoast-seo-meta-tag\" \/>\n<meta property=\"og:site_name\" content=\"Aysen\" class=\"yoast-seo-meta-tag\" \/>\n<meta property=\"article:published_time\" content=\"2015-05-05T04:00:00+00:00\" class=\"yoast-seo-meta-tag\" \/>\n<meta property=\"article:modified_time\" content=\"2019-05-20T21:21:48+00:00\" class=\"yoast-seo-meta-tag\" \/>\n<meta property=\"og:image\" content=\"https:\/\/dev.explora.cl\/aysen\/wp-content\/uploads\/sites\/18\/2018\/06\/cac344d9e98185e7505d4caa63af5304.jpg\" class=\"yoast-seo-meta-tag\" \/>\n\t<meta property=\"og:image:width\" content=\"800\" class=\"yoast-seo-meta-tag\" \/>\n\t<meta property=\"og:image:height\" content=\"600\" class=\"yoast-seo-meta-tag\" \/>\n\t<meta property=\"og:image:type\" content=\"image\/jpeg\" class=\"yoast-seo-meta-tag\" \/>\n<meta name=\"author\" content=\"webman\" class=\"yoast-seo-meta-tag\" \/>\n<meta name=\"twitter:card\" content=\"summary_large_image\" class=\"yoast-seo-meta-tag\" \/>\n<meta name=\"twitter:label1\" content=\"Escrito por\" class=\"yoast-seo-meta-tag\" \/>\n\t<meta name=\"twitter:data1\" content=\"webman\" class=\"yoast-seo-meta-tag\" \/>\n\t<meta name=\"twitter:label2\" content=\"Tiempo estimado de lectura\" class=\"yoast-seo-meta-tag\" \/>\n\t<meta name=\"twitter:data2\" content=\"2 minutos\" class=\"yoast-seo-meta-tag\" \/>\n<script type=\"application\/ld+json\" class=\"yoast-schema-graph\">{\"@context\":\"https:\/\/schema.org\",\"@graph\":[{\"@type\":\"Article\",\"@id\":\"https:\/\/dev.explora.cl\/aysen\/par-explora-aysen-realizo-exitoso-taller-de-eco-olla-con-adultos-mayores\/#article\",\"isPartOf\":{\"@id\":\"https:\/\/dev.explora.cl\/aysen\/par-explora-aysen-realizo-exitoso-taller-de-eco-olla-con-adultos-mayores\/\"},\"author\":{\"name\":\"webman\",\"@id\":\"https:\/\/dev.explora.cl\/aysen\/#\/schema\/person\/cb8349c13ea2d324080adf8480d7ba5d\"},\"headline\":\"PAR EXPLORA Ays\u00e9n realiz\u00f3 exitoso taller de Eco-Olla con adultos mayores\",\"datePublished\":\"2015-05-05T04:00:00+00:00\",\"dateModified\":\"2019-05-20T21:21:48+00:00\",\"mainEntityOfPage\":{\"@id\":\"https:\/\/dev.explora.cl\/aysen\/par-explora-aysen-realizo-exitoso-taller-de-eco-olla-con-adultos-mayores\/\"},\"wordCount\":457,\"commentCount\":0,\"image\":{\"@id\":\"https:\/\/dev.explora.cl\/aysen\/par-explora-aysen-realizo-exitoso-taller-de-eco-olla-con-adultos-mayores\/#primaryimage\"},\"thumbnailUrl\":\"https:\/\/dev.explora.cl\/aysen\/wp-content\/uploads\/sites\/18\/2018\/06\/cac344d9e98185e7505d4caa63af5304.jpg\",\"articleSection\":[\"Noticias\"],\"inLanguage\":\"es-CL\",\"potentialAction\":[{\"@type\":\"CommentAction\",\"name\":\"Comment\",\"target\":[\"https:\/\/dev.explora.cl\/aysen\/par-explora-aysen-realizo-exitoso-taller-de-eco-olla-con-adultos-mayores\/#respond\"]}]},{\"@type\":\"WebPage\",\"@id\":\"https:\/\/dev.explora.cl\/aysen\/par-explora-aysen-realizo-exitoso-taller-de-eco-olla-con-adultos-mayores\/\",\"url\":\"https:\/\/dev.explora.cl\/aysen\/par-explora-aysen-realizo-exitoso-taller-de-eco-olla-con-adultos-mayores\/\",\"name\":\"PAR EXPLORA Ays\u00e9n realiz\u00f3 exitoso taller de Eco-Olla con adultos mayores - Aysen\",\"isPartOf\":{\"@id\":\"https:\/\/dev.explora.cl\/aysen\/#website\"},\"primaryImageOfPage\":{\"@id\":\"https:\/\/dev.explora.cl\/aysen\/par-explora-aysen-realizo-exitoso-taller-de-eco-olla-con-adultos-mayores\/#primaryimage\"},\"image\":{\"@id\":\"https:\/\/dev.explora.cl\/aysen\/par-explora-aysen-realizo-exitoso-taller-de-eco-olla-con-adultos-mayores\/#primaryimage\"},\"thumbnailUrl\":\"https:\/\/dev.explora.cl\/aysen\/wp-content\/uploads\/sites\/18\/2018\/06\/cac344d9e98185e7505d4caa63af5304.jpg\",\"datePublished\":\"2015-05-05T04:00:00+00:00\",\"dateModified\":\"2019-05-20T21:21:48+00:00\",\"author\":{\"@id\":\"https:\/\/dev.explora.cl\/aysen\/#\/schema\/person\/cb8349c13ea2d324080adf8480d7ba5d\"},\"breadcrumb\":{\"@id\":\"https:\/\/dev.explora.cl\/aysen\/par-explora-aysen-realizo-exitoso-taller-de-eco-olla-con-adultos-mayores\/#breadcrumb\"},\"inLanguage\":\"es-CL\",\"potentialAction\":[{\"@type\":\"ReadAction\",\"target\":[\"https:\/\/dev.explora.cl\/aysen\/par-explora-aysen-realizo-exitoso-taller-de-eco-olla-con-adultos-mayores\/\"]}]},{\"@type\":\"ImageObject\",\"inLanguage\":\"es-CL\",\"@id\":\"https:\/\/dev.explora.cl\/aysen\/par-explora-aysen-realizo-exitoso-taller-de-eco-olla-con-adultos-mayores\/#primaryimage\",\"url\":\"https:\/\/dev.explora.cl\/aysen\/wp-content\/uploads\/sites\/18\/2018\/06\/cac344d9e98185e7505d4caa63af5304.jpg\",\"contentUrl\":\"https:\/\/dev.explora.cl\/aysen\/wp-content\/uploads\/sites\/18\/2018\/06\/cac344d9e98185e7505d4caa63af5304.jpg\",\"width\":800,\"height\":600},{\"@type\":\"BreadcrumbList\",\"@id\":\"https:\/\/dev.explora.cl\/aysen\/par-explora-aysen-realizo-exitoso-taller-de-eco-olla-con-adultos-mayores\/#breadcrumb\",\"itemListElement\":[{\"@type\":\"ListItem\",\"position\":1,\"name\":\"Portada\",\"item\":\"https:\/\/dev.explora.cl\/aysen\/\"},{\"@type\":\"ListItem\",\"position\":2,\"name\":\"PAR EXPLORA Ays\u00e9n realiz\u00f3 exitoso taller de Eco-Olla con adultos mayores\"}]},{\"@type\":\"WebSite\",\"@id\":\"https:\/\/dev.explora.cl\/aysen\/#website\",\"url\":\"https:\/\/dev.explora.cl\/aysen\/\",\"name\":\"Aysen\",\"description\":\"Otro sitio m\u00e1s de dev.explora.cl\",\"potentialAction\":[{\"@type\":\"SearchAction\",\"target\":{\"@type\":\"EntryPoint\",\"urlTemplate\":\"https:\/\/dev.explora.cl\/aysen\/?s={search_term_string}\"},\"query-input\":{\"@type\":\"PropertyValueSpecification\",\"valueRequired\":true,\"valueName\":\"search_term_string\"}}],\"inLanguage\":\"es-CL\"},{\"@type\":\"Person\",\"@id\":\"https:\/\/dev.explora.cl\/aysen\/#\/schema\/person\/cb8349c13ea2d324080adf8480d7ba5d\",\"name\":\"webman\",\"image\":{\"@type\":\"ImageObject\",\"inLanguage\":\"es-CL\",\"@id\":\"https:\/\/dev.explora.cl\/aysen\/#\/schema\/person\/image\/\",\"url\":\"https:\/\/secure.gravatar.com\/avatar\/eeff3c82f2c02f7177d13663b7e6f890e9a6a0647ce9bb29cae02dcb094c7312?s=96&d=mm&r=g\",\"contentUrl\":\"https:\/\/secure.gravatar.com\/avatar\/eeff3c82f2c02f7177d13663b7e6f890e9a6a0647ce9bb29cae02dcb094c7312?s=96&d=mm&r=g\",\"caption\":\"webman\"},\"url\":\"https:\/\/dev.explora.cl\/aysen\/author\/webman\/\"}]}<\/script>\n<!-- \/ Yoast SEO plugin. -->","yoast_head_json":{"title":"PAR EXPLORA Ays\u00e9n realiz\u00f3 exitoso taller de Eco-Olla con adultos mayores - Aysen","robots":{"index":"index","follow":"follow","max-snippet":"max-snippet:-1","max-image-preview":"max-image-preview:large","max-video-preview":"max-video-preview:-1"},"canonical":"https:\/\/dev.explora.cl\/aysen\/par-explora-aysen-realizo-exitoso-taller-de-eco-olla-con-adultos-mayores\/","og_locale":"es_ES","og_type":"article","og_title":"PAR EXPLORA Ays\u00e9n realiz\u00f3 exitoso taller de Eco-Olla con adultos mayores - Aysen","og_description":"El PAR EXPLORA Regi\u00f3n de Ays\u00e9n, ejecutado por el Campus Patagonia de la Universidad Austral de Chile junto al CIEP, con la colaboraci\u00f3n de SENAMA realizaron el Taller Eco-Olla orientado a adultos mayores. La iniciativa fue liderada por los estudiantes Mat\u00edas Luengo y Javiera Aedo del Colegio Santa Teresa de Puerto Ays\u00e9n quienes resultaron ganadores [&hellip;]","og_url":"https:\/\/dev.explora.cl\/aysen\/par-explora-aysen-realizo-exitoso-taller-de-eco-olla-con-adultos-mayores\/","og_site_name":"Aysen","article_published_time":"2015-05-05T04:00:00+00:00","article_modified_time":"2019-05-20T21:21:48+00:00","og_image":[{"width":800,"height":600,"url":"https:\/\/dev.explora.cl\/aysen\/wp-content\/uploads\/sites\/18\/2018\/06\/cac344d9e98185e7505d4caa63af5304.jpg","type":"image\/jpeg"}],"author":"webman","twitter_card":"summary_large_image","twitter_misc":{"Escrito por":"webman","Tiempo estimado de lectura":"2 minutos"},"schema":{"@context":"https:\/\/schema.org","@graph":[{"@type":"Article","@id":"https:\/\/dev.explora.cl\/aysen\/par-explora-aysen-realizo-exitoso-taller-de-eco-olla-con-adultos-mayores\/#article","isPartOf":{"@id":"https:\/\/dev.explora.cl\/aysen\/par-explora-aysen-realizo-exitoso-taller-de-eco-olla-con-adultos-mayores\/"},"author":{"name":"webman","@id":"https:\/\/dev.explora.cl\/aysen\/#\/schema\/person\/cb8349c13ea2d324080adf8480d7ba5d"},"headline":"PAR EXPLORA Ays\u00e9n realiz\u00f3 exitoso taller de Eco-Olla con adultos mayores","datePublished":"2015-05-05T04:00:00+00:00","dateModified":"2019-05-20T21:21:48+00:00","mainEntityOfPage":{"@id":"https:\/\/dev.explora.cl\/aysen\/par-explora-aysen-realizo-exitoso-taller-de-eco-olla-con-adultos-mayores\/"},"wordCount":457,"commentCount":0,"image":{"@id":"https:\/\/dev.explora.cl\/aysen\/par-explora-aysen-realizo-exitoso-taller-de-eco-olla-con-adultos-mayores\/#primaryimage"},"thumbnailUrl":"https:\/\/dev.explora.cl\/aysen\/wp-content\/uploads\/sites\/18\/2018\/06\/cac344d9e98185e7505d4caa63af5304.jpg","articleSection":["Noticias"],"inLanguage":"es-CL","potentialAction":[{"@type":"CommentAction","name":"Comment","target":["https:\/\/dev.explora.cl\/aysen\/par-explora-aysen-realizo-exitoso-taller-de-eco-olla-con-adultos-mayores\/#respond"]}]},{"@type":"WebPage","@id":"https:\/\/dev.explora.cl\/aysen\/par-explora-aysen-realizo-exitoso-taller-de-eco-olla-con-adultos-mayores\/","url":"https:\/\/dev.explora.cl\/aysen\/par-explora-aysen-realizo-exitoso-taller-de-eco-olla-con-adultos-mayores\/","name":"PAR EXPLORA Ays\u00e9n realiz\u00f3 exitoso taller de Eco-Olla con adultos mayores - Aysen","isPartOf":{"@id":"https:\/\/dev.explora.cl\/aysen\/#website"},"primaryImageOfPage":{"@id":"https:\/\/dev.explora.cl\/aysen\/par-explora-aysen-realizo-exitoso-taller-de-eco-olla-con-adultos-mayores\/#primaryimage"},"image":{"@id":"https:\/\/dev.explora.cl\/aysen\/par-explora-aysen-realizo-exitoso-taller-de-eco-olla-con-adultos-mayores\/#primaryimage"},"thumbnailUrl":"https:\/\/dev.explora.cl\/aysen\/wp-content\/uploads\/sites\/18\/2018\/06\/cac344d9e98185e7505d4caa63af5304.jpg","datePublished":"2015-05-05T04:00:00+00:00","dateModified":"2019-05-20T21:21:48+00:00","author":{"@id":"https:\/\/dev.explora.cl\/aysen\/#\/schema\/person\/cb8349c13ea2d324080adf8480d7ba5d"},"breadcrumb":{"@id":"https:\/\/dev.explora.cl\/aysen\/par-explora-aysen-realizo-exitoso-taller-de-eco-olla-con-adultos-mayores\/#breadcrumb"},"inLanguage":"es-CL","potentialAction":[{"@type":"ReadAction","target":["https:\/\/dev.explora.cl\/aysen\/par-explora-aysen-realizo-exitoso-taller-de-eco-olla-con-adultos-mayores\/"]}]},{"@type":"ImageObject","inLanguage":"es-CL","@id":"https:\/\/dev.explora.cl\/aysen\/par-explora-aysen-realizo-exitoso-taller-de-eco-olla-con-adultos-mayores\/#primaryimage","url":"https:\/\/dev.explora.cl\/aysen\/wp-content\/uploads\/sites\/18\/2018\/06\/cac344d9e98185e7505d4caa63af5304.jpg","contentUrl":"https:\/\/dev.explora.cl\/aysen\/wp-content\/uploads\/sites\/18\/2018\/06\/cac344d9e98185e7505d4caa63af5304.jpg","width":800,"height":600},{"@type":"BreadcrumbList","@id":"https:\/\/dev.explora.cl\/aysen\/par-explora-aysen-realizo-exitoso-taller-de-eco-olla-con-adultos-mayores\/#breadcrumb","itemListElement":[{"@type":"ListItem","position":1,"name":"Portada","item":"https:\/\/dev.explora.cl\/aysen\/"},{"@type":"ListItem","position":2,"name":"PAR EXPLORA Ays\u00e9n realiz\u00f3 exitoso taller de Eco-Olla con adultos mayores"}]},{"@type":"WebSite","@id":"https:\/\/dev.explora.cl\/aysen\/#website","url":"https:\/\/dev.explora.cl\/aysen\/","name":"Aysen","description":"Otro sitio m\u00e1s de dev.explora.cl","potentialAction":[{"@type":"SearchAction","target":{"@type":"EntryPoint","urlTemplate":"https:\/\/dev.explora.cl\/aysen\/?s={search_term_string}"},"query-input":{"@type":"PropertyValueSpecification","valueRequired":true,"valueName":"search_term_string"}}],"inLanguage":"es-CL"},{"@type":"Person","@id":"https:\/\/dev.explora.cl\/aysen\/#\/schema\/person\/cb8349c13ea2d324080adf8480d7ba5d","name":"webman","image":{"@type":"ImageObject","inLanguage":"es-CL","@id":"https:\/\/dev.explora.cl\/aysen\/#\/schema\/person\/image\/","url":"https:\/\/secure.gravatar.com\/avatar\/eeff3c82f2c02f7177d13663b7e6f890e9a6a0647ce9bb29cae02dcb094c7312?s=96&d=mm&r=g","contentUrl":"https:\/\/secure.gravatar.com\/avatar\/eeff3c82f2c02f7177d13663b7e6f890e9a6a0647ce9bb29cae02dcb094c7312?s=96&d=mm&r=g","caption":"webman"},"url":"https:\/\/dev.explora.cl\/aysen\/author\/webman\/"}]}},"_links":{"self":[{"href":"https:\/\/dev.explora.cl\/aysen\/wp-json\/wp\/v2\/posts\/202","targetHints":{"allow":["GET"]}}],"collection":[{"href":"https:\/\/dev.explora.cl\/aysen\/wp-json\/wp\/v2\/posts"}],"about":[{"href":"https:\/\/dev.explora.cl\/aysen\/wp-json\/wp\/v2\/types\/post"}],"author":[{"embeddable":true,"href":"https:\/\/dev.explora.cl\/aysen\/wp-json\/wp\/v2\/users\/2"}],"replies":[{"embeddable":true,"href":"https:\/\/dev.explora.cl\/aysen\/wp-json\/wp\/v2\/comments?post=202"}],"version-history":[{"count":1,"href":"https:\/\/dev.explora.cl\/aysen\/wp-json\/wp\/v2\/posts\/202\/revisions"}],"predecessor-version":[{"id":37315,"href":"https:\/\/dev.explora.cl\/aysen\/wp-json\/wp\/v2\/posts\/202\/revisions\/37315"}],"wp:featuredmedia":[{"embeddable":true,"href":"https:\/\/dev.explora.cl\/aysen\/wp-json\/wp\/v2\/media\/203"}],"wp:attachment":[{"href":"https:\/\/dev.explora.cl\/aysen\/wp-json\/wp\/v2\/media?parent=202"}],"wp:term":[{"taxonomy":"category","embeddable":true,"href":"https:\/\/dev.explora.cl\/aysen\/wp-json\/wp\/v2\/categories?post=202"},{"taxonomy":"post_tag","embeddable":true,"href":"https:\/\/dev.explora.cl\/aysen\/wp-json\/wp\/v2\/tags?post=202"}],"curies":[{"name":"wp","href":"https:\/\/api.w.org\/{rel}","templated":true}]}}