{"id":200,"date":"2015-04-28T00:00:00","date_gmt":"2015-04-28T04:00:00","guid":{"rendered":"https:\/\/dev.explora.cl\/aysen\/blog\/2015\/04\/28\/entrevista-a-dra-claudia-ortiz-biorremediacion-de-pasivos-ambientales-para-la-rehabilitacion-de-sitios-intervenidos\/"},"modified":"2019-05-20T21:21:48","modified_gmt":"2019-05-20T21:21:48","slug":"entrevista-a-dra-claudia-ortiz-biorremediacion-de-pasivos-ambientales-para-la-rehabilitacion-de-sitios-intervenidos","status":"publish","type":"post","link":"https:\/\/dev.explora.cl\/aysen\/entrevista-a-dra-claudia-ortiz-biorremediacion-de-pasivos-ambientales-para-la-rehabilitacion-de-sitios-intervenidos\/","title":{"rendered":"Entrevista a Dra. Claudia Ortiz: Biorremediaci\u00f3n de pasivos ambientales para la rehabilitaci\u00f3n de sitios intervenidos."},"content":{"rendered":"<p><img loading=\"lazy\" decoding=\"async\" class=\" size-full wp-image-10491\" src=\"http:\/\/ec2-34-218-253-251.us-west-2.compute.amazonaws.com\/wp-content\/uploads\/2015\/04\/2a9ceb674dd25489978c3ffc90b75279.jpg\" alt=\"\" width=\"800\" height=\"533\" \/><\/p>\n<p>Claudia Ortiz Calder\u00f3n es Bioqu\u00edmica de la Universidad de Santiago de Chile y Doctora en Ciencias Biol\u00f3gicas de la Universidad de Chile, realiz\u00f3 estudios de Post Doctorado en Biolog\u00eda Molecular del Stress en University College London. Actualmente se desempe\u00f1a como Jefa del Laboratorio de Bioqu\u00edmica Vegetal y Fitorremediaci\u00f3n en la Universidad de Santiago de Chile, su l\u00ednea investigativa est\u00e1 vinculada a la bioqu\u00edmica, biolog\u00eda molecular y fisiolog\u00eda del stress en plantas que son tolerantes a metales.<\/p>\n<p>Claudia viaj\u00f3 hasta la regi\u00f3n de Ays\u00e9n para participar en Coyhaique de la presentaci\u00f3n del proyecto \u201cBuscando organismos remediadores de pasivos ambientales\u201d que ejecuta el Campus Patagonia de la Universidad Austral de Chile en Puerto Cristal con financiamiento del Gobierno Regional.<\/p>\n<p><strong>\u00bfCu\u00e1l es el aporte que realiza desde su \u00e1rea investigativa a la comunidad?<\/strong><\/p>\n<p>El aporte que se realiza con la utilizaci\u00f3n de plantas permite hacer mejoras en ambientes que son impactados por las actividades mineras, nuestro foco es la mitigaci\u00f3n del impacto ambiental de la miner\u00eda a trav\u00e9s de sistemas biol\u00f3gicos. La importancia de los proyectos y de la investigaci\u00f3n que nosotros realizamos en el \u00e1rea de la fitorremediaci\u00f3n y la tolerancia a stress por metales en plantas radica en que hoy tenemos una ley de cierre de faenas mineras, una normativa ambiental que exige a las empresas mineras que se hagan cargo de sus pasivos ambientales desde el d\u00eda uno en que se levantan los proyectos mineros. Incorporar este tipo de tecnolog\u00edas implica que hacia el final del ciclo de vida de la mina puedes implementarlas para mejorar ambientalmente el sistema de manera amigable del punto de vista ambiental.<\/p>\n<p><strong>\u00bfCu\u00e1l es la importancia del Proyecto \u201cBuscando Organismos Remediadores de pasivos ambientales\u201d que ejecuta el Campus Patagonia UACh en Puerto Cristal?<\/strong><\/p>\n<p>El proyecto de biorremediaci\u00f3n que se realiza en Puerto Cristal es emblem\u00e1tico desde la perspectiva en que la remediaci\u00f3n se considera como un primer paso para una futura rehabilitaci\u00f3n de este sistema intervenido. Se puede recuperar el patrimonio cultural y ambiental que est\u00e1 fuertemente impactado por la actividad de extracci\u00f3n minera que tuvo en un pasado no muy lejano. El aporte tiene que ver con que existe una imagen regional que est\u00e1 focalizada hacia la conservaci\u00f3n ambiental, hacia terrenos pr\u00edstinos y el proyecto est\u00e1 contribuyendo de esta manera a poder fortalecer esa imagen, al mismo tiempo la contribuci\u00f3n que puede hacer al conocimiento de la remediaci\u00f3n en catastro de plantas que son tolerantes en zonas m\u00e1s australes es enorme, en Chile falta mucho que hacer en ese contexto.<\/p>\n<p><strong>\u00bfQu\u00e9 plantas se han detectado en Chile que tengan capacidades remediadoras en pasivos ambientales?<\/strong><\/p>\n<p>En Chile existen varias iniciativas que han logrado levantar informaci\u00f3n respecto a plantas que son bastante \u00fatiles para pensar en estas tecnolog\u00edas de remediaci\u00f3n ambiental. Particularmente hay un grupo de plantas que pertenece a la familia de las po\u00e1ceas, que son plantas normalmente gram\u00edneas, como pastos por ejemplo, que son muy \u00fatiles para este tipo de tecnolog\u00edas. En Chile existe esta informaci\u00f3n, lo que no existe es la sistematizaci\u00f3n de este material como por ejemplo una gu\u00eda de plantas para utilizar en tecnolog\u00edas de remediaci\u00f3n, esto es algo que seguramente con el conocimiento se va a ir consolidando y es un trabajo futuro a realizar.<\/p>\n<p><strong>\u00bfCu\u00e1nto tiempo se demora este tipo de tecnolog\u00edas en recuperar un sitio?<\/strong><\/p>\n<p>La remediaci\u00f3n es el primer paso de un camino largo, estamos hablando entre 12 a 20 a\u00f1os pensando en la recuperaci\u00f3n del sitio que fue impactado. Es importante generar la conciencia a nivel pol\u00edtico de quienes est\u00e1n detr\u00e1s del financiamiento de este tipo de proyectos, ya sea a nivel gubernamental o particular porque es muy importante que la empresa privada se haga cargo de ellos. Un proyecto de dos a\u00f1os no va a permitir llegar m\u00e1s all\u00e1 de la caracterizaci\u00f3n y b\u00fasqueda de informaci\u00f3n, es importante tener en cuenta que posterior a eso viene la aplicaci\u00f3n de esa informaci\u00f3n. Son varios pasos que hay que dar antes de tener un resultado que uno diga aqu\u00ed est\u00e1 pasando algo, se est\u00e1 mejorando el ambiente, aqu\u00ed est\u00e1n creciendo plantas. Estamos hablando de sistemas biol\u00f3gicos que toman su tiempo, el \u00faltimo objetivo es que estos sistemas biol\u00f3gicos al establecerse recuperen el sitio incluso pudiendo llegar al paisaje original antes de la intervenci\u00f3n industrial, lo que obviamente es una contribuci\u00f3n enorme a la restauraci\u00f3n ambiental.<\/p>\n<p>Pablo Cid, Periodista<\/p>\n","protected":false},"excerpt":{"rendered":"<p>Claudia Ortiz Calder\u00f3n es Bioqu\u00edmica de la Universidad de Santiago de Chile y Doctora en Ciencias Biol\u00f3gicas de la Universidad de Chile, realiz\u00f3 estudios de Post Doctorado en Biolog\u00eda Molecular del Stress en University College London. Actualmente se desempe\u00f1a como Jefa del Laboratorio de Bioqu\u00edmica Vegetal y Fitorremediaci\u00f3n en la Universidad de Santiago de Chile, [&hellip;]<\/p>\n","protected":false},"author":2,"featured_media":201,"comment_status":"open","ping_status":"open","sticky":false,"template":"","format":"standard","meta":{"_acf_changed":false,"_exactmetrics_skip_tracking":false,"_exactmetrics_sitenote_active":false,"_exactmetrics_sitenote_note":"","_exactmetrics_sitenote_category":0,"footnotes":"","_links_to":"","_links_to_target":""},"categories":[4],"tags":[],"class_list":["post-200","post","type-post","status-publish","format-standard","has-post-thumbnail","hentry","category-noticias"],"acf":[],"yoast_head":"<!-- This site is optimized with the Yoast SEO plugin v26.7 - https:\/\/yoast.com\/wordpress\/plugins\/seo\/ -->\n<title>Entrevista a Dra. Claudia Ortiz: Biorremediaci\u00f3n de pasivos ambientales para la rehabilitaci\u00f3n de sitios intervenidos. - Aysen<\/title>\n<meta name=\"robots\" content=\"index, follow, max-snippet:-1, max-image-preview:large, max-video-preview:-1\" \/>\n<link rel=\"canonical\" href=\"https:\/\/dev.explora.cl\/aysen\/entrevista-a-dra-claudia-ortiz-biorremediacion-de-pasivos-ambientales-para-la-rehabilitacion-de-sitios-intervenidos\/\" class=\"yoast-seo-meta-tag\" \/>\n<meta property=\"og:locale\" content=\"es_ES\" class=\"yoast-seo-meta-tag\" \/>\n<meta property=\"og:type\" content=\"article\" class=\"yoast-seo-meta-tag\" \/>\n<meta property=\"og:title\" content=\"Entrevista a Dra. Claudia Ortiz: Biorremediaci\u00f3n de pasivos ambientales para la rehabilitaci\u00f3n de sitios intervenidos. - Aysen\" class=\"yoast-seo-meta-tag\" \/>\n<meta property=\"og:description\" content=\"Claudia Ortiz Calder\u00f3n es Bioqu\u00edmica de la Universidad de Santiago de Chile y Doctora en Ciencias Biol\u00f3gicas de la Universidad de Chile, realiz\u00f3 estudios de Post Doctorado en Biolog\u00eda Molecular del Stress en University College London. Actualmente se desempe\u00f1a como Jefa del Laboratorio de Bioqu\u00edmica Vegetal y Fitorremediaci\u00f3n en la Universidad de Santiago de Chile, [&hellip;]\" class=\"yoast-seo-meta-tag\" \/>\n<meta property=\"og:url\" content=\"https:\/\/dev.explora.cl\/aysen\/entrevista-a-dra-claudia-ortiz-biorremediacion-de-pasivos-ambientales-para-la-rehabilitacion-de-sitios-intervenidos\/\" class=\"yoast-seo-meta-tag\" \/>\n<meta property=\"og:site_name\" content=\"Aysen\" class=\"yoast-seo-meta-tag\" \/>\n<meta property=\"article:published_time\" content=\"2015-04-28T04:00:00+00:00\" class=\"yoast-seo-meta-tag\" \/>\n<meta property=\"article:modified_time\" content=\"2019-05-20T21:21:48+00:00\" class=\"yoast-seo-meta-tag\" \/>\n<meta property=\"og:image\" content=\"https:\/\/dev.explora.cl\/aysen\/wp-content\/uploads\/sites\/18\/2018\/06\/2a9ceb674dd25489978c3ffc90b75279.jpg\" class=\"yoast-seo-meta-tag\" \/>\n\t<meta property=\"og:image:width\" content=\"800\" class=\"yoast-seo-meta-tag\" \/>\n\t<meta property=\"og:image:height\" content=\"533\" class=\"yoast-seo-meta-tag\" \/>\n\t<meta property=\"og:image:type\" content=\"image\/jpeg\" class=\"yoast-seo-meta-tag\" \/>\n<meta name=\"author\" content=\"webman\" class=\"yoast-seo-meta-tag\" \/>\n<meta name=\"twitter:card\" content=\"summary_large_image\" class=\"yoast-seo-meta-tag\" \/>\n<meta name=\"twitter:label1\" content=\"Escrito por\" class=\"yoast-seo-meta-tag\" \/>\n\t<meta name=\"twitter:data1\" content=\"webman\" class=\"yoast-seo-meta-tag\" \/>\n\t<meta name=\"twitter:label2\" content=\"Tiempo estimado de lectura\" class=\"yoast-seo-meta-tag\" \/>\n\t<meta name=\"twitter:data2\" content=\"4 minutos\" class=\"yoast-seo-meta-tag\" \/>\n<script type=\"application\/ld+json\" class=\"yoast-schema-graph\">{\"@context\":\"https:\/\/schema.org\",\"@graph\":[{\"@type\":\"Article\",\"@id\":\"https:\/\/dev.explora.cl\/aysen\/entrevista-a-dra-claudia-ortiz-biorremediacion-de-pasivos-ambientales-para-la-rehabilitacion-de-sitios-intervenidos\/#article\",\"isPartOf\":{\"@id\":\"https:\/\/dev.explora.cl\/aysen\/entrevista-a-dra-claudia-ortiz-biorremediacion-de-pasivos-ambientales-para-la-rehabilitacion-de-sitios-intervenidos\/\"},\"author\":{\"name\":\"webman\",\"@id\":\"https:\/\/dev.explora.cl\/aysen\/#\/schema\/person\/cb8349c13ea2d324080adf8480d7ba5d\"},\"headline\":\"Entrevista a Dra. Claudia Ortiz: Biorremediaci\u00f3n de pasivos ambientales para la rehabilitaci\u00f3n de sitios intervenidos.\",\"datePublished\":\"2015-04-28T04:00:00+00:00\",\"dateModified\":\"2019-05-20T21:21:48+00:00\",\"mainEntityOfPage\":{\"@id\":\"https:\/\/dev.explora.cl\/aysen\/entrevista-a-dra-claudia-ortiz-biorremediacion-de-pasivos-ambientales-para-la-rehabilitacion-de-sitios-intervenidos\/\"},\"wordCount\":803,\"commentCount\":0,\"image\":{\"@id\":\"https:\/\/dev.explora.cl\/aysen\/entrevista-a-dra-claudia-ortiz-biorremediacion-de-pasivos-ambientales-para-la-rehabilitacion-de-sitios-intervenidos\/#primaryimage\"},\"thumbnailUrl\":\"https:\/\/dev.explora.cl\/aysen\/wp-content\/uploads\/sites\/18\/2018\/06\/2a9ceb674dd25489978c3ffc90b75279.jpg\",\"articleSection\":[\"Noticias\"],\"inLanguage\":\"es-CL\",\"potentialAction\":[{\"@type\":\"CommentAction\",\"name\":\"Comment\",\"target\":[\"https:\/\/dev.explora.cl\/aysen\/entrevista-a-dra-claudia-ortiz-biorremediacion-de-pasivos-ambientales-para-la-rehabilitacion-de-sitios-intervenidos\/#respond\"]}]},{\"@type\":\"WebPage\",\"@id\":\"https:\/\/dev.explora.cl\/aysen\/entrevista-a-dra-claudia-ortiz-biorremediacion-de-pasivos-ambientales-para-la-rehabilitacion-de-sitios-intervenidos\/\",\"url\":\"https:\/\/dev.explora.cl\/aysen\/entrevista-a-dra-claudia-ortiz-biorremediacion-de-pasivos-ambientales-para-la-rehabilitacion-de-sitios-intervenidos\/\",\"name\":\"Entrevista a Dra. Claudia Ortiz: Biorremediaci\u00f3n de pasivos ambientales para la rehabilitaci\u00f3n de sitios intervenidos. - Aysen\",\"isPartOf\":{\"@id\":\"https:\/\/dev.explora.cl\/aysen\/#website\"},\"primaryImageOfPage\":{\"@id\":\"https:\/\/dev.explora.cl\/aysen\/entrevista-a-dra-claudia-ortiz-biorremediacion-de-pasivos-ambientales-para-la-rehabilitacion-de-sitios-intervenidos\/#primaryimage\"},\"image\":{\"@id\":\"https:\/\/dev.explora.cl\/aysen\/entrevista-a-dra-claudia-ortiz-biorremediacion-de-pasivos-ambientales-para-la-rehabilitacion-de-sitios-intervenidos\/#primaryimage\"},\"thumbnailUrl\":\"https:\/\/dev.explora.cl\/aysen\/wp-content\/uploads\/sites\/18\/2018\/06\/2a9ceb674dd25489978c3ffc90b75279.jpg\",\"datePublished\":\"2015-04-28T04:00:00+00:00\",\"dateModified\":\"2019-05-20T21:21:48+00:00\",\"author\":{\"@id\":\"https:\/\/dev.explora.cl\/aysen\/#\/schema\/person\/cb8349c13ea2d324080adf8480d7ba5d\"},\"breadcrumb\":{\"@id\":\"https:\/\/dev.explora.cl\/aysen\/entrevista-a-dra-claudia-ortiz-biorremediacion-de-pasivos-ambientales-para-la-rehabilitacion-de-sitios-intervenidos\/#breadcrumb\"},\"inLanguage\":\"es-CL\",\"potentialAction\":[{\"@type\":\"ReadAction\",\"target\":[\"https:\/\/dev.explora.cl\/aysen\/entrevista-a-dra-claudia-ortiz-biorremediacion-de-pasivos-ambientales-para-la-rehabilitacion-de-sitios-intervenidos\/\"]}]},{\"@type\":\"ImageObject\",\"inLanguage\":\"es-CL\",\"@id\":\"https:\/\/dev.explora.cl\/aysen\/entrevista-a-dra-claudia-ortiz-biorremediacion-de-pasivos-ambientales-para-la-rehabilitacion-de-sitios-intervenidos\/#primaryimage\",\"url\":\"https:\/\/dev.explora.cl\/aysen\/wp-content\/uploads\/sites\/18\/2018\/06\/2a9ceb674dd25489978c3ffc90b75279.jpg\",\"contentUrl\":\"https:\/\/dev.explora.cl\/aysen\/wp-content\/uploads\/sites\/18\/2018\/06\/2a9ceb674dd25489978c3ffc90b75279.jpg\",\"width\":800,\"height\":533},{\"@type\":\"BreadcrumbList\",\"@id\":\"https:\/\/dev.explora.cl\/aysen\/entrevista-a-dra-claudia-ortiz-biorremediacion-de-pasivos-ambientales-para-la-rehabilitacion-de-sitios-intervenidos\/#breadcrumb\",\"itemListElement\":[{\"@type\":\"ListItem\",\"position\":1,\"name\":\"Portada\",\"item\":\"https:\/\/dev.explora.cl\/aysen\/\"},{\"@type\":\"ListItem\",\"position\":2,\"name\":\"Entrevista a Dra. Claudia Ortiz: Biorremediaci\u00f3n de pasivos ambientales para la rehabilitaci\u00f3n de sitios intervenidos.\"}]},{\"@type\":\"WebSite\",\"@id\":\"https:\/\/dev.explora.cl\/aysen\/#website\",\"url\":\"https:\/\/dev.explora.cl\/aysen\/\",\"name\":\"Aysen\",\"description\":\"Otro sitio m\u00e1s de dev.explora.cl\",\"potentialAction\":[{\"@type\":\"SearchAction\",\"target\":{\"@type\":\"EntryPoint\",\"urlTemplate\":\"https:\/\/dev.explora.cl\/aysen\/?s={search_term_string}\"},\"query-input\":{\"@type\":\"PropertyValueSpecification\",\"valueRequired\":true,\"valueName\":\"search_term_string\"}}],\"inLanguage\":\"es-CL\"},{\"@type\":\"Person\",\"@id\":\"https:\/\/dev.explora.cl\/aysen\/#\/schema\/person\/cb8349c13ea2d324080adf8480d7ba5d\",\"name\":\"webman\",\"image\":{\"@type\":\"ImageObject\",\"inLanguage\":\"es-CL\",\"@id\":\"https:\/\/dev.explora.cl\/aysen\/#\/schema\/person\/image\/\",\"url\":\"https:\/\/secure.gravatar.com\/avatar\/eeff3c82f2c02f7177d13663b7e6f890e9a6a0647ce9bb29cae02dcb094c7312?s=96&d=mm&r=g\",\"contentUrl\":\"https:\/\/secure.gravatar.com\/avatar\/eeff3c82f2c02f7177d13663b7e6f890e9a6a0647ce9bb29cae02dcb094c7312?s=96&d=mm&r=g\",\"caption\":\"webman\"},\"url\":\"https:\/\/dev.explora.cl\/aysen\/author\/webman\/\"}]}<\/script>\n<!-- \/ Yoast SEO plugin. -->","yoast_head_json":{"title":"Entrevista a Dra. Claudia Ortiz: Biorremediaci\u00f3n de pasivos ambientales para la rehabilitaci\u00f3n de sitios intervenidos. - Aysen","robots":{"index":"index","follow":"follow","max-snippet":"max-snippet:-1","max-image-preview":"max-image-preview:large","max-video-preview":"max-video-preview:-1"},"canonical":"https:\/\/dev.explora.cl\/aysen\/entrevista-a-dra-claudia-ortiz-biorremediacion-de-pasivos-ambientales-para-la-rehabilitacion-de-sitios-intervenidos\/","og_locale":"es_ES","og_type":"article","og_title":"Entrevista a Dra. Claudia Ortiz: Biorremediaci\u00f3n de pasivos ambientales para la rehabilitaci\u00f3n de sitios intervenidos. - Aysen","og_description":"Claudia Ortiz Calder\u00f3n es Bioqu\u00edmica de la Universidad de Santiago de Chile y Doctora en Ciencias Biol\u00f3gicas de la Universidad de Chile, realiz\u00f3 estudios de Post Doctorado en Biolog\u00eda Molecular del Stress en University College London. Actualmente se desempe\u00f1a como Jefa del Laboratorio de Bioqu\u00edmica Vegetal y Fitorremediaci\u00f3n en la Universidad de Santiago de Chile, [&hellip;]","og_url":"https:\/\/dev.explora.cl\/aysen\/entrevista-a-dra-claudia-ortiz-biorremediacion-de-pasivos-ambientales-para-la-rehabilitacion-de-sitios-intervenidos\/","og_site_name":"Aysen","article_published_time":"2015-04-28T04:00:00+00:00","article_modified_time":"2019-05-20T21:21:48+00:00","og_image":[{"width":800,"height":533,"url":"https:\/\/dev.explora.cl\/aysen\/wp-content\/uploads\/sites\/18\/2018\/06\/2a9ceb674dd25489978c3ffc90b75279.jpg","type":"image\/jpeg"}],"author":"webman","twitter_card":"summary_large_image","twitter_misc":{"Escrito por":"webman","Tiempo estimado de lectura":"4 minutos"},"schema":{"@context":"https:\/\/schema.org","@graph":[{"@type":"Article","@id":"https:\/\/dev.explora.cl\/aysen\/entrevista-a-dra-claudia-ortiz-biorremediacion-de-pasivos-ambientales-para-la-rehabilitacion-de-sitios-intervenidos\/#article","isPartOf":{"@id":"https:\/\/dev.explora.cl\/aysen\/entrevista-a-dra-claudia-ortiz-biorremediacion-de-pasivos-ambientales-para-la-rehabilitacion-de-sitios-intervenidos\/"},"author":{"name":"webman","@id":"https:\/\/dev.explora.cl\/aysen\/#\/schema\/person\/cb8349c13ea2d324080adf8480d7ba5d"},"headline":"Entrevista a Dra. Claudia Ortiz: Biorremediaci\u00f3n de pasivos ambientales para la rehabilitaci\u00f3n de sitios intervenidos.","datePublished":"2015-04-28T04:00:00+00:00","dateModified":"2019-05-20T21:21:48+00:00","mainEntityOfPage":{"@id":"https:\/\/dev.explora.cl\/aysen\/entrevista-a-dra-claudia-ortiz-biorremediacion-de-pasivos-ambientales-para-la-rehabilitacion-de-sitios-intervenidos\/"},"wordCount":803,"commentCount":0,"image":{"@id":"https:\/\/dev.explora.cl\/aysen\/entrevista-a-dra-claudia-ortiz-biorremediacion-de-pasivos-ambientales-para-la-rehabilitacion-de-sitios-intervenidos\/#primaryimage"},"thumbnailUrl":"https:\/\/dev.explora.cl\/aysen\/wp-content\/uploads\/sites\/18\/2018\/06\/2a9ceb674dd25489978c3ffc90b75279.jpg","articleSection":["Noticias"],"inLanguage":"es-CL","potentialAction":[{"@type":"CommentAction","name":"Comment","target":["https:\/\/dev.explora.cl\/aysen\/entrevista-a-dra-claudia-ortiz-biorremediacion-de-pasivos-ambientales-para-la-rehabilitacion-de-sitios-intervenidos\/#respond"]}]},{"@type":"WebPage","@id":"https:\/\/dev.explora.cl\/aysen\/entrevista-a-dra-claudia-ortiz-biorremediacion-de-pasivos-ambientales-para-la-rehabilitacion-de-sitios-intervenidos\/","url":"https:\/\/dev.explora.cl\/aysen\/entrevista-a-dra-claudia-ortiz-biorremediacion-de-pasivos-ambientales-para-la-rehabilitacion-de-sitios-intervenidos\/","name":"Entrevista a Dra. Claudia Ortiz: Biorremediaci\u00f3n de pasivos ambientales para la rehabilitaci\u00f3n de sitios intervenidos. - Aysen","isPartOf":{"@id":"https:\/\/dev.explora.cl\/aysen\/#website"},"primaryImageOfPage":{"@id":"https:\/\/dev.explora.cl\/aysen\/entrevista-a-dra-claudia-ortiz-biorremediacion-de-pasivos-ambientales-para-la-rehabilitacion-de-sitios-intervenidos\/#primaryimage"},"image":{"@id":"https:\/\/dev.explora.cl\/aysen\/entrevista-a-dra-claudia-ortiz-biorremediacion-de-pasivos-ambientales-para-la-rehabilitacion-de-sitios-intervenidos\/#primaryimage"},"thumbnailUrl":"https:\/\/dev.explora.cl\/aysen\/wp-content\/uploads\/sites\/18\/2018\/06\/2a9ceb674dd25489978c3ffc90b75279.jpg","datePublished":"2015-04-28T04:00:00+00:00","dateModified":"2019-05-20T21:21:48+00:00","author":{"@id":"https:\/\/dev.explora.cl\/aysen\/#\/schema\/person\/cb8349c13ea2d324080adf8480d7ba5d"},"breadcrumb":{"@id":"https:\/\/dev.explora.cl\/aysen\/entrevista-a-dra-claudia-ortiz-biorremediacion-de-pasivos-ambientales-para-la-rehabilitacion-de-sitios-intervenidos\/#breadcrumb"},"inLanguage":"es-CL","potentialAction":[{"@type":"ReadAction","target":["https:\/\/dev.explora.cl\/aysen\/entrevista-a-dra-claudia-ortiz-biorremediacion-de-pasivos-ambientales-para-la-rehabilitacion-de-sitios-intervenidos\/"]}]},{"@type":"ImageObject","inLanguage":"es-CL","@id":"https:\/\/dev.explora.cl\/aysen\/entrevista-a-dra-claudia-ortiz-biorremediacion-de-pasivos-ambientales-para-la-rehabilitacion-de-sitios-intervenidos\/#primaryimage","url":"https:\/\/dev.explora.cl\/aysen\/wp-content\/uploads\/sites\/18\/2018\/06\/2a9ceb674dd25489978c3ffc90b75279.jpg","contentUrl":"https:\/\/dev.explora.cl\/aysen\/wp-content\/uploads\/sites\/18\/2018\/06\/2a9ceb674dd25489978c3ffc90b75279.jpg","width":800,"height":533},{"@type":"BreadcrumbList","@id":"https:\/\/dev.explora.cl\/aysen\/entrevista-a-dra-claudia-ortiz-biorremediacion-de-pasivos-ambientales-para-la-rehabilitacion-de-sitios-intervenidos\/#breadcrumb","itemListElement":[{"@type":"ListItem","position":1,"name":"Portada","item":"https:\/\/dev.explora.cl\/aysen\/"},{"@type":"ListItem","position":2,"name":"Entrevista a Dra. Claudia Ortiz: Biorremediaci\u00f3n de pasivos ambientales para la rehabilitaci\u00f3n de sitios intervenidos."}]},{"@type":"WebSite","@id":"https:\/\/dev.explora.cl\/aysen\/#website","url":"https:\/\/dev.explora.cl\/aysen\/","name":"Aysen","description":"Otro sitio m\u00e1s de dev.explora.cl","potentialAction":[{"@type":"SearchAction","target":{"@type":"EntryPoint","urlTemplate":"https:\/\/dev.explora.cl\/aysen\/?s={search_term_string}"},"query-input":{"@type":"PropertyValueSpecification","valueRequired":true,"valueName":"search_term_string"}}],"inLanguage":"es-CL"},{"@type":"Person","@id":"https:\/\/dev.explora.cl\/aysen\/#\/schema\/person\/cb8349c13ea2d324080adf8480d7ba5d","name":"webman","image":{"@type":"ImageObject","inLanguage":"es-CL","@id":"https:\/\/dev.explora.cl\/aysen\/#\/schema\/person\/image\/","url":"https:\/\/secure.gravatar.com\/avatar\/eeff3c82f2c02f7177d13663b7e6f890e9a6a0647ce9bb29cae02dcb094c7312?s=96&d=mm&r=g","contentUrl":"https:\/\/secure.gravatar.com\/avatar\/eeff3c82f2c02f7177d13663b7e6f890e9a6a0647ce9bb29cae02dcb094c7312?s=96&d=mm&r=g","caption":"webman"},"url":"https:\/\/dev.explora.cl\/aysen\/author\/webman\/"}]}},"_links":{"self":[{"href":"https:\/\/dev.explora.cl\/aysen\/wp-json\/wp\/v2\/posts\/200","targetHints":{"allow":["GET"]}}],"collection":[{"href":"https:\/\/dev.explora.cl\/aysen\/wp-json\/wp\/v2\/posts"}],"about":[{"href":"https:\/\/dev.explora.cl\/aysen\/wp-json\/wp\/v2\/types\/post"}],"author":[{"embeddable":true,"href":"https:\/\/dev.explora.cl\/aysen\/wp-json\/wp\/v2\/users\/2"}],"replies":[{"embeddable":true,"href":"https:\/\/dev.explora.cl\/aysen\/wp-json\/wp\/v2\/comments?post=200"}],"version-history":[{"count":1,"href":"https:\/\/dev.explora.cl\/aysen\/wp-json\/wp\/v2\/posts\/200\/revisions"}],"predecessor-version":[{"id":37316,"href":"https:\/\/dev.explora.cl\/aysen\/wp-json\/wp\/v2\/posts\/200\/revisions\/37316"}],"wp:featuredmedia":[{"embeddable":true,"href":"https:\/\/dev.explora.cl\/aysen\/wp-json\/wp\/v2\/media\/201"}],"wp:attachment":[{"href":"https:\/\/dev.explora.cl\/aysen\/wp-json\/wp\/v2\/media?parent=200"}],"wp:term":[{"taxonomy":"category","embeddable":true,"href":"https:\/\/dev.explora.cl\/aysen\/wp-json\/wp\/v2\/categories?post=200"},{"taxonomy":"post_tag","embeddable":true,"href":"https:\/\/dev.explora.cl\/aysen\/wp-json\/wp\/v2\/tags?post=200"}],"curies":[{"name":"wp","href":"https:\/\/api.w.org\/{rel}","templated":true}]}}