{"id":186,"date":"2015-04-15T00:00:00","date_gmt":"2015-04-15T04:00:00","guid":{"rendered":"https:\/\/dev.explora.cl\/aysen\/blog\/2015\/04\/15\/par-explora-aysen-colabora-con-segundo-cafe-con-ciencia-a-realizar-en-coyhaique\/"},"modified":"2019-05-20T21:21:52","modified_gmt":"2019-05-20T21:21:52","slug":"par-explora-aysen-colabora-con-segundo-cafe-con-ciencia-a-realizar-en-coyhaique","status":"publish","type":"post","link":"https:\/\/dev.explora.cl\/aysen\/par-explora-aysen-colabora-con-segundo-cafe-con-ciencia-a-realizar-en-coyhaique\/","title":{"rendered":"PAR EXPLORA Ays\u00e9n colabora con segundo Caf\u00e9 con Ciencia a realizar en Coyhaique."},"content":{"rendered":"<p><img loading=\"lazy\" decoding=\"async\" class=\" size-full wp-image-10156\" src=\"http:\/\/ec2-34-218-253-251.us-west-2.compute.amazonaws.com\/wp-content\/uploads\/2015\/04\/bcead7c3c82ee51fcdaadd6763a517b5.jpg\" alt=\"\" width=\"190\" height=\"276\" \/><\/p>\n<p>La ONG Aumen (Eco de los Montes) en conjunto con el Campus Patagonia de la Universidad Austral de Chile a trav\u00e9s del PAR EXPLORA Regi\u00f3n de Ays\u00e9n realizar\u00e1n el segundo Caf\u00e9 Con Ciencia que se llevar\u00e1 a el pr\u00f3ximo viernes 17 de abril a las 19:30 horas en el Restaurant Adobe, ubicado en calle Baquedano #9.<\/p>\n<p>\u201cQueremos continuar con este ciclo de charlas que tuvo un exitoso inicio en nuestra ciudad, invit\u00e1ndolos a participar en esta interesante charla cient\u00edfica\u201d, invitaron desde Aumen, dedicada a la protecci\u00f3n ambiental, investigaci\u00f3n cient\u00edfica, educaci\u00f3n ambiental y rescate patrimonial.<\/p>\n<p>En esta oportunidad, el expositor ser\u00e1 el Bioqu\u00edmico, Doctor en Ciencias Hans Richter, Profesor Titular de la Facultad de Medicina de la Universidad Austral de Chile, Director de Investigaci\u00f3n y Desarrollo, cuya presentaci\u00f3n versar\u00e1 sobre los da\u00f1os de la luz artificial en las mujeres embarazadas y trabajadores que laboran bajo el r\u00e9gimen de sistema de turnos.<\/p>\n<p>El Dr. Hans Richter, explica el contexto de la investigaci\u00f3n que presentar\u00e1 este viernes 17 de abril en Coyhaique \u201cExiste s\u00f3lida evidencia que demuestra que los turnos rotativos de trabajo nocturno, que actualmente afecta un 20-25% de la fuerza laboral mundial, tiene efectos adversos para la salud\u201d. Los hallazgos recientes del Laboratorio de Cronobiolog\u00eda del Desarrollo de la Universidad Austral ser\u00e1n dados a conocer en la cita.<\/p>\n<p>Adem\u00e1s desde Aumen agradecieron el inter\u00e9s, colaboraci\u00f3n y compromiso mostrado por el Campus Patagonia a trav\u00e9s de su PAR EXPLORA en la realizaci\u00f3n del \u201cCaf\u00e9 con Ciencia\u201d, gestionando la presencia del profesor Richter y del apoyo entregado en la primera versi\u00f3n que estuvo enfocada en la astronom\u00eda.<\/p>\n","protected":false},"excerpt":{"rendered":"<p>La ONG Aumen (Eco de los Montes) en conjunto con el Campus Patagonia de la Universidad Austral de Chile a trav\u00e9s del PAR EXPLORA Regi\u00f3n de Ays\u00e9n realizar\u00e1n el segundo Caf\u00e9 Con Ciencia que se llevar\u00e1 a el pr\u00f3ximo viernes 17 de abril a las 19:30 horas en el Restaurant Adobe, ubicado en calle Baquedano [&hellip;]<\/p>\n","protected":false},"author":2,"featured_media":187,"comment_status":"open","ping_status":"open","sticky":false,"template":"","format":"standard","meta":{"_acf_changed":false,"_exactmetrics_skip_tracking":false,"_exactmetrics_sitenote_active":false,"_exactmetrics_sitenote_note":"","_exactmetrics_sitenote_category":0,"footnotes":"","_links_to":"","_links_to_target":""},"categories":[4],"tags":[],"class_list":["post-186","post","type-post","status-publish","format-standard","has-post-thumbnail","hentry","category-noticias"],"acf":[],"yoast_head":"<!-- This site is optimized with the Yoast SEO plugin v26.7 - https:\/\/yoast.com\/wordpress\/plugins\/seo\/ -->\n<title>PAR EXPLORA Ays\u00e9n colabora con segundo Caf\u00e9 con Ciencia a realizar en Coyhaique. - Aysen<\/title>\n<meta name=\"robots\" content=\"index, follow, max-snippet:-1, max-image-preview:large, max-video-preview:-1\" \/>\n<link rel=\"canonical\" href=\"https:\/\/dev.explora.cl\/aysen\/par-explora-aysen-colabora-con-segundo-cafe-con-ciencia-a-realizar-en-coyhaique\/\" class=\"yoast-seo-meta-tag\" \/>\n<meta property=\"og:locale\" content=\"es_ES\" class=\"yoast-seo-meta-tag\" \/>\n<meta property=\"og:type\" content=\"article\" class=\"yoast-seo-meta-tag\" \/>\n<meta property=\"og:title\" content=\"PAR EXPLORA Ays\u00e9n colabora con segundo Caf\u00e9 con Ciencia a realizar en Coyhaique. - Aysen\" class=\"yoast-seo-meta-tag\" \/>\n<meta property=\"og:description\" content=\"La ONG Aumen (Eco de los Montes) en conjunto con el Campus Patagonia de la Universidad Austral de Chile a trav\u00e9s del PAR EXPLORA Regi\u00f3n de Ays\u00e9n realizar\u00e1n el segundo Caf\u00e9 Con Ciencia que se llevar\u00e1 a el pr\u00f3ximo viernes 17 de abril a las 19:30 horas en el Restaurant Adobe, ubicado en calle Baquedano [&hellip;]\" class=\"yoast-seo-meta-tag\" \/>\n<meta property=\"og:url\" content=\"https:\/\/dev.explora.cl\/aysen\/par-explora-aysen-colabora-con-segundo-cafe-con-ciencia-a-realizar-en-coyhaique\/\" class=\"yoast-seo-meta-tag\" \/>\n<meta property=\"og:site_name\" content=\"Aysen\" class=\"yoast-seo-meta-tag\" \/>\n<meta property=\"article:published_time\" content=\"2015-04-15T04:00:00+00:00\" class=\"yoast-seo-meta-tag\" \/>\n<meta property=\"article:modified_time\" content=\"2019-05-20T21:21:52+00:00\" class=\"yoast-seo-meta-tag\" \/>\n<meta property=\"og:image\" content=\"https:\/\/dev.explora.cl\/aysen\/wp-content\/uploads\/sites\/18\/2018\/06\/bcead7c3c82ee51fcdaadd6763a517b5.jpg\" class=\"yoast-seo-meta-tag\" \/>\n\t<meta property=\"og:image:width\" content=\"190\" class=\"yoast-seo-meta-tag\" \/>\n\t<meta property=\"og:image:height\" content=\"276\" class=\"yoast-seo-meta-tag\" \/>\n\t<meta property=\"og:image:type\" content=\"image\/jpeg\" class=\"yoast-seo-meta-tag\" \/>\n<meta name=\"author\" content=\"webman\" class=\"yoast-seo-meta-tag\" \/>\n<meta name=\"twitter:card\" content=\"summary_large_image\" class=\"yoast-seo-meta-tag\" \/>\n<meta name=\"twitter:label1\" content=\"Escrito por\" class=\"yoast-seo-meta-tag\" \/>\n\t<meta name=\"twitter:data1\" content=\"webman\" class=\"yoast-seo-meta-tag\" \/>\n\t<meta name=\"twitter:label2\" content=\"Tiempo estimado de lectura\" class=\"yoast-seo-meta-tag\" \/>\n\t<meta name=\"twitter:data2\" content=\"1 minuto\" class=\"yoast-seo-meta-tag\" \/>\n<script type=\"application\/ld+json\" class=\"yoast-schema-graph\">{\"@context\":\"https:\/\/schema.org\",\"@graph\":[{\"@type\":\"Article\",\"@id\":\"https:\/\/dev.explora.cl\/aysen\/par-explora-aysen-colabora-con-segundo-cafe-con-ciencia-a-realizar-en-coyhaique\/#article\",\"isPartOf\":{\"@id\":\"https:\/\/dev.explora.cl\/aysen\/par-explora-aysen-colabora-con-segundo-cafe-con-ciencia-a-realizar-en-coyhaique\/\"},\"author\":{\"name\":\"webman\",\"@id\":\"https:\/\/dev.explora.cl\/aysen\/#\/schema\/person\/cb8349c13ea2d324080adf8480d7ba5d\"},\"headline\":\"PAR EXPLORA Ays\u00e9n colabora con segundo Caf\u00e9 con Ciencia a realizar en Coyhaique.\",\"datePublished\":\"2015-04-15T04:00:00+00:00\",\"dateModified\":\"2019-05-20T21:21:52+00:00\",\"mainEntityOfPage\":{\"@id\":\"https:\/\/dev.explora.cl\/aysen\/par-explora-aysen-colabora-con-segundo-cafe-con-ciencia-a-realizar-en-coyhaique\/\"},\"wordCount\":301,\"commentCount\":0,\"image\":{\"@id\":\"https:\/\/dev.explora.cl\/aysen\/par-explora-aysen-colabora-con-segundo-cafe-con-ciencia-a-realizar-en-coyhaique\/#primaryimage\"},\"thumbnailUrl\":\"https:\/\/dev.explora.cl\/aysen\/wp-content\/uploads\/sites\/18\/2018\/06\/bcead7c3c82ee51fcdaadd6763a517b5.jpg\",\"articleSection\":[\"Noticias\"],\"inLanguage\":\"es-CL\",\"potentialAction\":[{\"@type\":\"CommentAction\",\"name\":\"Comment\",\"target\":[\"https:\/\/dev.explora.cl\/aysen\/par-explora-aysen-colabora-con-segundo-cafe-con-ciencia-a-realizar-en-coyhaique\/#respond\"]}]},{\"@type\":\"WebPage\",\"@id\":\"https:\/\/dev.explora.cl\/aysen\/par-explora-aysen-colabora-con-segundo-cafe-con-ciencia-a-realizar-en-coyhaique\/\",\"url\":\"https:\/\/dev.explora.cl\/aysen\/par-explora-aysen-colabora-con-segundo-cafe-con-ciencia-a-realizar-en-coyhaique\/\",\"name\":\"PAR EXPLORA Ays\u00e9n colabora con segundo Caf\u00e9 con Ciencia a realizar en Coyhaique. - Aysen\",\"isPartOf\":{\"@id\":\"https:\/\/dev.explora.cl\/aysen\/#website\"},\"primaryImageOfPage\":{\"@id\":\"https:\/\/dev.explora.cl\/aysen\/par-explora-aysen-colabora-con-segundo-cafe-con-ciencia-a-realizar-en-coyhaique\/#primaryimage\"},\"image\":{\"@id\":\"https:\/\/dev.explora.cl\/aysen\/par-explora-aysen-colabora-con-segundo-cafe-con-ciencia-a-realizar-en-coyhaique\/#primaryimage\"},\"thumbnailUrl\":\"https:\/\/dev.explora.cl\/aysen\/wp-content\/uploads\/sites\/18\/2018\/06\/bcead7c3c82ee51fcdaadd6763a517b5.jpg\",\"datePublished\":\"2015-04-15T04:00:00+00:00\",\"dateModified\":\"2019-05-20T21:21:52+00:00\",\"author\":{\"@id\":\"https:\/\/dev.explora.cl\/aysen\/#\/schema\/person\/cb8349c13ea2d324080adf8480d7ba5d\"},\"breadcrumb\":{\"@id\":\"https:\/\/dev.explora.cl\/aysen\/par-explora-aysen-colabora-con-segundo-cafe-con-ciencia-a-realizar-en-coyhaique\/#breadcrumb\"},\"inLanguage\":\"es-CL\",\"potentialAction\":[{\"@type\":\"ReadAction\",\"target\":[\"https:\/\/dev.explora.cl\/aysen\/par-explora-aysen-colabora-con-segundo-cafe-con-ciencia-a-realizar-en-coyhaique\/\"]}]},{\"@type\":\"ImageObject\",\"inLanguage\":\"es-CL\",\"@id\":\"https:\/\/dev.explora.cl\/aysen\/par-explora-aysen-colabora-con-segundo-cafe-con-ciencia-a-realizar-en-coyhaique\/#primaryimage\",\"url\":\"https:\/\/dev.explora.cl\/aysen\/wp-content\/uploads\/sites\/18\/2018\/06\/bcead7c3c82ee51fcdaadd6763a517b5.jpg\",\"contentUrl\":\"https:\/\/dev.explora.cl\/aysen\/wp-content\/uploads\/sites\/18\/2018\/06\/bcead7c3c82ee51fcdaadd6763a517b5.jpg\",\"width\":190,\"height\":276},{\"@type\":\"BreadcrumbList\",\"@id\":\"https:\/\/dev.explora.cl\/aysen\/par-explora-aysen-colabora-con-segundo-cafe-con-ciencia-a-realizar-en-coyhaique\/#breadcrumb\",\"itemListElement\":[{\"@type\":\"ListItem\",\"position\":1,\"name\":\"Portada\",\"item\":\"https:\/\/dev.explora.cl\/aysen\/\"},{\"@type\":\"ListItem\",\"position\":2,\"name\":\"PAR EXPLORA Ays\u00e9n colabora con segundo Caf\u00e9 con Ciencia a realizar en Coyhaique.\"}]},{\"@type\":\"WebSite\",\"@id\":\"https:\/\/dev.explora.cl\/aysen\/#website\",\"url\":\"https:\/\/dev.explora.cl\/aysen\/\",\"name\":\"Aysen\",\"description\":\"Otro sitio m\u00e1s de dev.explora.cl\",\"potentialAction\":[{\"@type\":\"SearchAction\",\"target\":{\"@type\":\"EntryPoint\",\"urlTemplate\":\"https:\/\/dev.explora.cl\/aysen\/?s={search_term_string}\"},\"query-input\":{\"@type\":\"PropertyValueSpecification\",\"valueRequired\":true,\"valueName\":\"search_term_string\"}}],\"inLanguage\":\"es-CL\"},{\"@type\":\"Person\",\"@id\":\"https:\/\/dev.explora.cl\/aysen\/#\/schema\/person\/cb8349c13ea2d324080adf8480d7ba5d\",\"name\":\"webman\",\"image\":{\"@type\":\"ImageObject\",\"inLanguage\":\"es-CL\",\"@id\":\"https:\/\/dev.explora.cl\/aysen\/#\/schema\/person\/image\/\",\"url\":\"https:\/\/secure.gravatar.com\/avatar\/eeff3c82f2c02f7177d13663b7e6f890e9a6a0647ce9bb29cae02dcb094c7312?s=96&d=mm&r=g\",\"contentUrl\":\"https:\/\/secure.gravatar.com\/avatar\/eeff3c82f2c02f7177d13663b7e6f890e9a6a0647ce9bb29cae02dcb094c7312?s=96&d=mm&r=g\",\"caption\":\"webman\"},\"url\":\"https:\/\/dev.explora.cl\/aysen\/author\/webman\/\"}]}<\/script>\n<!-- \/ Yoast SEO plugin. -->","yoast_head_json":{"title":"PAR EXPLORA Ays\u00e9n colabora con segundo Caf\u00e9 con Ciencia a realizar en Coyhaique. - Aysen","robots":{"index":"index","follow":"follow","max-snippet":"max-snippet:-1","max-image-preview":"max-image-preview:large","max-video-preview":"max-video-preview:-1"},"canonical":"https:\/\/dev.explora.cl\/aysen\/par-explora-aysen-colabora-con-segundo-cafe-con-ciencia-a-realizar-en-coyhaique\/","og_locale":"es_ES","og_type":"article","og_title":"PAR EXPLORA Ays\u00e9n colabora con segundo Caf\u00e9 con Ciencia a realizar en Coyhaique. - Aysen","og_description":"La ONG Aumen (Eco de los Montes) en conjunto con el Campus Patagonia de la Universidad Austral de Chile a trav\u00e9s del PAR EXPLORA Regi\u00f3n de Ays\u00e9n realizar\u00e1n el segundo Caf\u00e9 Con Ciencia que se llevar\u00e1 a el pr\u00f3ximo viernes 17 de abril a las 19:30 horas en el Restaurant Adobe, ubicado en calle Baquedano [&hellip;]","og_url":"https:\/\/dev.explora.cl\/aysen\/par-explora-aysen-colabora-con-segundo-cafe-con-ciencia-a-realizar-en-coyhaique\/","og_site_name":"Aysen","article_published_time":"2015-04-15T04:00:00+00:00","article_modified_time":"2019-05-20T21:21:52+00:00","og_image":[{"width":190,"height":276,"url":"https:\/\/dev.explora.cl\/aysen\/wp-content\/uploads\/sites\/18\/2018\/06\/bcead7c3c82ee51fcdaadd6763a517b5.jpg","type":"image\/jpeg"}],"author":"webman","twitter_card":"summary_large_image","twitter_misc":{"Escrito por":"webman","Tiempo estimado de lectura":"1 minuto"},"schema":{"@context":"https:\/\/schema.org","@graph":[{"@type":"Article","@id":"https:\/\/dev.explora.cl\/aysen\/par-explora-aysen-colabora-con-segundo-cafe-con-ciencia-a-realizar-en-coyhaique\/#article","isPartOf":{"@id":"https:\/\/dev.explora.cl\/aysen\/par-explora-aysen-colabora-con-segundo-cafe-con-ciencia-a-realizar-en-coyhaique\/"},"author":{"name":"webman","@id":"https:\/\/dev.explora.cl\/aysen\/#\/schema\/person\/cb8349c13ea2d324080adf8480d7ba5d"},"headline":"PAR EXPLORA Ays\u00e9n colabora con segundo Caf\u00e9 con Ciencia a realizar en Coyhaique.","datePublished":"2015-04-15T04:00:00+00:00","dateModified":"2019-05-20T21:21:52+00:00","mainEntityOfPage":{"@id":"https:\/\/dev.explora.cl\/aysen\/par-explora-aysen-colabora-con-segundo-cafe-con-ciencia-a-realizar-en-coyhaique\/"},"wordCount":301,"commentCount":0,"image":{"@id":"https:\/\/dev.explora.cl\/aysen\/par-explora-aysen-colabora-con-segundo-cafe-con-ciencia-a-realizar-en-coyhaique\/#primaryimage"},"thumbnailUrl":"https:\/\/dev.explora.cl\/aysen\/wp-content\/uploads\/sites\/18\/2018\/06\/bcead7c3c82ee51fcdaadd6763a517b5.jpg","articleSection":["Noticias"],"inLanguage":"es-CL","potentialAction":[{"@type":"CommentAction","name":"Comment","target":["https:\/\/dev.explora.cl\/aysen\/par-explora-aysen-colabora-con-segundo-cafe-con-ciencia-a-realizar-en-coyhaique\/#respond"]}]},{"@type":"WebPage","@id":"https:\/\/dev.explora.cl\/aysen\/par-explora-aysen-colabora-con-segundo-cafe-con-ciencia-a-realizar-en-coyhaique\/","url":"https:\/\/dev.explora.cl\/aysen\/par-explora-aysen-colabora-con-segundo-cafe-con-ciencia-a-realizar-en-coyhaique\/","name":"PAR EXPLORA Ays\u00e9n colabora con segundo Caf\u00e9 con Ciencia a realizar en Coyhaique. - Aysen","isPartOf":{"@id":"https:\/\/dev.explora.cl\/aysen\/#website"},"primaryImageOfPage":{"@id":"https:\/\/dev.explora.cl\/aysen\/par-explora-aysen-colabora-con-segundo-cafe-con-ciencia-a-realizar-en-coyhaique\/#primaryimage"},"image":{"@id":"https:\/\/dev.explora.cl\/aysen\/par-explora-aysen-colabora-con-segundo-cafe-con-ciencia-a-realizar-en-coyhaique\/#primaryimage"},"thumbnailUrl":"https:\/\/dev.explora.cl\/aysen\/wp-content\/uploads\/sites\/18\/2018\/06\/bcead7c3c82ee51fcdaadd6763a517b5.jpg","datePublished":"2015-04-15T04:00:00+00:00","dateModified":"2019-05-20T21:21:52+00:00","author":{"@id":"https:\/\/dev.explora.cl\/aysen\/#\/schema\/person\/cb8349c13ea2d324080adf8480d7ba5d"},"breadcrumb":{"@id":"https:\/\/dev.explora.cl\/aysen\/par-explora-aysen-colabora-con-segundo-cafe-con-ciencia-a-realizar-en-coyhaique\/#breadcrumb"},"inLanguage":"es-CL","potentialAction":[{"@type":"ReadAction","target":["https:\/\/dev.explora.cl\/aysen\/par-explora-aysen-colabora-con-segundo-cafe-con-ciencia-a-realizar-en-coyhaique\/"]}]},{"@type":"ImageObject","inLanguage":"es-CL","@id":"https:\/\/dev.explora.cl\/aysen\/par-explora-aysen-colabora-con-segundo-cafe-con-ciencia-a-realizar-en-coyhaique\/#primaryimage","url":"https:\/\/dev.explora.cl\/aysen\/wp-content\/uploads\/sites\/18\/2018\/06\/bcead7c3c82ee51fcdaadd6763a517b5.jpg","contentUrl":"https:\/\/dev.explora.cl\/aysen\/wp-content\/uploads\/sites\/18\/2018\/06\/bcead7c3c82ee51fcdaadd6763a517b5.jpg","width":190,"height":276},{"@type":"BreadcrumbList","@id":"https:\/\/dev.explora.cl\/aysen\/par-explora-aysen-colabora-con-segundo-cafe-con-ciencia-a-realizar-en-coyhaique\/#breadcrumb","itemListElement":[{"@type":"ListItem","position":1,"name":"Portada","item":"https:\/\/dev.explora.cl\/aysen\/"},{"@type":"ListItem","position":2,"name":"PAR EXPLORA Ays\u00e9n colabora con segundo Caf\u00e9 con Ciencia a realizar en Coyhaique."}]},{"@type":"WebSite","@id":"https:\/\/dev.explora.cl\/aysen\/#website","url":"https:\/\/dev.explora.cl\/aysen\/","name":"Aysen","description":"Otro sitio m\u00e1s de dev.explora.cl","potentialAction":[{"@type":"SearchAction","target":{"@type":"EntryPoint","urlTemplate":"https:\/\/dev.explora.cl\/aysen\/?s={search_term_string}"},"query-input":{"@type":"PropertyValueSpecification","valueRequired":true,"valueName":"search_term_string"}}],"inLanguage":"es-CL"},{"@type":"Person","@id":"https:\/\/dev.explora.cl\/aysen\/#\/schema\/person\/cb8349c13ea2d324080adf8480d7ba5d","name":"webman","image":{"@type":"ImageObject","inLanguage":"es-CL","@id":"https:\/\/dev.explora.cl\/aysen\/#\/schema\/person\/image\/","url":"https:\/\/secure.gravatar.com\/avatar\/eeff3c82f2c02f7177d13663b7e6f890e9a6a0647ce9bb29cae02dcb094c7312?s=96&d=mm&r=g","contentUrl":"https:\/\/secure.gravatar.com\/avatar\/eeff3c82f2c02f7177d13663b7e6f890e9a6a0647ce9bb29cae02dcb094c7312?s=96&d=mm&r=g","caption":"webman"},"url":"https:\/\/dev.explora.cl\/aysen\/author\/webman\/"}]}},"_links":{"self":[{"href":"https:\/\/dev.explora.cl\/aysen\/wp-json\/wp\/v2\/posts\/186","targetHints":{"allow":["GET"]}}],"collection":[{"href":"https:\/\/dev.explora.cl\/aysen\/wp-json\/wp\/v2\/posts"}],"about":[{"href":"https:\/\/dev.explora.cl\/aysen\/wp-json\/wp\/v2\/types\/post"}],"author":[{"embeddable":true,"href":"https:\/\/dev.explora.cl\/aysen\/wp-json\/wp\/v2\/users\/2"}],"replies":[{"embeddable":true,"href":"https:\/\/dev.explora.cl\/aysen\/wp-json\/wp\/v2\/comments?post=186"}],"version-history":[{"count":1,"href":"https:\/\/dev.explora.cl\/aysen\/wp-json\/wp\/v2\/posts\/186\/revisions"}],"predecessor-version":[{"id":37323,"href":"https:\/\/dev.explora.cl\/aysen\/wp-json\/wp\/v2\/posts\/186\/revisions\/37323"}],"wp:featuredmedia":[{"embeddable":true,"href":"https:\/\/dev.explora.cl\/aysen\/wp-json\/wp\/v2\/media\/187"}],"wp:attachment":[{"href":"https:\/\/dev.explora.cl\/aysen\/wp-json\/wp\/v2\/media?parent=186"}],"wp:term":[{"taxonomy":"category","embeddable":true,"href":"https:\/\/dev.explora.cl\/aysen\/wp-json\/wp\/v2\/categories?post=186"},{"taxonomy":"post_tag","embeddable":true,"href":"https:\/\/dev.explora.cl\/aysen\/wp-json\/wp\/v2\/tags?post=186"}],"curies":[{"name":"wp","href":"https:\/\/api.w.org\/{rel}","templated":true}]}}