{"id":180,"date":"2015-04-07T00:00:00","date_gmt":"2015-04-07T04:00:00","guid":{"rendered":"https:\/\/dev.explora.cl\/aysen\/blog\/2015\/04\/07\/con-tecnicas-de-vanguardia-exploran-efectos-del-cambio-climatico-en-la-patagonia\/"},"modified":"2019-05-20T21:21:54","modified_gmt":"2019-05-20T21:21:54","slug":"con-tecnicas-de-vanguardia-exploran-efectos-del-cambio-climatico-en-la-patagonia","status":"publish","type":"post","link":"https:\/\/dev.explora.cl\/aysen\/con-tecnicas-de-vanguardia-exploran-efectos-del-cambio-climatico-en-la-patagonia\/","title":{"rendered":"Con t\u00e9cnicas de vanguardia exploran efectos del cambio clim\u00e1tico en la Patagonia"},"content":{"rendered":"<p><img loading=\"lazy\" decoding=\"async\" class=\" size-full wp-image-10003\" src=\"http:\/\/ec2-34-218-253-251.us-west-2.compute.amazonaws.com\/wp-content\/uploads\/2015\/04\/9c730c88bba2903bb34838b8f78a4ee9.jpg\" alt=\"\" width=\"240\" height=\"180\" \/><\/p>\n<p>Dendrocronolog\u00eda y c\u00e1maras de policarbonato son utilizadas para medir efectos del calentamiento global en bosques de Ays\u00e9n.\u00a0<\/p>\n<p>El cambio clim\u00e1tico es el tema ambiental y econ\u00f3mico del momento. \u00a0Lo ha sido desde, por lo menos, las \u00faltimas dos d\u00e9cadas con creciente repercusi\u00f3n. \u00a0Libros, documentales, pel\u00edculas, conferencias, cumbres internacionales e incluso carreras pol\u00edticas se han sustentado en los hechos (y mitos) de los cada d\u00eda menos inciertos efectos que tiene (y tendr\u00e1) este fen\u00f3meno sobre la supervivencia del ser humano. \u00a0Y, de paso, sobre las millones de especies que nos acompa\u00f1an en esta azul bionave espacial que llamamos Tierra.<\/p>\n<p>Hace un par de meses se organiz\u00f3 en Lima la 20\u00aa Cumbre de las Partes (COP 20), para llegar a acuerdos multilaterales. Los ojos del mundo estuvieron puestos en la capital peruana durante las dos primeras semanas de diciembre de 2014, buscando consensos que permitan enfrentar un fen\u00f3meno que ha sido definido como la principal tarea ambiental de la humanidad.<\/p>\n<p>A miles de kil\u00f3metros al sur de Lima, en la Patagonia chilena, tambi\u00e9n preocupa el tema. En el austral territorio se est\u00e1n realizando investigaciones que permitan ir dilucidando las inc\u00f3gnitas que persisten. La principal, la respuesta del mundo natural al aumento global de la temperatura. En especial en una extensa \u00e1rea poco intervenida, con la consiguiente obligaci\u00f3n \u00e9tica de preservar tal legado y la oportunidad que representa para la ciencia conocer los efectos ecosist\u00e9micos del aumento de las temperaturas en zonas escasamente impactadas por nuestra especie. Algo que, a estas alturas del antropoceno (era geol\u00f3gica actual caracterizada por el impacto global de las actividades humanas), ya es mucho decir.<\/p>\n<p>Tal es el objetivo que se han autoimpuesto dos cient\u00edficos del Centro de Investigaci\u00f3n en Ecosistemas de la Patagonia (CIEP), de la Regi\u00f3n de Ays\u00e9n. Estudiando centenarios bosques de lenga y mediante experimentos controlados y en condiciones extremas, intentan descubrir en el intocado sur austral las respuestas que en Europa, Estados Unidos y otras latitudes, producto de la acci\u00f3n humana a gran escala, son imposibles de encontrar.<\/p>\n<p><strong>Con una particularidad.<\/strong><\/p>\n<p>Su trabajo lo realizan en la periferia de distribuci\u00f3n de las especies vegetales, en este caso en el l\u00edmite arb\u00f3reo de altura. En estas zonas resulta m\u00e1s factible medir los efectos de los cambios globales, ya que un grado m\u00e1s o menos de temperatura puede marcar la diferencia entre la vida o la muerte masiva de los \u00e1rboles. Una de las preguntas que se hacen estos investigadores es si un aumento de la temperatura global ser\u00e1 un incentivo para que los \u00e1rboles puedan crecer m\u00e1s all\u00e1 del l\u00edmite altitudinal actual.<\/p>\n<p><strong>Troncos con historia<\/strong><\/p>\n<p>Alex Fajardo es ingeniero forestal, doctor en Ciencias Forestales de la Universidad de Montana (Estados Unidos). En el verano de 2007 decidi\u00f3 medir la respuesta de los bosques patag\u00f3nicos de lenga (Nothofagus pumilio) al aumento global de temperatura en t\u00e9rminos de tasas de crecimiento durante los \u00faltimos tres siglos. Algo no tan dif\u00edcil, considerando que una lenga promedio puede llegar a los 300 a\u00f1os, aunque muy por debajo de los 4 mil que puede alcanzar el alerce (Fitzroya cupressoides). Lo que Fajardo quer\u00eda probar es si el aumento de temperatura global efectivamente ha permitido a los \u00e1rboles crecer m\u00e1s, especialmente a los emplazados a una mayor elevaci\u00f3n, sabiendo que tales individuos est\u00e1n continuamente limitados por las bajas temperaturas. Entonces, ante un aumento de temperatura global, la respuesta de los \u00e1rboles deber\u00eda ser un mayor crecimiento.<\/p>\n<p>Para probar tal expectativa accedi\u00f3 a cierta informaci\u00f3n encerrada al interior de cada ejemplar. Usando una t\u00e9cnica conocida como dendrocronolog\u00eda (estudio de los anillos de crecimiento en los troncos de los \u00e1rboles) midi\u00f3 el crecimiento anual de las lengas localizadas a mayor altura en la monta\u00f1a, durante los \u00faltimos 2 a 3 siglos. Para ello, extrajo tarugos (verdaderos \u201ctestigos\u201d de la influencia del entorno ambiental en las especies arb\u00f3reas) de cientos de individuos en el sector de El Fraile, cerca de Coyhaique, entre los mil y los 1.280 metros sobre el nivel del mar y en el \u00e1rea del portezuelo de la Reserva Nacional Cerro Castillo entre los 1.100 y los 1.300 msnm. En cada tarugo Fajardo midi\u00f3 el incremento anual en el ancho de los anillos.<\/p>\n<p>\u201cLo que pudimos comprobar es que aunque desde el inicio de la revoluci\u00f3n industrial (mediados del 1800) se ha producido un aumento en el crecimiento de los \u00e1rboles, este se detuvo hace 50 a 60 a\u00f1os atr\u00e1s, justo cuando el incremento de temperatura global debi\u00f3 comenzar a tener efectos\u201d explica Fajardo. Tal constataci\u00f3n emp\u00edrica contrasta con la l\u00f3gica del cambio clim\u00e1tico: los \u00e1rboles se deber\u00edan beneficiar de una mayor temperatura.<\/p>\n<p>\u201cEsto indica claramente que aunque la expectativa que se ha planteado es que los \u00e1rboles aumentar\u00e1n su crecimiento por individuo, podr\u00edan haber efectos secundarios del cambio clim\u00e1tico que estar\u00edan amortiguando tal proyecci\u00f3n. Una de ellas ser\u00eda que el aumento de temperatura tambi\u00e9n produce mayores tasas de transpiraci\u00f3n, es decir, menor humedad disponible lo cual genera otros problemas que antes no ten\u00edan\u201d es la tesis del investigador. En el fondo, hoy los bosques patag\u00f3nicos est\u00e1n en proceso de adaptaci\u00f3n al cambio clim\u00e1tico para aprovechar en toda su dimensi\u00f3n el supuesto beneficio del calentamiento global.<\/p>\n<p><strong>La vista puesta en el ma\u00f1ana<\/strong><\/p>\n<p>Como una forma de complementar los hallazgos de Fajardo, la ingeniera agr\u00f3noma, doctora en Ciencias Biol\u00f3gicas de la Universidad de Concepci\u00f3n, Frida Piper est\u00e1 mirando hacia el futuro. Evaluar el comportamiento proyectado de los bosques de lenga producto del cambio clim\u00e1tico.<\/p>\n<p>Para lograrlo, instal\u00f3 una serie de c\u00e1maras de cielo abierto (OTC, de \u201copen top chambers\u201d) que le permitieron controlar las condiciones de desarrollo de peque\u00f1as pl\u00e1ntulas. Mediante paredes inclinadas de policarbonato \u201cse atrapa la radiaci\u00f3n aumentando la temperatura interior, produciendo con ello una suerte de micro efecto invernadero, pero, al mismo tiempo, permitiendo que le llegue la lluvia\u201d apunta Piper.<\/p>\n<p>Lo que se esperaba era que el aumento de temperatura y evapotranspiraci\u00f3n (sequ\u00eda) producidas artificialmente por las c\u00e1maras afectaran negativamente a las pl\u00e1ntulas de lenga, o renovales, como se conocen en Ays\u00e9n. Pero ocurri\u00f3 todo lo contrario. \u201cLos pl\u00e1ntulas tuvieron mayores tasas de supervivencia y crecimiento en condiciones de mayor temperatura. Es decir, la regeneraci\u00f3n de lenga est\u00e1 muy bien preparada ante el cambio clim\u00e1tico\u201d explica.<\/p>\n<p>Esta respuesta \u201cpositiva\u201d de la regeneraci\u00f3n de lenga al aumento de temperatura se diferencia de los resultados \u201cnegativos\u201d obtenidos en \u00e1rboles adultos, lo cual implica respuestas distintas ante el cambio clim\u00e1tico seg\u00fan la edad de los \u00e1rboles. Esto hace m\u00e1s dif\u00edcil e interesante el estudio de los efectos del calentamiento global en las especies vegetales. Es decir, los efectos del calentamiento global no son tan simples como se cre\u00edan en un principio.<\/p>\n<p><strong>Metodolog\u00edas de vanguardia en Patagonia<\/strong><\/p>\n<p>Toparse con hallazgos que a simple vista pudieran resultar contradictorios, no amilana a estos investigadores. Algo que ha quedado claro es que el cambio clim\u00e1tico est\u00e1 teniendo, y tendr\u00e1, un efecto concreto sobre los bosques de la Patagonia y eso ya es interesante.<\/p>\n<p>Radicados al sur del sur, Fajardo y Piper han debido recurrir a metodolog\u00edas poco convencionales para interrogar de la mejor forma el pasado y el futuro de los ecosistemas forestales de este extenso territorio. La dendrocronolog\u00eda y las c\u00e1maras de policarbonato OTC no s<br \/>\non tecnolog\u00edas de uso com\u00fan en condiciones extremas, como las que normalmente se dan en Patagonia. Trabajar a bajas temperaturas, incluso en verano, con un manto de nieve y cargando equipos pesados no es tarea f\u00e1cil.<\/p>\n<p>\u201cEste trabajo involucra un tremendo sacrificio f\u00edsico y log\u00edstico\u201d se\u00f1ala Piper. Y es verdad. Para recoger muestras o realizar experimentos en condiciones poco intervenidas se debe llegar a lugares donde pr\u00e1cticamente no ha habido presencia humana. Y eso en el Centro de Investigaci\u00f3n en Ecosistemas de la Patagona, lo tienen claro.<\/p>\n<p>Porque hacer ciencia en Ays\u00e9n, territorio de contrastes ecosist\u00e9micos y clim\u00e1ticos, requiere mucha curiosidad pero a la vez un alto grado de creatividad para sortear los desaf\u00edos que impone la naturaleza. Una naturaleza que no nos ha entregado todas las respuestas que necesitamos como humanidad para reorientar nuestra relaci\u00f3n con la biodiversidad.<\/p>\n<p>\u00a0<\/p>\n<p>Patricio Segura Ortiz, Periodista. psegura@gmail.com<\/p>\n","protected":false},"excerpt":{"rendered":"<p>Dendrocronolog\u00eda y c\u00e1maras de policarbonato son utilizadas para medir efectos del calentamiento global en bosques de Ays\u00e9n.\u00a0 El cambio clim\u00e1tico es el tema ambiental y econ\u00f3mico del momento. \u00a0Lo ha sido desde, por lo menos, las \u00faltimas dos d\u00e9cadas con creciente repercusi\u00f3n. \u00a0Libros, documentales, pel\u00edculas, conferencias, cumbres internacionales e incluso carreras pol\u00edticas se han sustentado [&hellip;]<\/p>\n","protected":false},"author":2,"featured_media":33790,"comment_status":"open","ping_status":"open","sticky":false,"template":"","format":"standard","meta":{"_acf_changed":false,"_exactmetrics_skip_tracking":false,"_exactmetrics_sitenote_active":false,"_exactmetrics_sitenote_note":"","_exactmetrics_sitenote_category":0,"footnotes":"","_links_to":"","_links_to_target":""},"categories":[4],"tags":[],"class_list":["post-180","post","type-post","status-publish","format-standard","has-post-thumbnail","hentry","category-noticias"],"acf":[],"yoast_head":"<!-- This site is optimized with the Yoast SEO plugin v26.7 - https:\/\/yoast.com\/wordpress\/plugins\/seo\/ -->\n<title>Con t\u00e9cnicas de vanguardia exploran efectos del cambio clim\u00e1tico en la Patagonia - Aysen<\/title>\n<meta name=\"robots\" content=\"index, follow, max-snippet:-1, max-image-preview:large, max-video-preview:-1\" \/>\n<link rel=\"canonical\" href=\"https:\/\/dev.explora.cl\/aysen\/con-tecnicas-de-vanguardia-exploran-efectos-del-cambio-climatico-en-la-patagonia\/\" class=\"yoast-seo-meta-tag\" \/>\n<meta property=\"og:locale\" content=\"es_ES\" class=\"yoast-seo-meta-tag\" \/>\n<meta property=\"og:type\" content=\"article\" class=\"yoast-seo-meta-tag\" \/>\n<meta property=\"og:title\" content=\"Con t\u00e9cnicas de vanguardia exploran efectos del cambio clim\u00e1tico en la Patagonia - Aysen\" class=\"yoast-seo-meta-tag\" \/>\n<meta property=\"og:description\" content=\"Dendrocronolog\u00eda y c\u00e1maras de policarbonato son utilizadas para medir efectos del calentamiento global en bosques de Ays\u00e9n.\u00a0 El cambio clim\u00e1tico es el tema ambiental y econ\u00f3mico del momento. \u00a0Lo ha sido desde, por lo menos, las \u00faltimas dos d\u00e9cadas con creciente repercusi\u00f3n. \u00a0Libros, documentales, pel\u00edculas, conferencias, cumbres internacionales e incluso carreras pol\u00edticas se han sustentado [&hellip;]\" class=\"yoast-seo-meta-tag\" \/>\n<meta property=\"og:url\" content=\"https:\/\/dev.explora.cl\/aysen\/con-tecnicas-de-vanguardia-exploran-efectos-del-cambio-climatico-en-la-patagonia\/\" class=\"yoast-seo-meta-tag\" \/>\n<meta property=\"og:site_name\" content=\"Aysen\" class=\"yoast-seo-meta-tag\" \/>\n<meta property=\"article:published_time\" content=\"2015-04-07T04:00:00+00:00\" class=\"yoast-seo-meta-tag\" \/>\n<meta property=\"article:modified_time\" content=\"2019-05-20T21:21:54+00:00\" class=\"yoast-seo-meta-tag\" \/>\n<meta property=\"og:image\" content=\"https:\/\/dev.explora.cl\/aysen\/wp-content\/uploads\/sites\/18\/2018\/06\/9c730c88bba2903bb34838b8f78a4ee9.jpg\" class=\"yoast-seo-meta-tag\" \/>\n\t<meta property=\"og:image:width\" content=\"240\" class=\"yoast-seo-meta-tag\" \/>\n\t<meta property=\"og:image:height\" content=\"180\" class=\"yoast-seo-meta-tag\" \/>\n\t<meta property=\"og:image:type\" content=\"image\/jpeg\" class=\"yoast-seo-meta-tag\" \/>\n<meta name=\"author\" content=\"webman\" class=\"yoast-seo-meta-tag\" \/>\n<meta name=\"twitter:card\" content=\"summary_large_image\" class=\"yoast-seo-meta-tag\" \/>\n<meta name=\"twitter:label1\" content=\"Escrito por\" class=\"yoast-seo-meta-tag\" \/>\n\t<meta name=\"twitter:data1\" content=\"webman\" class=\"yoast-seo-meta-tag\" \/>\n\t<meta name=\"twitter:label2\" content=\"Tiempo estimado de lectura\" class=\"yoast-seo-meta-tag\" \/>\n\t<meta name=\"twitter:data2\" content=\"7 minutos\" class=\"yoast-seo-meta-tag\" \/>\n<script type=\"application\/ld+json\" class=\"yoast-schema-graph\">{\"@context\":\"https:\/\/schema.org\",\"@graph\":[{\"@type\":\"Article\",\"@id\":\"https:\/\/dev.explora.cl\/aysen\/con-tecnicas-de-vanguardia-exploran-efectos-del-cambio-climatico-en-la-patagonia\/#article\",\"isPartOf\":{\"@id\":\"https:\/\/dev.explora.cl\/aysen\/con-tecnicas-de-vanguardia-exploran-efectos-del-cambio-climatico-en-la-patagonia\/\"},\"author\":{\"name\":\"webman\",\"@id\":\"https:\/\/dev.explora.cl\/aysen\/#\/schema\/person\/cb8349c13ea2d324080adf8480d7ba5d\"},\"headline\":\"Con t\u00e9cnicas de vanguardia exploran efectos del cambio clim\u00e1tico en la Patagonia\",\"datePublished\":\"2015-04-07T04:00:00+00:00\",\"dateModified\":\"2019-05-20T21:21:54+00:00\",\"mainEntityOfPage\":{\"@id\":\"https:\/\/dev.explora.cl\/aysen\/con-tecnicas-de-vanguardia-exploran-efectos-del-cambio-climatico-en-la-patagonia\/\"},\"wordCount\":1447,\"commentCount\":0,\"image\":{\"@id\":\"https:\/\/dev.explora.cl\/aysen\/con-tecnicas-de-vanguardia-exploran-efectos-del-cambio-climatico-en-la-patagonia\/#primaryimage\"},\"thumbnailUrl\":\"https:\/\/dev.explora.cl\/aysen\/wp-content\/uploads\/sites\/18\/2018\/06\/9c730c88bba2903bb34838b8f78a4ee9.jpg\",\"articleSection\":[\"Noticias\"],\"inLanguage\":\"es-CL\",\"potentialAction\":[{\"@type\":\"CommentAction\",\"name\":\"Comment\",\"target\":[\"https:\/\/dev.explora.cl\/aysen\/con-tecnicas-de-vanguardia-exploran-efectos-del-cambio-climatico-en-la-patagonia\/#respond\"]}]},{\"@type\":\"WebPage\",\"@id\":\"https:\/\/dev.explora.cl\/aysen\/con-tecnicas-de-vanguardia-exploran-efectos-del-cambio-climatico-en-la-patagonia\/\",\"url\":\"https:\/\/dev.explora.cl\/aysen\/con-tecnicas-de-vanguardia-exploran-efectos-del-cambio-climatico-en-la-patagonia\/\",\"name\":\"Con t\u00e9cnicas de vanguardia exploran efectos del cambio clim\u00e1tico en la Patagonia - Aysen\",\"isPartOf\":{\"@id\":\"https:\/\/dev.explora.cl\/aysen\/#website\"},\"primaryImageOfPage\":{\"@id\":\"https:\/\/dev.explora.cl\/aysen\/con-tecnicas-de-vanguardia-exploran-efectos-del-cambio-climatico-en-la-patagonia\/#primaryimage\"},\"image\":{\"@id\":\"https:\/\/dev.explora.cl\/aysen\/con-tecnicas-de-vanguardia-exploran-efectos-del-cambio-climatico-en-la-patagonia\/#primaryimage\"},\"thumbnailUrl\":\"https:\/\/dev.explora.cl\/aysen\/wp-content\/uploads\/sites\/18\/2018\/06\/9c730c88bba2903bb34838b8f78a4ee9.jpg\",\"datePublished\":\"2015-04-07T04:00:00+00:00\",\"dateModified\":\"2019-05-20T21:21:54+00:00\",\"author\":{\"@id\":\"https:\/\/dev.explora.cl\/aysen\/#\/schema\/person\/cb8349c13ea2d324080adf8480d7ba5d\"},\"breadcrumb\":{\"@id\":\"https:\/\/dev.explora.cl\/aysen\/con-tecnicas-de-vanguardia-exploran-efectos-del-cambio-climatico-en-la-patagonia\/#breadcrumb\"},\"inLanguage\":\"es-CL\",\"potentialAction\":[{\"@type\":\"ReadAction\",\"target\":[\"https:\/\/dev.explora.cl\/aysen\/con-tecnicas-de-vanguardia-exploran-efectos-del-cambio-climatico-en-la-patagonia\/\"]}]},{\"@type\":\"ImageObject\",\"inLanguage\":\"es-CL\",\"@id\":\"https:\/\/dev.explora.cl\/aysen\/con-tecnicas-de-vanguardia-exploran-efectos-del-cambio-climatico-en-la-patagonia\/#primaryimage\",\"url\":\"https:\/\/dev.explora.cl\/aysen\/wp-content\/uploads\/sites\/18\/2018\/06\/9c730c88bba2903bb34838b8f78a4ee9.jpg\",\"contentUrl\":\"https:\/\/dev.explora.cl\/aysen\/wp-content\/uploads\/sites\/18\/2018\/06\/9c730c88bba2903bb34838b8f78a4ee9.jpg\",\"width\":240,\"height\":180},{\"@type\":\"BreadcrumbList\",\"@id\":\"https:\/\/dev.explora.cl\/aysen\/con-tecnicas-de-vanguardia-exploran-efectos-del-cambio-climatico-en-la-patagonia\/#breadcrumb\",\"itemListElement\":[{\"@type\":\"ListItem\",\"position\":1,\"name\":\"Portada\",\"item\":\"https:\/\/dev.explora.cl\/aysen\/\"},{\"@type\":\"ListItem\",\"position\":2,\"name\":\"Con t\u00e9cnicas de vanguardia exploran efectos del cambio clim\u00e1tico en la Patagonia\"}]},{\"@type\":\"WebSite\",\"@id\":\"https:\/\/dev.explora.cl\/aysen\/#website\",\"url\":\"https:\/\/dev.explora.cl\/aysen\/\",\"name\":\"Aysen\",\"description\":\"Otro sitio m\u00e1s de dev.explora.cl\",\"potentialAction\":[{\"@type\":\"SearchAction\",\"target\":{\"@type\":\"EntryPoint\",\"urlTemplate\":\"https:\/\/dev.explora.cl\/aysen\/?s={search_term_string}\"},\"query-input\":{\"@type\":\"PropertyValueSpecification\",\"valueRequired\":true,\"valueName\":\"search_term_string\"}}],\"inLanguage\":\"es-CL\"},{\"@type\":\"Person\",\"@id\":\"https:\/\/dev.explora.cl\/aysen\/#\/schema\/person\/cb8349c13ea2d324080adf8480d7ba5d\",\"name\":\"webman\",\"image\":{\"@type\":\"ImageObject\",\"inLanguage\":\"es-CL\",\"@id\":\"https:\/\/dev.explora.cl\/aysen\/#\/schema\/person\/image\/\",\"url\":\"https:\/\/secure.gravatar.com\/avatar\/eeff3c82f2c02f7177d13663b7e6f890e9a6a0647ce9bb29cae02dcb094c7312?s=96&d=mm&r=g\",\"contentUrl\":\"https:\/\/secure.gravatar.com\/avatar\/eeff3c82f2c02f7177d13663b7e6f890e9a6a0647ce9bb29cae02dcb094c7312?s=96&d=mm&r=g\",\"caption\":\"webman\"},\"url\":\"https:\/\/dev.explora.cl\/aysen\/author\/webman\/\"}]}<\/script>\n<!-- \/ Yoast SEO plugin. -->","yoast_head_json":{"title":"Con t\u00e9cnicas de vanguardia exploran efectos del cambio clim\u00e1tico en la Patagonia - Aysen","robots":{"index":"index","follow":"follow","max-snippet":"max-snippet:-1","max-image-preview":"max-image-preview:large","max-video-preview":"max-video-preview:-1"},"canonical":"https:\/\/dev.explora.cl\/aysen\/con-tecnicas-de-vanguardia-exploran-efectos-del-cambio-climatico-en-la-patagonia\/","og_locale":"es_ES","og_type":"article","og_title":"Con t\u00e9cnicas de vanguardia exploran efectos del cambio clim\u00e1tico en la Patagonia - Aysen","og_description":"Dendrocronolog\u00eda y c\u00e1maras de policarbonato son utilizadas para medir efectos del calentamiento global en bosques de Ays\u00e9n.\u00a0 El cambio clim\u00e1tico es el tema ambiental y econ\u00f3mico del momento. \u00a0Lo ha sido desde, por lo menos, las \u00faltimas dos d\u00e9cadas con creciente repercusi\u00f3n. \u00a0Libros, documentales, pel\u00edculas, conferencias, cumbres internacionales e incluso carreras pol\u00edticas se han sustentado [&hellip;]","og_url":"https:\/\/dev.explora.cl\/aysen\/con-tecnicas-de-vanguardia-exploran-efectos-del-cambio-climatico-en-la-patagonia\/","og_site_name":"Aysen","article_published_time":"2015-04-07T04:00:00+00:00","article_modified_time":"2019-05-20T21:21:54+00:00","og_image":[{"width":240,"height":180,"url":"https:\/\/dev.explora.cl\/aysen\/wp-content\/uploads\/sites\/18\/2018\/06\/9c730c88bba2903bb34838b8f78a4ee9.jpg","type":"image\/jpeg"}],"author":"webman","twitter_card":"summary_large_image","twitter_misc":{"Escrito por":"webman","Tiempo estimado de lectura":"7 minutos"},"schema":{"@context":"https:\/\/schema.org","@graph":[{"@type":"Article","@id":"https:\/\/dev.explora.cl\/aysen\/con-tecnicas-de-vanguardia-exploran-efectos-del-cambio-climatico-en-la-patagonia\/#article","isPartOf":{"@id":"https:\/\/dev.explora.cl\/aysen\/con-tecnicas-de-vanguardia-exploran-efectos-del-cambio-climatico-en-la-patagonia\/"},"author":{"name":"webman","@id":"https:\/\/dev.explora.cl\/aysen\/#\/schema\/person\/cb8349c13ea2d324080adf8480d7ba5d"},"headline":"Con t\u00e9cnicas de vanguardia exploran efectos del cambio clim\u00e1tico en la Patagonia","datePublished":"2015-04-07T04:00:00+00:00","dateModified":"2019-05-20T21:21:54+00:00","mainEntityOfPage":{"@id":"https:\/\/dev.explora.cl\/aysen\/con-tecnicas-de-vanguardia-exploran-efectos-del-cambio-climatico-en-la-patagonia\/"},"wordCount":1447,"commentCount":0,"image":{"@id":"https:\/\/dev.explora.cl\/aysen\/con-tecnicas-de-vanguardia-exploran-efectos-del-cambio-climatico-en-la-patagonia\/#primaryimage"},"thumbnailUrl":"https:\/\/dev.explora.cl\/aysen\/wp-content\/uploads\/sites\/18\/2018\/06\/9c730c88bba2903bb34838b8f78a4ee9.jpg","articleSection":["Noticias"],"inLanguage":"es-CL","potentialAction":[{"@type":"CommentAction","name":"Comment","target":["https:\/\/dev.explora.cl\/aysen\/con-tecnicas-de-vanguardia-exploran-efectos-del-cambio-climatico-en-la-patagonia\/#respond"]}]},{"@type":"WebPage","@id":"https:\/\/dev.explora.cl\/aysen\/con-tecnicas-de-vanguardia-exploran-efectos-del-cambio-climatico-en-la-patagonia\/","url":"https:\/\/dev.explora.cl\/aysen\/con-tecnicas-de-vanguardia-exploran-efectos-del-cambio-climatico-en-la-patagonia\/","name":"Con t\u00e9cnicas de vanguardia exploran efectos del cambio clim\u00e1tico en la Patagonia - Aysen","isPartOf":{"@id":"https:\/\/dev.explora.cl\/aysen\/#website"},"primaryImageOfPage":{"@id":"https:\/\/dev.explora.cl\/aysen\/con-tecnicas-de-vanguardia-exploran-efectos-del-cambio-climatico-en-la-patagonia\/#primaryimage"},"image":{"@id":"https:\/\/dev.explora.cl\/aysen\/con-tecnicas-de-vanguardia-exploran-efectos-del-cambio-climatico-en-la-patagonia\/#primaryimage"},"thumbnailUrl":"https:\/\/dev.explora.cl\/aysen\/wp-content\/uploads\/sites\/18\/2018\/06\/9c730c88bba2903bb34838b8f78a4ee9.jpg","datePublished":"2015-04-07T04:00:00+00:00","dateModified":"2019-05-20T21:21:54+00:00","author":{"@id":"https:\/\/dev.explora.cl\/aysen\/#\/schema\/person\/cb8349c13ea2d324080adf8480d7ba5d"},"breadcrumb":{"@id":"https:\/\/dev.explora.cl\/aysen\/con-tecnicas-de-vanguardia-exploran-efectos-del-cambio-climatico-en-la-patagonia\/#breadcrumb"},"inLanguage":"es-CL","potentialAction":[{"@type":"ReadAction","target":["https:\/\/dev.explora.cl\/aysen\/con-tecnicas-de-vanguardia-exploran-efectos-del-cambio-climatico-en-la-patagonia\/"]}]},{"@type":"ImageObject","inLanguage":"es-CL","@id":"https:\/\/dev.explora.cl\/aysen\/con-tecnicas-de-vanguardia-exploran-efectos-del-cambio-climatico-en-la-patagonia\/#primaryimage","url":"https:\/\/dev.explora.cl\/aysen\/wp-content\/uploads\/sites\/18\/2018\/06\/9c730c88bba2903bb34838b8f78a4ee9.jpg","contentUrl":"https:\/\/dev.explora.cl\/aysen\/wp-content\/uploads\/sites\/18\/2018\/06\/9c730c88bba2903bb34838b8f78a4ee9.jpg","width":240,"height":180},{"@type":"BreadcrumbList","@id":"https:\/\/dev.explora.cl\/aysen\/con-tecnicas-de-vanguardia-exploran-efectos-del-cambio-climatico-en-la-patagonia\/#breadcrumb","itemListElement":[{"@type":"ListItem","position":1,"name":"Portada","item":"https:\/\/dev.explora.cl\/aysen\/"},{"@type":"ListItem","position":2,"name":"Con t\u00e9cnicas de vanguardia exploran efectos del cambio clim\u00e1tico en la Patagonia"}]},{"@type":"WebSite","@id":"https:\/\/dev.explora.cl\/aysen\/#website","url":"https:\/\/dev.explora.cl\/aysen\/","name":"Aysen","description":"Otro sitio m\u00e1s de dev.explora.cl","potentialAction":[{"@type":"SearchAction","target":{"@type":"EntryPoint","urlTemplate":"https:\/\/dev.explora.cl\/aysen\/?s={search_term_string}"},"query-input":{"@type":"PropertyValueSpecification","valueRequired":true,"valueName":"search_term_string"}}],"inLanguage":"es-CL"},{"@type":"Person","@id":"https:\/\/dev.explora.cl\/aysen\/#\/schema\/person\/cb8349c13ea2d324080adf8480d7ba5d","name":"webman","image":{"@type":"ImageObject","inLanguage":"es-CL","@id":"https:\/\/dev.explora.cl\/aysen\/#\/schema\/person\/image\/","url":"https:\/\/secure.gravatar.com\/avatar\/eeff3c82f2c02f7177d13663b7e6f890e9a6a0647ce9bb29cae02dcb094c7312?s=96&d=mm&r=g","contentUrl":"https:\/\/secure.gravatar.com\/avatar\/eeff3c82f2c02f7177d13663b7e6f890e9a6a0647ce9bb29cae02dcb094c7312?s=96&d=mm&r=g","caption":"webman"},"url":"https:\/\/dev.explora.cl\/aysen\/author\/webman\/"}]}},"_links":{"self":[{"href":"https:\/\/dev.explora.cl\/aysen\/wp-json\/wp\/v2\/posts\/180","targetHints":{"allow":["GET"]}}],"collection":[{"href":"https:\/\/dev.explora.cl\/aysen\/wp-json\/wp\/v2\/posts"}],"about":[{"href":"https:\/\/dev.explora.cl\/aysen\/wp-json\/wp\/v2\/types\/post"}],"author":[{"embeddable":true,"href":"https:\/\/dev.explora.cl\/aysen\/wp-json\/wp\/v2\/users\/2"}],"replies":[{"embeddable":true,"href":"https:\/\/dev.explora.cl\/aysen\/wp-json\/wp\/v2\/comments?post=180"}],"version-history":[{"count":1,"href":"https:\/\/dev.explora.cl\/aysen\/wp-json\/wp\/v2\/posts\/180\/revisions"}],"predecessor-version":[{"id":37325,"href":"https:\/\/dev.explora.cl\/aysen\/wp-json\/wp\/v2\/posts\/180\/revisions\/37325"}],"wp:featuredmedia":[{"embeddable":true,"href":"https:\/\/dev.explora.cl\/aysen\/wp-json\/wp\/v2\/media\/33790"}],"wp:attachment":[{"href":"https:\/\/dev.explora.cl\/aysen\/wp-json\/wp\/v2\/media?parent=180"}],"wp:term":[{"taxonomy":"category","embeddable":true,"href":"https:\/\/dev.explora.cl\/aysen\/wp-json\/wp\/v2\/categories?post=180"},{"taxonomy":"post_tag","embeddable":true,"href":"https:\/\/dev.explora.cl\/aysen\/wp-json\/wp\/v2\/tags?post=180"}],"curies":[{"name":"wp","href":"https:\/\/api.w.org\/{rel}","templated":true}]}}