{"id":176,"date":"2015-04-02T00:00:00","date_gmt":"2015-04-02T04:00:00","guid":{"rendered":"https:\/\/dev.explora.cl\/aysen\/blog\/2015\/04\/02\/gran-participacion-en-el-concurso-de-dibujo-aysen-mira-tu-cielo\/"},"modified":"2019-05-20T21:21:55","modified_gmt":"2019-05-20T21:21:55","slug":"gran-participacion-en-el-concurso-de-dibujo-aysen-mira-tu-cielo","status":"publish","type":"post","link":"https:\/\/dev.explora.cl\/aysen\/gran-participacion-en-el-concurso-de-dibujo-aysen-mira-tu-cielo\/","title":{"rendered":"Gran participaci\u00f3n en el concurso de dibujo &quot;Ays\u00e9n mira tu cielo&quot;"},"content":{"rendered":"<p><img loading=\"lazy\" decoding=\"async\" class=\" size-full wp-image-9938\" src=\"http:\/\/ec2-34-218-253-251.us-west-2.compute.amazonaws.com\/wp-content\/uploads\/2015\/04\/9e3471bff6d99a57bfa0fe5c7e679a5c.jpg\" alt=\"\" width=\"1280\" height=\"1285\" \/><\/p>\n<p>Cerca de 900 dibujos han sido enviados hasta las oficinas del PAR EXPLORA Regi\u00f3n de Ays\u00e9n por parte de distintos establecimientos educacionales de la Regi\u00f3n para ser parte del concurso &#8220;Ays\u00e9n mira tu cielo&#8221; que fue lanzado con motivo de la celebraci\u00f3n de D\u00eda Internacional de la Astronom\u00eda en Coyhaique.<\/p>\n<p>Se recibieron trabajos del Colegio El Camino, Escuela Ays\u00e9n, Escuela Altamira, Colegio Alianza Austral, Colegio Mater Dei y Colegio Atoine de Saint Exupery.<\/p>\n<p>Para el d\u00eda jueves 9 de abril se espera realizar la premiaci\u00f3n de este certamen, instancia para la cual el jurado ya est\u00e1 trabajando arduamente en la selecci\u00f3n de las obras que ser\u00e1n premiadas.<\/p>\n<p>Recordamos que q<span>uien obtenga el primer lugar en este concurso se adjudicar\u00e1 una polera con el dibujo ganador para cada uno de los integrantes de su curso, adem\u00e1s de ser publicado en el sitio web del PAR EXPLORA y ser divulgado en medios de prensa local.<\/span><\/p>\n<p>\u00a0<\/p>\n","protected":false},"excerpt":{"rendered":"<p>Cerca de 900 dibujos han sido enviados hasta las oficinas del PAR EXPLORA Regi\u00f3n de Ays\u00e9n por parte de distintos establecimientos educacionales de la Regi\u00f3n para ser parte del concurso &#8220;Ays\u00e9n mira tu cielo&#8221; que fue lanzado con motivo de la celebraci\u00f3n de D\u00eda Internacional de la Astronom\u00eda en Coyhaique. Se recibieron trabajos del Colegio [&hellip;]<\/p>\n","protected":false},"author":2,"featured_media":33789,"comment_status":"open","ping_status":"open","sticky":false,"template":"","format":"standard","meta":{"_acf_changed":false,"_exactmetrics_skip_tracking":false,"_exactmetrics_sitenote_active":false,"_exactmetrics_sitenote_note":"","_exactmetrics_sitenote_category":0,"footnotes":"","_links_to":"","_links_to_target":""},"categories":[4],"tags":[],"class_list":["post-176","post","type-post","status-publish","format-standard","has-post-thumbnail","hentry","category-noticias"],"acf":[],"yoast_head":"<!-- This site is optimized with the Yoast SEO plugin v26.7 - https:\/\/yoast.com\/wordpress\/plugins\/seo\/ -->\n<title>Gran participaci\u00f3n en el concurso de dibujo &quot;Ays\u00e9n mira tu cielo&quot; - Aysen<\/title>\n<meta name=\"robots\" content=\"index, follow, max-snippet:-1, max-image-preview:large, max-video-preview:-1\" \/>\n<link rel=\"canonical\" href=\"https:\/\/dev.explora.cl\/aysen\/gran-participacion-en-el-concurso-de-dibujo-aysen-mira-tu-cielo\/\" class=\"yoast-seo-meta-tag\" \/>\n<meta property=\"og:locale\" content=\"es_ES\" class=\"yoast-seo-meta-tag\" \/>\n<meta property=\"og:type\" content=\"article\" class=\"yoast-seo-meta-tag\" \/>\n<meta property=\"og:title\" content=\"Gran participaci\u00f3n en el concurso de dibujo &quot;Ays\u00e9n mira tu cielo&quot; - Aysen\" class=\"yoast-seo-meta-tag\" \/>\n<meta property=\"og:description\" content=\"Cerca de 900 dibujos han sido enviados hasta las oficinas del PAR EXPLORA Regi\u00f3n de Ays\u00e9n por parte de distintos establecimientos educacionales de la Regi\u00f3n para ser parte del concurso &#8220;Ays\u00e9n mira tu cielo&#8221; que fue lanzado con motivo de la celebraci\u00f3n de D\u00eda Internacional de la Astronom\u00eda en Coyhaique. Se recibieron trabajos del Colegio [&hellip;]\" class=\"yoast-seo-meta-tag\" \/>\n<meta property=\"og:url\" content=\"https:\/\/dev.explora.cl\/aysen\/gran-participacion-en-el-concurso-de-dibujo-aysen-mira-tu-cielo\/\" class=\"yoast-seo-meta-tag\" \/>\n<meta property=\"og:site_name\" content=\"Aysen\" class=\"yoast-seo-meta-tag\" \/>\n<meta property=\"article:published_time\" content=\"2015-04-02T04:00:00+00:00\" class=\"yoast-seo-meta-tag\" \/>\n<meta property=\"article:modified_time\" content=\"2019-05-20T21:21:55+00:00\" class=\"yoast-seo-meta-tag\" \/>\n<meta property=\"og:image\" content=\"https:\/\/dev.explora.cl\/aysen\/wp-content\/uploads\/sites\/18\/2018\/06\/9e3471bff6d99a57bfa0fe5c7e679a5c.jpg\" class=\"yoast-seo-meta-tag\" \/>\n\t<meta property=\"og:image:width\" content=\"1280\" class=\"yoast-seo-meta-tag\" \/>\n\t<meta property=\"og:image:height\" content=\"1285\" class=\"yoast-seo-meta-tag\" \/>\n\t<meta property=\"og:image:type\" content=\"image\/jpeg\" class=\"yoast-seo-meta-tag\" \/>\n<meta name=\"author\" content=\"webman\" class=\"yoast-seo-meta-tag\" \/>\n<meta name=\"twitter:card\" content=\"summary_large_image\" class=\"yoast-seo-meta-tag\" \/>\n<meta name=\"twitter:label1\" content=\"Escrito por\" class=\"yoast-seo-meta-tag\" \/>\n\t<meta name=\"twitter:data1\" content=\"webman\" class=\"yoast-seo-meta-tag\" \/>\n\t<meta name=\"twitter:label2\" content=\"Tiempo estimado de lectura\" class=\"yoast-seo-meta-tag\" \/>\n\t<meta name=\"twitter:data2\" content=\"1 minuto\" class=\"yoast-seo-meta-tag\" \/>\n<script type=\"application\/ld+json\" class=\"yoast-schema-graph\">{\"@context\":\"https:\/\/schema.org\",\"@graph\":[{\"@type\":\"Article\",\"@id\":\"https:\/\/dev.explora.cl\/aysen\/gran-participacion-en-el-concurso-de-dibujo-aysen-mira-tu-cielo\/#article\",\"isPartOf\":{\"@id\":\"https:\/\/dev.explora.cl\/aysen\/gran-participacion-en-el-concurso-de-dibujo-aysen-mira-tu-cielo\/\"},\"author\":{\"name\":\"webman\",\"@id\":\"https:\/\/dev.explora.cl\/aysen\/#\/schema\/person\/cb8349c13ea2d324080adf8480d7ba5d\"},\"headline\":\"Gran participaci\u00f3n en el concurso de dibujo &quot;Ays\u00e9n mira tu cielo&quot;\",\"datePublished\":\"2015-04-02T04:00:00+00:00\",\"dateModified\":\"2019-05-20T21:21:55+00:00\",\"mainEntityOfPage\":{\"@id\":\"https:\/\/dev.explora.cl\/aysen\/gran-participacion-en-el-concurso-de-dibujo-aysen-mira-tu-cielo\/\"},\"wordCount\":179,\"commentCount\":0,\"image\":{\"@id\":\"https:\/\/dev.explora.cl\/aysen\/gran-participacion-en-el-concurso-de-dibujo-aysen-mira-tu-cielo\/#primaryimage\"},\"thumbnailUrl\":\"https:\/\/dev.explora.cl\/aysen\/wp-content\/uploads\/sites\/18\/2018\/06\/9e3471bff6d99a57bfa0fe5c7e679a5c.jpg\",\"articleSection\":[\"Noticias\"],\"inLanguage\":\"es-CL\",\"potentialAction\":[{\"@type\":\"CommentAction\",\"name\":\"Comment\",\"target\":[\"https:\/\/dev.explora.cl\/aysen\/gran-participacion-en-el-concurso-de-dibujo-aysen-mira-tu-cielo\/#respond\"]}]},{\"@type\":\"WebPage\",\"@id\":\"https:\/\/dev.explora.cl\/aysen\/gran-participacion-en-el-concurso-de-dibujo-aysen-mira-tu-cielo\/\",\"url\":\"https:\/\/dev.explora.cl\/aysen\/gran-participacion-en-el-concurso-de-dibujo-aysen-mira-tu-cielo\/\",\"name\":\"Gran participaci\u00f3n en el concurso de dibujo &quot;Ays\u00e9n mira tu cielo&quot; - Aysen\",\"isPartOf\":{\"@id\":\"https:\/\/dev.explora.cl\/aysen\/#website\"},\"primaryImageOfPage\":{\"@id\":\"https:\/\/dev.explora.cl\/aysen\/gran-participacion-en-el-concurso-de-dibujo-aysen-mira-tu-cielo\/#primaryimage\"},\"image\":{\"@id\":\"https:\/\/dev.explora.cl\/aysen\/gran-participacion-en-el-concurso-de-dibujo-aysen-mira-tu-cielo\/#primaryimage\"},\"thumbnailUrl\":\"https:\/\/dev.explora.cl\/aysen\/wp-content\/uploads\/sites\/18\/2018\/06\/9e3471bff6d99a57bfa0fe5c7e679a5c.jpg\",\"datePublished\":\"2015-04-02T04:00:00+00:00\",\"dateModified\":\"2019-05-20T21:21:55+00:00\",\"author\":{\"@id\":\"https:\/\/dev.explora.cl\/aysen\/#\/schema\/person\/cb8349c13ea2d324080adf8480d7ba5d\"},\"breadcrumb\":{\"@id\":\"https:\/\/dev.explora.cl\/aysen\/gran-participacion-en-el-concurso-de-dibujo-aysen-mira-tu-cielo\/#breadcrumb\"},\"inLanguage\":\"es-CL\",\"potentialAction\":[{\"@type\":\"ReadAction\",\"target\":[\"https:\/\/dev.explora.cl\/aysen\/gran-participacion-en-el-concurso-de-dibujo-aysen-mira-tu-cielo\/\"]}]},{\"@type\":\"ImageObject\",\"inLanguage\":\"es-CL\",\"@id\":\"https:\/\/dev.explora.cl\/aysen\/gran-participacion-en-el-concurso-de-dibujo-aysen-mira-tu-cielo\/#primaryimage\",\"url\":\"https:\/\/dev.explora.cl\/aysen\/wp-content\/uploads\/sites\/18\/2018\/06\/9e3471bff6d99a57bfa0fe5c7e679a5c.jpg\",\"contentUrl\":\"https:\/\/dev.explora.cl\/aysen\/wp-content\/uploads\/sites\/18\/2018\/06\/9e3471bff6d99a57bfa0fe5c7e679a5c.jpg\",\"width\":1280,\"height\":1285},{\"@type\":\"BreadcrumbList\",\"@id\":\"https:\/\/dev.explora.cl\/aysen\/gran-participacion-en-el-concurso-de-dibujo-aysen-mira-tu-cielo\/#breadcrumb\",\"itemListElement\":[{\"@type\":\"ListItem\",\"position\":1,\"name\":\"Portada\",\"item\":\"https:\/\/dev.explora.cl\/aysen\/\"},{\"@type\":\"ListItem\",\"position\":2,\"name\":\"Gran participaci\u00f3n en el concurso de dibujo &quot;Ays\u00e9n mira tu cielo&quot;\"}]},{\"@type\":\"WebSite\",\"@id\":\"https:\/\/dev.explora.cl\/aysen\/#website\",\"url\":\"https:\/\/dev.explora.cl\/aysen\/\",\"name\":\"Aysen\",\"description\":\"Otro sitio m\u00e1s de dev.explora.cl\",\"potentialAction\":[{\"@type\":\"SearchAction\",\"target\":{\"@type\":\"EntryPoint\",\"urlTemplate\":\"https:\/\/dev.explora.cl\/aysen\/?s={search_term_string}\"},\"query-input\":{\"@type\":\"PropertyValueSpecification\",\"valueRequired\":true,\"valueName\":\"search_term_string\"}}],\"inLanguage\":\"es-CL\"},{\"@type\":\"Person\",\"@id\":\"https:\/\/dev.explora.cl\/aysen\/#\/schema\/person\/cb8349c13ea2d324080adf8480d7ba5d\",\"name\":\"webman\",\"image\":{\"@type\":\"ImageObject\",\"inLanguage\":\"es-CL\",\"@id\":\"https:\/\/dev.explora.cl\/aysen\/#\/schema\/person\/image\/\",\"url\":\"https:\/\/secure.gravatar.com\/avatar\/eeff3c82f2c02f7177d13663b7e6f890e9a6a0647ce9bb29cae02dcb094c7312?s=96&d=mm&r=g\",\"contentUrl\":\"https:\/\/secure.gravatar.com\/avatar\/eeff3c82f2c02f7177d13663b7e6f890e9a6a0647ce9bb29cae02dcb094c7312?s=96&d=mm&r=g\",\"caption\":\"webman\"},\"url\":\"https:\/\/dev.explora.cl\/aysen\/author\/webman\/\"}]}<\/script>\n<!-- \/ Yoast SEO plugin. -->","yoast_head_json":{"title":"Gran participaci\u00f3n en el concurso de dibujo &quot;Ays\u00e9n mira tu cielo&quot; - Aysen","robots":{"index":"index","follow":"follow","max-snippet":"max-snippet:-1","max-image-preview":"max-image-preview:large","max-video-preview":"max-video-preview:-1"},"canonical":"https:\/\/dev.explora.cl\/aysen\/gran-participacion-en-el-concurso-de-dibujo-aysen-mira-tu-cielo\/","og_locale":"es_ES","og_type":"article","og_title":"Gran participaci\u00f3n en el concurso de dibujo &quot;Ays\u00e9n mira tu cielo&quot; - Aysen","og_description":"Cerca de 900 dibujos han sido enviados hasta las oficinas del PAR EXPLORA Regi\u00f3n de Ays\u00e9n por parte de distintos establecimientos educacionales de la Regi\u00f3n para ser parte del concurso &#8220;Ays\u00e9n mira tu cielo&#8221; que fue lanzado con motivo de la celebraci\u00f3n de D\u00eda Internacional de la Astronom\u00eda en Coyhaique. Se recibieron trabajos del Colegio [&hellip;]","og_url":"https:\/\/dev.explora.cl\/aysen\/gran-participacion-en-el-concurso-de-dibujo-aysen-mira-tu-cielo\/","og_site_name":"Aysen","article_published_time":"2015-04-02T04:00:00+00:00","article_modified_time":"2019-05-20T21:21:55+00:00","og_image":[{"width":1280,"height":1285,"url":"https:\/\/dev.explora.cl\/aysen\/wp-content\/uploads\/sites\/18\/2018\/06\/9e3471bff6d99a57bfa0fe5c7e679a5c.jpg","type":"image\/jpeg"}],"author":"webman","twitter_card":"summary_large_image","twitter_misc":{"Escrito por":"webman","Tiempo estimado de lectura":"1 minuto"},"schema":{"@context":"https:\/\/schema.org","@graph":[{"@type":"Article","@id":"https:\/\/dev.explora.cl\/aysen\/gran-participacion-en-el-concurso-de-dibujo-aysen-mira-tu-cielo\/#article","isPartOf":{"@id":"https:\/\/dev.explora.cl\/aysen\/gran-participacion-en-el-concurso-de-dibujo-aysen-mira-tu-cielo\/"},"author":{"name":"webman","@id":"https:\/\/dev.explora.cl\/aysen\/#\/schema\/person\/cb8349c13ea2d324080adf8480d7ba5d"},"headline":"Gran participaci\u00f3n en el concurso de dibujo &quot;Ays\u00e9n mira tu cielo&quot;","datePublished":"2015-04-02T04:00:00+00:00","dateModified":"2019-05-20T21:21:55+00:00","mainEntityOfPage":{"@id":"https:\/\/dev.explora.cl\/aysen\/gran-participacion-en-el-concurso-de-dibujo-aysen-mira-tu-cielo\/"},"wordCount":179,"commentCount":0,"image":{"@id":"https:\/\/dev.explora.cl\/aysen\/gran-participacion-en-el-concurso-de-dibujo-aysen-mira-tu-cielo\/#primaryimage"},"thumbnailUrl":"https:\/\/dev.explora.cl\/aysen\/wp-content\/uploads\/sites\/18\/2018\/06\/9e3471bff6d99a57bfa0fe5c7e679a5c.jpg","articleSection":["Noticias"],"inLanguage":"es-CL","potentialAction":[{"@type":"CommentAction","name":"Comment","target":["https:\/\/dev.explora.cl\/aysen\/gran-participacion-en-el-concurso-de-dibujo-aysen-mira-tu-cielo\/#respond"]}]},{"@type":"WebPage","@id":"https:\/\/dev.explora.cl\/aysen\/gran-participacion-en-el-concurso-de-dibujo-aysen-mira-tu-cielo\/","url":"https:\/\/dev.explora.cl\/aysen\/gran-participacion-en-el-concurso-de-dibujo-aysen-mira-tu-cielo\/","name":"Gran participaci\u00f3n en el concurso de dibujo &quot;Ays\u00e9n mira tu cielo&quot; - Aysen","isPartOf":{"@id":"https:\/\/dev.explora.cl\/aysen\/#website"},"primaryImageOfPage":{"@id":"https:\/\/dev.explora.cl\/aysen\/gran-participacion-en-el-concurso-de-dibujo-aysen-mira-tu-cielo\/#primaryimage"},"image":{"@id":"https:\/\/dev.explora.cl\/aysen\/gran-participacion-en-el-concurso-de-dibujo-aysen-mira-tu-cielo\/#primaryimage"},"thumbnailUrl":"https:\/\/dev.explora.cl\/aysen\/wp-content\/uploads\/sites\/18\/2018\/06\/9e3471bff6d99a57bfa0fe5c7e679a5c.jpg","datePublished":"2015-04-02T04:00:00+00:00","dateModified":"2019-05-20T21:21:55+00:00","author":{"@id":"https:\/\/dev.explora.cl\/aysen\/#\/schema\/person\/cb8349c13ea2d324080adf8480d7ba5d"},"breadcrumb":{"@id":"https:\/\/dev.explora.cl\/aysen\/gran-participacion-en-el-concurso-de-dibujo-aysen-mira-tu-cielo\/#breadcrumb"},"inLanguage":"es-CL","potentialAction":[{"@type":"ReadAction","target":["https:\/\/dev.explora.cl\/aysen\/gran-participacion-en-el-concurso-de-dibujo-aysen-mira-tu-cielo\/"]}]},{"@type":"ImageObject","inLanguage":"es-CL","@id":"https:\/\/dev.explora.cl\/aysen\/gran-participacion-en-el-concurso-de-dibujo-aysen-mira-tu-cielo\/#primaryimage","url":"https:\/\/dev.explora.cl\/aysen\/wp-content\/uploads\/sites\/18\/2018\/06\/9e3471bff6d99a57bfa0fe5c7e679a5c.jpg","contentUrl":"https:\/\/dev.explora.cl\/aysen\/wp-content\/uploads\/sites\/18\/2018\/06\/9e3471bff6d99a57bfa0fe5c7e679a5c.jpg","width":1280,"height":1285},{"@type":"BreadcrumbList","@id":"https:\/\/dev.explora.cl\/aysen\/gran-participacion-en-el-concurso-de-dibujo-aysen-mira-tu-cielo\/#breadcrumb","itemListElement":[{"@type":"ListItem","position":1,"name":"Portada","item":"https:\/\/dev.explora.cl\/aysen\/"},{"@type":"ListItem","position":2,"name":"Gran participaci\u00f3n en el concurso de dibujo &quot;Ays\u00e9n mira tu cielo&quot;"}]},{"@type":"WebSite","@id":"https:\/\/dev.explora.cl\/aysen\/#website","url":"https:\/\/dev.explora.cl\/aysen\/","name":"Aysen","description":"Otro sitio m\u00e1s de dev.explora.cl","potentialAction":[{"@type":"SearchAction","target":{"@type":"EntryPoint","urlTemplate":"https:\/\/dev.explora.cl\/aysen\/?s={search_term_string}"},"query-input":{"@type":"PropertyValueSpecification","valueRequired":true,"valueName":"search_term_string"}}],"inLanguage":"es-CL"},{"@type":"Person","@id":"https:\/\/dev.explora.cl\/aysen\/#\/schema\/person\/cb8349c13ea2d324080adf8480d7ba5d","name":"webman","image":{"@type":"ImageObject","inLanguage":"es-CL","@id":"https:\/\/dev.explora.cl\/aysen\/#\/schema\/person\/image\/","url":"https:\/\/secure.gravatar.com\/avatar\/eeff3c82f2c02f7177d13663b7e6f890e9a6a0647ce9bb29cae02dcb094c7312?s=96&d=mm&r=g","contentUrl":"https:\/\/secure.gravatar.com\/avatar\/eeff3c82f2c02f7177d13663b7e6f890e9a6a0647ce9bb29cae02dcb094c7312?s=96&d=mm&r=g","caption":"webman"},"url":"https:\/\/dev.explora.cl\/aysen\/author\/webman\/"}]}},"_links":{"self":[{"href":"https:\/\/dev.explora.cl\/aysen\/wp-json\/wp\/v2\/posts\/176","targetHints":{"allow":["GET"]}}],"collection":[{"href":"https:\/\/dev.explora.cl\/aysen\/wp-json\/wp\/v2\/posts"}],"about":[{"href":"https:\/\/dev.explora.cl\/aysen\/wp-json\/wp\/v2\/types\/post"}],"author":[{"embeddable":true,"href":"https:\/\/dev.explora.cl\/aysen\/wp-json\/wp\/v2\/users\/2"}],"replies":[{"embeddable":true,"href":"https:\/\/dev.explora.cl\/aysen\/wp-json\/wp\/v2\/comments?post=176"}],"version-history":[{"count":1,"href":"https:\/\/dev.explora.cl\/aysen\/wp-json\/wp\/v2\/posts\/176\/revisions"}],"predecessor-version":[{"id":37328,"href":"https:\/\/dev.explora.cl\/aysen\/wp-json\/wp\/v2\/posts\/176\/revisions\/37328"}],"wp:featuredmedia":[{"embeddable":true,"href":"https:\/\/dev.explora.cl\/aysen\/wp-json\/wp\/v2\/media\/33789"}],"wp:attachment":[{"href":"https:\/\/dev.explora.cl\/aysen\/wp-json\/wp\/v2\/media?parent=176"}],"wp:term":[{"taxonomy":"category","embeddable":true,"href":"https:\/\/dev.explora.cl\/aysen\/wp-json\/wp\/v2\/categories?post=176"},{"taxonomy":"post_tag","embeddable":true,"href":"https:\/\/dev.explora.cl\/aysen\/wp-json\/wp\/v2\/tags?post=176"}],"curies":[{"name":"wp","href":"https:\/\/api.w.org\/{rel}","templated":true}]}}