{"id":174,"date":"2015-04-01T00:00:00","date_gmt":"2015-04-01T04:00:00","guid":{"rendered":"https:\/\/dev.explora.cl\/aysen\/blog\/2015\/04\/01\/con-buenos-resultados-finalizo-el-primer-censo-comunitario-de-cetaceos-de-la-region-de-aysen\/"},"modified":"2019-05-20T21:21:55","modified_gmt":"2019-05-20T21:21:55","slug":"con-buenos-resultados-finalizo-el-primer-censo-comunitario-de-cetaceos-de-la-region-de-aysen","status":"publish","type":"post","link":"https:\/\/dev.explora.cl\/aysen\/con-buenos-resultados-finalizo-el-primer-censo-comunitario-de-cetaceos-de-la-region-de-aysen\/","title":{"rendered":"Con buenos resultados finaliz\u00f3 el primer censo comunitario de cet\u00e1ceos de la regi\u00f3n de Ays\u00e9n"},"content":{"rendered":"<p><img loading=\"lazy\" decoding=\"async\" class=\" size-full wp-image-9906\" src=\"http:\/\/ec2-34-218-253-251.us-west-2.compute.amazonaws.com\/wp-content\/uploads\/2015\/04\/9d50023be844e560553d94ba1301b1f3.jpg\" alt=\"\" width=\"3225\" height=\"2151\" \/><\/p>\n<p>En las comunidades litorales de Puerto Cisnes y Ra\u00fal Mar\u00edn Balmaceda se realiz\u00f3 esta iniciativa que bajo el lema &#8220;revalorando los saberes desde la comunidad&#8221;, espera seguir siendo replicada en el tiempo, con m\u00e1s voluntarios e integrando a otras localidades costeras de los canales y fiordos del litoral aisenino.<\/p>\n<p><span style=\"font-size: 12.1600008010864px;line-height: 1.3em\">Con el apoyo del proyecto \u201cArchipi\u00e9lagos Patag\u00f3nicos, Destino Internacional para el Turismo Cient\u00edfico\u201d que ejecuta el Centro de Investigaci\u00f3n en Ecosistemas de la Patagonia CIEP, se llev\u00f3 a cabo el primer censo comunitario de cet\u00e1ceos de la regi\u00f3n de Ays\u00e9n.<\/span><\/p>\n<p>Se trat\u00f3 de una actividad recreativa y voluntaria que busc\u00f3 fomentar el empoderamiento de las comunidades locales hacia su territorio, en este caso, el conocimiento, identificaci\u00f3n y toma de datos de cet\u00e1ceos.<\/p>\n<p>La coordinadora del proyecto Archipi\u00e9lagos Patag\u00f3nicos, Josefina Ruiz, destac\u00f3 \u201ces importante participar de estas instancias que re\u00fanen a la comunidad en torno al conocimiento del territorio, aprendiendo a valorar y proteger nuestros ecosistemas; combinaci\u00f3n que busca generar el turismo cient\u00edfico. Es muy gratificante ver como estas iniciativas empiezan a surgir y captar el inter\u00e9s de las localidades, lo que sin duda es un desaf\u00edo a la hora entregar m\u00e1s informaci\u00f3n. Es por esto que dentro de nuestro proyecto se considera la publicaci\u00f3n de gu\u00edas de campo y fichas de avistamiento (fauna marina y aves), las cuales ser\u00e1n de uso p\u00fablico con la idea de que todo aquel que se interese, puedan participar de forma activa en la recolecci\u00f3n de datos de nuestra fauna marina\u201d.<\/p>\n<p>Una de las salidas a terreno se realiz\u00f3 en febrero el sector Isla Magdalena comuna de Cisnes, oportunidad en la que los asistentes pudieron realizar un recorrido de interpretaci\u00f3n ambiental, observando flora y fauna, relatando historias y conociendo m\u00e1s sobre la pesca artesanal de Merluza austral. Durante esta navegaci\u00f3n pudieron observar tres especies de cet\u00e1ceos (delf\u00edn chileno, austral y nariz de botella), momento en el cual pudieron poner en pr\u00e1ctica lo aprendido durante los talleres en cuanto al protocolo de buenas pr\u00e1cticas de avistamiento y conversar sobre las principales caracter\u00edsticas de estas especies.<\/p>\n<p>De la misma forma durante la primera semana de marzo se realiz\u00f3 la segunda salida con los voluntarios de Ra\u00fal Mar\u00edn Balmaceda, en una navegaci\u00f3n hacia el Fiordo Piti Palena y brazo Pillan, destacando el avistamiento de dos especies (delf\u00edn chileno y delf\u00edn austral).<\/p>\n<p>Entre los participante de la primera salida se encontraba el director de Sernatur Gabriel Inostroza, quien se\u00f1al\u00f3 \u201cel aporte de este tipo de actividades es que hacen part\u00edcipe a la comunidad local del turismo y la actividad cient\u00edfica. Este primer censo es un buen ejemplo de c\u00f3mo ir conformando un producto tur\u00edstico sustentable, en donde el turismo puede llegar a constituir en un aliado de la conservaci\u00f3n. Para Sernatur estas actividades resultan muy importantes ya que es una contribuci\u00f3n al desarrollo del turismo cient\u00edfico y el ecoturismo. La observaci\u00f3n de cet\u00e1ceos est\u00e1 en ciernes, pero sin duda, tiene un gran potencial de desarrollo, realiz\u00e1ndolo de manera responsable y cuidadosa, generando adem\u00e1s un impacto econ\u00f3mico positivo en la poblaci\u00f3n local, repercutiendo positivamente en la conservaci\u00f3n de nuestra rica biodiversidad\u201d.<\/p>\n<p>\u201cEl aprendizaje que me dej\u00f3 de esta actividad fue principalmente distinguir las tres especies de cet\u00e1ceos que se avistan en la zona, adem\u00e1s de conocer cu\u00e1les son las buenas pr\u00e1cticas de avistamiento y ponerlas en pr\u00e1ctica. Me parece que este tipo de actividades son muy importantes y me alegro de ver tantas personas preocupadas por el cuidado de estas especies, ya que tambi\u00e9n nos ayudan a observar de otra manera el mar\u201d, coment\u00f3 el operador tur\u00edstico y miembro de la red de actores de Turismo Cient\u00edfico, Claudio Matamala.<\/p>\n<p>Finalmente las organizadoras de esta iniciativa, Jacqueline Boldt, Ge\u00f3grafa de la Universidad de Chile y Maria Jesus Montti, Administradora en Ecoturismo de la UNAB, coordinadora de la actividad, comentaron \u201clas salidas a terreno se realizaron como hito de cierre del primer censo comunitario de cet\u00e1ceos, con la intenci\u00f3n de compartir las principales experiencias de avistamientos entre los participantes, al mismo tiempo que se disfrutaba de un recorrido recreativo. De esta manera se logra hacer de la conservaci\u00f3n un objetivo com\u00fan capaz de beneficiar, no s\u00f3lo a la salud de los ecosistemas y de especies emblem\u00e1ticas como los cet\u00e1ceos, sino tambi\u00e9n a la comunidad; esto a trav\u00e9s de la educaci\u00f3n ambiental activa que sitios privilegiados como los que tiene el litoral de Ays\u00e9n pueden proveer. A esto se le suma el incentivo del ecoturismo potencial a desarrollar en estas localidades en que actividades como el censo comunitario de cet\u00e1ceos son capaces de fortalecer\u201d.<\/p>\n<p>\u00a0<\/p>\n<p>Dinelly Soto, Periodista\u00a0<span>\u201cArchipi\u00e9lagos Patag\u00f3nicos, Destino Internacional para el Turismo Cient\u00edfico\u201d CIEP<\/span><\/p>\n","protected":false},"excerpt":{"rendered":"<p>En las comunidades litorales de Puerto Cisnes y Ra\u00fal Mar\u00edn Balmaceda se realiz\u00f3 esta iniciativa que bajo el lema &#8220;revalorando los saberes desde la comunidad&#8221;, espera seguir siendo replicada en el tiempo, con m\u00e1s voluntarios e integrando a otras localidades costeras de los canales y fiordos del litoral aisenino. Con el apoyo del proyecto \u201cArchipi\u00e9lagos [&hellip;]<\/p>\n","protected":false},"author":2,"featured_media":175,"comment_status":"open","ping_status":"open","sticky":false,"template":"","format":"standard","meta":{"_acf_changed":false,"_exactmetrics_skip_tracking":false,"_exactmetrics_sitenote_active":false,"_exactmetrics_sitenote_note":"","_exactmetrics_sitenote_category":0,"footnotes":"","_links_to":"","_links_to_target":""},"categories":[4],"tags":[],"class_list":["post-174","post","type-post","status-publish","format-standard","has-post-thumbnail","hentry","category-noticias"],"acf":[],"yoast_head":"<!-- This site is optimized with the Yoast SEO plugin v26.7 - https:\/\/yoast.com\/wordpress\/plugins\/seo\/ -->\n<title>Con buenos resultados finaliz\u00f3 el primer censo comunitario de cet\u00e1ceos de la regi\u00f3n de Ays\u00e9n - Aysen<\/title>\n<meta name=\"robots\" content=\"index, follow, max-snippet:-1, max-image-preview:large, max-video-preview:-1\" \/>\n<link rel=\"canonical\" href=\"https:\/\/dev.explora.cl\/aysen\/con-buenos-resultados-finalizo-el-primer-censo-comunitario-de-cetaceos-de-la-region-de-aysen\/\" class=\"yoast-seo-meta-tag\" \/>\n<meta property=\"og:locale\" content=\"es_ES\" class=\"yoast-seo-meta-tag\" \/>\n<meta property=\"og:type\" content=\"article\" class=\"yoast-seo-meta-tag\" \/>\n<meta property=\"og:title\" content=\"Con buenos resultados finaliz\u00f3 el primer censo comunitario de cet\u00e1ceos de la regi\u00f3n de Ays\u00e9n - Aysen\" class=\"yoast-seo-meta-tag\" \/>\n<meta property=\"og:description\" content=\"En las comunidades litorales de Puerto Cisnes y Ra\u00fal Mar\u00edn Balmaceda se realiz\u00f3 esta iniciativa que bajo el lema &#8220;revalorando los saberes desde la comunidad&#8221;, espera seguir siendo replicada en el tiempo, con m\u00e1s voluntarios e integrando a otras localidades costeras de los canales y fiordos del litoral aisenino. Con el apoyo del proyecto \u201cArchipi\u00e9lagos [&hellip;]\" class=\"yoast-seo-meta-tag\" \/>\n<meta property=\"og:url\" content=\"https:\/\/dev.explora.cl\/aysen\/con-buenos-resultados-finalizo-el-primer-censo-comunitario-de-cetaceos-de-la-region-de-aysen\/\" class=\"yoast-seo-meta-tag\" \/>\n<meta property=\"og:site_name\" content=\"Aysen\" class=\"yoast-seo-meta-tag\" \/>\n<meta property=\"article:published_time\" content=\"2015-04-01T04:00:00+00:00\" class=\"yoast-seo-meta-tag\" \/>\n<meta property=\"article:modified_time\" content=\"2019-05-20T21:21:55+00:00\" class=\"yoast-seo-meta-tag\" \/>\n<meta property=\"og:image\" content=\"https:\/\/dev.explora.cl\/aysen\/wp-content\/uploads\/sites\/18\/2018\/06\/9d50023be844e560553d94ba1301b1f3-1024x683.jpg\" class=\"yoast-seo-meta-tag\" \/>\n\t<meta property=\"og:image:width\" content=\"1024\" class=\"yoast-seo-meta-tag\" \/>\n\t<meta property=\"og:image:height\" content=\"683\" class=\"yoast-seo-meta-tag\" \/>\n\t<meta property=\"og:image:type\" content=\"image\/jpeg\" class=\"yoast-seo-meta-tag\" \/>\n<meta name=\"author\" content=\"webman\" class=\"yoast-seo-meta-tag\" \/>\n<meta name=\"twitter:card\" content=\"summary_large_image\" class=\"yoast-seo-meta-tag\" \/>\n<meta name=\"twitter:label1\" content=\"Escrito por\" class=\"yoast-seo-meta-tag\" \/>\n\t<meta name=\"twitter:data1\" content=\"webman\" class=\"yoast-seo-meta-tag\" \/>\n\t<meta name=\"twitter:label2\" content=\"Tiempo estimado de lectura\" class=\"yoast-seo-meta-tag\" \/>\n\t<meta name=\"twitter:data2\" content=\"4 minutos\" class=\"yoast-seo-meta-tag\" \/>\n<script type=\"application\/ld+json\" class=\"yoast-schema-graph\">{\"@context\":\"https:\/\/schema.org\",\"@graph\":[{\"@type\":\"Article\",\"@id\":\"https:\/\/dev.explora.cl\/aysen\/con-buenos-resultados-finalizo-el-primer-censo-comunitario-de-cetaceos-de-la-region-de-aysen\/#article\",\"isPartOf\":{\"@id\":\"https:\/\/dev.explora.cl\/aysen\/con-buenos-resultados-finalizo-el-primer-censo-comunitario-de-cetaceos-de-la-region-de-aysen\/\"},\"author\":{\"name\":\"webman\",\"@id\":\"https:\/\/dev.explora.cl\/aysen\/#\/schema\/person\/cb8349c13ea2d324080adf8480d7ba5d\"},\"headline\":\"Con buenos resultados finaliz\u00f3 el primer censo comunitario de cet\u00e1ceos de la regi\u00f3n de Ays\u00e9n\",\"datePublished\":\"2015-04-01T04:00:00+00:00\",\"dateModified\":\"2019-05-20T21:21:55+00:00\",\"mainEntityOfPage\":{\"@id\":\"https:\/\/dev.explora.cl\/aysen\/con-buenos-resultados-finalizo-el-primer-censo-comunitario-de-cetaceos-de-la-region-de-aysen\/\"},\"wordCount\":858,\"commentCount\":0,\"image\":{\"@id\":\"https:\/\/dev.explora.cl\/aysen\/con-buenos-resultados-finalizo-el-primer-censo-comunitario-de-cetaceos-de-la-region-de-aysen\/#primaryimage\"},\"thumbnailUrl\":\"https:\/\/dev.explora.cl\/aysen\/wp-content\/uploads\/sites\/18\/2018\/06\/9d50023be844e560553d94ba1301b1f3.jpg\",\"articleSection\":[\"Noticias\"],\"inLanguage\":\"es-CL\",\"potentialAction\":[{\"@type\":\"CommentAction\",\"name\":\"Comment\",\"target\":[\"https:\/\/dev.explora.cl\/aysen\/con-buenos-resultados-finalizo-el-primer-censo-comunitario-de-cetaceos-de-la-region-de-aysen\/#respond\"]}]},{\"@type\":\"WebPage\",\"@id\":\"https:\/\/dev.explora.cl\/aysen\/con-buenos-resultados-finalizo-el-primer-censo-comunitario-de-cetaceos-de-la-region-de-aysen\/\",\"url\":\"https:\/\/dev.explora.cl\/aysen\/con-buenos-resultados-finalizo-el-primer-censo-comunitario-de-cetaceos-de-la-region-de-aysen\/\",\"name\":\"Con buenos resultados finaliz\u00f3 el primer censo comunitario de cet\u00e1ceos de la regi\u00f3n de Ays\u00e9n - Aysen\",\"isPartOf\":{\"@id\":\"https:\/\/dev.explora.cl\/aysen\/#website\"},\"primaryImageOfPage\":{\"@id\":\"https:\/\/dev.explora.cl\/aysen\/con-buenos-resultados-finalizo-el-primer-censo-comunitario-de-cetaceos-de-la-region-de-aysen\/#primaryimage\"},\"image\":{\"@id\":\"https:\/\/dev.explora.cl\/aysen\/con-buenos-resultados-finalizo-el-primer-censo-comunitario-de-cetaceos-de-la-region-de-aysen\/#primaryimage\"},\"thumbnailUrl\":\"https:\/\/dev.explora.cl\/aysen\/wp-content\/uploads\/sites\/18\/2018\/06\/9d50023be844e560553d94ba1301b1f3.jpg\",\"datePublished\":\"2015-04-01T04:00:00+00:00\",\"dateModified\":\"2019-05-20T21:21:55+00:00\",\"author\":{\"@id\":\"https:\/\/dev.explora.cl\/aysen\/#\/schema\/person\/cb8349c13ea2d324080adf8480d7ba5d\"},\"breadcrumb\":{\"@id\":\"https:\/\/dev.explora.cl\/aysen\/con-buenos-resultados-finalizo-el-primer-censo-comunitario-de-cetaceos-de-la-region-de-aysen\/#breadcrumb\"},\"inLanguage\":\"es-CL\",\"potentialAction\":[{\"@type\":\"ReadAction\",\"target\":[\"https:\/\/dev.explora.cl\/aysen\/con-buenos-resultados-finalizo-el-primer-censo-comunitario-de-cetaceos-de-la-region-de-aysen\/\"]}]},{\"@type\":\"ImageObject\",\"inLanguage\":\"es-CL\",\"@id\":\"https:\/\/dev.explora.cl\/aysen\/con-buenos-resultados-finalizo-el-primer-censo-comunitario-de-cetaceos-de-la-region-de-aysen\/#primaryimage\",\"url\":\"https:\/\/dev.explora.cl\/aysen\/wp-content\/uploads\/sites\/18\/2018\/06\/9d50023be844e560553d94ba1301b1f3.jpg\",\"contentUrl\":\"https:\/\/dev.explora.cl\/aysen\/wp-content\/uploads\/sites\/18\/2018\/06\/9d50023be844e560553d94ba1301b1f3.jpg\",\"width\":3225,\"height\":2151},{\"@type\":\"BreadcrumbList\",\"@id\":\"https:\/\/dev.explora.cl\/aysen\/con-buenos-resultados-finalizo-el-primer-censo-comunitario-de-cetaceos-de-la-region-de-aysen\/#breadcrumb\",\"itemListElement\":[{\"@type\":\"ListItem\",\"position\":1,\"name\":\"Portada\",\"item\":\"https:\/\/dev.explora.cl\/aysen\/\"},{\"@type\":\"ListItem\",\"position\":2,\"name\":\"Con buenos resultados finaliz\u00f3 el primer censo comunitario de cet\u00e1ceos de la regi\u00f3n de Ays\u00e9n\"}]},{\"@type\":\"WebSite\",\"@id\":\"https:\/\/dev.explora.cl\/aysen\/#website\",\"url\":\"https:\/\/dev.explora.cl\/aysen\/\",\"name\":\"Aysen\",\"description\":\"Otro sitio m\u00e1s de dev.explora.cl\",\"potentialAction\":[{\"@type\":\"SearchAction\",\"target\":{\"@type\":\"EntryPoint\",\"urlTemplate\":\"https:\/\/dev.explora.cl\/aysen\/?s={search_term_string}\"},\"query-input\":{\"@type\":\"PropertyValueSpecification\",\"valueRequired\":true,\"valueName\":\"search_term_string\"}}],\"inLanguage\":\"es-CL\"},{\"@type\":\"Person\",\"@id\":\"https:\/\/dev.explora.cl\/aysen\/#\/schema\/person\/cb8349c13ea2d324080adf8480d7ba5d\",\"name\":\"webman\",\"image\":{\"@type\":\"ImageObject\",\"inLanguage\":\"es-CL\",\"@id\":\"https:\/\/dev.explora.cl\/aysen\/#\/schema\/person\/image\/\",\"url\":\"https:\/\/secure.gravatar.com\/avatar\/eeff3c82f2c02f7177d13663b7e6f890e9a6a0647ce9bb29cae02dcb094c7312?s=96&d=mm&r=g\",\"contentUrl\":\"https:\/\/secure.gravatar.com\/avatar\/eeff3c82f2c02f7177d13663b7e6f890e9a6a0647ce9bb29cae02dcb094c7312?s=96&d=mm&r=g\",\"caption\":\"webman\"},\"url\":\"https:\/\/dev.explora.cl\/aysen\/author\/webman\/\"}]}<\/script>\n<!-- \/ Yoast SEO plugin. -->","yoast_head_json":{"title":"Con buenos resultados finaliz\u00f3 el primer censo comunitario de cet\u00e1ceos de la regi\u00f3n de Ays\u00e9n - Aysen","robots":{"index":"index","follow":"follow","max-snippet":"max-snippet:-1","max-image-preview":"max-image-preview:large","max-video-preview":"max-video-preview:-1"},"canonical":"https:\/\/dev.explora.cl\/aysen\/con-buenos-resultados-finalizo-el-primer-censo-comunitario-de-cetaceos-de-la-region-de-aysen\/","og_locale":"es_ES","og_type":"article","og_title":"Con buenos resultados finaliz\u00f3 el primer censo comunitario de cet\u00e1ceos de la regi\u00f3n de Ays\u00e9n - Aysen","og_description":"En las comunidades litorales de Puerto Cisnes y Ra\u00fal Mar\u00edn Balmaceda se realiz\u00f3 esta iniciativa que bajo el lema &#8220;revalorando los saberes desde la comunidad&#8221;, espera seguir siendo replicada en el tiempo, con m\u00e1s voluntarios e integrando a otras localidades costeras de los canales y fiordos del litoral aisenino. Con el apoyo del proyecto \u201cArchipi\u00e9lagos [&hellip;]","og_url":"https:\/\/dev.explora.cl\/aysen\/con-buenos-resultados-finalizo-el-primer-censo-comunitario-de-cetaceos-de-la-region-de-aysen\/","og_site_name":"Aysen","article_published_time":"2015-04-01T04:00:00+00:00","article_modified_time":"2019-05-20T21:21:55+00:00","og_image":[{"width":1024,"height":683,"url":"https:\/\/dev.explora.cl\/aysen\/wp-content\/uploads\/sites\/18\/2018\/06\/9d50023be844e560553d94ba1301b1f3-1024x683.jpg","type":"image\/jpeg"}],"author":"webman","twitter_card":"summary_large_image","twitter_misc":{"Escrito por":"webman","Tiempo estimado de lectura":"4 minutos"},"schema":{"@context":"https:\/\/schema.org","@graph":[{"@type":"Article","@id":"https:\/\/dev.explora.cl\/aysen\/con-buenos-resultados-finalizo-el-primer-censo-comunitario-de-cetaceos-de-la-region-de-aysen\/#article","isPartOf":{"@id":"https:\/\/dev.explora.cl\/aysen\/con-buenos-resultados-finalizo-el-primer-censo-comunitario-de-cetaceos-de-la-region-de-aysen\/"},"author":{"name":"webman","@id":"https:\/\/dev.explora.cl\/aysen\/#\/schema\/person\/cb8349c13ea2d324080adf8480d7ba5d"},"headline":"Con buenos resultados finaliz\u00f3 el primer censo comunitario de cet\u00e1ceos de la regi\u00f3n de Ays\u00e9n","datePublished":"2015-04-01T04:00:00+00:00","dateModified":"2019-05-20T21:21:55+00:00","mainEntityOfPage":{"@id":"https:\/\/dev.explora.cl\/aysen\/con-buenos-resultados-finalizo-el-primer-censo-comunitario-de-cetaceos-de-la-region-de-aysen\/"},"wordCount":858,"commentCount":0,"image":{"@id":"https:\/\/dev.explora.cl\/aysen\/con-buenos-resultados-finalizo-el-primer-censo-comunitario-de-cetaceos-de-la-region-de-aysen\/#primaryimage"},"thumbnailUrl":"https:\/\/dev.explora.cl\/aysen\/wp-content\/uploads\/sites\/18\/2018\/06\/9d50023be844e560553d94ba1301b1f3.jpg","articleSection":["Noticias"],"inLanguage":"es-CL","potentialAction":[{"@type":"CommentAction","name":"Comment","target":["https:\/\/dev.explora.cl\/aysen\/con-buenos-resultados-finalizo-el-primer-censo-comunitario-de-cetaceos-de-la-region-de-aysen\/#respond"]}]},{"@type":"WebPage","@id":"https:\/\/dev.explora.cl\/aysen\/con-buenos-resultados-finalizo-el-primer-censo-comunitario-de-cetaceos-de-la-region-de-aysen\/","url":"https:\/\/dev.explora.cl\/aysen\/con-buenos-resultados-finalizo-el-primer-censo-comunitario-de-cetaceos-de-la-region-de-aysen\/","name":"Con buenos resultados finaliz\u00f3 el primer censo comunitario de cet\u00e1ceos de la regi\u00f3n de Ays\u00e9n - Aysen","isPartOf":{"@id":"https:\/\/dev.explora.cl\/aysen\/#website"},"primaryImageOfPage":{"@id":"https:\/\/dev.explora.cl\/aysen\/con-buenos-resultados-finalizo-el-primer-censo-comunitario-de-cetaceos-de-la-region-de-aysen\/#primaryimage"},"image":{"@id":"https:\/\/dev.explora.cl\/aysen\/con-buenos-resultados-finalizo-el-primer-censo-comunitario-de-cetaceos-de-la-region-de-aysen\/#primaryimage"},"thumbnailUrl":"https:\/\/dev.explora.cl\/aysen\/wp-content\/uploads\/sites\/18\/2018\/06\/9d50023be844e560553d94ba1301b1f3.jpg","datePublished":"2015-04-01T04:00:00+00:00","dateModified":"2019-05-20T21:21:55+00:00","author":{"@id":"https:\/\/dev.explora.cl\/aysen\/#\/schema\/person\/cb8349c13ea2d324080adf8480d7ba5d"},"breadcrumb":{"@id":"https:\/\/dev.explora.cl\/aysen\/con-buenos-resultados-finalizo-el-primer-censo-comunitario-de-cetaceos-de-la-region-de-aysen\/#breadcrumb"},"inLanguage":"es-CL","potentialAction":[{"@type":"ReadAction","target":["https:\/\/dev.explora.cl\/aysen\/con-buenos-resultados-finalizo-el-primer-censo-comunitario-de-cetaceos-de-la-region-de-aysen\/"]}]},{"@type":"ImageObject","inLanguage":"es-CL","@id":"https:\/\/dev.explora.cl\/aysen\/con-buenos-resultados-finalizo-el-primer-censo-comunitario-de-cetaceos-de-la-region-de-aysen\/#primaryimage","url":"https:\/\/dev.explora.cl\/aysen\/wp-content\/uploads\/sites\/18\/2018\/06\/9d50023be844e560553d94ba1301b1f3.jpg","contentUrl":"https:\/\/dev.explora.cl\/aysen\/wp-content\/uploads\/sites\/18\/2018\/06\/9d50023be844e560553d94ba1301b1f3.jpg","width":3225,"height":2151},{"@type":"BreadcrumbList","@id":"https:\/\/dev.explora.cl\/aysen\/con-buenos-resultados-finalizo-el-primer-censo-comunitario-de-cetaceos-de-la-region-de-aysen\/#breadcrumb","itemListElement":[{"@type":"ListItem","position":1,"name":"Portada","item":"https:\/\/dev.explora.cl\/aysen\/"},{"@type":"ListItem","position":2,"name":"Con buenos resultados finaliz\u00f3 el primer censo comunitario de cet\u00e1ceos de la regi\u00f3n de Ays\u00e9n"}]},{"@type":"WebSite","@id":"https:\/\/dev.explora.cl\/aysen\/#website","url":"https:\/\/dev.explora.cl\/aysen\/","name":"Aysen","description":"Otro sitio m\u00e1s de dev.explora.cl","potentialAction":[{"@type":"SearchAction","target":{"@type":"EntryPoint","urlTemplate":"https:\/\/dev.explora.cl\/aysen\/?s={search_term_string}"},"query-input":{"@type":"PropertyValueSpecification","valueRequired":true,"valueName":"search_term_string"}}],"inLanguage":"es-CL"},{"@type":"Person","@id":"https:\/\/dev.explora.cl\/aysen\/#\/schema\/person\/cb8349c13ea2d324080adf8480d7ba5d","name":"webman","image":{"@type":"ImageObject","inLanguage":"es-CL","@id":"https:\/\/dev.explora.cl\/aysen\/#\/schema\/person\/image\/","url":"https:\/\/secure.gravatar.com\/avatar\/eeff3c82f2c02f7177d13663b7e6f890e9a6a0647ce9bb29cae02dcb094c7312?s=96&d=mm&r=g","contentUrl":"https:\/\/secure.gravatar.com\/avatar\/eeff3c82f2c02f7177d13663b7e6f890e9a6a0647ce9bb29cae02dcb094c7312?s=96&d=mm&r=g","caption":"webman"},"url":"https:\/\/dev.explora.cl\/aysen\/author\/webman\/"}]}},"_links":{"self":[{"href":"https:\/\/dev.explora.cl\/aysen\/wp-json\/wp\/v2\/posts\/174","targetHints":{"allow":["GET"]}}],"collection":[{"href":"https:\/\/dev.explora.cl\/aysen\/wp-json\/wp\/v2\/posts"}],"about":[{"href":"https:\/\/dev.explora.cl\/aysen\/wp-json\/wp\/v2\/types\/post"}],"author":[{"embeddable":true,"href":"https:\/\/dev.explora.cl\/aysen\/wp-json\/wp\/v2\/users\/2"}],"replies":[{"embeddable":true,"href":"https:\/\/dev.explora.cl\/aysen\/wp-json\/wp\/v2\/comments?post=174"}],"version-history":[{"count":1,"href":"https:\/\/dev.explora.cl\/aysen\/wp-json\/wp\/v2\/posts\/174\/revisions"}],"predecessor-version":[{"id":37329,"href":"https:\/\/dev.explora.cl\/aysen\/wp-json\/wp\/v2\/posts\/174\/revisions\/37329"}],"wp:featuredmedia":[{"embeddable":true,"href":"https:\/\/dev.explora.cl\/aysen\/wp-json\/wp\/v2\/media\/175"}],"wp:attachment":[{"href":"https:\/\/dev.explora.cl\/aysen\/wp-json\/wp\/v2\/media?parent=174"}],"wp:term":[{"taxonomy":"category","embeddable":true,"href":"https:\/\/dev.explora.cl\/aysen\/wp-json\/wp\/v2\/categories?post=174"},{"taxonomy":"post_tag","embeddable":true,"href":"https:\/\/dev.explora.cl\/aysen\/wp-json\/wp\/v2\/tags?post=174"}],"curies":[{"name":"wp","href":"https:\/\/api.w.org\/{rel}","templated":true}]}}