{"id":172,"date":"2015-03-23T00:00:00","date_gmt":"2015-03-23T04:00:00","guid":{"rendered":"https:\/\/dev.explora.cl\/aysen\/blog\/2015\/03\/23\/exitosa-mateada-cientifica-con-adultos-mayores-para-el-dia-internacional-de-la-astronomia\/"},"modified":"2019-05-20T21:21:56","modified_gmt":"2019-05-20T21:21:56","slug":"exitosa-mateada-cientifica-con-adultos-mayores-para-el-dia-internacional-de-la-astronomia","status":"publish","type":"post","link":"https:\/\/dev.explora.cl\/aysen\/exitosa-mateada-cientifica-con-adultos-mayores-para-el-dia-internacional-de-la-astronomia\/","title":{"rendered":"Exitosa mateada cient\u00edfica con adultos mayores para el D\u00eda Internacional de la Astronom\u00eda"},"content":{"rendered":"<p><img loading=\"lazy\" decoding=\"async\" class=\" size-full wp-image-9671\" src=\"http:\/\/ec2-34-218-253-251.us-west-2.compute.amazonaws.com\/wp-content\/uploads\/2015\/03\/99cd0456dbb566f78b7b8527fdd14c15.jpg\" alt=\"\" width=\"800\" height=\"533\" \/><\/p>\n<p>El PAR EXPLORA de la Regi\u00f3n de Ays\u00e9n, ejecutado por el Campus Patagonia de la Universidad Austral de Chile y el CIEP, realiz\u00f3 un conjunto de actividades para celebrar el D\u00eda Internacional de la Astronom\u00eda, apoyados por la Fundaci\u00f3n Planetario, El Programa EXPLORA CONICYT y la Sociedad Chilena de Astronom\u00eda-SOCHIAS.<\/p>\n<p>En esta oportunidad visit\u00f3 la regi\u00f3n el Dr. Mat\u00edas G\u00f3mez, Astr\u00f3nomo de la Universidad Andr\u00e9s Bello, quien fue parte de las distintas actividades dirigidas a la comunidad de Ays\u00e9n destacando la organizada en conjunto con el Servicio Nacional del Adulto Mayor, SENAMA, que consisti\u00f3 en una mateada cient\u00edfica dirigida a un grupo de adultos mayores con quienes se gener\u00f3 un importante espacio de conversaci\u00f3n en torno a la astronom\u00eda.<\/p>\n<p>\u201cTelescopios como m\u00e1quinas de tiempo y futuro del universo\u201d fue el t\u00edtulo de la charla presentada en dependencias del Campus Patagonia de la UACh donde el Dr. Mat\u00edas G\u00f3mez logr\u00f3 encantar y generar un interesante di\u00e1logo con los invitados.<\/p>\n<p>Eliana Contreras, Presidenta regional de la asociaci\u00f3n de adultos mayores Padre Antonio Ronchi, destac\u00f3 la enriquecedora experiencia que signific\u00f3 compartir con un cient\u00edfico tan mportante. \u201cTener un especialista como Don Mat\u00edas ha sido gratificante ya que hemos podido hacerle muchas preguntas y nos ha contestado y hemos aprendido muchas cosas que ignor\u00e1bamos en el campo de la astronom\u00eda. Es bueno que nos abran los ojos y nos muestre donde estamos quienes somos y hacia donde vamos.<\/p>\n<p>Rodolfo Elgueta, Coordinador Regional del SENAMA, recalc\u00f3 la bonita y gratificante \u00a0experiencia que signific\u00f3 ser parte de esta iniciativa. &#8220;Es maravilloso ver como los adultos mayores est\u00e1n interesados en tener m\u00e1s conocimientos y demuestran su inter\u00e9s en temas cient\u00edficos. Nosotros estamos haciendo convenios y alianzas con distintos organismos p\u00fablicos y privados que nos permitan entregarle herramientas a los adultos mayores para que ellos puedan participar en todos \u00e1mbitos de la din\u00e1mica social como en econom\u00eda, cultura, sociedad y ciencias&#8221;.<\/p>\n","protected":false},"excerpt":{"rendered":"<p>El PAR EXPLORA de la Regi\u00f3n de Ays\u00e9n, ejecutado por el Campus Patagonia de la Universidad Austral de Chile y el CIEP, realiz\u00f3 un conjunto de actividades para celebrar el D\u00eda Internacional de la Astronom\u00eda, apoyados por la Fundaci\u00f3n Planetario, El Programa EXPLORA CONICYT y la Sociedad Chilena de Astronom\u00eda-SOCHIAS. En esta oportunidad visit\u00f3 la [&hellip;]<\/p>\n","protected":false},"author":2,"featured_media":173,"comment_status":"open","ping_status":"open","sticky":false,"template":"","format":"standard","meta":{"_acf_changed":false,"_exactmetrics_skip_tracking":false,"_exactmetrics_sitenote_active":false,"_exactmetrics_sitenote_note":"","_exactmetrics_sitenote_category":0,"footnotes":"","_links_to":"","_links_to_target":""},"categories":[4],"tags":[],"class_list":["post-172","post","type-post","status-publish","format-standard","has-post-thumbnail","hentry","category-noticias"],"acf":[],"yoast_head":"<!-- This site is optimized with the Yoast SEO plugin v26.7 - https:\/\/yoast.com\/wordpress\/plugins\/seo\/ -->\n<title>Exitosa mateada cient\u00edfica con adultos mayores para el D\u00eda Internacional de la Astronom\u00eda - Aysen<\/title>\n<meta name=\"robots\" content=\"index, follow, max-snippet:-1, max-image-preview:large, max-video-preview:-1\" \/>\n<link rel=\"canonical\" href=\"https:\/\/dev.explora.cl\/aysen\/exitosa-mateada-cientifica-con-adultos-mayores-para-el-dia-internacional-de-la-astronomia\/\" class=\"yoast-seo-meta-tag\" \/>\n<meta property=\"og:locale\" content=\"es_ES\" class=\"yoast-seo-meta-tag\" \/>\n<meta property=\"og:type\" content=\"article\" class=\"yoast-seo-meta-tag\" \/>\n<meta property=\"og:title\" content=\"Exitosa mateada cient\u00edfica con adultos mayores para el D\u00eda Internacional de la Astronom\u00eda - Aysen\" class=\"yoast-seo-meta-tag\" \/>\n<meta property=\"og:description\" content=\"El PAR EXPLORA de la Regi\u00f3n de Ays\u00e9n, ejecutado por el Campus Patagonia de la Universidad Austral de Chile y el CIEP, realiz\u00f3 un conjunto de actividades para celebrar el D\u00eda Internacional de la Astronom\u00eda, apoyados por la Fundaci\u00f3n Planetario, El Programa EXPLORA CONICYT y la Sociedad Chilena de Astronom\u00eda-SOCHIAS. En esta oportunidad visit\u00f3 la [&hellip;]\" class=\"yoast-seo-meta-tag\" \/>\n<meta property=\"og:url\" content=\"https:\/\/dev.explora.cl\/aysen\/exitosa-mateada-cientifica-con-adultos-mayores-para-el-dia-internacional-de-la-astronomia\/\" class=\"yoast-seo-meta-tag\" \/>\n<meta property=\"og:site_name\" content=\"Aysen\" class=\"yoast-seo-meta-tag\" \/>\n<meta property=\"article:published_time\" content=\"2015-03-23T04:00:00+00:00\" class=\"yoast-seo-meta-tag\" \/>\n<meta property=\"article:modified_time\" content=\"2019-05-20T21:21:56+00:00\" class=\"yoast-seo-meta-tag\" \/>\n<meta property=\"og:image\" content=\"https:\/\/dev.explora.cl\/aysen\/wp-content\/uploads\/sites\/18\/2018\/06\/99cd0456dbb566f78b7b8527fdd14c15.jpg\" class=\"yoast-seo-meta-tag\" \/>\n\t<meta property=\"og:image:width\" content=\"800\" class=\"yoast-seo-meta-tag\" \/>\n\t<meta property=\"og:image:height\" content=\"533\" class=\"yoast-seo-meta-tag\" \/>\n\t<meta property=\"og:image:type\" content=\"image\/jpeg\" class=\"yoast-seo-meta-tag\" \/>\n<meta name=\"author\" content=\"webman\" class=\"yoast-seo-meta-tag\" \/>\n<meta name=\"twitter:card\" content=\"summary_large_image\" class=\"yoast-seo-meta-tag\" \/>\n<meta name=\"twitter:label1\" content=\"Escrito por\" class=\"yoast-seo-meta-tag\" \/>\n\t<meta name=\"twitter:data1\" content=\"webman\" class=\"yoast-seo-meta-tag\" \/>\n\t<meta name=\"twitter:label2\" content=\"Tiempo estimado de lectura\" class=\"yoast-seo-meta-tag\" \/>\n\t<meta name=\"twitter:data2\" content=\"2 minutos\" class=\"yoast-seo-meta-tag\" \/>\n<script type=\"application\/ld+json\" class=\"yoast-schema-graph\">{\"@context\":\"https:\/\/schema.org\",\"@graph\":[{\"@type\":\"Article\",\"@id\":\"https:\/\/dev.explora.cl\/aysen\/exitosa-mateada-cientifica-con-adultos-mayores-para-el-dia-internacional-de-la-astronomia\/#article\",\"isPartOf\":{\"@id\":\"https:\/\/dev.explora.cl\/aysen\/exitosa-mateada-cientifica-con-adultos-mayores-para-el-dia-internacional-de-la-astronomia\/\"},\"author\":{\"name\":\"webman\",\"@id\":\"https:\/\/dev.explora.cl\/aysen\/#\/schema\/person\/cb8349c13ea2d324080adf8480d7ba5d\"},\"headline\":\"Exitosa mateada cient\u00edfica con adultos mayores para el D\u00eda Internacional de la Astronom\u00eda\",\"datePublished\":\"2015-03-23T04:00:00+00:00\",\"dateModified\":\"2019-05-20T21:21:56+00:00\",\"mainEntityOfPage\":{\"@id\":\"https:\/\/dev.explora.cl\/aysen\/exitosa-mateada-cientifica-con-adultos-mayores-para-el-dia-internacional-de-la-astronomia\/\"},\"wordCount\":361,\"commentCount\":0,\"image\":{\"@id\":\"https:\/\/dev.explora.cl\/aysen\/exitosa-mateada-cientifica-con-adultos-mayores-para-el-dia-internacional-de-la-astronomia\/#primaryimage\"},\"thumbnailUrl\":\"https:\/\/dev.explora.cl\/aysen\/wp-content\/uploads\/sites\/18\/2018\/06\/99cd0456dbb566f78b7b8527fdd14c15.jpg\",\"articleSection\":[\"Noticias\"],\"inLanguage\":\"es-CL\",\"potentialAction\":[{\"@type\":\"CommentAction\",\"name\":\"Comment\",\"target\":[\"https:\/\/dev.explora.cl\/aysen\/exitosa-mateada-cientifica-con-adultos-mayores-para-el-dia-internacional-de-la-astronomia\/#respond\"]}]},{\"@type\":\"WebPage\",\"@id\":\"https:\/\/dev.explora.cl\/aysen\/exitosa-mateada-cientifica-con-adultos-mayores-para-el-dia-internacional-de-la-astronomia\/\",\"url\":\"https:\/\/dev.explora.cl\/aysen\/exitosa-mateada-cientifica-con-adultos-mayores-para-el-dia-internacional-de-la-astronomia\/\",\"name\":\"Exitosa mateada cient\u00edfica con adultos mayores para el D\u00eda Internacional de la Astronom\u00eda - Aysen\",\"isPartOf\":{\"@id\":\"https:\/\/dev.explora.cl\/aysen\/#website\"},\"primaryImageOfPage\":{\"@id\":\"https:\/\/dev.explora.cl\/aysen\/exitosa-mateada-cientifica-con-adultos-mayores-para-el-dia-internacional-de-la-astronomia\/#primaryimage\"},\"image\":{\"@id\":\"https:\/\/dev.explora.cl\/aysen\/exitosa-mateada-cientifica-con-adultos-mayores-para-el-dia-internacional-de-la-astronomia\/#primaryimage\"},\"thumbnailUrl\":\"https:\/\/dev.explora.cl\/aysen\/wp-content\/uploads\/sites\/18\/2018\/06\/99cd0456dbb566f78b7b8527fdd14c15.jpg\",\"datePublished\":\"2015-03-23T04:00:00+00:00\",\"dateModified\":\"2019-05-20T21:21:56+00:00\",\"author\":{\"@id\":\"https:\/\/dev.explora.cl\/aysen\/#\/schema\/person\/cb8349c13ea2d324080adf8480d7ba5d\"},\"breadcrumb\":{\"@id\":\"https:\/\/dev.explora.cl\/aysen\/exitosa-mateada-cientifica-con-adultos-mayores-para-el-dia-internacional-de-la-astronomia\/#breadcrumb\"},\"inLanguage\":\"es-CL\",\"potentialAction\":[{\"@type\":\"ReadAction\",\"target\":[\"https:\/\/dev.explora.cl\/aysen\/exitosa-mateada-cientifica-con-adultos-mayores-para-el-dia-internacional-de-la-astronomia\/\"]}]},{\"@type\":\"ImageObject\",\"inLanguage\":\"es-CL\",\"@id\":\"https:\/\/dev.explora.cl\/aysen\/exitosa-mateada-cientifica-con-adultos-mayores-para-el-dia-internacional-de-la-astronomia\/#primaryimage\",\"url\":\"https:\/\/dev.explora.cl\/aysen\/wp-content\/uploads\/sites\/18\/2018\/06\/99cd0456dbb566f78b7b8527fdd14c15.jpg\",\"contentUrl\":\"https:\/\/dev.explora.cl\/aysen\/wp-content\/uploads\/sites\/18\/2018\/06\/99cd0456dbb566f78b7b8527fdd14c15.jpg\",\"width\":800,\"height\":533},{\"@type\":\"BreadcrumbList\",\"@id\":\"https:\/\/dev.explora.cl\/aysen\/exitosa-mateada-cientifica-con-adultos-mayores-para-el-dia-internacional-de-la-astronomia\/#breadcrumb\",\"itemListElement\":[{\"@type\":\"ListItem\",\"position\":1,\"name\":\"Portada\",\"item\":\"https:\/\/dev.explora.cl\/aysen\/\"},{\"@type\":\"ListItem\",\"position\":2,\"name\":\"Exitosa mateada cient\u00edfica con adultos mayores para el D\u00eda Internacional de la Astronom\u00eda\"}]},{\"@type\":\"WebSite\",\"@id\":\"https:\/\/dev.explora.cl\/aysen\/#website\",\"url\":\"https:\/\/dev.explora.cl\/aysen\/\",\"name\":\"Aysen\",\"description\":\"Otro sitio m\u00e1s de dev.explora.cl\",\"potentialAction\":[{\"@type\":\"SearchAction\",\"target\":{\"@type\":\"EntryPoint\",\"urlTemplate\":\"https:\/\/dev.explora.cl\/aysen\/?s={search_term_string}\"},\"query-input\":{\"@type\":\"PropertyValueSpecification\",\"valueRequired\":true,\"valueName\":\"search_term_string\"}}],\"inLanguage\":\"es-CL\"},{\"@type\":\"Person\",\"@id\":\"https:\/\/dev.explora.cl\/aysen\/#\/schema\/person\/cb8349c13ea2d324080adf8480d7ba5d\",\"name\":\"webman\",\"image\":{\"@type\":\"ImageObject\",\"inLanguage\":\"es-CL\",\"@id\":\"https:\/\/dev.explora.cl\/aysen\/#\/schema\/person\/image\/\",\"url\":\"https:\/\/secure.gravatar.com\/avatar\/eeff3c82f2c02f7177d13663b7e6f890e9a6a0647ce9bb29cae02dcb094c7312?s=96&d=mm&r=g\",\"contentUrl\":\"https:\/\/secure.gravatar.com\/avatar\/eeff3c82f2c02f7177d13663b7e6f890e9a6a0647ce9bb29cae02dcb094c7312?s=96&d=mm&r=g\",\"caption\":\"webman\"},\"url\":\"https:\/\/dev.explora.cl\/aysen\/author\/webman\/\"}]}<\/script>\n<!-- \/ Yoast SEO plugin. -->","yoast_head_json":{"title":"Exitosa mateada cient\u00edfica con adultos mayores para el D\u00eda Internacional de la Astronom\u00eda - Aysen","robots":{"index":"index","follow":"follow","max-snippet":"max-snippet:-1","max-image-preview":"max-image-preview:large","max-video-preview":"max-video-preview:-1"},"canonical":"https:\/\/dev.explora.cl\/aysen\/exitosa-mateada-cientifica-con-adultos-mayores-para-el-dia-internacional-de-la-astronomia\/","og_locale":"es_ES","og_type":"article","og_title":"Exitosa mateada cient\u00edfica con adultos mayores para el D\u00eda Internacional de la Astronom\u00eda - Aysen","og_description":"El PAR EXPLORA de la Regi\u00f3n de Ays\u00e9n, ejecutado por el Campus Patagonia de la Universidad Austral de Chile y el CIEP, realiz\u00f3 un conjunto de actividades para celebrar el D\u00eda Internacional de la Astronom\u00eda, apoyados por la Fundaci\u00f3n Planetario, El Programa EXPLORA CONICYT y la Sociedad Chilena de Astronom\u00eda-SOCHIAS. En esta oportunidad visit\u00f3 la [&hellip;]","og_url":"https:\/\/dev.explora.cl\/aysen\/exitosa-mateada-cientifica-con-adultos-mayores-para-el-dia-internacional-de-la-astronomia\/","og_site_name":"Aysen","article_published_time":"2015-03-23T04:00:00+00:00","article_modified_time":"2019-05-20T21:21:56+00:00","og_image":[{"width":800,"height":533,"url":"https:\/\/dev.explora.cl\/aysen\/wp-content\/uploads\/sites\/18\/2018\/06\/99cd0456dbb566f78b7b8527fdd14c15.jpg","type":"image\/jpeg"}],"author":"webman","twitter_card":"summary_large_image","twitter_misc":{"Escrito por":"webman","Tiempo estimado de lectura":"2 minutos"},"schema":{"@context":"https:\/\/schema.org","@graph":[{"@type":"Article","@id":"https:\/\/dev.explora.cl\/aysen\/exitosa-mateada-cientifica-con-adultos-mayores-para-el-dia-internacional-de-la-astronomia\/#article","isPartOf":{"@id":"https:\/\/dev.explora.cl\/aysen\/exitosa-mateada-cientifica-con-adultos-mayores-para-el-dia-internacional-de-la-astronomia\/"},"author":{"name":"webman","@id":"https:\/\/dev.explora.cl\/aysen\/#\/schema\/person\/cb8349c13ea2d324080adf8480d7ba5d"},"headline":"Exitosa mateada cient\u00edfica con adultos mayores para el D\u00eda Internacional de la Astronom\u00eda","datePublished":"2015-03-23T04:00:00+00:00","dateModified":"2019-05-20T21:21:56+00:00","mainEntityOfPage":{"@id":"https:\/\/dev.explora.cl\/aysen\/exitosa-mateada-cientifica-con-adultos-mayores-para-el-dia-internacional-de-la-astronomia\/"},"wordCount":361,"commentCount":0,"image":{"@id":"https:\/\/dev.explora.cl\/aysen\/exitosa-mateada-cientifica-con-adultos-mayores-para-el-dia-internacional-de-la-astronomia\/#primaryimage"},"thumbnailUrl":"https:\/\/dev.explora.cl\/aysen\/wp-content\/uploads\/sites\/18\/2018\/06\/99cd0456dbb566f78b7b8527fdd14c15.jpg","articleSection":["Noticias"],"inLanguage":"es-CL","potentialAction":[{"@type":"CommentAction","name":"Comment","target":["https:\/\/dev.explora.cl\/aysen\/exitosa-mateada-cientifica-con-adultos-mayores-para-el-dia-internacional-de-la-astronomia\/#respond"]}]},{"@type":"WebPage","@id":"https:\/\/dev.explora.cl\/aysen\/exitosa-mateada-cientifica-con-adultos-mayores-para-el-dia-internacional-de-la-astronomia\/","url":"https:\/\/dev.explora.cl\/aysen\/exitosa-mateada-cientifica-con-adultos-mayores-para-el-dia-internacional-de-la-astronomia\/","name":"Exitosa mateada cient\u00edfica con adultos mayores para el D\u00eda Internacional de la Astronom\u00eda - Aysen","isPartOf":{"@id":"https:\/\/dev.explora.cl\/aysen\/#website"},"primaryImageOfPage":{"@id":"https:\/\/dev.explora.cl\/aysen\/exitosa-mateada-cientifica-con-adultos-mayores-para-el-dia-internacional-de-la-astronomia\/#primaryimage"},"image":{"@id":"https:\/\/dev.explora.cl\/aysen\/exitosa-mateada-cientifica-con-adultos-mayores-para-el-dia-internacional-de-la-astronomia\/#primaryimage"},"thumbnailUrl":"https:\/\/dev.explora.cl\/aysen\/wp-content\/uploads\/sites\/18\/2018\/06\/99cd0456dbb566f78b7b8527fdd14c15.jpg","datePublished":"2015-03-23T04:00:00+00:00","dateModified":"2019-05-20T21:21:56+00:00","author":{"@id":"https:\/\/dev.explora.cl\/aysen\/#\/schema\/person\/cb8349c13ea2d324080adf8480d7ba5d"},"breadcrumb":{"@id":"https:\/\/dev.explora.cl\/aysen\/exitosa-mateada-cientifica-con-adultos-mayores-para-el-dia-internacional-de-la-astronomia\/#breadcrumb"},"inLanguage":"es-CL","potentialAction":[{"@type":"ReadAction","target":["https:\/\/dev.explora.cl\/aysen\/exitosa-mateada-cientifica-con-adultos-mayores-para-el-dia-internacional-de-la-astronomia\/"]}]},{"@type":"ImageObject","inLanguage":"es-CL","@id":"https:\/\/dev.explora.cl\/aysen\/exitosa-mateada-cientifica-con-adultos-mayores-para-el-dia-internacional-de-la-astronomia\/#primaryimage","url":"https:\/\/dev.explora.cl\/aysen\/wp-content\/uploads\/sites\/18\/2018\/06\/99cd0456dbb566f78b7b8527fdd14c15.jpg","contentUrl":"https:\/\/dev.explora.cl\/aysen\/wp-content\/uploads\/sites\/18\/2018\/06\/99cd0456dbb566f78b7b8527fdd14c15.jpg","width":800,"height":533},{"@type":"BreadcrumbList","@id":"https:\/\/dev.explora.cl\/aysen\/exitosa-mateada-cientifica-con-adultos-mayores-para-el-dia-internacional-de-la-astronomia\/#breadcrumb","itemListElement":[{"@type":"ListItem","position":1,"name":"Portada","item":"https:\/\/dev.explora.cl\/aysen\/"},{"@type":"ListItem","position":2,"name":"Exitosa mateada cient\u00edfica con adultos mayores para el D\u00eda Internacional de la Astronom\u00eda"}]},{"@type":"WebSite","@id":"https:\/\/dev.explora.cl\/aysen\/#website","url":"https:\/\/dev.explora.cl\/aysen\/","name":"Aysen","description":"Otro sitio m\u00e1s de dev.explora.cl","potentialAction":[{"@type":"SearchAction","target":{"@type":"EntryPoint","urlTemplate":"https:\/\/dev.explora.cl\/aysen\/?s={search_term_string}"},"query-input":{"@type":"PropertyValueSpecification","valueRequired":true,"valueName":"search_term_string"}}],"inLanguage":"es-CL"},{"@type":"Person","@id":"https:\/\/dev.explora.cl\/aysen\/#\/schema\/person\/cb8349c13ea2d324080adf8480d7ba5d","name":"webman","image":{"@type":"ImageObject","inLanguage":"es-CL","@id":"https:\/\/dev.explora.cl\/aysen\/#\/schema\/person\/image\/","url":"https:\/\/secure.gravatar.com\/avatar\/eeff3c82f2c02f7177d13663b7e6f890e9a6a0647ce9bb29cae02dcb094c7312?s=96&d=mm&r=g","contentUrl":"https:\/\/secure.gravatar.com\/avatar\/eeff3c82f2c02f7177d13663b7e6f890e9a6a0647ce9bb29cae02dcb094c7312?s=96&d=mm&r=g","caption":"webman"},"url":"https:\/\/dev.explora.cl\/aysen\/author\/webman\/"}]}},"_links":{"self":[{"href":"https:\/\/dev.explora.cl\/aysen\/wp-json\/wp\/v2\/posts\/172","targetHints":{"allow":["GET"]}}],"collection":[{"href":"https:\/\/dev.explora.cl\/aysen\/wp-json\/wp\/v2\/posts"}],"about":[{"href":"https:\/\/dev.explora.cl\/aysen\/wp-json\/wp\/v2\/types\/post"}],"author":[{"embeddable":true,"href":"https:\/\/dev.explora.cl\/aysen\/wp-json\/wp\/v2\/users\/2"}],"replies":[{"embeddable":true,"href":"https:\/\/dev.explora.cl\/aysen\/wp-json\/wp\/v2\/comments?post=172"}],"version-history":[{"count":1,"href":"https:\/\/dev.explora.cl\/aysen\/wp-json\/wp\/v2\/posts\/172\/revisions"}],"predecessor-version":[{"id":37331,"href":"https:\/\/dev.explora.cl\/aysen\/wp-json\/wp\/v2\/posts\/172\/revisions\/37331"}],"wp:featuredmedia":[{"embeddable":true,"href":"https:\/\/dev.explora.cl\/aysen\/wp-json\/wp\/v2\/media\/173"}],"wp:attachment":[{"href":"https:\/\/dev.explora.cl\/aysen\/wp-json\/wp\/v2\/media?parent=172"}],"wp:term":[{"taxonomy":"category","embeddable":true,"href":"https:\/\/dev.explora.cl\/aysen\/wp-json\/wp\/v2\/categories?post=172"},{"taxonomy":"post_tag","embeddable":true,"href":"https:\/\/dev.explora.cl\/aysen\/wp-json\/wp\/v2\/tags?post=172"}],"curies":[{"name":"wp","href":"https:\/\/api.w.org\/{rel}","templated":true}]}}