{"id":170,"date":"2015-03-23T00:00:00","date_gmt":"2015-03-23T04:00:00","guid":{"rendered":"https:\/\/dev.explora.cl\/aysen\/blog\/2015\/03\/23\/exitoso-cafe-con-ciencia-encabezo-actividades-del-dia-internacional-de-la-astronomia\/"},"modified":"2019-05-20T21:21:56","modified_gmt":"2019-05-20T21:21:56","slug":"exitoso-cafe-con-ciencia-encabezo-actividades-del-dia-internacional-de-la-astronomia","status":"publish","type":"post","link":"https:\/\/dev.explora.cl\/aysen\/exitoso-cafe-con-ciencia-encabezo-actividades-del-dia-internacional-de-la-astronomia\/","title":{"rendered":"Exitoso Caf\u00e9 con Ciencia encabez\u00f3 actividades del D\u00eda Internacional de la Astronom\u00eda"},"content":{"rendered":"<p><img loading=\"lazy\" decoding=\"async\" class=\" size-full wp-image-9644\" src=\"http:\/\/ec2-34-218-253-251.us-west-2.compute.amazonaws.com\/wp-content\/uploads\/2015\/03\/a2cfaf532469462a7654112fbd5e0565.jpg\" alt=\"\" width=\"800\" height=\"533\" \/><\/p>\n<p>El Caf\u00e9 con Ciencia fue organizado por la ONG Aumen junto con la colaboraci\u00f3n del PAR Explora Regi\u00f3n de Ays\u00e9n que es ejecutado por el Campus Patagonia de la Universidad Austral de Chile.<\/p>\n<p>La jornada se llev\u00f3 cabo en el Caf\u00e9 de Mayo, donde se llenaron tempranamente todos los cupos por la gran cantidad de interesados en presenciar la charla, \u201cC\u00famulos Estelares: Laboratorios para la Astrof\u00edsica\u201d, que ven\u00eda a dictar el astr\u00f3logo, doctor Mat\u00edas G\u00f3mez Camus.<\/p>\n<p>Este connotado investigador vino a la regi\u00f3n con motivo de la Celebraci\u00f3n del D\u00eda Internacional de la Astronom\u00eda 2015, gracias a un convenio entre La Fundaci\u00f3n Planetario, El Programa Explora de Conicyt y la Sociedad Chilena de Astronom\u00eda-SOCHIAS, quienes a trav\u00e9s de la UACh y su PAR Explora Regi\u00f3n de Ays\u00e9n organizan las actividades de celebraci\u00f3n en coordinaci\u00f3n con la ONG Aumen para la realizaci\u00f3n del Caf\u00e9 con Ciencia.<\/p>\n<p>El especialista en Ciencias Exactas menci\u00f3n F\u00edsica de la Universidad Cat\u00f3lica y Profesor e Investigador del Departamento de Ciencias F\u00edsicas de la Universidad Andr\u00e9s Bello logr\u00f3 transmitir sus conocimientos en un lenguaje asequible al p\u00fablico no especializado junto con motivar a adultos y j\u00f3venes asistentes que interactuaron con el expositor.<\/p>\n<p>Mat\u00edas Donoso, alumno de tercero medio del Colegio Alianza Austral, destac\u00f3 la visita del experto como una experiencia muy motivadora para seguir aprendiendo sobre el tema. \u201cMe parece excelente, la verdad es que esta es la segunda oportunidad que tengo de hablar con un Astr\u00f3nomo ac\u00e1 en Coyhaique, Chile tiene un excelente potencial en la Astronom\u00eda y es importante que no solamente en la zona norte tengan la oportunidad de aprender de astronom\u00eda sino que en todo Chile porque finalmente es el pa\u00eds completo el que tiene potencial\u201d.\u00a0<\/p>\n<p>El Dr. Mat\u00edas G\u00f3mez tambi\u00e9n estuvo presente en una videoconferencia y charla a estudiantes del Campus Patagonia UACh para posteriormente asistir a exponer al Colegio Mater Dei y finalizar su jornada compartiendo una Mateada cient\u00edfica con adultos mayores. Estas tres \u00faltimas actividades coordinadas por el PAR EXPLORA Regi\u00f3n de Ays\u00e9n ejecutado por el Campus Patagonia de la Universidad Austral de Chile.<\/p>\n","protected":false},"excerpt":{"rendered":"<p>El Caf\u00e9 con Ciencia fue organizado por la ONG Aumen junto con la colaboraci\u00f3n del PAR Explora Regi\u00f3n de Ays\u00e9n que es ejecutado por el Campus Patagonia de la Universidad Austral de Chile. La jornada se llev\u00f3 cabo en el Caf\u00e9 de Mayo, donde se llenaron tempranamente todos los cupos por la gran cantidad de [&hellip;]<\/p>\n","protected":false},"author":2,"featured_media":171,"comment_status":"open","ping_status":"open","sticky":false,"template":"","format":"standard","meta":{"_acf_changed":false,"_exactmetrics_skip_tracking":false,"_exactmetrics_sitenote_active":false,"_exactmetrics_sitenote_note":"","_exactmetrics_sitenote_category":0,"footnotes":"","_links_to":"","_links_to_target":""},"categories":[4],"tags":[],"class_list":["post-170","post","type-post","status-publish","format-standard","has-post-thumbnail","hentry","category-noticias"],"acf":[],"yoast_head":"<!-- This site is optimized with the Yoast SEO plugin v26.7 - https:\/\/yoast.com\/wordpress\/plugins\/seo\/ -->\n<title>Exitoso Caf\u00e9 con Ciencia encabez\u00f3 actividades del D\u00eda Internacional de la Astronom\u00eda - Aysen<\/title>\n<meta name=\"robots\" content=\"index, follow, max-snippet:-1, max-image-preview:large, max-video-preview:-1\" \/>\n<link rel=\"canonical\" href=\"https:\/\/dev.explora.cl\/aysen\/exitoso-cafe-con-ciencia-encabezo-actividades-del-dia-internacional-de-la-astronomia\/\" class=\"yoast-seo-meta-tag\" \/>\n<meta property=\"og:locale\" content=\"es_ES\" class=\"yoast-seo-meta-tag\" \/>\n<meta property=\"og:type\" content=\"article\" class=\"yoast-seo-meta-tag\" \/>\n<meta property=\"og:title\" content=\"Exitoso Caf\u00e9 con Ciencia encabez\u00f3 actividades del D\u00eda Internacional de la Astronom\u00eda - Aysen\" class=\"yoast-seo-meta-tag\" \/>\n<meta property=\"og:description\" content=\"El Caf\u00e9 con Ciencia fue organizado por la ONG Aumen junto con la colaboraci\u00f3n del PAR Explora Regi\u00f3n de Ays\u00e9n que es ejecutado por el Campus Patagonia de la Universidad Austral de Chile. La jornada se llev\u00f3 cabo en el Caf\u00e9 de Mayo, donde se llenaron tempranamente todos los cupos por la gran cantidad de [&hellip;]\" class=\"yoast-seo-meta-tag\" \/>\n<meta property=\"og:url\" content=\"https:\/\/dev.explora.cl\/aysen\/exitoso-cafe-con-ciencia-encabezo-actividades-del-dia-internacional-de-la-astronomia\/\" class=\"yoast-seo-meta-tag\" \/>\n<meta property=\"og:site_name\" content=\"Aysen\" class=\"yoast-seo-meta-tag\" \/>\n<meta property=\"article:published_time\" content=\"2015-03-23T04:00:00+00:00\" class=\"yoast-seo-meta-tag\" \/>\n<meta property=\"article:modified_time\" content=\"2019-05-20T21:21:56+00:00\" class=\"yoast-seo-meta-tag\" \/>\n<meta property=\"og:image\" content=\"https:\/\/dev.explora.cl\/aysen\/wp-content\/uploads\/sites\/18\/2018\/06\/a2cfaf532469462a7654112fbd5e0565.jpg\" class=\"yoast-seo-meta-tag\" \/>\n\t<meta property=\"og:image:width\" content=\"800\" class=\"yoast-seo-meta-tag\" \/>\n\t<meta property=\"og:image:height\" content=\"533\" class=\"yoast-seo-meta-tag\" \/>\n\t<meta property=\"og:image:type\" content=\"image\/jpeg\" class=\"yoast-seo-meta-tag\" \/>\n<meta name=\"author\" content=\"webman\" class=\"yoast-seo-meta-tag\" \/>\n<meta name=\"twitter:card\" content=\"summary_large_image\" class=\"yoast-seo-meta-tag\" \/>\n<meta name=\"twitter:label1\" content=\"Escrito por\" class=\"yoast-seo-meta-tag\" \/>\n\t<meta name=\"twitter:data1\" content=\"webman\" class=\"yoast-seo-meta-tag\" \/>\n\t<meta name=\"twitter:label2\" content=\"Tiempo estimado de lectura\" class=\"yoast-seo-meta-tag\" \/>\n\t<meta name=\"twitter:data2\" content=\"2 minutos\" class=\"yoast-seo-meta-tag\" \/>\n<script type=\"application\/ld+json\" class=\"yoast-schema-graph\">{\"@context\":\"https:\/\/schema.org\",\"@graph\":[{\"@type\":\"Article\",\"@id\":\"https:\/\/dev.explora.cl\/aysen\/exitoso-cafe-con-ciencia-encabezo-actividades-del-dia-internacional-de-la-astronomia\/#article\",\"isPartOf\":{\"@id\":\"https:\/\/dev.explora.cl\/aysen\/exitoso-cafe-con-ciencia-encabezo-actividades-del-dia-internacional-de-la-astronomia\/\"},\"author\":{\"name\":\"webman\",\"@id\":\"https:\/\/dev.explora.cl\/aysen\/#\/schema\/person\/cb8349c13ea2d324080adf8480d7ba5d\"},\"headline\":\"Exitoso Caf\u00e9 con Ciencia encabez\u00f3 actividades del D\u00eda Internacional de la Astronom\u00eda\",\"datePublished\":\"2015-03-23T04:00:00+00:00\",\"dateModified\":\"2019-05-20T21:21:56+00:00\",\"mainEntityOfPage\":{\"@id\":\"https:\/\/dev.explora.cl\/aysen\/exitoso-cafe-con-ciencia-encabezo-actividades-del-dia-internacional-de-la-astronomia\/\"},\"wordCount\":396,\"commentCount\":0,\"image\":{\"@id\":\"https:\/\/dev.explora.cl\/aysen\/exitoso-cafe-con-ciencia-encabezo-actividades-del-dia-internacional-de-la-astronomia\/#primaryimage\"},\"thumbnailUrl\":\"https:\/\/dev.explora.cl\/aysen\/wp-content\/uploads\/sites\/18\/2018\/06\/a2cfaf532469462a7654112fbd5e0565.jpg\",\"articleSection\":[\"Noticias\"],\"inLanguage\":\"es-CL\",\"potentialAction\":[{\"@type\":\"CommentAction\",\"name\":\"Comment\",\"target\":[\"https:\/\/dev.explora.cl\/aysen\/exitoso-cafe-con-ciencia-encabezo-actividades-del-dia-internacional-de-la-astronomia\/#respond\"]}]},{\"@type\":\"WebPage\",\"@id\":\"https:\/\/dev.explora.cl\/aysen\/exitoso-cafe-con-ciencia-encabezo-actividades-del-dia-internacional-de-la-astronomia\/\",\"url\":\"https:\/\/dev.explora.cl\/aysen\/exitoso-cafe-con-ciencia-encabezo-actividades-del-dia-internacional-de-la-astronomia\/\",\"name\":\"Exitoso Caf\u00e9 con Ciencia encabez\u00f3 actividades del D\u00eda Internacional de la Astronom\u00eda - Aysen\",\"isPartOf\":{\"@id\":\"https:\/\/dev.explora.cl\/aysen\/#website\"},\"primaryImageOfPage\":{\"@id\":\"https:\/\/dev.explora.cl\/aysen\/exitoso-cafe-con-ciencia-encabezo-actividades-del-dia-internacional-de-la-astronomia\/#primaryimage\"},\"image\":{\"@id\":\"https:\/\/dev.explora.cl\/aysen\/exitoso-cafe-con-ciencia-encabezo-actividades-del-dia-internacional-de-la-astronomia\/#primaryimage\"},\"thumbnailUrl\":\"https:\/\/dev.explora.cl\/aysen\/wp-content\/uploads\/sites\/18\/2018\/06\/a2cfaf532469462a7654112fbd5e0565.jpg\",\"datePublished\":\"2015-03-23T04:00:00+00:00\",\"dateModified\":\"2019-05-20T21:21:56+00:00\",\"author\":{\"@id\":\"https:\/\/dev.explora.cl\/aysen\/#\/schema\/person\/cb8349c13ea2d324080adf8480d7ba5d\"},\"breadcrumb\":{\"@id\":\"https:\/\/dev.explora.cl\/aysen\/exitoso-cafe-con-ciencia-encabezo-actividades-del-dia-internacional-de-la-astronomia\/#breadcrumb\"},\"inLanguage\":\"es-CL\",\"potentialAction\":[{\"@type\":\"ReadAction\",\"target\":[\"https:\/\/dev.explora.cl\/aysen\/exitoso-cafe-con-ciencia-encabezo-actividades-del-dia-internacional-de-la-astronomia\/\"]}]},{\"@type\":\"ImageObject\",\"inLanguage\":\"es-CL\",\"@id\":\"https:\/\/dev.explora.cl\/aysen\/exitoso-cafe-con-ciencia-encabezo-actividades-del-dia-internacional-de-la-astronomia\/#primaryimage\",\"url\":\"https:\/\/dev.explora.cl\/aysen\/wp-content\/uploads\/sites\/18\/2018\/06\/a2cfaf532469462a7654112fbd5e0565.jpg\",\"contentUrl\":\"https:\/\/dev.explora.cl\/aysen\/wp-content\/uploads\/sites\/18\/2018\/06\/a2cfaf532469462a7654112fbd5e0565.jpg\",\"width\":800,\"height\":533},{\"@type\":\"BreadcrumbList\",\"@id\":\"https:\/\/dev.explora.cl\/aysen\/exitoso-cafe-con-ciencia-encabezo-actividades-del-dia-internacional-de-la-astronomia\/#breadcrumb\",\"itemListElement\":[{\"@type\":\"ListItem\",\"position\":1,\"name\":\"Portada\",\"item\":\"https:\/\/dev.explora.cl\/aysen\/\"},{\"@type\":\"ListItem\",\"position\":2,\"name\":\"Exitoso Caf\u00e9 con Ciencia encabez\u00f3 actividades del D\u00eda Internacional de la Astronom\u00eda\"}]},{\"@type\":\"WebSite\",\"@id\":\"https:\/\/dev.explora.cl\/aysen\/#website\",\"url\":\"https:\/\/dev.explora.cl\/aysen\/\",\"name\":\"Aysen\",\"description\":\"Otro sitio m\u00e1s de dev.explora.cl\",\"potentialAction\":[{\"@type\":\"SearchAction\",\"target\":{\"@type\":\"EntryPoint\",\"urlTemplate\":\"https:\/\/dev.explora.cl\/aysen\/?s={search_term_string}\"},\"query-input\":{\"@type\":\"PropertyValueSpecification\",\"valueRequired\":true,\"valueName\":\"search_term_string\"}}],\"inLanguage\":\"es-CL\"},{\"@type\":\"Person\",\"@id\":\"https:\/\/dev.explora.cl\/aysen\/#\/schema\/person\/cb8349c13ea2d324080adf8480d7ba5d\",\"name\":\"webman\",\"image\":{\"@type\":\"ImageObject\",\"inLanguage\":\"es-CL\",\"@id\":\"https:\/\/dev.explora.cl\/aysen\/#\/schema\/person\/image\/\",\"url\":\"https:\/\/secure.gravatar.com\/avatar\/eeff3c82f2c02f7177d13663b7e6f890e9a6a0647ce9bb29cae02dcb094c7312?s=96&d=mm&r=g\",\"contentUrl\":\"https:\/\/secure.gravatar.com\/avatar\/eeff3c82f2c02f7177d13663b7e6f890e9a6a0647ce9bb29cae02dcb094c7312?s=96&d=mm&r=g\",\"caption\":\"webman\"},\"url\":\"https:\/\/dev.explora.cl\/aysen\/author\/webman\/\"}]}<\/script>\n<!-- \/ Yoast SEO plugin. -->","yoast_head_json":{"title":"Exitoso Caf\u00e9 con Ciencia encabez\u00f3 actividades del D\u00eda Internacional de la Astronom\u00eda - Aysen","robots":{"index":"index","follow":"follow","max-snippet":"max-snippet:-1","max-image-preview":"max-image-preview:large","max-video-preview":"max-video-preview:-1"},"canonical":"https:\/\/dev.explora.cl\/aysen\/exitoso-cafe-con-ciencia-encabezo-actividades-del-dia-internacional-de-la-astronomia\/","og_locale":"es_ES","og_type":"article","og_title":"Exitoso Caf\u00e9 con Ciencia encabez\u00f3 actividades del D\u00eda Internacional de la Astronom\u00eda - Aysen","og_description":"El Caf\u00e9 con Ciencia fue organizado por la ONG Aumen junto con la colaboraci\u00f3n del PAR Explora Regi\u00f3n de Ays\u00e9n que es ejecutado por el Campus Patagonia de la Universidad Austral de Chile. La jornada se llev\u00f3 cabo en el Caf\u00e9 de Mayo, donde se llenaron tempranamente todos los cupos por la gran cantidad de [&hellip;]","og_url":"https:\/\/dev.explora.cl\/aysen\/exitoso-cafe-con-ciencia-encabezo-actividades-del-dia-internacional-de-la-astronomia\/","og_site_name":"Aysen","article_published_time":"2015-03-23T04:00:00+00:00","article_modified_time":"2019-05-20T21:21:56+00:00","og_image":[{"width":800,"height":533,"url":"https:\/\/dev.explora.cl\/aysen\/wp-content\/uploads\/sites\/18\/2018\/06\/a2cfaf532469462a7654112fbd5e0565.jpg","type":"image\/jpeg"}],"author":"webman","twitter_card":"summary_large_image","twitter_misc":{"Escrito por":"webman","Tiempo estimado de lectura":"2 minutos"},"schema":{"@context":"https:\/\/schema.org","@graph":[{"@type":"Article","@id":"https:\/\/dev.explora.cl\/aysen\/exitoso-cafe-con-ciencia-encabezo-actividades-del-dia-internacional-de-la-astronomia\/#article","isPartOf":{"@id":"https:\/\/dev.explora.cl\/aysen\/exitoso-cafe-con-ciencia-encabezo-actividades-del-dia-internacional-de-la-astronomia\/"},"author":{"name":"webman","@id":"https:\/\/dev.explora.cl\/aysen\/#\/schema\/person\/cb8349c13ea2d324080adf8480d7ba5d"},"headline":"Exitoso Caf\u00e9 con Ciencia encabez\u00f3 actividades del D\u00eda Internacional de la Astronom\u00eda","datePublished":"2015-03-23T04:00:00+00:00","dateModified":"2019-05-20T21:21:56+00:00","mainEntityOfPage":{"@id":"https:\/\/dev.explora.cl\/aysen\/exitoso-cafe-con-ciencia-encabezo-actividades-del-dia-internacional-de-la-astronomia\/"},"wordCount":396,"commentCount":0,"image":{"@id":"https:\/\/dev.explora.cl\/aysen\/exitoso-cafe-con-ciencia-encabezo-actividades-del-dia-internacional-de-la-astronomia\/#primaryimage"},"thumbnailUrl":"https:\/\/dev.explora.cl\/aysen\/wp-content\/uploads\/sites\/18\/2018\/06\/a2cfaf532469462a7654112fbd5e0565.jpg","articleSection":["Noticias"],"inLanguage":"es-CL","potentialAction":[{"@type":"CommentAction","name":"Comment","target":["https:\/\/dev.explora.cl\/aysen\/exitoso-cafe-con-ciencia-encabezo-actividades-del-dia-internacional-de-la-astronomia\/#respond"]}]},{"@type":"WebPage","@id":"https:\/\/dev.explora.cl\/aysen\/exitoso-cafe-con-ciencia-encabezo-actividades-del-dia-internacional-de-la-astronomia\/","url":"https:\/\/dev.explora.cl\/aysen\/exitoso-cafe-con-ciencia-encabezo-actividades-del-dia-internacional-de-la-astronomia\/","name":"Exitoso Caf\u00e9 con Ciencia encabez\u00f3 actividades del D\u00eda Internacional de la Astronom\u00eda - Aysen","isPartOf":{"@id":"https:\/\/dev.explora.cl\/aysen\/#website"},"primaryImageOfPage":{"@id":"https:\/\/dev.explora.cl\/aysen\/exitoso-cafe-con-ciencia-encabezo-actividades-del-dia-internacional-de-la-astronomia\/#primaryimage"},"image":{"@id":"https:\/\/dev.explora.cl\/aysen\/exitoso-cafe-con-ciencia-encabezo-actividades-del-dia-internacional-de-la-astronomia\/#primaryimage"},"thumbnailUrl":"https:\/\/dev.explora.cl\/aysen\/wp-content\/uploads\/sites\/18\/2018\/06\/a2cfaf532469462a7654112fbd5e0565.jpg","datePublished":"2015-03-23T04:00:00+00:00","dateModified":"2019-05-20T21:21:56+00:00","author":{"@id":"https:\/\/dev.explora.cl\/aysen\/#\/schema\/person\/cb8349c13ea2d324080adf8480d7ba5d"},"breadcrumb":{"@id":"https:\/\/dev.explora.cl\/aysen\/exitoso-cafe-con-ciencia-encabezo-actividades-del-dia-internacional-de-la-astronomia\/#breadcrumb"},"inLanguage":"es-CL","potentialAction":[{"@type":"ReadAction","target":["https:\/\/dev.explora.cl\/aysen\/exitoso-cafe-con-ciencia-encabezo-actividades-del-dia-internacional-de-la-astronomia\/"]}]},{"@type":"ImageObject","inLanguage":"es-CL","@id":"https:\/\/dev.explora.cl\/aysen\/exitoso-cafe-con-ciencia-encabezo-actividades-del-dia-internacional-de-la-astronomia\/#primaryimage","url":"https:\/\/dev.explora.cl\/aysen\/wp-content\/uploads\/sites\/18\/2018\/06\/a2cfaf532469462a7654112fbd5e0565.jpg","contentUrl":"https:\/\/dev.explora.cl\/aysen\/wp-content\/uploads\/sites\/18\/2018\/06\/a2cfaf532469462a7654112fbd5e0565.jpg","width":800,"height":533},{"@type":"BreadcrumbList","@id":"https:\/\/dev.explora.cl\/aysen\/exitoso-cafe-con-ciencia-encabezo-actividades-del-dia-internacional-de-la-astronomia\/#breadcrumb","itemListElement":[{"@type":"ListItem","position":1,"name":"Portada","item":"https:\/\/dev.explora.cl\/aysen\/"},{"@type":"ListItem","position":2,"name":"Exitoso Caf\u00e9 con Ciencia encabez\u00f3 actividades del D\u00eda Internacional de la Astronom\u00eda"}]},{"@type":"WebSite","@id":"https:\/\/dev.explora.cl\/aysen\/#website","url":"https:\/\/dev.explora.cl\/aysen\/","name":"Aysen","description":"Otro sitio m\u00e1s de dev.explora.cl","potentialAction":[{"@type":"SearchAction","target":{"@type":"EntryPoint","urlTemplate":"https:\/\/dev.explora.cl\/aysen\/?s={search_term_string}"},"query-input":{"@type":"PropertyValueSpecification","valueRequired":true,"valueName":"search_term_string"}}],"inLanguage":"es-CL"},{"@type":"Person","@id":"https:\/\/dev.explora.cl\/aysen\/#\/schema\/person\/cb8349c13ea2d324080adf8480d7ba5d","name":"webman","image":{"@type":"ImageObject","inLanguage":"es-CL","@id":"https:\/\/dev.explora.cl\/aysen\/#\/schema\/person\/image\/","url":"https:\/\/secure.gravatar.com\/avatar\/eeff3c82f2c02f7177d13663b7e6f890e9a6a0647ce9bb29cae02dcb094c7312?s=96&d=mm&r=g","contentUrl":"https:\/\/secure.gravatar.com\/avatar\/eeff3c82f2c02f7177d13663b7e6f890e9a6a0647ce9bb29cae02dcb094c7312?s=96&d=mm&r=g","caption":"webman"},"url":"https:\/\/dev.explora.cl\/aysen\/author\/webman\/"}]}},"_links":{"self":[{"href":"https:\/\/dev.explora.cl\/aysen\/wp-json\/wp\/v2\/posts\/170","targetHints":{"allow":["GET"]}}],"collection":[{"href":"https:\/\/dev.explora.cl\/aysen\/wp-json\/wp\/v2\/posts"}],"about":[{"href":"https:\/\/dev.explora.cl\/aysen\/wp-json\/wp\/v2\/types\/post"}],"author":[{"embeddable":true,"href":"https:\/\/dev.explora.cl\/aysen\/wp-json\/wp\/v2\/users\/2"}],"replies":[{"embeddable":true,"href":"https:\/\/dev.explora.cl\/aysen\/wp-json\/wp\/v2\/comments?post=170"}],"version-history":[{"count":1,"href":"https:\/\/dev.explora.cl\/aysen\/wp-json\/wp\/v2\/posts\/170\/revisions"}],"predecessor-version":[{"id":37330,"href":"https:\/\/dev.explora.cl\/aysen\/wp-json\/wp\/v2\/posts\/170\/revisions\/37330"}],"wp:featuredmedia":[{"embeddable":true,"href":"https:\/\/dev.explora.cl\/aysen\/wp-json\/wp\/v2\/media\/171"}],"wp:attachment":[{"href":"https:\/\/dev.explora.cl\/aysen\/wp-json\/wp\/v2\/media?parent=170"}],"wp:term":[{"taxonomy":"category","embeddable":true,"href":"https:\/\/dev.explora.cl\/aysen\/wp-json\/wp\/v2\/categories?post=170"},{"taxonomy":"post_tag","embeddable":true,"href":"https:\/\/dev.explora.cl\/aysen\/wp-json\/wp\/v2\/tags?post=170"}],"curies":[{"name":"wp","href":"https:\/\/api.w.org\/{rel}","templated":true}]}}